{"data":"    \n          \u003Cdiv class=\u0022th-section-gray-lighter\u0022\u003E\n        \u003Cdiv class=\u0022th-container pbe-8 sm:pbe-10\u0022\u003E\n          \u003Cdiv class=\u0022flex items-center justify-end pt-3 lg:pt-5 gap-2\u0022\u003E\n            \u003Cspan class=\u0022search-results-number flex-grow text-secondary\u0022\u003E2863 r\u00e9sultats\u003Cspan class=\u0022mobile-hidden\u0022\u003E\u0026nbsp;trouv\u00e9s\u003C\/span\u003E\u003C\/span\u003E\n            \u003Cdiv class=\u0022mobile-hidden\u0022\u003E\u003Cdiv class=\u0022form-item form-item--type-select form-item--name-order js-form-item js-form-type-select js-form-item-order\u0022\u003E\n      \u003Clabel for=\u0022edit-order\u0022\u003E\u003Cspan class=\u0022label-title\u0022\u003ETrier par\u003C\/span\u003E\u003C\/label\u003E\n            \u003Cdiv class=\u0022form-item__input-wrapper\u0022\u003E\n      \u003Cselect form=\u0022main-catalog-offer\u0022 data-drupal-selector=\u0022edit-order\u0022 id=\u0022edit-order\u0022 name=\u0022order\u0022 class=\u0022form-select\u0022 x-data x-select\u003E\n            \u003Coption value=\u0022score\u0022 selected=\u0022selected\u0022\u003EPertinence\u003C\/option\u003E\n                \u003Coption value=\u0022date-desc\u0022\u003ELes plus r\u00e9cents\u003C\/option\u003E\n                \u003Coption value=\u0022date-asc\u0022\u003ELes plus anciens\u003C\/option\u003E\n      \u003C\/select\u003E\n\n    \u003C\/div\u003E\n          \u003C\/div\u003E\n\u003C\/div\u003E\n            \u003Cfieldset form=\u0022main-catalog-offer\u0022 data-drupal-selector=\u0022edit-view\u0022 id=\u0022edit-view--wrapper\u0022 class=\u0022fieldgroup form-composite form-wrapper js-form-wrapper\u0022\u003E\n      \u003Clegend class=\u0022fieldset-legend\u0022\u003E\n    \u003Cspan\u003EAffichage: \u003C\/span\u003E\n  \u003C\/legend\u003E\n  \u003Cdiv class=\u0022fieldset-wrapper\u0022\u003E\n                \u003Cdiv id=\u0022edit-view\u0022 class=\u0022form-boxes\u0022\u003E\u003Cdiv class=\u0022form-item form-item--type-radio form-item--name-view js-form-item js-form-type-radio js-form-item-view\u0022\u003E\n            \u003Cinput form=\u0022main-catalog-offer\u0022 data-drupal-selector=\u0022edit-view-card\u0022 type=\u0022radio\u0022 id=\u0022edit-view-card\u0022 name=\u0022view\u0022 value=\u0022card\u0022 checked=\u0022checked\u0022 class=\u0022form-radio\u0022 \/\u003E\n\n          \u003Clabel for=\u0022edit-view-card\u0022 class=\u0022option\u0022\u003E\u003Cspan class=\u0022label-title\u0022\u003ECarte\u003C\/span\u003E\u003C\/label\u003E\n      \u003C\/div\u003E\n\u003Cdiv class=\u0022form-item form-item--type-radio form-item--name-view js-form-item js-form-type-radio js-form-item-view\u0022\u003E\n            \u003Cinput form=\u0022main-catalog-offer\u0022 data-drupal-selector=\u0022edit-view-ligne\u0022 type=\u0022radio\u0022 id=\u0022edit-view-ligne\u0022 name=\u0022view\u0022 value=\u0022ligne\u0022 class=\u0022form-radio\u0022 \/\u003E\n\n          \u003Clabel for=\u0022edit-view-ligne\u0022 class=\u0022option\u0022\u003E\u003Cspan class=\u0022label-title\u0022\u003ELigne\u003C\/span\u003E\u003C\/label\u003E\n      \u003C\/div\u003E\n\u003C\/div\u003E\n\n          \u003C\/div\u003E\n\u003C\/fieldset\u003E\n\n          \u003C\/div\u003E\n          \u003Cdiv class=\u0022search-header pt-3 lg:pt-5\u0022  x-data :class=\u0022{ \u0027with-menu-visible\u0027: $store.header.scrollDir !== \u0027down\u0027  }\u0022\u003E\n            \u003Cdiv class=\u0022secondary-filters flex gap-2\u0022\u003E\n              \t\n\u003Cbutton  data-component-id=\u0022front:button\u0022 class=\u0022button button--primary\u0022 id=\u0022open-filters\u0022\u003E\n      \u003Cspan class=\u0022button__icon\u0022\u003E\n      \n\u003Csvg  data-component-id=\u0022front:icon\u0022 class=\u0022icon icon--Union\u0022\u003E\n  \u003Cuse xlink:href=\u0022\/themes\/custom\/plm\/dist\/assets\/images\/2e871604ef7778ce3dc1.svg#icon-Union\u0022\u003E\u003C\/use\u003E\n\u003C\/svg\u003E\n    \u003C\/span\u003E\n    Filtres (0)\n\u003C\/button\u003E\n                                          \u003Cdiv class=\u0022moblie-only\u0022\u003E\n                \u003Cdiv class=\u0022form-item form-item--type-select form-item--name-order js-form-item js-form-type-select js-form-item-order\u0022\u003E\n      \u003Clabel for=\u0022edit-order\u0022\u003E\u003Cspan class=\u0022label-title\u0022\u003ETrier par\u003C\/span\u003E\u003C\/label\u003E\n            \u003Cdiv class=\u0022form-item__input-wrapper\u0022\u003E\n      \u003Cselect form=\u0022main-catalog-offer\u0022 data-drupal-selector=\u0022edit-order\u0022 id=\u0022edit-order\u0022 name=\u0022order\u0022 class=\u0022form-select\u0022 x-data x-select\u003E\n            \u003Coption value=\u0022score\u0022 selected=\u0022selected\u0022\u003EPertinence\u003C\/option\u003E\n                \u003Coption value=\u0022date-desc\u0022\u003ELes plus r\u00e9cents\u003C\/option\u003E\n                \u003Coption value=\u0022date-asc\u0022\u003ELes plus anciens\u003C\/option\u003E\n      \u003C\/select\u003E\n\n    \u003C\/div\u003E\n          \u003C\/div\u003E\n\n              \u003C\/div\u003E\n            \u003C\/div\u003E\n          \u003C\/div\u003E\n          \u003Cdiv class=\u0022search-list search-list-card search-list-column-4 gap-2\u0022\u003E\n            \n\u003Carticle  data-component-id=\u0022front:card-article\u0022 class=\u0022card-article group\u0022\u003E\n  \u003Cdiv class=\u0022card-article__image\u0022\u003E\n      \t\t\t\t\t\t\u003Cimg  data-component-id=\u0022front:image\u0022 class=\u0022w-full h-full object-contain absolute inset-0\u0022 src=\u0022\/sites\/plm-magazine\/files\/styles\/teaser\/public\/2026-04\/64a523df-590e-4d6d-b064-f77b592ebd65.jpg.webp\u0022 alt=\u0022Lenzelta\u0022 title=\u0022Boehringer Ingelheim\u0022 loading=\u0022lazy\u0022 width=\u0022480\u0022 height=\u0022320\u0022\u003E          \u003C\/div\u003E\n  \u003Cdiv class=\u0022card-article__body\u0022\u003E\n        \u003Cdiv class=\u0022text-[1.125em] leading-0 card-title\u0022\u003E\n                    \n      \u003Ca class=\u0022card-article__title\u0022 href=\u0022\/index.php\/actualites\/boehringer-ingelheim-lance-lenzelta-nouveau-vaccin-contre-les-mammites\u0022 target=\u0022_self\u0022  title=\u0022Boehringer Ingelheim lance Lenzelta, nouveau vaccin contre les mammites\u0022\u003E\n        \t\n\u003Ch2  data-component-id=\u0022front:title\u0022 class=\u0022title title--small inline\u0022 title=\u0022Boehringer Ingelheim lance Lenzelta, nouveau vaccin contre les mammites\u0022\u003EBoehringer Ingelheim lance Lenzelta, nouveau vaccin contre les mammites\u003C\/h2\u003E\n      \u003C\/a\u003E\n                \u003C\/div\u003E\n    \n\u003Cdiv  data-component-id=\u0022front:wysiwyg\u0022 class=\u0022wysiwyg wysiwyg--small\u0022\u003EIl cible deux agents pathog\u00e8nes cl\u00e9s, Escherichia coli et Staphylococcus aureus, responsables d\u0027une grande partie des mammites en \u00e9levage\u003C\/div\u003E\n          \u003Cdiv class=\u0022card-article__meta mbs-auto\u0022\u003E\n        \u003Ctime class=\u0022card-article__date\u0022 datetime=\u00222026-04-29T14:36:20+0200\u0022 x-data x-timestamp=\u00222026-04-29T14:36:20+0200\u0022\u003E29 Avr 2026\u003C\/time\u003E\n              \u003C\/div\u003E\n      \u003C\/div\u003E\n\u003C\/article\u003E\n  \t\t\t\u003Carticle  data-component-id=\u0022front:card-webinaire-catalog\u0022 class=\u0022card-webinaire-catalog group\u0022 data-campagne=\u0022Webi-ELO_SN_2025-Novus_encadre\u0022 data-contentId=\u00223090\u0022 rel=\u0022nofollow\u0022\u003E\n  \u003Cdiv class=\u0022card-webinaire-catalog__image\u0022\u003E\n      \t\t\t\t\t\t\u003Cimg  data-component-id=\u0022front:image\u0022 class=\u0022w-full h-full object-cover absolute inset-0\u0022 src=\u0022\/sites\/plm-magazine\/files\/2026-04\/EVT-EP-ELO_Sante_Nutrition_25-Webi_Novus-accroche.jpg\u0022 alt=\u0022Webinaire Novus\u0022 title=\u0022Webinaire Novus\u0022 loading=\u0022eager\u0022 width=\u0022510\u0022 height=\u0022340\u0022\u003E          \u003Cdiv class=\u0022card-webinaire-catalog__duree \u0022\u003E\n        00:30:00\n      \u003C\/div\u003E\n        \u003Cdiv class=\u0022card-webinaire-catalog__badges\u0022\u003E\n      \t\t\n\u003Cspan  data-component-id=\u0022front:button-expand\u0022 class=\u0022button-expand button-expand--shadowed transition-within-parent\u0022 x-data=\u0022buttonExpand\u0022 :style=\u0022{ \u0026quot;--button-expand-label-width\u0026quot;: labelWidth }\u0022\u003E\n  \u003Cspan class=\u0022button-expand__icon\u0022\u003E\n    \n\u003Csvg  data-component-id=\u0022front:icon\u0022 class=\u0022icon icon--webinar\u0022\u003E\n  \u003Cuse xlink:href=\u0022\/themes\/custom\/plm\/dist\/assets\/images\/2e871604ef7778ce3dc1.svg#icon-webinar\u0022\u003E\u003C\/use\u003E\n\u003C\/svg\u003E\n  \u003C\/span\u003E\n  \u003Cspan class=\u0022button-expand__label\u0022 x-ref=\u0022label\u0022\u003Ewebinaire\u003C\/span\u003E\n\u003C\/span\u003E\n    \u003C\/div\u003E\n  \u003C\/div\u003E\n \u003Cdiv class=\u0022card-webinaire-catalog__body\u0022\u003E\n    \u003Cdiv class=\u0022text-[1.125em] leading-0 card-title\u0022\u003E\n            \u003Ca class=\u0022card-webinaire-catalog__title\u0022 href=\u0022\/webinaires\/management-des-boiteries-par-la-micronutrition-et-la-conduite-d-elevage\u0022 target=\u0022_self\u0022  data-campagne=\u0022Webi-ELO_SN_2025-Novus_encadre\u0022 data-contentId=\u00223090\u0022 rel=\u0022nofollow\u0022 title=\u0022Management des boiteries par la micronutrition et la conduite d\u0026#039;\u00e9levage\u0022\u003E\n        \n\u003Ch2  data-component-id=\u0022front:title\u0022 class=\u0022title title--small inline\u0022\u003EManagement des boiteries par la micronutrition et la conduite d\u0026#039;\u00e9levage\u003C\/h2\u003E\n      \u003C\/a\u003E\n                \u003C\/div\u003E\n\n    \u003Cdiv class=\u0022card-webinaire-catalog__date-info\u0022\u003E\n            \u003Cdiv class=\u0022card-webinaire-catalog__date\u0022\u003EReplay du\u0026nbsp;09\u0026nbsp;d\u00e9cembre\u0026nbsp;2025\u003C\/div\u003E\n                \u003C\/div\u003E\n\n          \u003Cdiv class=\u0022card-webinaire-catalog__organisateur\u0022\u003E\n        Par Novus\n      \u003C\/div\u003E\n    \n      \u003Cdiv class=\u0022card-webinaire-catalog__chapo\u0022\u003E\n        \n              \u003C\/div\u003E\n     \u003C\/div\u003E\n  \u003Cdiv class=\u0022card-webinaire-catalog__sponsor\u0022\u003E\n    Contenu sponsoris\u00e9\n  \u003C\/div\u003E\n\u003C\/article\u003E\n\n\u003Carticle  data-component-id=\u0022front:card-article\u0022 class=\u0022card-article group\u0022\u003E\n  \u003Cdiv class=\u0022card-article__image\u0022\u003E\n      \t\t\t\t\t\t\u003Cimg  data-component-id=\u0022front:image\u0022 class=\u0022w-full h-full object-contain absolute inset-0\u0022 src=\u0022\/sites\/plm-magazine\/files\/styles\/teaser\/public\/2026-04\/bd9fd6cd-4534-452d-a440-8d7ce81f37c4.jpg.webp\u0022 alt=\u0022D\u00e9monstration de r\u00e9coltes au Salon de l\u0026#039;herbe et des fourrages.\u0022 title=\u0022Salon de l\u0026#039;herbe\u0022 loading=\u0022lazy\u0022 width=\u0022480\u0022 height=\u0022320\u0022\u003E          \u003C\/div\u003E\n  \u003Cdiv class=\u0022card-article__body\u0022\u003E\n        \u003Cdiv class=\u0022text-[1.125em] leading-0 card-title\u0022\u003E\n                    \n      \u003Ca class=\u0022card-article__title\u0022 href=\u0022\/index.php\/actualites\/les-20-et-21-mai-edition-2026-du-salon-de-l-herbe-et-des-fourrages\u0022 target=\u0022_self\u0022  title=\u0022Les 20 et 21 mai, \u00e9dition 2026 du Salon de l\u0026#039;herbe et des fourrages\u0022\u003E\n        \t\n\u003Ch2  data-component-id=\u0022front:title\u0022 class=\u0022title title--small inline\u0022 title=\u0022Les 20 et 21 mai, \u00e9dition 2026 du Salon de l\u0026#039;herbe et des fourrages\u0022\u003ELes 20 et 21 mai, \u00e9dition 2026 du Salon de l\u0026#039;herbe et des fourrages\u003C\/h2\u003E\n      \u003C\/a\u003E\n                \u003C\/div\u003E\n    \n\u003Cdiv  data-component-id=\u0022front:wysiwyg\u0022 class=\u0022wysiwyg wysiwyg--small\u0022\u003EC\u0027est Poussay, dans les Vosges, qui accueille l\u0027\u00e9dition 2026 du Salon de l\u0027herbe et des fourrages. Les 20 et 21 mai, de 9 h \u00e0 18 h, les visiteurs\u2026\u003C\/div\u003E\n          \u003Cdiv class=\u0022card-article__meta mbs-auto\u0022\u003E\n        \u003Ctime class=\u0022card-article__date\u0022 datetime=\u00222026-04-29T07:55:00+0200\u0022 x-data x-timestamp=\u00222026-04-29T07:55:00+0200\u0022\u003E29 Avr 2026\u003C\/time\u003E\n              \u003C\/div\u003E\n      \u003C\/div\u003E\n\u003C\/article\u003E\n\n\u003Carticle  data-component-id=\u0022front:card-article\u0022 class=\u0022card-article group\u0022\u003E\n  \u003Cdiv class=\u0022card-article__image\u0022\u003E\n      \t\t\t\t\t\t\u003Cimg  data-component-id=\u0022front:image\u0022 class=\u0022w-full h-full object-contain absolute inset-0\u0022 src=\u0022\/sites\/plm-magazine\/files\/styles\/teaser\/public\/2026-04\/20f4da83-cd3f-4bcf-b459-46a026ce0540.jpg.webp\u0022 alt=\u0022Andaineur Clementer ECO frontale Gauche, chez BB-Umwelttechnik\u0022 title=\u0022dr\u0022 loading=\u0022lazy\u0022 width=\u0022480\u0022 height=\u0022320\u0022\u003E          \u003C\/div\u003E\n  \u003Cdiv class=\u0022card-article__body\u0022\u003E\n        \u003Cdiv class=\u0022text-[1.125em] leading-0 card-title\u0022\u003E\n                    \n      \u003Ca class=\u0022card-article__title\u0022 href=\u0022\/index.php\/actualites\/a-voir-au-salon-de-l-herbe-un-andaineur-a-peigne-pour-tracteur-de-pente\u0022 target=\u0022_self\u0022  title=\u0022A voir au Salon de l\u0026#039;herbe. Un andaineur \u00e0 peigne pour tracteur de pente\u0022\u003E\n        \t\n\u003Ch2  data-component-id=\u0022front:title\u0022 class=\u0022title title--small inline\u0022 title=\u0022A voir au Salon de l\u0026#039;herbe. Un andaineur \u00e0 peigne pour tracteur de pente\u0022\u003EA voir au Salon de l\u0026#039;herbe. Un andaineur \u00e0 peigne pour tracteur de pente\u003C\/h2\u003E\n      \u003C\/a\u003E\n                \u003C\/div\u003E\n    \n\u003Cdiv  data-component-id=\u0022front:wysiwyg\u0022 class=\u0022wysiwyg wysiwyg--small\u0022\u003ELe Clementer ECO frontale Gauche est un andaineur \u00e0 peigne de BB-Umwelttechnik. Il est d\u00e9sormais disponible en version \u0022Andain \u00e0 gauche\u0022, pour des\u2026\u003C\/div\u003E\n          \u003Cdiv class=\u0022card-article__meta mbs-auto\u0022\u003E\n        \u003Ctime class=\u0022card-article__date\u0022 datetime=\u00222026-04-28T17:22:00+0200\u0022 x-data x-timestamp=\u00222026-04-28T17:22:00+0200\u0022\u003E28 Avr 2026\u003C\/time\u003E\n              \u003C\/div\u003E\n      \u003C\/div\u003E\n\u003C\/article\u003E\n  \n\u003Carticle  data-component-id=\u0022front:card-evenement-elo-catalog\u0022 class=\u0022card-evenement-elo-catalog group\u0022\u003E\n\u003Cdiv class=\u0022card-evenement-elo-catalog__image\u0022\u003E\n    \t\t\t\t\t\t\u003Cimg  data-component-id=\u0022front:image\u0022 class=\u0022w-full h-full object-cover absolute inset-0\u0022 src=\u0022\/sites\/plm-magazine\/files\/2026-04\/EVT-PLM-ELO_Grands_Troupeaux_2026-accroche.jpg\u0022 alt=\u0022ELO Grands Troupeaux 2026\u0022 title=\u0022ELO Grands Troupeaux 2026\u0022 loading=\u0022eager\u0022 width=\u0022510\u0022 height=\u0022340\u0022\u003E  \u003Cdiv class=\u0022card-evenement-elo-catalog__badges\u0022\u003E\n    \t\t\n\u003Cspan  data-component-id=\u0022front:button-expand\u0022 class=\u0022button-expand button-expand--shadowed transition-within-parent\u0022 x-data=\u0022buttonExpand\u0022 :style=\u0022{ \u0026quot;--button-expand-label-width\u0026quot;: labelWidth }\u0022\u003E\n  \u003Cspan class=\u0022button-expand__icon\u0022\u003E\n    \n\u003Csvg  data-component-id=\u0022front:icon\u0022 class=\u0022icon icon--calendar\u0022\u003E\n  \u003Cuse xlink:href=\u0022\/themes\/custom\/plm\/dist\/assets\/images\/2e871604ef7778ce3dc1.svg#icon-calendar\u0022\u003E\u003C\/use\u003E\n\u003C\/svg\u003E\n  \u003C\/span\u003E\n  \u003Cspan class=\u0022button-expand__label\u0022 x-ref=\u0022label\u0022\u003E\u00e9v\u00e9nement\u003C\/span\u003E\n\u003C\/span\u003E\n  \u003C\/div\u003E\n  \u003Cdiv class=\u0022card-evenement-elo-catalog__type\u0022\u003E\n    \n  \u003C\/div\u003E\n\u003C\/div\u003E\n\u003Cdiv class=\u0022card-evenement-elo-catalog__body\u0022\u003E\n\n  \u003Cdiv class=\u0022text-[1.125em] leading-0 card-title\u0022\u003E\n        \u003Ca class=\u0022card-evenement-elo-catalog__title\u0022 href=\u0022\/index.php\/evenements-elo\/elo-grands-troupeaux-2026\u0022 target=\u0022_self\u0022  title=\u0022ELO Grands Troupeaux 2026\u0022\u003E\n      \n\u003Ch2  data-component-id=\u0022front:title\u0022 class=\u0022title title--small inline\u0022\u003EELO Grands Troupeaux 2026\u003C\/h2\u003E\n    \u003C\/a\u003E\n  \u003C\/div\u003E\n  \u003Cdiv class=\u0022card-evenement-elo-catalog__date-info\u0022\u003E\n        \u003Cdiv class=\u0022card-evenement-elo-catalog__date\u0022\u003E\n                        Mardi 16 juin 2026\n                          \u003C\/div\u003E\n\n  \u003Cdiv class=\u0022card-evenement-elo-catalog__webinar\u0022\u003E\n    \n\u003Csvg  data-component-id=\u0022front:icon\u0022 class=\u0022icon icon--webinar\u0022\u003E\n  \u003Cuse xlink:href=\u0022\/themes\/custom\/plm\/dist\/assets\/images\/2e871604ef7778ce3dc1.svg#icon-webinar\u0022\u003E\u003C\/use\u003E\n\u003C\/svg\u003E\n    \u003Cspan\u003E7\u003C\/span\u003E\u0026nbsp;\u003Cspan\u003Ewebinaires\u003C\/span\u003E\n  \u003C\/div\u003E\n      \u003C\/div\u003E\n      \u003Cdiv class=\u0022card-evenement-elo-catalog__chapo\u0022\u003E\n      \n\u003Cdiv  data-component-id=\u0022front:wysiwyg\u0022 class=\u0022wysiwyg wysiwyg--small\u0022\u003EPour cette nouvelle \u00e9dition d\u2019ELO Grands Troupeaux, PLM et ses partenaires ont concoct\u00e9 pour vous 7 rendez-vous live, riches de t\u00e9moignages et de\u2026\u003C\/div\u003E\n    \u003C\/div\u003E\n  \n\u003C\/div\u003E\n\u003C\/article\u003E\n  \t\t\t\u003Carticle  data-component-id=\u0022front:card-webinaire-catalog\u0022 class=\u0022card-webinaire-catalog group\u0022 data-campagne=\u0022Webi-ELO_GT_2026-PLM2_encadre\u0022 data-contentId=\u00223125\u0022 rel=\u0022nofollow\u0022\u003E\n  \u003Cdiv class=\u0022card-webinaire-catalog__image\u0022\u003E\n      \t\t\t\t\t\t\u003Cimg  data-component-id=\u0022front:image\u0022 class=\u0022w-full h-full object-cover absolute inset-0\u0022 src=\u0022\/sites\/plm-magazine\/files\/2026-04\/EVT-PLM-ELO_Grands_troupeaux_26-Webi_plm_2-accroche.jpg\u0022 alt=\u0022Visite guid\u00e9e : le quotidien \u00e9tonnant d\u2019une m\u00e9ga ferme laiti\u00e8re en Chine\u0022 title=\u0022Visite guid\u00e9e : le quotidien \u00e9tonnant d\u2019une m\u00e9ga ferme laiti\u00e8re en Chine\u0022 loading=\u0022eager\u0022 width=\u0022510\u0022 height=\u0022340\u0022\u003E          \u003Cdiv class=\u0022card-webinaire-catalog__duree \u0022\u003E\n        00:45:00\n      \u003C\/div\u003E\n        \u003Cdiv class=\u0022card-webinaire-catalog__badges\u0022\u003E\n      \t\t\n\u003Cspan  data-component-id=\u0022front:button-expand\u0022 class=\u0022button-expand button-expand--shadowed transition-within-parent\u0022 x-data=\u0022buttonExpand\u0022 :style=\u0022{ \u0026quot;--button-expand-label-width\u0026quot;: labelWidth }\u0022\u003E\n  \u003Cspan class=\u0022button-expand__icon\u0022\u003E\n    \n\u003Csvg  data-component-id=\u0022front:icon\u0022 class=\u0022icon icon--webinar\u0022\u003E\n  \u003Cuse xlink:href=\u0022\/themes\/custom\/plm\/dist\/assets\/images\/2e871604ef7778ce3dc1.svg#icon-webinar\u0022\u003E\u003C\/use\u003E\n\u003C\/svg\u003E\n  \u003C\/span\u003E\n  \u003Cspan class=\u0022button-expand__label\u0022 x-ref=\u0022label\u0022\u003Ewebinaire\u003C\/span\u003E\n\u003C\/span\u003E\n    \u003C\/div\u003E\n  \u003C\/div\u003E\n \u003Cdiv class=\u0022card-webinaire-catalog__body\u0022\u003E\n    \u003Cdiv class=\u0022text-[1.125em] leading-0 card-title\u0022\u003E\n            \u003Ca class=\u0022card-webinaire-catalog__title\u0022 href=\u0022\/webinaires\/visite-guidee-le-quotidien-etonnant-d-une-mega-ferme-laitiere-en-chine\u0022 target=\u0022_self\u0022  data-campagne=\u0022Webi-ELO_GT_2026-PLM2_encadre\u0022 data-contentId=\u00223125\u0022 rel=\u0022nofollow\u0022 title=\u0022Visite guid\u00e9e : le quotidien \u00e9tonnant d\u2019une m\u00e9ga ferme laiti\u00e8re en Chine\u0022\u003E\n        \n\u003Ch2  data-component-id=\u0022front:title\u0022 class=\u0022title title--small inline\u0022\u003EVisite guid\u00e9e : le quotidien \u00e9tonnant d\u2019une m\u00e9ga ferme laiti\u00e8re en Chine\u003C\/h2\u003E\n      \u003C\/a\u003E\n                \u003C\/div\u003E\n\n    \u003Cdiv class=\u0022card-webinaire-catalog__date-info\u0022\u003E\n            \u003Cdiv class=\u0022card-webinaire-catalog__date\u0022\u003EMardi\u0026nbsp;16\u0026nbsp;juin\u0026nbsp;2026\u003C\/div\u003E\n              \u003Cdiv class=\u0022card-webinaire-catalog__plage-horaire flex items-center gap-2\u0022\u003E\n        \u003Cspan class=\u0022inline-flex text-xl\u0022\u003E\n         \u003Csvg xmlns=\u0022http:\/\/www.w3.org\/2000\/svg\u0022 width=\u002217\u0022 height=\u002217\u0022 viewBox=\u00220 0 17 17\u0022 fill=\u0022none\u0022\u003E\n          \u003Cpath d=\u0022M8.13806 0.100098C12.5773 0.100242 16.1761 3.69895 16.1761 8.13818C16.176 12.5774 12.5772 16.1761 8.13806 16.1763C3.69883 16.1762 0.10012 12.5774 0.0999756 8.13818C0.100044 3.6989 3.69878 0.100167 8.13806 0.100098ZM8.13806 1.6001C4.52721 1.60017 1.60004 4.52733 1.59998 8.13818C1.60012 11.749 4.52725 14.6762 8.13806 14.6763C11.7488 14.6761 14.676 11.7489 14.6761 8.13818C14.6761 4.52738 11.7489 1.60024 8.13806 1.6001ZM8.13806 3.01514C8.55217 3.01526 8.88806 3.351 8.88806 3.76514V7.38818H12.5111C12.9252 7.38837 13.2611 7.72409 13.2611 8.13818C13.261 8.55216 12.9251 8.88799 12.5111 8.88818H8.13806C7.72394 8.88818 7.38821 8.55227 7.38806 8.13818V3.76514C7.38806 3.35092 7.72385 3.01514 8.13806 3.01514Z\u0022 fill=\u0022black\u0022\/\u003E\n          \u003Cpath d=\u0022M8.13806 0.100098L8.13806 9.76548e-05H8.13806L8.13806 0.100098ZM16.1761 8.13818L16.2761 8.13819V8.13818L16.1761 8.13818ZM8.13806 16.1763L8.13806 16.2763H8.13806L8.13806 16.1763ZM0.0999756 8.13818L-2.44156e-05 8.13818V8.13819L0.0999756 8.13818ZM8.13806 1.6001L8.13807 1.5001H8.13806L8.13806 1.6001ZM1.59998 8.13818L1.49998 8.13818V8.13819L1.59998 8.13818ZM8.13806 14.6763L8.13806 14.7763H8.13807L8.13806 14.6763ZM14.6761 8.13818L14.7761 8.13819V8.13818L14.6761 8.13818ZM8.13806 3.01514L8.13809 2.91514H8.13806V3.01514ZM8.88806 3.76514H8.98806V3.76514H8.88806ZM8.88806 7.38818H8.78806C8.78806 7.44341 8.83283 7.48818 8.88806 7.48818V7.38818ZM12.5111 7.38818L12.5112 7.28818H12.5111V7.38818ZM13.2611 8.13818L13.3611 8.13822V8.13818H13.2611ZM12.5111 8.88818V8.98818H12.5112L12.5111 8.88818ZM8.13806 8.88818V8.78818V8.88818ZM7.38806 8.13818H7.28806V8.13822L7.38806 8.13818ZM7.38806 3.76514H7.48806V3.76514H7.38806ZM8.13806 0.100098L8.13806 0.200098C12.5221 0.20024 16.0761 3.75418 16.0761 8.13819L16.1761 8.13818L16.2761 8.13818C16.2761 3.64372 12.6325 0.000244059 8.13806 9.76548e-05L8.13806 0.100098ZM16.1761 8.13818L16.0761 8.13818C16.076 12.5221 12.522 16.0761 8.13806 16.0763L8.13806 16.1763L8.13806 16.2763C12.6325 16.2761 16.276 12.6326 16.2761 8.13819L16.1761 8.13818ZM8.13806 16.1763L8.13806 16.0763C3.75406 16.0762 0.200118 12.5222 0.199976 8.13818L0.0999756 8.13818L-2.44156e-05 8.13819C0.000121988 12.6326 3.6436 16.2762 8.13806 16.2763L8.13806 16.1763ZM0.0999756 8.13818L0.199976 8.13819C0.200044 3.75413 3.75401 0.200166 8.13806 0.200098L8.13806 0.100098L8.13806 9.76548e-05C3.64355 0.000167377 4.53144e-05 3.64367 -2.44156e-05 8.13818L0.0999756 8.13818ZM8.13806 1.6001L8.13806 1.5001C4.47198 1.50017 1.50005 4.4721 1.49998 8.13818L1.59998 8.13818L1.69998 8.13819C1.70004 4.58256 4.58244 1.70017 8.13806 1.7001L8.13806 1.6001ZM1.59998 8.13818L1.49998 8.13819C1.50012 11.8042 4.47202 14.7762 8.13806 14.7763L8.13806 14.6763L8.13806 14.5763C4.58248 14.5762 1.70012 11.6937 1.69998 8.13818L1.59998 8.13818ZM8.13806 14.6763L8.13807 14.7763C11.804 14.7761 14.776 11.8042 14.7761 8.13819L14.6761 8.13818L14.5761 8.13818C14.576 11.6937 11.6936 14.5761 8.13806 14.5763L8.13806 14.6763ZM14.6761 8.13818L14.7761 8.13818C14.7761 4.47214 11.8041 1.50024 8.13807 1.5001L8.13806 1.6001L8.13806 1.7001C11.6936 1.70024 14.5761 4.58261 14.5761 8.13819L14.6761 8.13818ZM8.13806 3.01514L8.13803 3.11514C8.49696 3.11525 8.78806 3.40626 8.78806 3.76514H8.88806H8.98806C8.98806 3.29574 8.60737 2.91528 8.13809 2.91514L8.13806 3.01514ZM8.88806 3.76514H8.78806V7.38818H8.88806H8.98806V3.76514H8.88806ZM8.88806 7.38818V7.48818H12.5111V7.38818V7.28818H8.88806V7.38818ZM12.5111 7.38818L12.5111 7.48818C12.87 7.48835 13.1611 7.77936 13.1611 8.13818H13.2611H13.3611C13.3611 7.66881 12.9804 7.2884 12.5112 7.28818L12.5111 7.38818ZM13.2611 8.13818L13.1611 8.13815C13.161 8.49691 12.8698 8.78802 12.5111 8.78818L12.5111 8.88818L12.5112 8.98818C12.9803 8.98797 13.3609 8.6074 13.3611 8.13822L13.2611 8.13818ZM12.5111 8.88818V8.78818H8.13806V8.88818V8.98818H12.5111V8.88818ZM8.13806 8.88818V8.78818C7.7792 8.78818 7.48819 8.49707 7.48806 8.13815L7.38806 8.13818L7.28806 8.13822C7.28823 8.60747 7.66867 8.98818 8.13806 8.98818V8.88818ZM7.38806 8.13818H7.48806V3.76514H7.38806H7.28806V8.13818H7.38806ZM7.38806 3.76514H7.48806C7.48806 3.40615 7.77908 3.11514 8.13806 3.11514V3.01514V2.91514C7.66862 2.91514 7.28806 3.29569 7.28806 3.76514H7.38806Z\u0022 fill=\u0022black\u0022\/\u003E\n          \u003C\/svg\u003E\n        \u003C\/span\u003E\n          \u003Cspan class=\u0022\u0022\u003E17:00 - 17:45\u003C\/span\u003E\n        \u003C\/div\u003E\n                \u003C\/div\u003E\n\n          \u003Cdiv class=\u0022card-webinaire-catalog__organisateur\u0022\u003E\n        Par PLM\n      \u003C\/div\u003E\n    \n      \u003Cdiv class=\u0022card-webinaire-catalog__chapo\u0022\u003E\n        \n              \u003C\/div\u003E\n     \u003C\/div\u003E\n\u003C\/article\u003E\n\n\t\t\t\n\u003Carticle  data-component-id=\u0022front:card-article-sponso-catalog\u0022 class=\u0022card-article-sponso-catalog card-article-sponso-catalog--ad group\u0022 data-campagne=\u0022Stress thermique : un enjeu majeur pour la reproduction_encadre\u0022 data-contentId=\u00223070\u0022 rel=\u0022nofollow\u0022\u003E\n  \u003Cdiv class=\u0022card-article-sponso-catalog__image\u0022\u003E\n    \t\t\t\t\t\t\u003Cimg  data-component-id=\u0022front:image\u0022 class=\u0022w-full h-full object-contain absolute inset-0\u0022 src=\u0022\/sites\/plm-magazine\/files\/styles\/teaser\/public\/2026-04\/Photo%20domino%20ruminants.png.webp\u0022 alt=\u0022photo domino ruminants\u0022 loading=\u0022lazy\u0022 width=\u0022480\u0022 height=\u0022243\u0022\u003E          \u003Cdiv class=\u0022card-article-sponso-catalog__tags\u0022\u003E\n          \u003Cspan class=\u0022card-article-sponso-catalog__badges\u0022\u003E\n                      \t\t\n\u003Cspan  data-component-id=\u0022front:button-expand\u0022 class=\u0022button-expand button-expand--shadowed transition-within-parent\u0022 x-data=\u0022buttonExpand\u0022 :style=\u0022{ \u0026quot;--button-expand-label-width\u0026quot;: labelWidth }\u0022\u003E\n  \u003Cspan class=\u0022button-expand__icon\u0022\u003E\n    \n\u003Csvg  data-component-id=\u0022front:icon\u0022 class=\u0022icon icon--video\u0022\u003E\n  \u003Cuse xlink:href=\u0022\/themes\/custom\/plm\/dist\/assets\/images\/2e871604ef7778ce3dc1.svg#icon-video\u0022\u003E\u003C\/use\u003E\n\u003C\/svg\u003E\n  \u003C\/span\u003E\n  \u003Cspan class=\u0022button-expand__label\u0022 x-ref=\u0022label\u0022\u003EVid\u00e9o\u003C\/span\u003E\n\u003C\/span\u003E\n                \u003C\/span\u003E\n      \u003C\/div\u003E\n      \u003C\/div\u003E\n  \u003Cdiv class=\u0022card-article-sponso-catalog__body\u0022\u003E\n    \u003Cdiv class=\u0022text-[1.125em] leading-0 card-title\u0022\u003E\n                          \u003Ca class=\u0022card-article-sponso-catalog__title\u0022 href=\u0022\/index.php\/contenus-sponsorise\/stress-thermique-un-enjeu-majeur-pour-la-reproduction\u0022 target=\u0022_self\u0022  data-campagne=\u0022Stress thermique : un enjeu majeur pour la reproduction_encadre\u0022 data-contentId=\u00223070\u0022 rel=\u0022nofollow\u0022 title=\u0022Stress thermique : un enjeu majeur pour la reproduction\u0022\u003E\n        \n\u003Ch2  data-component-id=\u0022front:title\u0022 class=\u0022title title--small inline\u0022\u003EStress thermique : un enjeu majeur pour la reproduction\u003C\/h2\u003E\n      \u003C\/a\u003E\n          \u003C\/div\u003E\n    \n\u003Cdiv  data-component-id=\u0022front:wysiwyg\u0022 class=\u0022wysiwyg wysiwyg--small flex-grow\u0022\u003ELe stress thermique d\u00e9grade tr\u00e8s vite la reproduction des vaches laiti\u00e8res. A THI* sup\u00e9rieur \u00e0 72, la vache oriente son m\u00e9tabolisme sur la survie\u00a0:\u2026\u003C\/div\u003E\n    \u003Cdiv class=\u0022flex justify-between\u0022\u003E\n              \u003Cdiv class=\u0022card-article-sponso-catalog__meta mbs-auto\u0022\u003E\n          \u003Ctime class=\u0022card-article-sponso-catalog__date\u0022 datetime=\u00222026-03-19T14:55:47+0100\u0022 x-data x-timestamp=\u00222026-03-19T14:55:47+0100\u0022\u003E19 Mar 2026\u003C\/time\u003E\n                  \u003C\/div\u003E\n                    \u003Cdiv class=\u0022card-article-sponso-catalog__sponso\u0022\u003E\n          Contenu sponsoris\u00e9\n        \u003C\/div\u003E\n          \u003C\/div\u003E\n\n  \u003C\/div\u003E\n\u003C\/article\u003E\n  \t\t\t\u003Carticle  data-component-id=\u0022front:card-webinaire-catalog\u0022 class=\u0022card-webinaire-catalog group\u0022 data-campagne=\u0022Webi-ELO_GT_2026-CCPA_encadre\u0022 data-contentId=\u00223124\u0022 rel=\u0022nofollow\u0022\u003E\n  \u003Cdiv class=\u0022card-webinaire-catalog__image\u0022\u003E\n      \t\t\t\t\t\t\u003Cimg  data-component-id=\u0022front:image\u0022 class=\u0022w-full h-full object-cover absolute inset-0\u0022 src=\u0022\/sites\/plm-magazine\/files\/2026-04\/EVT-PLM-ELO_Grands_troupeaux_26-Webi_ccpa-accroche.jpg\u0022 alt=\u0022Objectif lait : pourquoi la pr\u00e9pa-v\u00ealage fait la diff\u00e9rence\u0022 title=\u0022Objectif lait : pourquoi la pr\u00e9pa-v\u00ealage fait la diff\u00e9rence\u0022 loading=\u0022eager\u0022 width=\u0022510\u0022 height=\u0022340\u0022\u003E          \u003Cdiv class=\u0022card-webinaire-catalog__duree \u0022\u003E\n        00:30:00\n      \u003C\/div\u003E\n        \u003Cdiv class=\u0022card-webinaire-catalog__badges\u0022\u003E\n      \t\t\n\u003Cspan  data-component-id=\u0022front:button-expand\u0022 class=\u0022button-expand button-expand--shadowed transition-within-parent\u0022 x-data=\u0022buttonExpand\u0022 :style=\u0022{ \u0026quot;--button-expand-label-width\u0026quot;: labelWidth }\u0022\u003E\n  \u003Cspan class=\u0022button-expand__icon\u0022\u003E\n    \n\u003Csvg  data-component-id=\u0022front:icon\u0022 class=\u0022icon icon--webinar\u0022\u003E\n  \u003Cuse xlink:href=\u0022\/themes\/custom\/plm\/dist\/assets\/images\/2e871604ef7778ce3dc1.svg#icon-webinar\u0022\u003E\u003C\/use\u003E\n\u003C\/svg\u003E\n  \u003C\/span\u003E\n  \u003Cspan class=\u0022button-expand__label\u0022 x-ref=\u0022label\u0022\u003Ewebinaire\u003C\/span\u003E\n\u003C\/span\u003E\n    \u003C\/div\u003E\n  \u003C\/div\u003E\n \u003Cdiv class=\u0022card-webinaire-catalog__body\u0022\u003E\n    \u003Cdiv class=\u0022text-[1.125em] leading-0 card-title\u0022\u003E\n            \u003Ca class=\u0022card-webinaire-catalog__title\u0022 href=\u0022\/webinaires\/objectif-lait-pourquoi-la-prepa-velage-fait-la-difference\u0022 target=\u0022_self\u0022  data-campagne=\u0022Webi-ELO_GT_2026-CCPA_encadre\u0022 data-contentId=\u00223124\u0022 rel=\u0022nofollow\u0022 title=\u0022Objectif lait : pourquoi la pr\u00e9pa-v\u00ealage fait la diff\u00e9rence\u0022\u003E\n        \n\u003Ch2  data-component-id=\u0022front:title\u0022 class=\u0022title title--small inline\u0022\u003EObjectif lait : pourquoi la pr\u00e9pa-v\u00ealage fait la diff\u00e9rence\u003C\/h2\u003E\n      \u003C\/a\u003E\n                \u003C\/div\u003E\n\n    \u003Cdiv class=\u0022card-webinaire-catalog__date-info\u0022\u003E\n            \u003Cdiv class=\u0022card-webinaire-catalog__date\u0022\u003EMardi\u0026nbsp;16\u0026nbsp;juin\u0026nbsp;2026\u003C\/div\u003E\n              \u003Cdiv class=\u0022card-webinaire-catalog__plage-horaire flex items-center gap-2\u0022\u003E\n        \u003Cspan class=\u0022inline-flex text-xl\u0022\u003E\n         \u003Csvg xmlns=\u0022http:\/\/www.w3.org\/2000\/svg\u0022 width=\u002217\u0022 height=\u002217\u0022 viewBox=\u00220 0 17 17\u0022 fill=\u0022none\u0022\u003E\n          \u003Cpath d=\u0022M8.13806 0.100098C12.5773 0.100242 16.1761 3.69895 16.1761 8.13818C16.176 12.5774 12.5772 16.1761 8.13806 16.1763C3.69883 16.1762 0.10012 12.5774 0.0999756 8.13818C0.100044 3.6989 3.69878 0.100167 8.13806 0.100098ZM8.13806 1.6001C4.52721 1.60017 1.60004 4.52733 1.59998 8.13818C1.60012 11.749 4.52725 14.6762 8.13806 14.6763C11.7488 14.6761 14.676 11.7489 14.6761 8.13818C14.6761 4.52738 11.7489 1.60024 8.13806 1.6001ZM8.13806 3.01514C8.55217 3.01526 8.88806 3.351 8.88806 3.76514V7.38818H12.5111C12.9252 7.38837 13.2611 7.72409 13.2611 8.13818C13.261 8.55216 12.9251 8.88799 12.5111 8.88818H8.13806C7.72394 8.88818 7.38821 8.55227 7.38806 8.13818V3.76514C7.38806 3.35092 7.72385 3.01514 8.13806 3.01514Z\u0022 fill=\u0022black\u0022\/\u003E\n          \u003Cpath d=\u0022M8.13806 0.100098L8.13806 9.76548e-05H8.13806L8.13806 0.100098ZM16.1761 8.13818L16.2761 8.13819V8.13818L16.1761 8.13818ZM8.13806 16.1763L8.13806 16.2763H8.13806L8.13806 16.1763ZM0.0999756 8.13818L-2.44156e-05 8.13818V8.13819L0.0999756 8.13818ZM8.13806 1.6001L8.13807 1.5001H8.13806L8.13806 1.6001ZM1.59998 8.13818L1.49998 8.13818V8.13819L1.59998 8.13818ZM8.13806 14.6763L8.13806 14.7763H8.13807L8.13806 14.6763ZM14.6761 8.13818L14.7761 8.13819V8.13818L14.6761 8.13818ZM8.13806 3.01514L8.13809 2.91514H8.13806V3.01514ZM8.88806 3.76514H8.98806V3.76514H8.88806ZM8.88806 7.38818H8.78806C8.78806 7.44341 8.83283 7.48818 8.88806 7.48818V7.38818ZM12.5111 7.38818L12.5112 7.28818H12.5111V7.38818ZM13.2611 8.13818L13.3611 8.13822V8.13818H13.2611ZM12.5111 8.88818V8.98818H12.5112L12.5111 8.88818ZM8.13806 8.88818V8.78818V8.88818ZM7.38806 8.13818H7.28806V8.13822L7.38806 8.13818ZM7.38806 3.76514H7.48806V3.76514H7.38806ZM8.13806 0.100098L8.13806 0.200098C12.5221 0.20024 16.0761 3.75418 16.0761 8.13819L16.1761 8.13818L16.2761 8.13818C16.2761 3.64372 12.6325 0.000244059 8.13806 9.76548e-05L8.13806 0.100098ZM16.1761 8.13818L16.0761 8.13818C16.076 12.5221 12.522 16.0761 8.13806 16.0763L8.13806 16.1763L8.13806 16.2763C12.6325 16.2761 16.276 12.6326 16.2761 8.13819L16.1761 8.13818ZM8.13806 16.1763L8.13806 16.0763C3.75406 16.0762 0.200118 12.5222 0.199976 8.13818L0.0999756 8.13818L-2.44156e-05 8.13819C0.000121988 12.6326 3.6436 16.2762 8.13806 16.2763L8.13806 16.1763ZM0.0999756 8.13818L0.199976 8.13819C0.200044 3.75413 3.75401 0.200166 8.13806 0.200098L8.13806 0.100098L8.13806 9.76548e-05C3.64355 0.000167377 4.53144e-05 3.64367 -2.44156e-05 8.13818L0.0999756 8.13818ZM8.13806 1.6001L8.13806 1.5001C4.47198 1.50017 1.50005 4.4721 1.49998 8.13818L1.59998 8.13818L1.69998 8.13819C1.70004 4.58256 4.58244 1.70017 8.13806 1.7001L8.13806 1.6001ZM1.59998 8.13818L1.49998 8.13819C1.50012 11.8042 4.47202 14.7762 8.13806 14.7763L8.13806 14.6763L8.13806 14.5763C4.58248 14.5762 1.70012 11.6937 1.69998 8.13818L1.59998 8.13818ZM8.13806 14.6763L8.13807 14.7763C11.804 14.7761 14.776 11.8042 14.7761 8.13819L14.6761 8.13818L14.5761 8.13818C14.576 11.6937 11.6936 14.5761 8.13806 14.5763L8.13806 14.6763ZM14.6761 8.13818L14.7761 8.13818C14.7761 4.47214 11.8041 1.50024 8.13807 1.5001L8.13806 1.6001L8.13806 1.7001C11.6936 1.70024 14.5761 4.58261 14.5761 8.13819L14.6761 8.13818ZM8.13806 3.01514L8.13803 3.11514C8.49696 3.11525 8.78806 3.40626 8.78806 3.76514H8.88806H8.98806C8.98806 3.29574 8.60737 2.91528 8.13809 2.91514L8.13806 3.01514ZM8.88806 3.76514H8.78806V7.38818H8.88806H8.98806V3.76514H8.88806ZM8.88806 7.38818V7.48818H12.5111V7.38818V7.28818H8.88806V7.38818ZM12.5111 7.38818L12.5111 7.48818C12.87 7.48835 13.1611 7.77936 13.1611 8.13818H13.2611H13.3611C13.3611 7.66881 12.9804 7.2884 12.5112 7.28818L12.5111 7.38818ZM13.2611 8.13818L13.1611 8.13815C13.161 8.49691 12.8698 8.78802 12.5111 8.78818L12.5111 8.88818L12.5112 8.98818C12.9803 8.98797 13.3609 8.6074 13.3611 8.13822L13.2611 8.13818ZM12.5111 8.88818V8.78818H8.13806V8.88818V8.98818H12.5111V8.88818ZM8.13806 8.88818V8.78818C7.7792 8.78818 7.48819 8.49707 7.48806 8.13815L7.38806 8.13818L7.28806 8.13822C7.28823 8.60747 7.66867 8.98818 8.13806 8.98818V8.88818ZM7.38806 8.13818H7.48806V3.76514H7.38806H7.28806V8.13818H7.38806ZM7.38806 3.76514H7.48806C7.48806 3.40615 7.77908 3.11514 8.13806 3.11514V3.01514V2.91514C7.66862 2.91514 7.28806 3.29569 7.28806 3.76514H7.38806Z\u0022 fill=\u0022black\u0022\/\u003E\n          \u003C\/svg\u003E\n        \u003C\/span\u003E\n          \u003Cspan class=\u0022\u0022\u003E16:00 - 16:30\u003C\/span\u003E\n        \u003C\/div\u003E\n                \u003C\/div\u003E\n\n          \u003Cdiv class=\u0022card-webinaire-catalog__organisateur\u0022\u003E\n        Par CCPA\n      \u003C\/div\u003E\n    \n      \u003Cdiv class=\u0022card-webinaire-catalog__chapo\u0022\u003E\n        \n              \u003C\/div\u003E\n     \u003C\/div\u003E\n  \u003Cdiv class=\u0022card-webinaire-catalog__sponsor\u0022\u003E\n    Contenu sponsoris\u00e9\n  \u003C\/div\u003E\n\u003C\/article\u003E\n  \t\t\t\u003Carticle  data-component-id=\u0022front:card-webinaire-catalog\u0022 class=\u0022card-webinaire-catalog group\u0022 data-campagne=\u0022Webi-ELO_GT_2026-Trouw_nutrition_encadre\u0022 data-contentId=\u00223123\u0022 rel=\u0022nofollow\u0022\u003E\n  \u003Cdiv class=\u0022card-webinaire-catalog__image\u0022\u003E\n      \t\t\t\t\t\t\u003Cimg  data-component-id=\u0022front:image\u0022 class=\u0022w-full h-full object-cover absolute inset-0\u0022 src=\u0022\/sites\/plm-magazine\/files\/2026-04\/EVT-PLM-ELO_Grands_troupeaux_26-Webi_trouw-nutrition-accroche.jpg\u0022 alt=\u0022Alimentation des veaux\u00a0: et si on faisait fausse route\u00a0?\u0022 title=\u0022Alimentation des veaux\u00a0: et si on faisait fausse route\u00a0?\u0022 loading=\u0022eager\u0022 width=\u0022510\u0022 height=\u0022340\u0022\u003E          \u003Cdiv class=\u0022card-webinaire-catalog__duree \u0022\u003E\n        00:30:00\n      \u003C\/div\u003E\n        \u003Cdiv class=\u0022card-webinaire-catalog__badges\u0022\u003E\n      \t\t\n\u003Cspan  data-component-id=\u0022front:button-expand\u0022 class=\u0022button-expand button-expand--shadowed transition-within-parent\u0022 x-data=\u0022buttonExpand\u0022 :style=\u0022{ \u0026quot;--button-expand-label-width\u0026quot;: labelWidth }\u0022\u003E\n  \u003Cspan class=\u0022button-expand__icon\u0022\u003E\n    \n\u003Csvg  data-component-id=\u0022front:icon\u0022 class=\u0022icon icon--webinar\u0022\u003E\n  \u003Cuse xlink:href=\u0022\/themes\/custom\/plm\/dist\/assets\/images\/2e871604ef7778ce3dc1.svg#icon-webinar\u0022\u003E\u003C\/use\u003E\n\u003C\/svg\u003E\n  \u003C\/span\u003E\n  \u003Cspan class=\u0022button-expand__label\u0022 x-ref=\u0022label\u0022\u003Ewebinaire\u003C\/span\u003E\n\u003C\/span\u003E\n    \u003C\/div\u003E\n  \u003C\/div\u003E\n \u003Cdiv class=\u0022card-webinaire-catalog__body\u0022\u003E\n    \u003Cdiv class=\u0022text-[1.125em] leading-0 card-title\u0022\u003E\n            \u003Ca class=\u0022card-webinaire-catalog__title\u0022 href=\u0022\/webinaires\/alimentation-des-veaux-et-si-faisait-fausse-route\u0022 target=\u0022_self\u0022  data-campagne=\u0022Webi-ELO_GT_2026-Trouw_nutrition_encadre\u0022 data-contentId=\u00223123\u0022 rel=\u0022nofollow\u0022 title=\u0022Alimentation des veaux\u00a0: et si on faisait fausse route ?\u0022\u003E\n        \n\u003Ch2  data-component-id=\u0022front:title\u0022 class=\u0022title title--small inline\u0022\u003EAlimentation des veaux\u00a0: et si on faisait fausse route ?\u003C\/h2\u003E\n      \u003C\/a\u003E\n                \u003C\/div\u003E\n\n    \u003Cdiv class=\u0022card-webinaire-catalog__date-info\u0022\u003E\n            \u003Cdiv class=\u0022card-webinaire-catalog__date\u0022\u003EMardi\u0026nbsp;16\u0026nbsp;juin\u0026nbsp;2026\u003C\/div\u003E\n              \u003Cdiv class=\u0022card-webinaire-catalog__plage-horaire flex items-center gap-2\u0022\u003E\n        \u003Cspan class=\u0022inline-flex text-xl\u0022\u003E\n         \u003Csvg xmlns=\u0022http:\/\/www.w3.org\/2000\/svg\u0022 width=\u002217\u0022 height=\u002217\u0022 viewBox=\u00220 0 17 17\u0022 fill=\u0022none\u0022\u003E\n          \u003Cpath d=\u0022M8.13806 0.100098C12.5773 0.100242 16.1761 3.69895 16.1761 8.13818C16.176 12.5774 12.5772 16.1761 8.13806 16.1763C3.69883 16.1762 0.10012 12.5774 0.0999756 8.13818C0.100044 3.6989 3.69878 0.100167 8.13806 0.100098ZM8.13806 1.6001C4.52721 1.60017 1.60004 4.52733 1.59998 8.13818C1.60012 11.749 4.52725 14.6762 8.13806 14.6763C11.7488 14.6761 14.676 11.7489 14.6761 8.13818C14.6761 4.52738 11.7489 1.60024 8.13806 1.6001ZM8.13806 3.01514C8.55217 3.01526 8.88806 3.351 8.88806 3.76514V7.38818H12.5111C12.9252 7.38837 13.2611 7.72409 13.2611 8.13818C13.261 8.55216 12.9251 8.88799 12.5111 8.88818H8.13806C7.72394 8.88818 7.38821 8.55227 7.38806 8.13818V3.76514C7.38806 3.35092 7.72385 3.01514 8.13806 3.01514Z\u0022 fill=\u0022black\u0022\/\u003E\n          \u003Cpath d=\u0022M8.13806 0.100098L8.13806 9.76548e-05H8.13806L8.13806 0.100098ZM16.1761 8.13818L16.2761 8.13819V8.13818L16.1761 8.13818ZM8.13806 16.1763L8.13806 16.2763H8.13806L8.13806 16.1763ZM0.0999756 8.13818L-2.44156e-05 8.13818V8.13819L0.0999756 8.13818ZM8.13806 1.6001L8.13807 1.5001H8.13806L8.13806 1.6001ZM1.59998 8.13818L1.49998 8.13818V8.13819L1.59998 8.13818ZM8.13806 14.6763L8.13806 14.7763H8.13807L8.13806 14.6763ZM14.6761 8.13818L14.7761 8.13819V8.13818L14.6761 8.13818ZM8.13806 3.01514L8.13809 2.91514H8.13806V3.01514ZM8.88806 3.76514H8.98806V3.76514H8.88806ZM8.88806 7.38818H8.78806C8.78806 7.44341 8.83283 7.48818 8.88806 7.48818V7.38818ZM12.5111 7.38818L12.5112 7.28818H12.5111V7.38818ZM13.2611 8.13818L13.3611 8.13822V8.13818H13.2611ZM12.5111 8.88818V8.98818H12.5112L12.5111 8.88818ZM8.13806 8.88818V8.78818V8.88818ZM7.38806 8.13818H7.28806V8.13822L7.38806 8.13818ZM7.38806 3.76514H7.48806V3.76514H7.38806ZM8.13806 0.100098L8.13806 0.200098C12.5221 0.20024 16.0761 3.75418 16.0761 8.13819L16.1761 8.13818L16.2761 8.13818C16.2761 3.64372 12.6325 0.000244059 8.13806 9.76548e-05L8.13806 0.100098ZM16.1761 8.13818L16.0761 8.13818C16.076 12.5221 12.522 16.0761 8.13806 16.0763L8.13806 16.1763L8.13806 16.2763C12.6325 16.2761 16.276 12.6326 16.2761 8.13819L16.1761 8.13818ZM8.13806 16.1763L8.13806 16.0763C3.75406 16.0762 0.200118 12.5222 0.199976 8.13818L0.0999756 8.13818L-2.44156e-05 8.13819C0.000121988 12.6326 3.6436 16.2762 8.13806 16.2763L8.13806 16.1763ZM0.0999756 8.13818L0.199976 8.13819C0.200044 3.75413 3.75401 0.200166 8.13806 0.200098L8.13806 0.100098L8.13806 9.76548e-05C3.64355 0.000167377 4.53144e-05 3.64367 -2.44156e-05 8.13818L0.0999756 8.13818ZM8.13806 1.6001L8.13806 1.5001C4.47198 1.50017 1.50005 4.4721 1.49998 8.13818L1.59998 8.13818L1.69998 8.13819C1.70004 4.58256 4.58244 1.70017 8.13806 1.7001L8.13806 1.6001ZM1.59998 8.13818L1.49998 8.13819C1.50012 11.8042 4.47202 14.7762 8.13806 14.7763L8.13806 14.6763L8.13806 14.5763C4.58248 14.5762 1.70012 11.6937 1.69998 8.13818L1.59998 8.13818ZM8.13806 14.6763L8.13807 14.7763C11.804 14.7761 14.776 11.8042 14.7761 8.13819L14.6761 8.13818L14.5761 8.13818C14.576 11.6937 11.6936 14.5761 8.13806 14.5763L8.13806 14.6763ZM14.6761 8.13818L14.7761 8.13818C14.7761 4.47214 11.8041 1.50024 8.13807 1.5001L8.13806 1.6001L8.13806 1.7001C11.6936 1.70024 14.5761 4.58261 14.5761 8.13819L14.6761 8.13818ZM8.13806 3.01514L8.13803 3.11514C8.49696 3.11525 8.78806 3.40626 8.78806 3.76514H8.88806H8.98806C8.98806 3.29574 8.60737 2.91528 8.13809 2.91514L8.13806 3.01514ZM8.88806 3.76514H8.78806V7.38818H8.88806H8.98806V3.76514H8.88806ZM8.88806 7.38818V7.48818H12.5111V7.38818V7.28818H8.88806V7.38818ZM12.5111 7.38818L12.5111 7.48818C12.87 7.48835 13.1611 7.77936 13.1611 8.13818H13.2611H13.3611C13.3611 7.66881 12.9804 7.2884 12.5112 7.28818L12.5111 7.38818ZM13.2611 8.13818L13.1611 8.13815C13.161 8.49691 12.8698 8.78802 12.5111 8.78818L12.5111 8.88818L12.5112 8.98818C12.9803 8.98797 13.3609 8.6074 13.3611 8.13822L13.2611 8.13818ZM12.5111 8.88818V8.78818H8.13806V8.88818V8.98818H12.5111V8.88818ZM8.13806 8.88818V8.78818C7.7792 8.78818 7.48819 8.49707 7.48806 8.13815L7.38806 8.13818L7.28806 8.13822C7.28823 8.60747 7.66867 8.98818 8.13806 8.98818V8.88818ZM7.38806 8.13818H7.48806V3.76514H7.38806H7.28806V8.13818H7.38806ZM7.38806 3.76514H7.48806C7.48806 3.40615 7.77908 3.11514 8.13806 3.11514V3.01514V2.91514C7.66862 2.91514 7.28806 3.29569 7.28806 3.76514H7.38806Z\u0022 fill=\u0022black\u0022\/\u003E\n          \u003C\/svg\u003E\n        \u003C\/span\u003E\n          \u003Cspan class=\u0022\u0022\u003E15:00 - 15:30\u003C\/span\u003E\n        \u003C\/div\u003E\n                \u003C\/div\u003E\n\n          \u003Cdiv class=\u0022card-webinaire-catalog__organisateur\u0022\u003E\n        Par Trouw Nutrition\n      \u003C\/div\u003E\n    \n      \u003Cdiv class=\u0022card-webinaire-catalog__chapo\u0022\u003E\n        \n              \u003C\/div\u003E\n     \u003C\/div\u003E\n  \u003Cdiv class=\u0022card-webinaire-catalog__sponsor\u0022\u003E\n    Contenu sponsoris\u00e9\n  \u003C\/div\u003E\n\u003C\/article\u003E\n  \t\t\t\u003Carticle  data-component-id=\u0022front:card-webinaire-catalog\u0022 class=\u0022card-webinaire-catalog group\u0022 data-campagne=\u0022Webi-ELO_GT_2026-Vetoquinol_encadre\u0022 data-contentId=\u00223122\u0022 rel=\u0022nofollow\u0022\u003E\n  \u003Cdiv class=\u0022card-webinaire-catalog__image\u0022\u003E\n      \t\t\t\t\t\t\u003Cimg  data-component-id=\u0022front:image\u0022 class=\u0022w-full h-full object-cover absolute inset-0\u0022 src=\u0022\/sites\/plm-magazine\/files\/2026-04\/EVT-PLM-ELO_Grands_troupeaux_26-Webi_vetoquinol-accroche.jpg\u0022 alt=\u0022Mammites : quels b\u00e9n\u00e9fices \u00e0 agir d\u00e8s les premiers signes ?\u0022 title=\u0022Mammites : quels b\u00e9n\u00e9fices \u00e0 agir d\u00e8s les premiers signes ?\u0022 loading=\u0022eager\u0022 width=\u0022510\u0022 height=\u0022340\u0022\u003E          \u003Cdiv class=\u0022card-webinaire-catalog__duree \u0022\u003E\n        00:30:00\n      \u003C\/div\u003E\n        \u003Cdiv class=\u0022card-webinaire-catalog__badges\u0022\u003E\n      \t\t\n\u003Cspan  data-component-id=\u0022front:button-expand\u0022 class=\u0022button-expand button-expand--shadowed transition-within-parent\u0022 x-data=\u0022buttonExpand\u0022 :style=\u0022{ \u0026quot;--button-expand-label-width\u0026quot;: labelWidth }\u0022\u003E\n  \u003Cspan class=\u0022button-expand__icon\u0022\u003E\n    \n\u003Csvg  data-component-id=\u0022front:icon\u0022 class=\u0022icon icon--webinar\u0022\u003E\n  \u003Cuse xlink:href=\u0022\/themes\/custom\/plm\/dist\/assets\/images\/2e871604ef7778ce3dc1.svg#icon-webinar\u0022\u003E\u003C\/use\u003E\n\u003C\/svg\u003E\n  \u003C\/span\u003E\n  \u003Cspan class=\u0022button-expand__label\u0022 x-ref=\u0022label\u0022\u003Ewebinaire\u003C\/span\u003E\n\u003C\/span\u003E\n    \u003C\/div\u003E\n  \u003C\/div\u003E\n \u003Cdiv class=\u0022card-webinaire-catalog__body\u0022\u003E\n    \u003Cdiv class=\u0022text-[1.125em] leading-0 card-title\u0022\u003E\n            \u003Ca class=\u0022card-webinaire-catalog__title\u0022 href=\u0022\/webinaires\/mammites-quels-benefices-a-agir-des-les-premiers-signes\u0022 target=\u0022_self\u0022  data-campagne=\u0022Webi-ELO_GT_2026-Vetoquinol_encadre\u0022 data-contentId=\u00223122\u0022 rel=\u0022nofollow\u0022 title=\u0022Mammites : quels b\u00e9n\u00e9fices \u00e0 agir d\u00e8s les premiers signes ?\u0022\u003E\n        \n\u003Ch2  data-component-id=\u0022front:title\u0022 class=\u0022title title--small inline\u0022\u003EMammites : quels b\u00e9n\u00e9fices \u00e0 agir d\u00e8s les premiers signes ?\u003C\/h2\u003E\n      \u003C\/a\u003E\n                \u003C\/div\u003E\n\n    \u003Cdiv class=\u0022card-webinaire-catalog__date-info\u0022\u003E\n            \u003Cdiv class=\u0022card-webinaire-catalog__date\u0022\u003EMardi\u0026nbsp;16\u0026nbsp;juin\u0026nbsp;2026\u003C\/div\u003E\n              \u003Cdiv class=\u0022card-webinaire-catalog__plage-horaire flex items-center gap-2\u0022\u003E\n        \u003Cspan class=\u0022inline-flex text-xl\u0022\u003E\n         \u003Csvg xmlns=\u0022http:\/\/www.w3.org\/2000\/svg\u0022 width=\u002217\u0022 height=\u002217\u0022 viewBox=\u00220 0 17 17\u0022 fill=\u0022none\u0022\u003E\n          \u003Cpath d=\u0022M8.13806 0.100098C12.5773 0.100242 16.1761 3.69895 16.1761 8.13818C16.176 12.5774 12.5772 16.1761 8.13806 16.1763C3.69883 16.1762 0.10012 12.5774 0.0999756 8.13818C0.100044 3.6989 3.69878 0.100167 8.13806 0.100098ZM8.13806 1.6001C4.52721 1.60017 1.60004 4.52733 1.59998 8.13818C1.60012 11.749 4.52725 14.6762 8.13806 14.6763C11.7488 14.6761 14.676 11.7489 14.6761 8.13818C14.6761 4.52738 11.7489 1.60024 8.13806 1.6001ZM8.13806 3.01514C8.55217 3.01526 8.88806 3.351 8.88806 3.76514V7.38818H12.5111C12.9252 7.38837 13.2611 7.72409 13.2611 8.13818C13.261 8.55216 12.9251 8.88799 12.5111 8.88818H8.13806C7.72394 8.88818 7.38821 8.55227 7.38806 8.13818V3.76514C7.38806 3.35092 7.72385 3.01514 8.13806 3.01514Z\u0022 fill=\u0022black\u0022\/\u003E\n          \u003Cpath d=\u0022M8.13806 0.100098L8.13806 9.76548e-05H8.13806L8.13806 0.100098ZM16.1761 8.13818L16.2761 8.13819V8.13818L16.1761 8.13818ZM8.13806 16.1763L8.13806 16.2763H8.13806L8.13806 16.1763ZM0.0999756 8.13818L-2.44156e-05 8.13818V8.13819L0.0999756 8.13818ZM8.13806 1.6001L8.13807 1.5001H8.13806L8.13806 1.6001ZM1.59998 8.13818L1.49998 8.13818V8.13819L1.59998 8.13818ZM8.13806 14.6763L8.13806 14.7763H8.13807L8.13806 14.6763ZM14.6761 8.13818L14.7761 8.13819V8.13818L14.6761 8.13818ZM8.13806 3.01514L8.13809 2.91514H8.13806V3.01514ZM8.88806 3.76514H8.98806V3.76514H8.88806ZM8.88806 7.38818H8.78806C8.78806 7.44341 8.83283 7.48818 8.88806 7.48818V7.38818ZM12.5111 7.38818L12.5112 7.28818H12.5111V7.38818ZM13.2611 8.13818L13.3611 8.13822V8.13818H13.2611ZM12.5111 8.88818V8.98818H12.5112L12.5111 8.88818ZM8.13806 8.88818V8.78818V8.88818ZM7.38806 8.13818H7.28806V8.13822L7.38806 8.13818ZM7.38806 3.76514H7.48806V3.76514H7.38806ZM8.13806 0.100098L8.13806 0.200098C12.5221 0.20024 16.0761 3.75418 16.0761 8.13819L16.1761 8.13818L16.2761 8.13818C16.2761 3.64372 12.6325 0.000244059 8.13806 9.76548e-05L8.13806 0.100098ZM16.1761 8.13818L16.0761 8.13818C16.076 12.5221 12.522 16.0761 8.13806 16.0763L8.13806 16.1763L8.13806 16.2763C12.6325 16.2761 16.276 12.6326 16.2761 8.13819L16.1761 8.13818ZM8.13806 16.1763L8.13806 16.0763C3.75406 16.0762 0.200118 12.5222 0.199976 8.13818L0.0999756 8.13818L-2.44156e-05 8.13819C0.000121988 12.6326 3.6436 16.2762 8.13806 16.2763L8.13806 16.1763ZM0.0999756 8.13818L0.199976 8.13819C0.200044 3.75413 3.75401 0.200166 8.13806 0.200098L8.13806 0.100098L8.13806 9.76548e-05C3.64355 0.000167377 4.53144e-05 3.64367 -2.44156e-05 8.13818L0.0999756 8.13818ZM8.13806 1.6001L8.13806 1.5001C4.47198 1.50017 1.50005 4.4721 1.49998 8.13818L1.59998 8.13818L1.69998 8.13819C1.70004 4.58256 4.58244 1.70017 8.13806 1.7001L8.13806 1.6001ZM1.59998 8.13818L1.49998 8.13819C1.50012 11.8042 4.47202 14.7762 8.13806 14.7763L8.13806 14.6763L8.13806 14.5763C4.58248 14.5762 1.70012 11.6937 1.69998 8.13818L1.59998 8.13818ZM8.13806 14.6763L8.13807 14.7763C11.804 14.7761 14.776 11.8042 14.7761 8.13819L14.6761 8.13818L14.5761 8.13818C14.576 11.6937 11.6936 14.5761 8.13806 14.5763L8.13806 14.6763ZM14.6761 8.13818L14.7761 8.13818C14.7761 4.47214 11.8041 1.50024 8.13807 1.5001L8.13806 1.6001L8.13806 1.7001C11.6936 1.70024 14.5761 4.58261 14.5761 8.13819L14.6761 8.13818ZM8.13806 3.01514L8.13803 3.11514C8.49696 3.11525 8.78806 3.40626 8.78806 3.76514H8.88806H8.98806C8.98806 3.29574 8.60737 2.91528 8.13809 2.91514L8.13806 3.01514ZM8.88806 3.76514H8.78806V7.38818H8.88806H8.98806V3.76514H8.88806ZM8.88806 7.38818V7.48818H12.5111V7.38818V7.28818H8.88806V7.38818ZM12.5111 7.38818L12.5111 7.48818C12.87 7.48835 13.1611 7.77936 13.1611 8.13818H13.2611H13.3611C13.3611 7.66881 12.9804 7.2884 12.5112 7.28818L12.5111 7.38818ZM13.2611 8.13818L13.1611 8.13815C13.161 8.49691 12.8698 8.78802 12.5111 8.78818L12.5111 8.88818L12.5112 8.98818C12.9803 8.98797 13.3609 8.6074 13.3611 8.13822L13.2611 8.13818ZM12.5111 8.88818V8.78818H8.13806V8.88818V8.98818H12.5111V8.88818ZM8.13806 8.88818V8.78818C7.7792 8.78818 7.48819 8.49707 7.48806 8.13815L7.38806 8.13818L7.28806 8.13822C7.28823 8.60747 7.66867 8.98818 8.13806 8.98818V8.88818ZM7.38806 8.13818H7.48806V3.76514H7.38806H7.28806V8.13818H7.38806ZM7.38806 3.76514H7.48806C7.48806 3.40615 7.77908 3.11514 8.13806 3.11514V3.01514V2.91514C7.66862 2.91514 7.28806 3.29569 7.28806 3.76514H7.38806Z\u0022 fill=\u0022black\u0022\/\u003E\n          \u003C\/svg\u003E\n        \u003C\/span\u003E\n          \u003Cspan class=\u0022\u0022\u003E14:00 - 14:30\u003C\/span\u003E\n        \u003C\/div\u003E\n                \u003C\/div\u003E\n\n          \u003Cdiv class=\u0022card-webinaire-catalog__organisateur\u0022\u003E\n        Par Vetoquinol\n      \u003C\/div\u003E\n    \n      \u003Cdiv class=\u0022card-webinaire-catalog__chapo\u0022\u003E\n        \n              \u003C\/div\u003E\n     \u003C\/div\u003E\n  \u003Cdiv class=\u0022card-webinaire-catalog__sponsor\u0022\u003E\n    Contenu sponsoris\u00e9\n  \u003C\/div\u003E\n\u003C\/article\u003E\n  \t\t\t\u003Carticle  data-component-id=\u0022front:card-webinaire-catalog\u0022 class=\u0022card-webinaire-catalog group\u0022 data-campagne=\u0022Webi-ELO_GT_2026-Ceva_encadre\u0022 data-contentId=\u00223121\u0022 rel=\u0022nofollow\u0022\u003E\n  \u003Cdiv class=\u0022card-webinaire-catalog__image\u0022\u003E\n      \t\t\t\t\t\t\u003Cimg  data-component-id=\u0022front:image\u0022 class=\u0022w-full h-full object-cover absolute inset-0\u0022 src=\u0022\/sites\/plm-magazine\/files\/2026-04\/EVT-PLM-ELO_Grands_troupeaux_26-Webi_ceva-accroche.jpg\u0022 alt=\u0022Vermifugation : identifiez les vaches \u00e0 traiter en 3 clics !\u0022 title=\u0022Vermifugation : identifiez les vaches \u00e0 traiter en 3 clics !\u0022 loading=\u0022eager\u0022 width=\u0022510\u0022 height=\u0022340\u0022\u003E          \u003Cdiv class=\u0022card-webinaire-catalog__duree \u0022\u003E\n        00:30:00\n      \u003C\/div\u003E\n        \u003Cdiv class=\u0022card-webinaire-catalog__badges\u0022\u003E\n      \t\t\n\u003Cspan  data-component-id=\u0022front:button-expand\u0022 class=\u0022button-expand button-expand--shadowed transition-within-parent\u0022 x-data=\u0022buttonExpand\u0022 :style=\u0022{ \u0026quot;--button-expand-label-width\u0026quot;: labelWidth }\u0022\u003E\n  \u003Cspan class=\u0022button-expand__icon\u0022\u003E\n    \n\u003Csvg  data-component-id=\u0022front:icon\u0022 class=\u0022icon icon--webinar\u0022\u003E\n  \u003Cuse xlink:href=\u0022\/themes\/custom\/plm\/dist\/assets\/images\/2e871604ef7778ce3dc1.svg#icon-webinar\u0022\u003E\u003C\/use\u003E\n\u003C\/svg\u003E\n  \u003C\/span\u003E\n  \u003Cspan class=\u0022button-expand__label\u0022 x-ref=\u0022label\u0022\u003Ewebinaire\u003C\/span\u003E\n\u003C\/span\u003E\n    \u003C\/div\u003E\n  \u003C\/div\u003E\n \u003Cdiv class=\u0022card-webinaire-catalog__body\u0022\u003E\n    \u003Cdiv class=\u0022text-[1.125em] leading-0 card-title\u0022\u003E\n            \u003Ca class=\u0022card-webinaire-catalog__title\u0022 href=\u0022\/webinaires\/vermifugation-identifiez-les-vaches-a-traiter-en-3-clics\u0022 target=\u0022_self\u0022  data-campagne=\u0022Webi-ELO_GT_2026-Ceva_encadre\u0022 data-contentId=\u00223121\u0022 rel=\u0022nofollow\u0022 title=\u0022Vermifugation : identifiez les vaches \u00e0 traiter en 3 clics !\u0022\u003E\n        \n\u003Ch2  data-component-id=\u0022front:title\u0022 class=\u0022title title--small inline\u0022\u003EVermifugation : identifiez les vaches \u00e0 traiter en 3 clics !\u003C\/h2\u003E\n      \u003C\/a\u003E\n                \u003C\/div\u003E\n\n    \u003Cdiv class=\u0022card-webinaire-catalog__date-info\u0022\u003E\n            \u003Cdiv class=\u0022card-webinaire-catalog__date\u0022\u003EMardi\u0026nbsp;16\u0026nbsp;juin\u0026nbsp;2026\u003C\/div\u003E\n              \u003Cdiv class=\u0022card-webinaire-catalog__plage-horaire flex items-center gap-2\u0022\u003E\n        \u003Cspan class=\u0022inline-flex text-xl\u0022\u003E\n         \u003Csvg xmlns=\u0022http:\/\/www.w3.org\/2000\/svg\u0022 width=\u002217\u0022 height=\u002217\u0022 viewBox=\u00220 0 17 17\u0022 fill=\u0022none\u0022\u003E\n          \u003Cpath d=\u0022M8.13806 0.100098C12.5773 0.100242 16.1761 3.69895 16.1761 8.13818C16.176 12.5774 12.5772 16.1761 8.13806 16.1763C3.69883 16.1762 0.10012 12.5774 0.0999756 8.13818C0.100044 3.6989 3.69878 0.100167 8.13806 0.100098ZM8.13806 1.6001C4.52721 1.60017 1.60004 4.52733 1.59998 8.13818C1.60012 11.749 4.52725 14.6762 8.13806 14.6763C11.7488 14.6761 14.676 11.7489 14.6761 8.13818C14.6761 4.52738 11.7489 1.60024 8.13806 1.6001ZM8.13806 3.01514C8.55217 3.01526 8.88806 3.351 8.88806 3.76514V7.38818H12.5111C12.9252 7.38837 13.2611 7.72409 13.2611 8.13818C13.261 8.55216 12.9251 8.88799 12.5111 8.88818H8.13806C7.72394 8.88818 7.38821 8.55227 7.38806 8.13818V3.76514C7.38806 3.35092 7.72385 3.01514 8.13806 3.01514Z\u0022 fill=\u0022black\u0022\/\u003E\n          \u003Cpath d=\u0022M8.13806 0.100098L8.13806 9.76548e-05H8.13806L8.13806 0.100098ZM16.1761 8.13818L16.2761 8.13819V8.13818L16.1761 8.13818ZM8.13806 16.1763L8.13806 16.2763H8.13806L8.13806 16.1763ZM0.0999756 8.13818L-2.44156e-05 8.13818V8.13819L0.0999756 8.13818ZM8.13806 1.6001L8.13807 1.5001H8.13806L8.13806 1.6001ZM1.59998 8.13818L1.49998 8.13818V8.13819L1.59998 8.13818ZM8.13806 14.6763L8.13806 14.7763H8.13807L8.13806 14.6763ZM14.6761 8.13818L14.7761 8.13819V8.13818L14.6761 8.13818ZM8.13806 3.01514L8.13809 2.91514H8.13806V3.01514ZM8.88806 3.76514H8.98806V3.76514H8.88806ZM8.88806 7.38818H8.78806C8.78806 7.44341 8.83283 7.48818 8.88806 7.48818V7.38818ZM12.5111 7.38818L12.5112 7.28818H12.5111V7.38818ZM13.2611 8.13818L13.3611 8.13822V8.13818H13.2611ZM12.5111 8.88818V8.98818H12.5112L12.5111 8.88818ZM8.13806 8.88818V8.78818V8.88818ZM7.38806 8.13818H7.28806V8.13822L7.38806 8.13818ZM7.38806 3.76514H7.48806V3.76514H7.38806ZM8.13806 0.100098L8.13806 0.200098C12.5221 0.20024 16.0761 3.75418 16.0761 8.13819L16.1761 8.13818L16.2761 8.13818C16.2761 3.64372 12.6325 0.000244059 8.13806 9.76548e-05L8.13806 0.100098ZM16.1761 8.13818L16.0761 8.13818C16.076 12.5221 12.522 16.0761 8.13806 16.0763L8.13806 16.1763L8.13806 16.2763C12.6325 16.2761 16.276 12.6326 16.2761 8.13819L16.1761 8.13818ZM8.13806 16.1763L8.13806 16.0763C3.75406 16.0762 0.200118 12.5222 0.199976 8.13818L0.0999756 8.13818L-2.44156e-05 8.13819C0.000121988 12.6326 3.6436 16.2762 8.13806 16.2763L8.13806 16.1763ZM0.0999756 8.13818L0.199976 8.13819C0.200044 3.75413 3.75401 0.200166 8.13806 0.200098L8.13806 0.100098L8.13806 9.76548e-05C3.64355 0.000167377 4.53144e-05 3.64367 -2.44156e-05 8.13818L0.0999756 8.13818ZM8.13806 1.6001L8.13806 1.5001C4.47198 1.50017 1.50005 4.4721 1.49998 8.13818L1.59998 8.13818L1.69998 8.13819C1.70004 4.58256 4.58244 1.70017 8.13806 1.7001L8.13806 1.6001ZM1.59998 8.13818L1.49998 8.13819C1.50012 11.8042 4.47202 14.7762 8.13806 14.7763L8.13806 14.6763L8.13806 14.5763C4.58248 14.5762 1.70012 11.6937 1.69998 8.13818L1.59998 8.13818ZM8.13806 14.6763L8.13807 14.7763C11.804 14.7761 14.776 11.8042 14.7761 8.13819L14.6761 8.13818L14.5761 8.13818C14.576 11.6937 11.6936 14.5761 8.13806 14.5763L8.13806 14.6763ZM14.6761 8.13818L14.7761 8.13818C14.7761 4.47214 11.8041 1.50024 8.13807 1.5001L8.13806 1.6001L8.13806 1.7001C11.6936 1.70024 14.5761 4.58261 14.5761 8.13819L14.6761 8.13818ZM8.13806 3.01514L8.13803 3.11514C8.49696 3.11525 8.78806 3.40626 8.78806 3.76514H8.88806H8.98806C8.98806 3.29574 8.60737 2.91528 8.13809 2.91514L8.13806 3.01514ZM8.88806 3.76514H8.78806V7.38818H8.88806H8.98806V3.76514H8.88806ZM8.88806 7.38818V7.48818H12.5111V7.38818V7.28818H8.88806V7.38818ZM12.5111 7.38818L12.5111 7.48818C12.87 7.48835 13.1611 7.77936 13.1611 8.13818H13.2611H13.3611C13.3611 7.66881 12.9804 7.2884 12.5112 7.28818L12.5111 7.38818ZM13.2611 8.13818L13.1611 8.13815C13.161 8.49691 12.8698 8.78802 12.5111 8.78818L12.5111 8.88818L12.5112 8.98818C12.9803 8.98797 13.3609 8.6074 13.3611 8.13822L13.2611 8.13818ZM12.5111 8.88818V8.78818H8.13806V8.88818V8.98818H12.5111V8.88818ZM8.13806 8.88818V8.78818C7.7792 8.78818 7.48819 8.49707 7.48806 8.13815L7.38806 8.13818L7.28806 8.13822C7.28823 8.60747 7.66867 8.98818 8.13806 8.98818V8.88818ZM7.38806 8.13818H7.48806V3.76514H7.38806H7.28806V8.13818H7.38806ZM7.38806 3.76514H7.48806C7.48806 3.40615 7.77908 3.11514 8.13806 3.11514V3.01514V2.91514C7.66862 2.91514 7.28806 3.29569 7.28806 3.76514H7.38806Z\u0022 fill=\u0022black\u0022\/\u003E\n          \u003C\/svg\u003E\n        \u003C\/span\u003E\n          \u003Cspan class=\u0022\u0022\u003E11:30 - 12:00\u003C\/span\u003E\n        \u003C\/div\u003E\n                \u003C\/div\u003E\n\n          \u003Cdiv class=\u0022card-webinaire-catalog__organisateur\u0022\u003E\n        Par Ceva Sant\u00e9 Animale\n      \u003C\/div\u003E\n    \n      \u003Cdiv class=\u0022card-webinaire-catalog__chapo\u0022\u003E\n        \n              \u003C\/div\u003E\n     \u003C\/div\u003E\n  \u003Cdiv class=\u0022card-webinaire-catalog__sponsor\u0022\u003E\n    Contenu sponsoris\u00e9\n  \u003C\/div\u003E\n\u003C\/article\u003E\n  \t\t\t\u003Carticle  data-component-id=\u0022front:card-webinaire-catalog\u0022 class=\u0022card-webinaire-catalog group\u0022 data-campagne=\u0022Webi-ELO_GT_2026-Phibro_encadre\u0022 data-contentId=\u00223120\u0022 rel=\u0022nofollow\u0022\u003E\n  \u003Cdiv class=\u0022card-webinaire-catalog__image\u0022\u003E\n      \t\t\t\t\t\t\u003Cimg  data-component-id=\u0022front:image\u0022 class=\u0022w-full h-full object-cover absolute inset-0\u0022 src=\u0022\/sites\/plm-magazine\/files\/2026-04\/EVT-PLM-ELO_Grands_troupeaux_26-Webi_phibro-accroche.jpg\u0022 alt=\u0022Mammites\u00a0: comment s\u2019en pr\u00e9munir et diminuer les co\u00fbts\u0022 title=\u0022Mammites\u00a0: comment s\u2019en pr\u00e9munir et diminuer les co\u00fbts\u0022 loading=\u0022eager\u0022 width=\u0022510\u0022 height=\u0022340\u0022\u003E          \u003Cdiv class=\u0022card-webinaire-catalog__duree \u0022\u003E\n        00:30:00\n      \u003C\/div\u003E\n        \u003Cdiv class=\u0022card-webinaire-catalog__badges\u0022\u003E\n      \t\t\n\u003Cspan  data-component-id=\u0022front:button-expand\u0022 class=\u0022button-expand button-expand--shadowed transition-within-parent\u0022 x-data=\u0022buttonExpand\u0022 :style=\u0022{ \u0026quot;--button-expand-label-width\u0026quot;: labelWidth }\u0022\u003E\n  \u003Cspan class=\u0022button-expand__icon\u0022\u003E\n    \n\u003Csvg  data-component-id=\u0022front:icon\u0022 class=\u0022icon icon--webinar\u0022\u003E\n  \u003Cuse xlink:href=\u0022\/themes\/custom\/plm\/dist\/assets\/images\/2e871604ef7778ce3dc1.svg#icon-webinar\u0022\u003E\u003C\/use\u003E\n\u003C\/svg\u003E\n  \u003C\/span\u003E\n  \u003Cspan class=\u0022button-expand__label\u0022 x-ref=\u0022label\u0022\u003Ewebinaire\u003C\/span\u003E\n\u003C\/span\u003E\n    \u003C\/div\u003E\n  \u003C\/div\u003E\n \u003Cdiv class=\u0022card-webinaire-catalog__body\u0022\u003E\n    \u003Cdiv class=\u0022text-[1.125em] leading-0 card-title\u0022\u003E\n            \u003Ca class=\u0022card-webinaire-catalog__title\u0022 href=\u0022\/webinaires\/mammites-comment-s-en-premunir-et-diminuer-les-couts\u0022 target=\u0022_self\u0022  data-campagne=\u0022Webi-ELO_GT_2026-Phibro_encadre\u0022 data-contentId=\u00223120\u0022 rel=\u0022nofollow\u0022 title=\u0022Mammites\u00a0: comment s\u2019en pr\u00e9munir et diminuer les co\u00fbts\u0022\u003E\n        \n\u003Ch2  data-component-id=\u0022front:title\u0022 class=\u0022title title--small inline\u0022\u003EMammites\u00a0: comment s\u2019en pr\u00e9munir et diminuer les co\u00fbts\u003C\/h2\u003E\n      \u003C\/a\u003E\n                \u003C\/div\u003E\n\n    \u003Cdiv class=\u0022card-webinaire-catalog__date-info\u0022\u003E\n            \u003Cdiv class=\u0022card-webinaire-catalog__date\u0022\u003EMardi\u0026nbsp;16\u0026nbsp;juin\u0026nbsp;2026\u003C\/div\u003E\n              \u003Cdiv class=\u0022card-webinaire-catalog__plage-horaire flex items-center gap-2\u0022\u003E\n        \u003Cspan class=\u0022inline-flex text-xl\u0022\u003E\n         \u003Csvg xmlns=\u0022http:\/\/www.w3.org\/2000\/svg\u0022 width=\u002217\u0022 height=\u002217\u0022 viewBox=\u00220 0 17 17\u0022 fill=\u0022none\u0022\u003E\n          \u003Cpath d=\u0022M8.13806 0.100098C12.5773 0.100242 16.1761 3.69895 16.1761 8.13818C16.176 12.5774 12.5772 16.1761 8.13806 16.1763C3.69883 16.1762 0.10012 12.5774 0.0999756 8.13818C0.100044 3.6989 3.69878 0.100167 8.13806 0.100098ZM8.13806 1.6001C4.52721 1.60017 1.60004 4.52733 1.59998 8.13818C1.60012 11.749 4.52725 14.6762 8.13806 14.6763C11.7488 14.6761 14.676 11.7489 14.6761 8.13818C14.6761 4.52738 11.7489 1.60024 8.13806 1.6001ZM8.13806 3.01514C8.55217 3.01526 8.88806 3.351 8.88806 3.76514V7.38818H12.5111C12.9252 7.38837 13.2611 7.72409 13.2611 8.13818C13.261 8.55216 12.9251 8.88799 12.5111 8.88818H8.13806C7.72394 8.88818 7.38821 8.55227 7.38806 8.13818V3.76514C7.38806 3.35092 7.72385 3.01514 8.13806 3.01514Z\u0022 fill=\u0022black\u0022\/\u003E\n          \u003Cpath d=\u0022M8.13806 0.100098L8.13806 9.76548e-05H8.13806L8.13806 0.100098ZM16.1761 8.13818L16.2761 8.13819V8.13818L16.1761 8.13818ZM8.13806 16.1763L8.13806 16.2763H8.13806L8.13806 16.1763ZM0.0999756 8.13818L-2.44156e-05 8.13818V8.13819L0.0999756 8.13818ZM8.13806 1.6001L8.13807 1.5001H8.13806L8.13806 1.6001ZM1.59998 8.13818L1.49998 8.13818V8.13819L1.59998 8.13818ZM8.13806 14.6763L8.13806 14.7763H8.13807L8.13806 14.6763ZM14.6761 8.13818L14.7761 8.13819V8.13818L14.6761 8.13818ZM8.13806 3.01514L8.13809 2.91514H8.13806V3.01514ZM8.88806 3.76514H8.98806V3.76514H8.88806ZM8.88806 7.38818H8.78806C8.78806 7.44341 8.83283 7.48818 8.88806 7.48818V7.38818ZM12.5111 7.38818L12.5112 7.28818H12.5111V7.38818ZM13.2611 8.13818L13.3611 8.13822V8.13818H13.2611ZM12.5111 8.88818V8.98818H12.5112L12.5111 8.88818ZM8.13806 8.88818V8.78818V8.88818ZM7.38806 8.13818H7.28806V8.13822L7.38806 8.13818ZM7.38806 3.76514H7.48806V3.76514H7.38806ZM8.13806 0.100098L8.13806 0.200098C12.5221 0.20024 16.0761 3.75418 16.0761 8.13819L16.1761 8.13818L16.2761 8.13818C16.2761 3.64372 12.6325 0.000244059 8.13806 9.76548e-05L8.13806 0.100098ZM16.1761 8.13818L16.0761 8.13818C16.076 12.5221 12.522 16.0761 8.13806 16.0763L8.13806 16.1763L8.13806 16.2763C12.6325 16.2761 16.276 12.6326 16.2761 8.13819L16.1761 8.13818ZM8.13806 16.1763L8.13806 16.0763C3.75406 16.0762 0.200118 12.5222 0.199976 8.13818L0.0999756 8.13818L-2.44156e-05 8.13819C0.000121988 12.6326 3.6436 16.2762 8.13806 16.2763L8.13806 16.1763ZM0.0999756 8.13818L0.199976 8.13819C0.200044 3.75413 3.75401 0.200166 8.13806 0.200098L8.13806 0.100098L8.13806 9.76548e-05C3.64355 0.000167377 4.53144e-05 3.64367 -2.44156e-05 8.13818L0.0999756 8.13818ZM8.13806 1.6001L8.13806 1.5001C4.47198 1.50017 1.50005 4.4721 1.49998 8.13818L1.59998 8.13818L1.69998 8.13819C1.70004 4.58256 4.58244 1.70017 8.13806 1.7001L8.13806 1.6001ZM1.59998 8.13818L1.49998 8.13819C1.50012 11.8042 4.47202 14.7762 8.13806 14.7763L8.13806 14.6763L8.13806 14.5763C4.58248 14.5762 1.70012 11.6937 1.69998 8.13818L1.59998 8.13818ZM8.13806 14.6763L8.13807 14.7763C11.804 14.7761 14.776 11.8042 14.7761 8.13819L14.6761 8.13818L14.5761 8.13818C14.576 11.6937 11.6936 14.5761 8.13806 14.5763L8.13806 14.6763ZM14.6761 8.13818L14.7761 8.13818C14.7761 4.47214 11.8041 1.50024 8.13807 1.5001L8.13806 1.6001L8.13806 1.7001C11.6936 1.70024 14.5761 4.58261 14.5761 8.13819L14.6761 8.13818ZM8.13806 3.01514L8.13803 3.11514C8.49696 3.11525 8.78806 3.40626 8.78806 3.76514H8.88806H8.98806C8.98806 3.29574 8.60737 2.91528 8.13809 2.91514L8.13806 3.01514ZM8.88806 3.76514H8.78806V7.38818H8.88806H8.98806V3.76514H8.88806ZM8.88806 7.38818V7.48818H12.5111V7.38818V7.28818H8.88806V7.38818ZM12.5111 7.38818L12.5111 7.48818C12.87 7.48835 13.1611 7.77936 13.1611 8.13818H13.2611H13.3611C13.3611 7.66881 12.9804 7.2884 12.5112 7.28818L12.5111 7.38818ZM13.2611 8.13818L13.1611 8.13815C13.161 8.49691 12.8698 8.78802 12.5111 8.78818L12.5111 8.88818L12.5112 8.98818C12.9803 8.98797 13.3609 8.6074 13.3611 8.13822L13.2611 8.13818ZM12.5111 8.88818V8.78818H8.13806V8.88818V8.98818H12.5111V8.88818ZM8.13806 8.88818V8.78818C7.7792 8.78818 7.48819 8.49707 7.48806 8.13815L7.38806 8.13818L7.28806 8.13822C7.28823 8.60747 7.66867 8.98818 8.13806 8.98818V8.88818ZM7.38806 8.13818H7.48806V3.76514H7.38806H7.28806V8.13818H7.38806ZM7.38806 3.76514H7.48806C7.48806 3.40615 7.77908 3.11514 8.13806 3.11514V3.01514V2.91514C7.66862 2.91514 7.28806 3.29569 7.28806 3.76514H7.38806Z\u0022 fill=\u0022black\u0022\/\u003E\n          \u003C\/svg\u003E\n        \u003C\/span\u003E\n          \u003Cspan class=\u0022\u0022\u003E10:30 - 11:00\u003C\/span\u003E\n        \u003C\/div\u003E\n                \u003C\/div\u003E\n\n          \u003Cdiv class=\u0022card-webinaire-catalog__organisateur\u0022\u003E\n        Par Phibro Animal Health\n      \u003C\/div\u003E\n    \n      \u003Cdiv class=\u0022card-webinaire-catalog__chapo\u0022\u003E\n        \n              \u003C\/div\u003E\n     \u003C\/div\u003E\n  \u003Cdiv class=\u0022card-webinaire-catalog__sponsor\u0022\u003E\n    Contenu sponsoris\u00e9\n  \u003C\/div\u003E\n\u003C\/article\u003E\n  \t\t\t\u003Carticle  data-component-id=\u0022front:card-webinaire-catalog\u0022 class=\u0022card-webinaire-catalog group\u0022 data-campagne=\u0022Webi-ELO_GT_2026-PLM1_encadre\u0022 data-contentId=\u00223119\u0022 rel=\u0022nofollow\u0022\u003E\n  \u003Cdiv class=\u0022card-webinaire-catalog__image\u0022\u003E\n      \t\t\t\t\t\t\u003Cimg  data-component-id=\u0022front:image\u0022 class=\u0022w-full h-full object-cover absolute inset-0\u0022 src=\u0022\/sites\/plm-magazine\/files\/2026-04\/EVT-PLM-ELO_Grands_troupeaux_26-Webi_plm-accroche.jpg\u0022 alt=\u0022Stress thermique : des id\u00e9es pratiques, pour garder vos vaches au frais\u0022 title=\u0022Stress thermique : des id\u00e9es pratiques, pour garder vos vaches au frais\u0022 loading=\u0022eager\u0022 width=\u0022510\u0022 height=\u0022340\u0022\u003E          \u003Cdiv class=\u0022card-webinaire-catalog__duree \u0022\u003E\n        00:45:00\n      \u003C\/div\u003E\n        \u003Cdiv class=\u0022card-webinaire-catalog__badges\u0022\u003E\n      \t\t\n\u003Cspan  data-component-id=\u0022front:button-expand\u0022 class=\u0022button-expand button-expand--shadowed transition-within-parent\u0022 x-data=\u0022buttonExpand\u0022 :style=\u0022{ \u0026quot;--button-expand-label-width\u0026quot;: labelWidth }\u0022\u003E\n  \u003Cspan class=\u0022button-expand__icon\u0022\u003E\n    \n\u003Csvg  data-component-id=\u0022front:icon\u0022 class=\u0022icon icon--webinar\u0022\u003E\n  \u003Cuse xlink:href=\u0022\/themes\/custom\/plm\/dist\/assets\/images\/2e871604ef7778ce3dc1.svg#icon-webinar\u0022\u003E\u003C\/use\u003E\n\u003C\/svg\u003E\n  \u003C\/span\u003E\n  \u003Cspan class=\u0022button-expand__label\u0022 x-ref=\u0022label\u0022\u003Ewebinaire\u003C\/span\u003E\n\u003C\/span\u003E\n    \u003C\/div\u003E\n  \u003C\/div\u003E\n \u003Cdiv class=\u0022card-webinaire-catalog__body\u0022\u003E\n    \u003Cdiv class=\u0022text-[1.125em] leading-0 card-title\u0022\u003E\n            \u003Ca class=\u0022card-webinaire-catalog__title\u0022 href=\u0022\/webinaires\/stress-thermique-des-idees-pratiques-pour-garder-vos-vaches-au-frais\u0022 target=\u0022_self\u0022  data-campagne=\u0022Webi-ELO_GT_2026-PLM1_encadre\u0022 data-contentId=\u00223119\u0022 rel=\u0022nofollow\u0022 title=\u0022Stress thermique : des id\u00e9es pratiques, pour garder vos vaches au frais\u0022\u003E\n        \n\u003Ch2  data-component-id=\u0022front:title\u0022 class=\u0022title title--small inline\u0022\u003EStress thermique : des id\u00e9es pratiques, pour garder vos vaches au frais\u003C\/h2\u003E\n      \u003C\/a\u003E\n                \u003C\/div\u003E\n\n    \u003Cdiv class=\u0022card-webinaire-catalog__date-info\u0022\u003E\n            \u003Cdiv class=\u0022card-webinaire-catalog__date\u0022\u003EMardi\u0026nbsp;16\u0026nbsp;juin\u0026nbsp;2026\u003C\/div\u003E\n              \u003Cdiv class=\u0022card-webinaire-catalog__plage-horaire flex items-center gap-2\u0022\u003E\n        \u003Cspan class=\u0022inline-flex text-xl\u0022\u003E\n         \u003Csvg xmlns=\u0022http:\/\/www.w3.org\/2000\/svg\u0022 width=\u002217\u0022 height=\u002217\u0022 viewBox=\u00220 0 17 17\u0022 fill=\u0022none\u0022\u003E\n          \u003Cpath d=\u0022M8.13806 0.100098C12.5773 0.100242 16.1761 3.69895 16.1761 8.13818C16.176 12.5774 12.5772 16.1761 8.13806 16.1763C3.69883 16.1762 0.10012 12.5774 0.0999756 8.13818C0.100044 3.6989 3.69878 0.100167 8.13806 0.100098ZM8.13806 1.6001C4.52721 1.60017 1.60004 4.52733 1.59998 8.13818C1.60012 11.749 4.52725 14.6762 8.13806 14.6763C11.7488 14.6761 14.676 11.7489 14.6761 8.13818C14.6761 4.52738 11.7489 1.60024 8.13806 1.6001ZM8.13806 3.01514C8.55217 3.01526 8.88806 3.351 8.88806 3.76514V7.38818H12.5111C12.9252 7.38837 13.2611 7.72409 13.2611 8.13818C13.261 8.55216 12.9251 8.88799 12.5111 8.88818H8.13806C7.72394 8.88818 7.38821 8.55227 7.38806 8.13818V3.76514C7.38806 3.35092 7.72385 3.01514 8.13806 3.01514Z\u0022 fill=\u0022black\u0022\/\u003E\n          \u003Cpath d=\u0022M8.13806 0.100098L8.13806 9.76548e-05H8.13806L8.13806 0.100098ZM16.1761 8.13818L16.2761 8.13819V8.13818L16.1761 8.13818ZM8.13806 16.1763L8.13806 16.2763H8.13806L8.13806 16.1763ZM0.0999756 8.13818L-2.44156e-05 8.13818V8.13819L0.0999756 8.13818ZM8.13806 1.6001L8.13807 1.5001H8.13806L8.13806 1.6001ZM1.59998 8.13818L1.49998 8.13818V8.13819L1.59998 8.13818ZM8.13806 14.6763L8.13806 14.7763H8.13807L8.13806 14.6763ZM14.6761 8.13818L14.7761 8.13819V8.13818L14.6761 8.13818ZM8.13806 3.01514L8.13809 2.91514H8.13806V3.01514ZM8.88806 3.76514H8.98806V3.76514H8.88806ZM8.88806 7.38818H8.78806C8.78806 7.44341 8.83283 7.48818 8.88806 7.48818V7.38818ZM12.5111 7.38818L12.5112 7.28818H12.5111V7.38818ZM13.2611 8.13818L13.3611 8.13822V8.13818H13.2611ZM12.5111 8.88818V8.98818H12.5112L12.5111 8.88818ZM8.13806 8.88818V8.78818V8.88818ZM7.38806 8.13818H7.28806V8.13822L7.38806 8.13818ZM7.38806 3.76514H7.48806V3.76514H7.38806ZM8.13806 0.100098L8.13806 0.200098C12.5221 0.20024 16.0761 3.75418 16.0761 8.13819L16.1761 8.13818L16.2761 8.13818C16.2761 3.64372 12.6325 0.000244059 8.13806 9.76548e-05L8.13806 0.100098ZM16.1761 8.13818L16.0761 8.13818C16.076 12.5221 12.522 16.0761 8.13806 16.0763L8.13806 16.1763L8.13806 16.2763C12.6325 16.2761 16.276 12.6326 16.2761 8.13819L16.1761 8.13818ZM8.13806 16.1763L8.13806 16.0763C3.75406 16.0762 0.200118 12.5222 0.199976 8.13818L0.0999756 8.13818L-2.44156e-05 8.13819C0.000121988 12.6326 3.6436 16.2762 8.13806 16.2763L8.13806 16.1763ZM0.0999756 8.13818L0.199976 8.13819C0.200044 3.75413 3.75401 0.200166 8.13806 0.200098L8.13806 0.100098L8.13806 9.76548e-05C3.64355 0.000167377 4.53144e-05 3.64367 -2.44156e-05 8.13818L0.0999756 8.13818ZM8.13806 1.6001L8.13806 1.5001C4.47198 1.50017 1.50005 4.4721 1.49998 8.13818L1.59998 8.13818L1.69998 8.13819C1.70004 4.58256 4.58244 1.70017 8.13806 1.7001L8.13806 1.6001ZM1.59998 8.13818L1.49998 8.13819C1.50012 11.8042 4.47202 14.7762 8.13806 14.7763L8.13806 14.6763L8.13806 14.5763C4.58248 14.5762 1.70012 11.6937 1.69998 8.13818L1.59998 8.13818ZM8.13806 14.6763L8.13807 14.7763C11.804 14.7761 14.776 11.8042 14.7761 8.13819L14.6761 8.13818L14.5761 8.13818C14.576 11.6937 11.6936 14.5761 8.13806 14.5763L8.13806 14.6763ZM14.6761 8.13818L14.7761 8.13818C14.7761 4.47214 11.8041 1.50024 8.13807 1.5001L8.13806 1.6001L8.13806 1.7001C11.6936 1.70024 14.5761 4.58261 14.5761 8.13819L14.6761 8.13818ZM8.13806 3.01514L8.13803 3.11514C8.49696 3.11525 8.78806 3.40626 8.78806 3.76514H8.88806H8.98806C8.98806 3.29574 8.60737 2.91528 8.13809 2.91514L8.13806 3.01514ZM8.88806 3.76514H8.78806V7.38818H8.88806H8.98806V3.76514H8.88806ZM8.88806 7.38818V7.48818H12.5111V7.38818V7.28818H8.88806V7.38818ZM12.5111 7.38818L12.5111 7.48818C12.87 7.48835 13.1611 7.77936 13.1611 8.13818H13.2611H13.3611C13.3611 7.66881 12.9804 7.2884 12.5112 7.28818L12.5111 7.38818ZM13.2611 8.13818L13.1611 8.13815C13.161 8.49691 12.8698 8.78802 12.5111 8.78818L12.5111 8.88818L12.5112 8.98818C12.9803 8.98797 13.3609 8.6074 13.3611 8.13822L13.2611 8.13818ZM12.5111 8.88818V8.78818H8.13806V8.88818V8.98818H12.5111V8.88818ZM8.13806 8.88818V8.78818C7.7792 8.78818 7.48819 8.49707 7.48806 8.13815L7.38806 8.13818L7.28806 8.13822C7.28823 8.60747 7.66867 8.98818 8.13806 8.98818V8.88818ZM7.38806 8.13818H7.48806V3.76514H7.38806H7.28806V8.13818H7.38806ZM7.38806 3.76514H7.48806C7.48806 3.40615 7.77908 3.11514 8.13806 3.11514V3.01514V2.91514C7.66862 2.91514 7.28806 3.29569 7.28806 3.76514H7.38806Z\u0022 fill=\u0022black\u0022\/\u003E\n          \u003C\/svg\u003E\n        \u003C\/span\u003E\n          \u003Cspan class=\u0022\u0022\u003E09:15 - 10:00\u003C\/span\u003E\n        \u003C\/div\u003E\n                \u003C\/div\u003E\n\n          \u003Cdiv class=\u0022card-webinaire-catalog__organisateur\u0022\u003E\n        Par PLM\n      \u003C\/div\u003E\n    \n      \u003Cdiv class=\u0022card-webinaire-catalog__chapo\u0022\u003E\n        \n              \u003C\/div\u003E\n     \u003C\/div\u003E\n\u003C\/article\u003E\n\n\u003Carticle  data-component-id=\u0022front:card-article\u0022 class=\u0022card-article group\u0022\u003E\n  \u003Cdiv class=\u0022card-article__image\u0022\u003E\n      \t\t\t\t\t\t\u003Cimg  data-component-id=\u0022front:image\u0022 class=\u0022w-full h-full object-contain absolute inset-0\u0022 src=\u0022\/sites\/plm-magazine\/files\/styles\/teaser\/public\/2026-04\/d48aa6c1-5126-4eac-917d-176aa6e20fee.jpg.webp\u0022 alt=\u0022Marie Defruit\u0022 title=\u0022Aldric Barthels\u0022 loading=\u0022lazy\u0022 width=\u0022480\u0022 height=\u0022320\u0022\u003E          \u003C\/div\u003E\n  \u003Cdiv class=\u0022card-article__body\u0022\u003E\n        \u003Cdiv class=\u0022text-[1.125em] leading-0 card-title\u0022\u003E\n                    \n      \u003Ca class=\u0022card-article__title\u0022 href=\u0022\/index.php\/actualites\/voici-10-conseils-de-nigel-cook-pour-installer-des-ventilateurs-efficaces\u0022 target=\u0022_self\u0022  title=\u0022Voici 10 conseils de Nigel Cook, pour installer des ventilateurs efficaces\u0022\u003E\n        \t\n\u003Ch2  data-component-id=\u0022front:title\u0022 class=\u0022title title--small inline\u0022 title=\u0022Voici 10 conseils de Nigel Cook, pour installer des ventilateurs efficaces\u0022\u003EVoici 10 conseils de Nigel Cook, pour installer des ventilateurs efficaces\u003C\/h2\u003E\n      \u003C\/a\u003E\n                \u003Cspan class=\u0022inline-flex align-middle\u0022\u003E\n        \n\u003Cspan  data-component-id=\u0022front:icon-padlock\u0022 class=\u0022icon-padlock icon-padlock--t1\u0022\u003E\n  \n\u003Csvg  data-component-id=\u0022front:icon\u0022 class=\u0022icon icon--padlock\u0022\u003E\n  \u003Cuse xlink:href=\u0022\/themes\/custom\/plm\/dist\/assets\/images\/2e871604ef7778ce3dc1.svg#icon-padlock\u0022\u003E\u003C\/use\u003E\n\u003C\/svg\u003E\n\u003C\/span\u003E\n      \u003C\/span\u003E\n          \u003C\/div\u003E\n    \n\u003Cdiv  data-component-id=\u0022front:wysiwyg\u0022 class=\u0022wysiwyg wysiwyg--small\u0022\u003ENigel Cook est professeur\u00a0\u00e0 l\u2019universit\u00e9 de Wisconsin - Madison. Sp\u00e9cialiste du confort de l\u2019\u00e9table, le zootechnicien est intervenu aux journ\u00e9es\u2026\u003C\/div\u003E\n          \u003Cdiv class=\u0022card-article__meta mbs-auto\u0022\u003E\n        \u003Ctime class=\u0022card-article__date\u0022 datetime=\u00222026-04-27T11:40:07+0200\u0022 x-data x-timestamp=\u00222026-04-27T11:40:07+0200\u0022\u003E27 Avr 2026\u003C\/time\u003E\n              \u003C\/div\u003E\n      \u003C\/div\u003E\n\u003C\/article\u003E\n\n\u003Carticle  data-component-id=\u0022front:card-article\u0022 class=\u0022card-article group\u0022\u003E\n  \u003Cdiv class=\u0022card-article__image\u0022\u003E\n      \t\t\t\t\t\t\u003Cimg  data-component-id=\u0022front:image\u0022 class=\u0022w-full h-full object-contain absolute inset-0\u0022 src=\u0022\/sites\/plm-magazine\/files\/styles\/teaser\/public\/2026-04\/a2039f43-81a8-463a-8a27-fffa17eb9dd5.jpg.webp\u0022 alt=\u0022Nouvelle identit\u00e9 du Groupe Ccpa et sa signature.\u0022 title=\u0022Ccpa\u0022 loading=\u0022lazy\u0022 width=\u0022480\u0022 height=\u0022320\u0022\u003E          \u003C\/div\u003E\n  \u003Cdiv class=\u0022card-article__body\u0022\u003E\n        \u003Cdiv class=\u0022text-[1.125em] leading-0 card-title\u0022\u003E\n                    \n      \u003Ca class=\u0022card-article__title\u0022 href=\u0022\/index.php\/actualites\/le-groupe-ccpa-devoile-une-nouvelle-identite-de-marque\u0022 target=\u0022_self\u0022  title=\u0022Le groupe Ccpa d\u00e9voile une nouvelle identit\u00e9 de marque\u0022\u003E\n        \t\n\u003Ch2  data-component-id=\u0022front:title\u0022 class=\u0022title title--small inline\u0022 title=\u0022Le groupe Ccpa d\u00e9voile une nouvelle identit\u00e9 de marque\u0022\u003ELe groupe Ccpa d\u00e9voile une nouvelle identit\u00e9 de marque\u003C\/h2\u003E\n      \u003C\/a\u003E\n                \u003C\/div\u003E\n    \n\u003Cdiv  data-component-id=\u0022front:wysiwyg\u0022 class=\u0022wysiwyg wysiwyg--small\u0022\u003E\u00ab\u2009Cette \u00e9volution vise \u00e0 renforcer la visibilit\u00e9 du Groupe \u00e0 l\u2019international\u2009\u00bb. Cette nouvelle identit\u00e9 a \u00e9t\u00e9 pr\u00e9sent\u00e9e aux collaborateurs, clients\u2026\u003C\/div\u003E\n          \u003Cdiv class=\u0022card-article__meta mbs-auto\u0022\u003E\n        \u003Ctime class=\u0022card-article__date\u0022 datetime=\u00222026-04-24T07:20:00+0200\u0022 x-data x-timestamp=\u00222026-04-24T07:20:00+0200\u0022\u003E24 Avr 2026\u003C\/time\u003E\n              \u003C\/div\u003E\n      \u003C\/div\u003E\n\u003C\/article\u003E\n\n\u003Carticle  data-component-id=\u0022front:card-article\u0022 class=\u0022card-article group\u0022\u003E\n  \u003Cdiv class=\u0022card-article__image\u0022\u003E\n      \t\t\t\t\t\t\u003Cimg  data-component-id=\u0022front:image\u0022 class=\u0022w-full h-full object-contain absolute inset-0\u0022 src=\u0022\/sites\/plm-magazine\/files\/styles\/teaser\/public\/2026-04\/85bcf089-6881-4aad-a634-6c6f5d02b7e2.jpg.webp\u0022 alt=\u0022Chaque trayon est soigneusement nettoy\u00e9 avec une lingette d\u00e9sinfectante individuelle.\u0022 title=\u0022Marie Defruit\u0022 loading=\u0022lazy\u0022 width=\u0022480\u0022 height=\u0022320\u0022\u003E          \u003Cdiv class=\u0022card-article__tags\u0022\u003E\n                  \u003Cspan class=\u0022card-article__badges\u0022\u003E\n                      \t\t\n\u003Cspan  data-component-id=\u0022front:button-expand\u0022 class=\u0022button-expand button-expand--shadowed transition-within-parent\u0022 x-data=\u0022buttonExpand\u0022 :style=\u0022{ \u0026quot;--button-expand-label-width\u0026quot;: labelWidth }\u0022\u003E\n  \u003Cspan class=\u0022button-expand__icon\u0022\u003E\n    \n\u003Csvg  data-component-id=\u0022front:icon\u0022 class=\u0022icon icon--slideshow\u0022\u003E\n  \u003Cuse xlink:href=\u0022\/themes\/custom\/plm\/dist\/assets\/images\/2e871604ef7778ce3dc1.svg#icon-slideshow\u0022\u003E\u003C\/use\u003E\n\u003C\/svg\u003E\n  \u003C\/span\u003E\n  \u003Cspan class=\u0022button-expand__label\u0022 x-ref=\u0022label\u0022\u003EDiaporama\u003C\/span\u003E\n\u003C\/span\u003E\n                \u003C\/span\u003E\n                      \u003C\/div\u003E\n          \u003C\/div\u003E\n  \u003Cdiv class=\u0022card-article__body\u0022\u003E\n        \u003Cdiv class=\u0022text-[1.125em] leading-0 card-title\u0022\u003E\n                    \n      \u003Ca class=\u0022card-article__title\u0022 href=\u0022\/index.php\/actualites\/comment-tarissent-ils-des-vaches-a-30-35-kg-sans-intramammaire\u0022 target=\u0022_self\u0022  title=\u0022Comment tarissent-ils des vaches \u00e0 30-35 kg, sans intramammaire ?\u0022\u003E\n        \t\n\u003Ch2  data-component-id=\u0022front:title\u0022 class=\u0022title title--small inline\u0022 title=\u0022Comment tarissent-ils des vaches \u00e0 30-35 kg, sans intramammaire ?\u0022\u003EComment tarissent-ils des vaches \u00e0 30-35 kg, sans intramammaire ?\u003C\/h2\u003E\n      \u003C\/a\u003E\n                \u003Cspan class=\u0022inline-flex align-middle\u0022\u003E\n        \n\u003Cspan  data-component-id=\u0022front:icon-padlock\u0022 class=\u0022icon-padlock icon-padlock--t1\u0022\u003E\n  \n\u003Csvg  data-component-id=\u0022front:icon\u0022 class=\u0022icon icon--padlock\u0022\u003E\n  \u003Cuse xlink:href=\u0022\/themes\/custom\/plm\/dist\/assets\/images\/2e871604ef7778ce3dc1.svg#icon-padlock\u0022\u003E\u003C\/use\u003E\n\u003C\/svg\u003E\n\u003C\/span\u003E\n      \u003C\/span\u003E\n          \u003C\/div\u003E\n    \n\u003Cdiv  data-component-id=\u0022front:wysiwyg\u0022 class=\u0022wysiwyg wysiwyg--small\u0022\u003EAu Gaec de Faucile, dans l\u2019Eure, Coralie et Nicolas Liard g\u00e8rent un troupeau \u00e0 53,5\u00a0kg de lait corrig\u00e9. Pour le tarissement, ils n\u2019utilisent plus d\u2026\u003C\/div\u003E\n          \u003Cdiv class=\u0022card-article__meta mbs-auto\u0022\u003E\n        \u003Ctime class=\u0022card-article__date\u0022 datetime=\u00222026-04-23T09:05:40+0200\u0022 x-data x-timestamp=\u00222026-04-23T09:05:40+0200\u0022\u003E23 Avr 2026\u003C\/time\u003E\n              \u003C\/div\u003E\n      \u003C\/div\u003E\n\u003C\/article\u003E\n\n\u003Carticle  data-component-id=\u0022front:card-article\u0022 class=\u0022card-article group\u0022\u003E\n  \u003Cdiv class=\u0022card-article__image\u0022\u003E\n      \t\t\t\t\t\t\u003Cimg  data-component-id=\u0022front:image\u0022 class=\u0022w-full h-full object-contain absolute inset-0\u0022 src=\u0022\/sites\/plm-magazine\/files\/styles\/teaser\/public\/2026-04\/46dd4112-43fc-4738-8007-2873b3213fa6.jpg.webp\u0022 alt=\u0022Part d\u0026#039;IA premi\u00e8re en semnces sex\u00e9es par d\u00e9partement 2024-2025\u0022 title=\u0022Idele\u0022 loading=\u0022lazy\u0022 width=\u0022480\u0022 height=\u0022320\u0022\u003E          \u003Cdiv class=\u0022card-article__tags\u0022\u003E\n                  \u003Cspan class=\u0022card-article__badges\u0022\u003E\n                      \t\t\n\u003Cspan  data-component-id=\u0022front:button-expand\u0022 class=\u0022button-expand button-expand--shadowed transition-within-parent\u0022 x-data=\u0022buttonExpand\u0022 :style=\u0022{ \u0026quot;--button-expand-label-width\u0026quot;: labelWidth }\u0022\u003E\n  \u003Cspan class=\u0022button-expand__icon\u0022\u003E\n    \n\u003Csvg  data-component-id=\u0022front:icon\u0022 class=\u0022icon icon--download\u0022\u003E\n  \u003Cuse xlink:href=\u0022\/themes\/custom\/plm\/dist\/assets\/images\/2e871604ef7778ce3dc1.svg#icon-download\u0022\u003E\u003C\/use\u003E\n\u003C\/svg\u003E\n  \u003C\/span\u003E\n  \u003Cspan class=\u0022button-expand__label\u0022 x-ref=\u0022label\u0022\u003ET\u00e9l\u00e9chargement\u003C\/span\u003E\n\u003C\/span\u003E\n                \u003C\/span\u003E\n                      \u003C\/div\u003E\n          \u003C\/div\u003E\n  \u003Cdiv class=\u0022card-article__body\u0022\u003E\n        \u003Cdiv class=\u0022text-[1.125em] leading-0 card-title\u0022\u003E\n                    \n      \u003Ca class=\u0022card-article__title\u0022 href=\u0022\/index.php\/a-telecharger\/69-des-elevages-laitiers-ont-recours-a-la-semence-sexee\u0022 target=\u0022_self\u0022  title=\u002269 % des \u00e9levages laitiers ont recours \u00e0 la semence sex\u00e9e\u0022\u003E\n        \t\n\u003Ch2  data-component-id=\u0022front:title\u0022 class=\u0022title title--small inline\u0022 title=\u002269 % des \u00e9levages laitiers ont recours \u00e0 la semence sex\u00e9e\u0022\u003E69 % des \u00e9levages laitiers ont recours \u00e0 la semence sex\u00e9e\u003C\/h2\u003E\n      \u003C\/a\u003E\n                \u003C\/div\u003E\n    \n\u003Cdiv  data-component-id=\u0022front:wysiwyg\u0022 class=\u0022wysiwyg wysiwyg--small\u0022\u003EL\u0027utilisation de la semence sex\u00e9e est toujours en progression, constate l\u0027Idele dans son bilan des ins\u00e9minations animales bovines en 2025. La\u2026\u003C\/div\u003E\n          \u003Cdiv class=\u0022card-article__meta mbs-auto\u0022\u003E\n        \u003Ctime class=\u0022card-article__date\u0022 datetime=\u00222026-04-21T08:30:00+0200\u0022 x-data x-timestamp=\u00222026-04-21T08:30:00+0200\u0022\u003E21 Avr 2026\u003C\/time\u003E\n              \u003C\/div\u003E\n      \u003C\/div\u003E\n\u003C\/article\u003E\n\n\u003Carticle  data-component-id=\u0022front:card-article\u0022 class=\u0022card-article group\u0022\u003E\n  \u003Cdiv class=\u0022card-article__image\u0022\u003E\n      \t\t\t\t\t\t\u003Cimg  data-component-id=\u0022front:image\u0022 class=\u0022w-full h-full object-contain absolute inset-0\u0022 src=\u0022\/sites\/plm-magazine\/files\/styles\/teaser\/public\/2026-04\/a6b11725-c65d-4956-9c72-ecc8de30ba4c.jpg.webp\u0022 alt=\u0022805386.jpg\u0022 title=\u0022DR\u0022 loading=\u0022lazy\u0022 width=\u0022480\u0022 height=\u0022320\u0022\u003E          \u003Cdiv class=\u0022card-article__tags\u0022\u003E\n                  \u003Cspan class=\u0022card-article__badges\u0022\u003E\n                      \t\t\n\u003Cspan  data-component-id=\u0022front:button-expand\u0022 class=\u0022button-expand button-expand--shadowed transition-within-parent\u0022 x-data=\u0022buttonExpand\u0022 :style=\u0022{ \u0026quot;--button-expand-label-width\u0026quot;: labelWidth }\u0022\u003E\n  \u003Cspan class=\u0022button-expand__icon\u0022\u003E\n    \n\u003Csvg  data-component-id=\u0022front:icon\u0022 class=\u0022icon icon--download\u0022\u003E\n  \u003Cuse xlink:href=\u0022\/themes\/custom\/plm\/dist\/assets\/images\/2e871604ef7778ce3dc1.svg#icon-download\u0022\u003E\u003C\/use\u003E\n\u003C\/svg\u003E\n  \u003C\/span\u003E\n  \u003Cspan class=\u0022button-expand__label\u0022 x-ref=\u0022label\u0022\u003ET\u00e9l\u00e9chargement\u003C\/span\u003E\n\u003C\/span\u003E\n                \u003C\/span\u003E\n                      \u003C\/div\u003E\n          \u003C\/div\u003E\n  \u003Cdiv class=\u0022card-article__body\u0022\u003E\n        \u003Cdiv class=\u0022text-[1.125em] leading-0 card-title\u0022\u003E\n                    \n      \u003Ca class=\u0022card-article__title\u0022 href=\u0022\/index.php\/a-telecharger\/congres-edf-2026-cap-sur-l-angleterre-pour-s-inspirer-entre-eleveurs-europeens\u0022 target=\u0022_self\u0022  title=\u0022Congr\u00e8s EDF 2026 : cap sur l\u0026#039;Angleterre pour s\u0026#039;inspirer entre \u00e9leveurs europ\u00e9ens\u0022\u003E\n        \t\n\u003Ch2  data-component-id=\u0022front:title\u0022 class=\u0022title title--small inline\u0022 title=\u0022Congr\u00e8s EDF 2026 : cap sur l\u0026#039;Angleterre pour s\u0026#039;inspirer entre \u00e9leveurs europ\u00e9ens\u0022\u003ECongr\u00e8s EDF 2026 : cap sur l\u0026#039;Angleterre pour s\u0026#039;inspirer entre \u00e9leveurs\u2026\u003C\/h2\u003E\n      \u003C\/a\u003E\n                \u003C\/div\u003E\n    \n\u003Cdiv  data-component-id=\u0022front:wysiwyg\u0022 class=\u0022wysiwyg wysiwyg--small\u0022\u003ELes \u00e9leveurs europ\u00e9ens ont rendez-vous du 23 au 25 juin 2026 \u00e0 Chester (Royaume-Uni) pour une nouvelle \u00e9dition du congr\u00e8s de European Dairy Farmers \u2026\u003C\/div\u003E\n          \u003Cdiv class=\u0022card-article__meta mbs-auto\u0022\u003E\n        \u003Ctime class=\u0022card-article__date\u0022 datetime=\u00222026-04-20T07:00:00+0200\u0022 x-data x-timestamp=\u00222026-04-20T07:00:00+0200\u0022\u003E20 Avr 2026\u003C\/time\u003E\n              \u003C\/div\u003E\n      \u003C\/div\u003E\n\u003C\/article\u003E\n\n\u003Carticle  data-component-id=\u0022front:card-article\u0022 class=\u0022card-article group\u0022\u003E\n  \u003Cdiv class=\u0022card-article__image\u0022\u003E\n      \t\t\t\t\t\t\u003Cimg  data-component-id=\u0022front:image\u0022 class=\u0022w-full h-full object-contain absolute inset-0\u0022 src=\u0022\/sites\/plm-magazine\/files\/styles\/teaser\/public\/2026-04\/25d2d5e6-3cb1-4866-9017-0846974ed183.jpg.webp\u0022 alt=\u0022Maud Cloarec, vice-pr\u00e9sidente et Philippe Marquet, pr\u00e9sident de Biolait ont pr\u00e9sent\u00e9 les orientations strat\u00e9giques pour Biolait.\u0022 title=\u0022Biolait\u0022 loading=\u0022lazy\u0022 width=\u0022480\u0022 height=\u0022320\u0022\u003E          \u003C\/div\u003E\n  \u003Cdiv class=\u0022card-article__body\u0022\u003E\n        \u003Cdiv class=\u0022text-[1.125em] leading-0 card-title\u0022\u003E\n                    \n      \u003Ca class=\u0022card-article__title\u0022 href=\u0022\/index.php\/actualites\/biolait-veut-ameliorer-la-rentabilite-dans-les-zones-de-collecte-a-faible-densite\u0022 target=\u0022_self\u0022  title=\u0022Biolait veut am\u00e9liorer la rentabilit\u00e9 dans les zones de collecte \u00e0 faible densit\u00e9\u0022\u003E\n        \t\n\u003Ch2  data-component-id=\u0022front:title\u0022 class=\u0022title title--small inline\u0022 title=\u0022Biolait veut am\u00e9liorer la rentabilit\u00e9 dans les zones de collecte \u00e0 faible densit\u00e9\u0022\u003EBiolait veut am\u00e9liorer la rentabilit\u00e9 dans les zones de collecte \u00e0 faible\u2026\u003C\/h2\u003E\n      \u003C\/a\u003E\n                \u003C\/div\u003E\n    \n\u003Cdiv  data-component-id=\u0022front:wysiwyg\u0022 class=\u0022wysiwyg wysiwyg--small\u0022\u003E\u00c0 l\u0027occasion de son assembl\u00e9e g\u00e9n\u00e9rale les 1er et 2 avril, les 1 800 adh\u00e9rents du groupement de producteurs ont vot\u00e9 deux orientations strat\u00e9giques\u2026\u003C\/div\u003E\n          \u003Cdiv class=\u0022card-article__meta mbs-auto\u0022\u003E\n        \u003Ctime class=\u0022card-article__date\u0022 datetime=\u00222026-04-19T10:22:00+0200\u0022 x-data x-timestamp=\u00222026-04-19T10:22:00+0200\u0022\u003E19 Avr 2026\u003C\/time\u003E\n              \u003C\/div\u003E\n      \u003C\/div\u003E\n\u003C\/article\u003E\n\n\u003Carticle  data-component-id=\u0022front:card-article\u0022 class=\u0022card-article group\u0022\u003E\n  \u003Cdiv class=\u0022card-article__image\u0022\u003E\n      \t\t\t\t\t\t\u003Cimg  data-component-id=\u0022front:image\u0022 class=\u0022w-full h-full object-contain absolute inset-0\u0022 src=\u0022\/sites\/plm-magazine\/files\/styles\/teaser\/public\/2026-04\/970b49d4-1da2-465f-9a1e-cd187291b28e.jpg.webp\u0022 alt=\u0022La\u00efta vient de finaliser le programme d\u0026#039;investissement pour augmenter la capacit\u00e9 de production de Madame Lo\u00efk \u00e0 Cr\u00e9hen (22). Cr\u00e9dit : Emmanuel \u0022 title=\u0022EMMANUEL PAIN \/ EVEN\u0022 loading=\u0022lazy\u0022 width=\u0022480\u0022 height=\u0022320\u0022\u003E          \u003C\/div\u003E\n  \u003Cdiv class=\u0022card-article__body\u0022\u003E\n        \u003Cdiv class=\u0022text-[1.125em] leading-0 card-title\u0022\u003E\n                    \n      \u003Ca class=\u0022card-article__title\u0022 href=\u0022\/index.php\/actualites\/533-millions-de-litres-de-lait-collectes-en-2025-par-even\u0022 target=\u0022_self\u0022  title=\u0022533 millions de litres de lait collect\u00e9s en 2025 par Even\u0022\u003E\n        \t\n\u003Ch2  data-component-id=\u0022front:title\u0022 class=\u0022title title--small inline\u0022 title=\u0022533 millions de litres de lait collect\u00e9s en 2025 par Even\u0022\u003E533 millions de litres de lait collect\u00e9s en 2025 par Even\u003C\/h2\u003E\n      \u003C\/a\u003E\n                \u003Cspan class=\u0022inline-flex align-middle\u0022\u003E\n        \n\u003Cspan  data-component-id=\u0022front:icon-padlock\u0022 class=\u0022icon-padlock icon-padlock--t1\u0022\u003E\n  \n\u003Csvg  data-component-id=\u0022front:icon\u0022 class=\u0022icon icon--padlock\u0022\u003E\n  \u003Cuse xlink:href=\u0022\/themes\/custom\/plm\/dist\/assets\/images\/2e871604ef7778ce3dc1.svg#icon-padlock\u0022\u003E\u003C\/use\u003E\n\u003C\/svg\u003E\n\u003C\/span\u003E\n      \u003C\/span\u003E\n          \u003C\/div\u003E\n    \n\u003Cdiv  data-component-id=\u0022front:wysiwyg\u0022 class=\u0022wysiwyg wysiwyg--small\u0022\u003E\u0022\u20092025 a \u00e9t\u00e9 une bonne ann\u00e9e pour le lait\u2009\u0022, introduit Christian Griner, directeur g\u00e9n\u00e9ral du groupe Even, \u00e0 l\u0027occasion de la pr\u00e9sentation des\u2026\u003C\/div\u003E\n          \u003Cdiv class=\u0022card-article__meta mbs-auto\u0022\u003E\n        \u003Ctime class=\u0022card-article__date\u0022 datetime=\u00222026-04-18T10:08:00+0200\u0022 x-data x-timestamp=\u00222026-04-18T10:08:00+0200\u0022\u003E18 Avr 2026\u003C\/time\u003E\n              \u003C\/div\u003E\n      \u003C\/div\u003E\n\u003C\/article\u003E\n\n\u003Carticle  data-component-id=\u0022front:card-article\u0022 class=\u0022card-article group\u0022\u003E\n  \u003Cdiv class=\u0022card-article__image\u0022\u003E\n      \t\t\t\t\t\t\u003Cimg  data-component-id=\u0022front:image\u0022 class=\u0022w-full h-full object-contain absolute inset-0\u0022 src=\u0022\/sites\/plm-magazine\/files\/styles\/teaser\/public\/2026-04\/9d5d77e7-e78e-4fc4-8fbc-e22ebacbe2ea.jpg.webp\u0022 alt=\u0022La vaccination DNC reprend par la Savoie, la Haute Savoie, l\u0026#039;Is\u00e8re et l\u0026#039;Ain.\u0022 title=\u0022dr\u0022 loading=\u0022lazy\u0022 width=\u0022480\u0022 height=\u0022320\u0022\u003E          \u003C\/div\u003E\n  \u003Cdiv class=\u0022card-article__body\u0022\u003E\n        \u003Cdiv class=\u0022text-[1.125em] leading-0 card-title\u0022\u003E\n                    \n      \u003Ca class=\u0022card-article__title\u0022 href=\u0022\/index.php\/actualites\/dnc-un-cas-en-sardaigne-campagne-de-vaccination-2026-lancee-en-france\u0022 target=\u0022_self\u0022  title=\u0022DNC. Un cas en Sardaigne, campagne de vaccination 2026 lanc\u00e9e en France\u0022\u003E\n        \t\n\u003Ch2  data-component-id=\u0022front:title\u0022 class=\u0022title title--small inline\u0022 title=\u0022DNC. Un cas en Sardaigne, campagne de vaccination 2026 lanc\u00e9e en France\u0022\u003EDNC. Un cas en Sardaigne, campagne de vaccination 2026 lanc\u00e9e en France\u003C\/h2\u003E\n      \u003C\/a\u003E\n                \u003C\/div\u003E\n    \n\u003Cdiv  data-component-id=\u0022front:wysiwyg\u0022 class=\u0022wysiwyg wysiwyg--small\u0022\u003EAlors que la campagne 2026 de vaccination contre la DNC est lanc\u00e9e depuis une semaine en France, un foyer a \u00e9t\u00e9 confirm\u00e9 en Sardaigne ce 16 avril,\u2026\u003C\/div\u003E\n          \u003Cdiv class=\u0022card-article__meta mbs-auto\u0022\u003E\n        \u003Ctime class=\u0022card-article__date\u0022 datetime=\u00222026-04-17T12:09:00+0200\u0022 x-data x-timestamp=\u00222026-04-17T12:09:00+0200\u0022\u003E17 Avr 2026\u003C\/time\u003E\n              \u003C\/div\u003E\n      \u003C\/div\u003E\n\u003C\/article\u003E\n\n\u003Carticle  data-component-id=\u0022front:card-article\u0022 class=\u0022card-article group\u0022\u003E\n  \u003Cdiv class=\u0022card-article__image\u0022\u003E\n      \t\t\t\t\t\t\u003Cimg  data-component-id=\u0022front:image\u0022 class=\u0022w-full h-full object-contain absolute inset-0\u0022 src=\u0022\/sites\/plm-magazine\/files\/styles\/teaser\/public\/2026-04\/dc942b3d-5734-4a0c-8ad6-4bdee105a979.jpg.webp\u0022 alt=\u0022805303.jpg\u0022 title=\u0022DR\u0022 loading=\u0022lazy\u0022 width=\u0022480\u0022 height=\u0022320\u0022\u003E          \u003C\/div\u003E\n  \u003Cdiv class=\u0022card-article__body\u0022\u003E\n        \u003Cdiv class=\u0022text-[1.125em] leading-0 card-title\u0022\u003E\n                    \n      \u003Ca class=\u0022card-article__title\u0022 href=\u0022\/index.php\/actualites\/pms-2026-pour-la-premiere-fois-une-genisse-sans-corne-a-la-vente\u0022 target=\u0022_self\u0022  title=\u0022PMS 2026 : pour la premi\u00e8re fois, une g\u00e9nisse sans corne \u00e0 la vente\u0022\u003E\n        \t\n\u003Ch2  data-component-id=\u0022front:title\u0022 class=\u0022title title--small inline\u0022 title=\u0022PMS 2026 : pour la premi\u00e8re fois, une g\u00e9nisse sans corne \u00e0 la vente\u0022\u003EPMS 2026 : pour la premi\u00e8re fois, une g\u00e9nisse sans corne \u00e0 la vente\u003C\/h2\u003E\n      \u003C\/a\u003E\n                \u003C\/div\u003E\n    \n\u003Cdiv  data-component-id=\u0022front:wysiwyg\u0022 class=\u0022wysiwyg wysiwyg--small\u0022\u003ELes 1er et 2 juillet aura lieu la vente PMS 2026. Cette 17e \u00e9dition se d\u00e9roulera au Gaec des sept lieux, \u00e0 Frossay (44) chez Maxime et Guillaume\u2026\u003C\/div\u003E\n          \u003Cdiv class=\u0022card-article__meta mbs-auto\u0022\u003E\n        \u003Ctime class=\u0022card-article__date\u0022 datetime=\u00222026-04-16T10:22:00+0200\u0022 x-data x-timestamp=\u00222026-04-16T10:22:00+0200\u0022\u003E16 Avr 2026\u003C\/time\u003E\n              \u003C\/div\u003E\n      \u003C\/div\u003E\n\u003C\/article\u003E\n\n\u003Carticle  data-component-id=\u0022front:card-article\u0022 class=\u0022card-article group\u0022\u003E\n  \u003Cdiv class=\u0022card-article__image\u0022\u003E\n      \t\t\t\t\t\t\u003Cimg  data-component-id=\u0022front:image\u0022 class=\u0022w-full h-full object-contain absolute inset-0\u0022 src=\u0022\/sites\/plm-magazine\/files\/styles\/teaser\/public\/2026-04\/a3c8f637-fdb6-4ba7-b799-3569473427d1.jpg.webp\u0022 alt=\u0022Bras de traite BouMatic\u0022 title=\u0022BouMatic\u0022 loading=\u0022lazy\u0022 width=\u0022480\u0022 height=\u0022320\u0022\u003E          \u003C\/div\u003E\n  \u003Cdiv class=\u0022card-article__body\u0022\u003E\n        \u003Cdiv class=\u0022text-[1.125em] leading-0 card-title\u0022\u003E\n                    \n      \u003Ca class=\u0022card-article__title\u0022 href=\u0022\/index.php\/actualites\/boumatic-lance-le-bras-ez-arm-pour-equilibrer-le-faisceau-de-traite\u0022 target=\u0022_self\u0022  title=\u0022BouMatic lance le bras EZ-arm, pour \u00e9quilibrer le faisceau de traite\u0022\u003E\n        \t\n\u003Ch2  data-component-id=\u0022front:title\u0022 class=\u0022title title--small inline\u0022 title=\u0022BouMatic lance le bras EZ-arm, pour \u00e9quilibrer le faisceau de traite\u0022\u003EBouMatic lance le bras EZ-arm, pour \u00e9quilibrer le faisceau de traite\u003C\/h2\u003E\n      \u003C\/a\u003E\n                \u003C\/div\u003E\n    \n\u003Cdiv  data-component-id=\u0022front:wysiwyg\u0022 class=\u0022wysiwyg wysiwyg--small\u0022\u003ECon\u00e7u pour la traite arri\u00e8re, il soutient le tuyau long \u00e0 lait et le tuyau de pulsation. \u00ab\u2009Il r\u00e9duit le poids ressenti lors de la manipulation\u2009\u00bb.\u003C\/div\u003E\n          \u003Cdiv class=\u0022card-article__meta mbs-auto\u0022\u003E\n        \u003Ctime class=\u0022card-article__date\u0022 datetime=\u00222026-04-15T10:15:57+0200\u0022 x-data x-timestamp=\u00222026-04-15T10:15:57+0200\u0022\u003E15 Avr 2026\u003C\/time\u003E\n              \u003C\/div\u003E\n      \u003C\/div\u003E\n\u003C\/article\u003E\n\n\u003Carticle  data-component-id=\u0022front:card-article\u0022 class=\u0022card-article group\u0022\u003E\n  \u003Cdiv class=\u0022card-article__image\u0022\u003E\n      \t\t\t\t\t\t\u003Cimg  data-component-id=\u0022front:image\u0022 class=\u0022w-full h-full object-contain absolute inset-0\u0022 src=\u0022\/sites\/plm-magazine\/files\/styles\/teaser\/public\/2026-04\/00a46087-2306-4b65-993e-0a0ee9f29340.jpg.webp\u0022 alt=\u0022La Jaguar 1000 en demo au Salon de l\u0026#039;herbe et des fourrages 2026, \u00e0 Poussay\u0022 title=\u0022Claas\u0022 loading=\u0022lazy\u0022 width=\u0022480\u0022 height=\u0022320\u0022\u003E          \u003C\/div\u003E\n  \u003Cdiv class=\u0022card-article__body\u0022\u003E\n        \u003Cdiv class=\u0022text-[1.125em] leading-0 card-title\u0022\u003E\n                    \n      \u003Ca class=\u0022card-article__title\u0022 href=\u0022\/index.php\/actualites\/la-nouvelle-ensileuse-jaguar-1000-sera-en-demo-au-salon-de-l-herbe-et-des-fourrages\u0022 target=\u0022_self\u0022  title=\u0022La nouvelle ensileuse Jaguar 1000 sera en d\u00e9mo au Salon de l\u0026#039;herbe et des fourrages\u0022\u003E\n        \t\n\u003Ch2  data-component-id=\u0022front:title\u0022 class=\u0022title title--small inline\u0022 title=\u0022La nouvelle ensileuse Jaguar 1000 sera en d\u00e9mo au Salon de l\u0026#039;herbe et des fourrages\u0022\u003ELa nouvelle ensileuse Jaguar 1000 sera en d\u00e9mo au Salon de l\u0026#039;herbe et des\u2026\u003C\/h2\u003E\n      \u003C\/a\u003E\n                \u003C\/div\u003E\n    \n\u003Cdiv  data-component-id=\u0022front:wysiwyg\u0022 class=\u0022wysiwyg wysiwyg--small\u0022\u003EAnnonc\u00e9e par le constructeur Claas comme l\u0027ensileuse la plus puissante au monde, la Jaguar 1000 sera visible en action au Salon de l\u0027herbe et des\u2026\u003C\/div\u003E\n          \u003Cdiv class=\u0022card-article__meta mbs-auto\u0022\u003E\n        \u003Ctime class=\u0022card-article__date\u0022 datetime=\u00222026-04-15T02:45:00+0200\u0022 x-data x-timestamp=\u00222026-04-15T02:45:00+0200\u0022\u003E15 Avr 2026\u003C\/time\u003E\n              \u003C\/div\u003E\n      \u003C\/div\u003E\n\u003C\/article\u003E\n\n\u003Carticle  data-component-id=\u0022front:card-article\u0022 class=\u0022card-article group\u0022\u003E\n  \u003Cdiv class=\u0022card-article__image\u0022\u003E\n      \t\t\t\t\t\t\u003Cimg  data-component-id=\u0022front:image\u0022 class=\u0022w-full h-full object-contain absolute inset-0\u0022 src=\u0022\/sites\/plm-magazine\/files\/styles\/teaser\/public\/2026-04\/17dc52ba-b600-4799-9515-2c17ba98cfb8.jpg.webp\u0022 alt=\u0022Les murs et les bardages ne sont pas toujours n\u00e9cessaires.\u0022 title=\u0022B\u00e9atrice Colleu\u0022 loading=\u0022lazy\u0022 width=\u0022480\u0022 height=\u0022320\u0022\u003E          \u003C\/div\u003E\n  \u003Cdiv class=\u0022card-article__body\u0022\u003E\n        \u003Cdiv class=\u0022text-[1.125em] leading-0 card-title\u0022\u003E\n                    \n      \u003Ca class=\u0022card-article__title\u0022 href=\u0022\/index.php\/actualites\/comment-assurer-les-passages-aux-robots-quand-il-fait-chaud\u0022 target=\u0022_self\u0022  title=\u0022Comment assurer les passages aux robots, quand il fait chaud ?\u0022\u003E\n        \t\n\u003Ch2  data-component-id=\u0022front:title\u0022 class=\u0022title title--small inline\u0022 title=\u0022Comment assurer les passages aux robots, quand il fait chaud ?\u0022\u003EComment assurer les passages aux robots, quand il fait chaud ?\u003C\/h2\u003E\n      \u003C\/a\u003E\n                \u003Cspan class=\u0022inline-flex align-middle\u0022\u003E\n        \n\u003Cspan  data-component-id=\u0022front:icon-padlock\u0022 class=\u0022icon-padlock icon-padlock--t1\u0022\u003E\n  \n\u003Csvg  data-component-id=\u0022front:icon\u0022 class=\u0022icon icon--padlock\u0022\u003E\n  \u003Cuse xlink:href=\u0022\/themes\/custom\/plm\/dist\/assets\/images\/2e871604ef7778ce3dc1.svg#icon-padlock\u0022\u003E\u003C\/use\u003E\n\u003C\/svg\u003E\n\u003C\/span\u003E\n      \u003C\/span\u003E\n          \u003C\/div\u003E\n    \n\u003Cdiv  data-component-id=\u0022front:wysiwyg\u0022 class=\u0022wysiwyg wysiwyg--small\u0022\u003E\u00a0\u0022\u2009Il n\u0027est pas rare de perdre 0,2 \u00e0 0,5 traite par vache et par jour, \u00e0 cause du stress thermique\u2009\u0022, observe Camille Vial, au fil de ses visites en\u2026\u003C\/div\u003E\n          \u003Cdiv class=\u0022card-article__meta mbs-auto\u0022\u003E\n        \u003Ctime class=\u0022card-article__date\u0022 datetime=\u00222026-04-14T08:00:00+0200\u0022 x-data x-timestamp=\u00222026-04-14T08:00:00+0200\u0022\u003E14 Avr 2026\u003C\/time\u003E\n              \u003C\/div\u003E\n      \u003C\/div\u003E\n\u003C\/article\u003E\n\n\u003Carticle  data-component-id=\u0022front:card-article\u0022 class=\u0022card-article group\u0022\u003E\n  \u003Cdiv class=\u0022card-article__image\u0022\u003E\n      \t\t\t\t\t\t\u003Cimg  data-component-id=\u0022front:image\u0022 class=\u0022w-full h-full object-contain absolute inset-0\u0022 src=\u0022\/sites\/plm-magazine\/files\/styles\/teaser\/public\/2026-04\/0fc460bd-4d2f-4983-b338-4935d2fc8f00.jpg.webp\u0022 alt=\u0022797345.jpg\u0022 title=\u0022Louise Rouxel\u0022 loading=\u0022lazy\u0022 width=\u0022480\u0022 height=\u0022320\u0022\u003E          \u003C\/div\u003E\n  \u003Cdiv class=\u0022card-article__body\u0022\u003E\n        \u003Cdiv class=\u0022text-[1.125em] leading-0 card-title\u0022\u003E\n                    \n      \u003Ca class=\u0022card-article__title\u0022 href=\u0022\/index.php\/actualites\/anticipez-les-fortes-chaleurs-10-cm-d-abreuvoir-ne-suffisent-plus\u0022 target=\u0022_self\u0022  title=\u0022Anticipez les fortes chaleurs : 10 cm d\u0026#039;abreuvoir ne suffisent plus\u0022\u003E\n        \t\n\u003Ch2  data-component-id=\u0022front:title\u0022 class=\u0022title title--small inline\u0022 title=\u0022Anticipez les fortes chaleurs : 10 cm d\u0026#039;abreuvoir ne suffisent plus\u0022\u003EAnticipez les fortes chaleurs : 10 cm d\u0026#039;abreuvoir ne suffisent plus\u003C\/h2\u003E\n      \u003C\/a\u003E\n                \u003Cspan class=\u0022inline-flex align-middle\u0022\u003E\n        \n\u003Cspan  data-component-id=\u0022front:icon-padlock\u0022 class=\u0022icon-padlock icon-padlock--t1\u0022\u003E\n  \n\u003Csvg  data-component-id=\u0022front:icon\u0022 class=\u0022icon icon--padlock\u0022\u003E\n  \u003Cuse xlink:href=\u0022\/themes\/custom\/plm\/dist\/assets\/images\/2e871604ef7778ce3dc1.svg#icon-padlock\u0022\u003E\u003C\/use\u003E\n\u003C\/svg\u003E\n\u003C\/span\u003E\n      \u003C\/span\u003E\n          \u003C\/div\u003E\n    \n\u003Cdiv  data-component-id=\u0022front:wysiwyg\u0022 class=\u0022wysiwyg wysiwyg--small\u0022\u003EIl est souvent recommand\u00e9 \u0022\u200910\u00a0cm d\u0027abreuvoir par vache\u2009\u0022. Mais, avec l\u0027augmentation des temp\u00e9ratures, il faut revoir ce chiffre \u00e0 la hausse et viser\u2026\u003C\/div\u003E\n          \u003Cdiv class=\u0022card-article__meta mbs-auto\u0022\u003E\n        \u003Ctime class=\u0022card-article__date\u0022 datetime=\u00222026-04-13T17:05:28+0200\u0022 x-data x-timestamp=\u00222026-04-13T17:05:28+0200\u0022\u003E13 Avr 2026\u003C\/time\u003E\n              \u003C\/div\u003E\n      \u003C\/div\u003E\n\u003C\/article\u003E\n  \n\u003Carticle  data-component-id=\u0022front:card-evenement-elo-catalog\u0022 class=\u0022card-evenement-elo-catalog group\u0022\u003E\n\u003Cdiv class=\u0022card-evenement-elo-catalog__image\u0022\u003E\n    \t\t\t\t\t\t\u003Cimg  data-component-id=\u0022front:image\u0022 class=\u0022w-full h-full object-cover absolute inset-0\u0022 src=\u0022\/sites\/plm-magazine\/files\/2026-04\/EVT-PLM-ELO_Grands_Troupeaux_2025-accroche.jpg\u0022 alt=\u0022ELO Grands Troupeaux 2025\u0022 title=\u0022ELO Grands Troupeaux 2025\u0022 loading=\u0022eager\u0022 width=\u0022510\u0022 height=\u0022340\u0022\u003E  \u003Cdiv class=\u0022card-evenement-elo-catalog__badges\u0022\u003E\n    \t\t\n\u003Cspan  data-component-id=\u0022front:button-expand\u0022 class=\u0022button-expand button-expand--shadowed transition-within-parent\u0022 x-data=\u0022buttonExpand\u0022 :style=\u0022{ \u0026quot;--button-expand-label-width\u0026quot;: labelWidth }\u0022\u003E\n  \u003Cspan class=\u0022button-expand__icon\u0022\u003E\n    \n\u003Csvg  data-component-id=\u0022front:icon\u0022 class=\u0022icon icon--calendar\u0022\u003E\n  \u003Cuse xlink:href=\u0022\/themes\/custom\/plm\/dist\/assets\/images\/2e871604ef7778ce3dc1.svg#icon-calendar\u0022\u003E\u003C\/use\u003E\n\u003C\/svg\u003E\n  \u003C\/span\u003E\n  \u003Cspan class=\u0022button-expand__label\u0022 x-ref=\u0022label\u0022\u003E\u00e9v\u00e9nement\u003C\/span\u003E\n\u003C\/span\u003E\n  \u003C\/div\u003E\n  \u003Cdiv class=\u0022card-evenement-elo-catalog__type\u0022\u003E\n    \n  \u003C\/div\u003E\n\u003C\/div\u003E\n\u003Cdiv class=\u0022card-evenement-elo-catalog__body\u0022\u003E\n\n  \u003Cdiv class=\u0022text-[1.125em] leading-0 card-title\u0022\u003E\n        \u003Ca class=\u0022card-evenement-elo-catalog__title\u0022 href=\u0022\/evenements-elo\/elo-grands-troupeaux-2025\u0022 target=\u0022_self\u0022  title=\u0022ELO Grands Troupeaux 2025\u0022\u003E\n      \n\u003Ch2  data-component-id=\u0022front:title\u0022 class=\u0022title title--small inline\u0022\u003EELO Grands Troupeaux 2025\u003C\/h2\u003E\n    \u003C\/a\u003E\n  \u003C\/div\u003E\n  \u003Cdiv class=\u0022card-evenement-elo-catalog__date-info\u0022\u003E\n        \u003Cdiv class=\u0022card-evenement-elo-catalog__date\u0022\u003E\n              Replay de\u0026nbsp;juin 2025\n          \u003C\/div\u003E\n\n  \u003Cdiv class=\u0022card-evenement-elo-catalog__webinar\u0022\u003E\n    \n\u003Csvg  data-component-id=\u0022front:icon\u0022 class=\u0022icon icon--webinar\u0022\u003E\n  \u003Cuse xlink:href=\u0022\/themes\/custom\/plm\/dist\/assets\/images\/2e871604ef7778ce3dc1.svg#icon-webinar\u0022\u003E\u003C\/use\u003E\n\u003C\/svg\u003E\n    \u003Cspan\u003E6\u003C\/span\u003E\u0026nbsp;\u003Cspan\u003Ewebinaires\u003C\/span\u003E\n  \u003C\/div\u003E\n      \u003C\/div\u003E\n      \u003Cdiv class=\u0022card-evenement-elo-catalog__chapo\u0022\u003E\n      \n\u003Cdiv  data-component-id=\u0022front:wysiwyg\u0022 class=\u0022wysiwyg wysiwyg--small\u0022\u003EPour cette nouvelle \u00e9dition d\u2019ELO Grands Troupeaux, PLM et ses partenaires ont concoct\u00e9 pour vous 6 rendez-vous live, riches de t\u00e9moignages et de\u2026\u003C\/div\u003E\n    \u003C\/div\u003E\n  \n\u003C\/div\u003E\n\u003C\/article\u003E\n  \t\t\t\u003Carticle  data-component-id=\u0022front:card-webinaire-catalog\u0022 class=\u0022card-webinaire-catalog group\u0022 data-campagne=\u0022Webi-ELO_GT_2025-bicarz_encadre\u0022 data-contentId=\u00223104\u0022 rel=\u0022nofollow\u0022\u003E\n  \u003Cdiv class=\u0022card-webinaire-catalog__image\u0022\u003E\n      \t\t\t\t\t\t\u003Cimg  data-component-id=\u0022front:image\u0022 class=\u0022w-full h-full object-cover absolute inset-0\u0022 src=\u0022\/sites\/plm-magazine\/files\/2026-04\/EVT-PLM-ELO_Grands_troupeaux_25-Webi_solvay-accroche.jpg\u0022 alt=\u0022Webinaire Solvay Bicar\u00aeZ\u0022 title=\u0022Webinaire Solvay Bicar\u00aeZ\u0022 loading=\u0022eager\u0022 width=\u0022510\u0022 height=\u0022340\u0022\u003E          \u003Cdiv class=\u0022card-webinaire-catalog__duree \u0022\u003E\n        00:30:00\n      \u003C\/div\u003E\n        \u003Cdiv class=\u0022card-webinaire-catalog__badges\u0022\u003E\n      \t\t\n\u003Cspan  data-component-id=\u0022front:button-expand\u0022 class=\u0022button-expand button-expand--shadowed transition-within-parent\u0022 x-data=\u0022buttonExpand\u0022 :style=\u0022{ \u0026quot;--button-expand-label-width\u0026quot;: labelWidth }\u0022\u003E\n  \u003Cspan class=\u0022button-expand__icon\u0022\u003E\n    \n\u003Csvg  data-component-id=\u0022front:icon\u0022 class=\u0022icon icon--webinar\u0022\u003E\n  \u003Cuse xlink:href=\u0022\/themes\/custom\/plm\/dist\/assets\/images\/2e871604ef7778ce3dc1.svg#icon-webinar\u0022\u003E\u003C\/use\u003E\n\u003C\/svg\u003E\n  \u003C\/span\u003E\n  \u003Cspan class=\u0022button-expand__label\u0022 x-ref=\u0022label\u0022\u003Ewebinaire\u003C\/span\u003E\n\u003C\/span\u003E\n    \u003C\/div\u003E\n  \u003C\/div\u003E\n \u003Cdiv class=\u0022card-webinaire-catalog__body\u0022\u003E\n    \u003Cdiv class=\u0022text-[1.125em] leading-0 card-title\u0022\u003E\n            \u003Ca class=\u0022card-webinaire-catalog__title\u0022 href=\u0022\/webinaires\/bicarrz-un-nutriment-cle-pour-les-vaches-en-lactation\u0022 target=\u0022_self\u0022  data-campagne=\u0022Webi-ELO_GT_2025-bicarz_encadre\u0022 data-contentId=\u00223104\u0022 rel=\u0022nofollow\u0022 title=\u0022Bicar\u00aeZ : un nutriment cl\u00e9 pour les vaches en lactation\u0022\u003E\n        \n\u003Ch2  data-component-id=\u0022front:title\u0022 class=\u0022title title--small inline\u0022\u003EBicar\u00aeZ : un nutriment cl\u00e9 pour les vaches en lactation\u003C\/h2\u003E\n      \u003C\/a\u003E\n                \u003C\/div\u003E\n\n    \u003Cdiv class=\u0022card-webinaire-catalog__date-info\u0022\u003E\n            \u003Cdiv class=\u0022card-webinaire-catalog__date\u0022\u003EReplay du\u0026nbsp;19\u0026nbsp;juin\u0026nbsp;2025\u003C\/div\u003E\n                \u003C\/div\u003E\n\n          \u003Cdiv class=\u0022card-webinaire-catalog__organisateur\u0022\u003E\n        Par Bicar\u00aeZ\n      \u003C\/div\u003E\n    \n      \u003Cdiv class=\u0022card-webinaire-catalog__chapo\u0022\u003E\n        \n              \u003C\/div\u003E\n     \u003C\/div\u003E\n  \u003Cdiv class=\u0022card-webinaire-catalog__sponsor\u0022\u003E\n    Contenu sponsoris\u00e9\n  \u003C\/div\u003E\n\u003C\/article\u003E\n  \t\t\t\u003Carticle  data-component-id=\u0022front:card-webinaire-catalog\u0022 class=\u0022card-webinaire-catalog group\u0022 data-campagne=\u0022Webi-ELO_GT_2025-Phibro_encadre\u0022 data-contentId=\u00223103\u0022 rel=\u0022nofollow\u0022\u003E\n  \u003Cdiv class=\u0022card-webinaire-catalog__image\u0022\u003E\n      \t\t\t\t\t\t\u003Cimg  data-component-id=\u0022front:image\u0022 class=\u0022w-full h-full object-cover absolute inset-0\u0022 src=\u0022\/sites\/plm-magazine\/files\/2026-04\/EVT-PLM-ELO_Grands_troupeaux_25-Webi_Phibro-accroche.jpg\u0022 alt=\u0022Webinaire Phibro\u0022 title=\u0022Webinaire Phibro\u0022 loading=\u0022eager\u0022 width=\u0022510\u0022 height=\u0022340\u0022\u003E          \u003Cdiv class=\u0022card-webinaire-catalog__duree \u0022\u003E\n        00:30:00\n      \u003C\/div\u003E\n        \u003Cdiv class=\u0022card-webinaire-catalog__badges\u0022\u003E\n      \t\t\n\u003Cspan  data-component-id=\u0022front:button-expand\u0022 class=\u0022button-expand button-expand--shadowed transition-within-parent\u0022 x-data=\u0022buttonExpand\u0022 :style=\u0022{ \u0026quot;--button-expand-label-width\u0026quot;: labelWidth }\u0022\u003E\n  \u003Cspan class=\u0022button-expand__icon\u0022\u003E\n    \n\u003Csvg  data-component-id=\u0022front:icon\u0022 class=\u0022icon icon--webinar\u0022\u003E\n  \u003Cuse xlink:href=\u0022\/themes\/custom\/plm\/dist\/assets\/images\/2e871604ef7778ce3dc1.svg#icon-webinar\u0022\u003E\u003C\/use\u003E\n\u003C\/svg\u003E\n  \u003C\/span\u003E\n  \u003Cspan class=\u0022button-expand__label\u0022 x-ref=\u0022label\u0022\u003Ewebinaire\u003C\/span\u003E\n\u003C\/span\u003E\n    \u003C\/div\u003E\n  \u003C\/div\u003E\n \u003Cdiv class=\u0022card-webinaire-catalog__body\u0022\u003E\n    \u003Cdiv class=\u0022text-[1.125em] leading-0 card-title\u0022\u003E\n            \u003Ca class=\u0022card-webinaire-catalog__title\u0022 href=\u0022\/webinaires\/l-immunite-un-enjeu-crucial-pour-la-rentabilite-des-elevages\u0022 target=\u0022_self\u0022  data-campagne=\u0022Webi-ELO_GT_2025-Phibro_encadre\u0022 data-contentId=\u00223103\u0022 rel=\u0022nofollow\u0022 title=\u0022L\u2019immunit\u00e9, un enjeu crucial pour la rentabilit\u00e9 des \u00e9levages\u0022\u003E\n        \n\u003Ch2  data-component-id=\u0022front:title\u0022 class=\u0022title title--small inline\u0022\u003EL\u2019immunit\u00e9, un enjeu crucial pour la rentabilit\u00e9 des \u00e9levages\u003C\/h2\u003E\n      \u003C\/a\u003E\n                \u003C\/div\u003E\n\n    \u003Cdiv class=\u0022card-webinaire-catalog__date-info\u0022\u003E\n            \u003Cdiv class=\u0022card-webinaire-catalog__date\u0022\u003EReplay du\u0026nbsp;19\u0026nbsp;juin\u0026nbsp;2025\u003C\/div\u003E\n                \u003C\/div\u003E\n\n          \u003Cdiv class=\u0022card-webinaire-catalog__organisateur\u0022\u003E\n        Par Phibro Animal Health\n      \u003C\/div\u003E\n    \n      \u003Cdiv class=\u0022card-webinaire-catalog__chapo\u0022\u003E\n        \n              \u003C\/div\u003E\n     \u003C\/div\u003E\n  \u003Cdiv class=\u0022card-webinaire-catalog__sponsor\u0022\u003E\n    Contenu sponsoris\u00e9\n  \u003C\/div\u003E\n\u003C\/article\u003E\n  \t\t\t\u003Carticle  data-component-id=\u0022front:card-webinaire-catalog\u0022 class=\u0022card-webinaire-catalog group\u0022 data-campagne=\u0022Webi-ELO_GT_2025-Vetoquinol_encadre\u0022 data-contentId=\u00223102\u0022 rel=\u0022nofollow\u0022\u003E\n  \u003Cdiv class=\u0022card-webinaire-catalog__image\u0022\u003E\n      \t\t\t\t\t\t\u003Cimg  data-component-id=\u0022front:image\u0022 class=\u0022w-full h-full object-cover absolute inset-0\u0022 src=\u0022\/sites\/plm-magazine\/files\/2026-04\/EVT-PLM-ELO_Grands_troupeaux_25-Webi_vetoquinol-accroche.jpg\u0022 alt=\u0022Webinaire Vetoquinol\u0022 title=\u0022Webinaire Vetoquinol\u0022 loading=\u0022eager\u0022 width=\u0022510\u0022 height=\u0022340\u0022\u003E          \u003Cdiv class=\u0022card-webinaire-catalog__duree \u0022\u003E\n        00:30:00\n      \u003C\/div\u003E\n        \u003Cdiv class=\u0022card-webinaire-catalog__badges\u0022\u003E\n      \t\t\n\u003Cspan  data-component-id=\u0022front:button-expand\u0022 class=\u0022button-expand button-expand--shadowed transition-within-parent\u0022 x-data=\u0022buttonExpand\u0022 :style=\u0022{ \u0026quot;--button-expand-label-width\u0026quot;: labelWidth }\u0022\u003E\n  \u003Cspan class=\u0022button-expand__icon\u0022\u003E\n    \n\u003Csvg  data-component-id=\u0022front:icon\u0022 class=\u0022icon icon--webinar\u0022\u003E\n  \u003Cuse xlink:href=\u0022\/themes\/custom\/plm\/dist\/assets\/images\/2e871604ef7778ce3dc1.svg#icon-webinar\u0022\u003E\u003C\/use\u003E\n\u003C\/svg\u003E\n  \u003C\/span\u003E\n  \u003Cspan class=\u0022button-expand__label\u0022 x-ref=\u0022label\u0022\u003Ewebinaire\u003C\/span\u003E\n\u003C\/span\u003E\n    \u003C\/div\u003E\n  \u003C\/div\u003E\n \u003Cdiv class=\u0022card-webinaire-catalog__body\u0022\u003E\n    \u003Cdiv class=\u0022text-[1.125em] leading-0 card-title\u0022\u003E\n            \u003Ca class=\u0022card-webinaire-catalog__title\u0022 href=\u0022\/webinaires\/mammites-les-benefices-du-traitement-cible\u0022 target=\u0022_self\u0022  data-campagne=\u0022Webi-ELO_GT_2025-Vetoquinol_encadre\u0022 data-contentId=\u00223102\u0022 rel=\u0022nofollow\u0022 title=\u0022Mammites : les b\u00e9n\u00e9fices du traitement cibl\u00e9\u0022\u003E\n        \n\u003Ch2  data-component-id=\u0022front:title\u0022 class=\u0022title title--small inline\u0022\u003EMammites : les b\u00e9n\u00e9fices du traitement cibl\u00e9\u003C\/h2\u003E\n      \u003C\/a\u003E\n                \u003C\/div\u003E\n\n    \u003Cdiv class=\u0022card-webinaire-catalog__date-info\u0022\u003E\n            \u003Cdiv class=\u0022card-webinaire-catalog__date\u0022\u003EReplay du\u0026nbsp;19\u0026nbsp;juin\u0026nbsp;2025\u003C\/div\u003E\n                \u003C\/div\u003E\n\n          \u003Cdiv class=\u0022card-webinaire-catalog__organisateur\u0022\u003E\n        Par Vetoquinol\n      \u003C\/div\u003E\n    \n      \u003Cdiv class=\u0022card-webinaire-catalog__chapo\u0022\u003E\n        \n              \u003C\/div\u003E\n     \u003C\/div\u003E\n  \u003Cdiv class=\u0022card-webinaire-catalog__sponsor\u0022\u003E\n    Contenu sponsoris\u00e9\n  \u003C\/div\u003E\n\u003C\/article\u003E\n  \t\t\t\u003Carticle  data-component-id=\u0022front:card-webinaire-catalog\u0022 class=\u0022card-webinaire-catalog group\u0022 data-campagne=\u0022Webi-ELO_GT_2025-Ceva_encadre\u0022 data-contentId=\u00223101\u0022 rel=\u0022nofollow\u0022\u003E\n  \u003Cdiv class=\u0022card-webinaire-catalog__image\u0022\u003E\n      \t\t\t\t\t\t\u003Cimg  data-component-id=\u0022front:image\u0022 class=\u0022w-full h-full object-cover absolute inset-0\u0022 src=\u0022\/sites\/plm-magazine\/files\/2026-04\/EVT-PLM-ELO_Grands_troupeaux_25-Webi_ceva-accroche.jpg\u0022 alt=\u0022Webinaire Ceva\u0022 title=\u0022Webinaire Ceva\u0022 loading=\u0022eager\u0022 width=\u0022510\u0022 height=\u0022340\u0022\u003E          \u003Cdiv class=\u0022card-webinaire-catalog__duree \u0022\u003E\n        00:30:00\n      \u003C\/div\u003E\n        \u003Cdiv class=\u0022card-webinaire-catalog__badges\u0022\u003E\n      \t\t\n\u003Cspan  data-component-id=\u0022front:button-expand\u0022 class=\u0022button-expand button-expand--shadowed transition-within-parent\u0022 x-data=\u0022buttonExpand\u0022 :style=\u0022{ \u0026quot;--button-expand-label-width\u0026quot;: labelWidth }\u0022\u003E\n  \u003Cspan class=\u0022button-expand__icon\u0022\u003E\n    \n\u003Csvg  data-component-id=\u0022front:icon\u0022 class=\u0022icon icon--webinar\u0022\u003E\n  \u003Cuse xlink:href=\u0022\/themes\/custom\/plm\/dist\/assets\/images\/2e871604ef7778ce3dc1.svg#icon-webinar\u0022\u003E\u003C\/use\u003E\n\u003C\/svg\u003E\n  \u003C\/span\u003E\n  \u003Cspan class=\u0022button-expand__label\u0022 x-ref=\u0022label\u0022\u003Ewebinaire\u003C\/span\u003E\n\u003C\/span\u003E\n    \u003C\/div\u003E\n  \u003C\/div\u003E\n \u003Cdiv class=\u0022card-webinaire-catalog__body\u0022\u003E\n    \u003Cdiv class=\u0022text-[1.125em] leading-0 card-title\u0022\u003E\n            \u003Ca class=\u0022card-webinaire-catalog__title\u0022 href=\u0022\/webinaires\/performances-de-reproduction-degradees-c-etait-la-fievre-q\u0022 target=\u0022_self\u0022  data-campagne=\u0022Webi-ELO_GT_2025-Ceva_encadre\u0022 data-contentId=\u00223101\u0022 rel=\u0022nofollow\u0022 title=\u0022Performances de reproduction d\u00e9grad\u00e9es : c\u2019\u00e9tait la fi\u00e8vre Q !\u0022\u003E\n        \n\u003Ch2  data-component-id=\u0022front:title\u0022 class=\u0022title title--small inline\u0022\u003EPerformances de reproduction d\u00e9grad\u00e9es : c\u2019\u00e9tait la fi\u00e8vre Q !\u003C\/h2\u003E\n      \u003C\/a\u003E\n                \u003C\/div\u003E\n\n    \u003Cdiv class=\u0022card-webinaire-catalog__date-info\u0022\u003E\n            \u003Cdiv class=\u0022card-webinaire-catalog__date\u0022\u003EReplay du\u0026nbsp;19\u0026nbsp;juin\u0026nbsp;2025\u003C\/div\u003E\n                \u003C\/div\u003E\n\n          \u003Cdiv class=\u0022card-webinaire-catalog__organisateur\u0022\u003E\n        Par Ceva Sant\u00e9 Animale\n      \u003C\/div\u003E\n    \n      \u003Cdiv class=\u0022card-webinaire-catalog__chapo\u0022\u003E\n        \n              \u003C\/div\u003E\n     \u003C\/div\u003E\n  \u003Cdiv class=\u0022card-webinaire-catalog__sponsor\u0022\u003E\n    Contenu sponsoris\u00e9\n  \u003C\/div\u003E\n\u003C\/article\u003E\n  \t\t\t\u003Carticle  data-component-id=\u0022front:card-webinaire-catalog\u0022 class=\u0022card-webinaire-catalog group\u0022 data-campagne=\u0022Webi-ELO_GT_2025-PLM2_encadre\u0022 data-contentId=\u00223100\u0022 rel=\u0022nofollow\u0022\u003E\n  \u003Cdiv class=\u0022card-webinaire-catalog__image\u0022\u003E\n      \t\t\t\t\t\t\u003Cimg  data-component-id=\u0022front:image\u0022 class=\u0022w-full h-full object-cover absolute inset-0\u0022 src=\u0022\/sites\/plm-magazine\/files\/2026-04\/EVT-PLM-ELO_Grands_troupeaux_25-Webi_PLM2-accroche.jpg\u0022 alt=\u0022Webinaire PLM\u0022 title=\u0022Webinaire PLM\u0022 loading=\u0022eager\u0022 width=\u0022510\u0022 height=\u0022340\u0022\u003E          \u003Cdiv class=\u0022card-webinaire-catalog__duree \u0022\u003E\n        00:45:00\n      \u003C\/div\u003E\n        \u003Cdiv class=\u0022card-webinaire-catalog__badges\u0022\u003E\n      \t\t\n\u003Cspan  data-component-id=\u0022front:button-expand\u0022 class=\u0022button-expand button-expand--shadowed transition-within-parent\u0022 x-data=\u0022buttonExpand\u0022 :style=\u0022{ \u0026quot;--button-expand-label-width\u0026quot;: labelWidth }\u0022\u003E\n  \u003Cspan class=\u0022button-expand__icon\u0022\u003E\n    \n\u003Csvg  data-component-id=\u0022front:icon\u0022 class=\u0022icon icon--webinar\u0022\u003E\n  \u003Cuse xlink:href=\u0022\/themes\/custom\/plm\/dist\/assets\/images\/2e871604ef7778ce3dc1.svg#icon-webinar\u0022\u003E\u003C\/use\u003E\n\u003C\/svg\u003E\n  \u003C\/span\u003E\n  \u003Cspan class=\u0022button-expand__label\u0022 x-ref=\u0022label\u0022\u003Ewebinaire\u003C\/span\u003E\n\u003C\/span\u003E\n    \u003C\/div\u003E\n  \u003C\/div\u003E\n \u003Cdiv class=\u0022card-webinaire-catalog__body\u0022\u003E\n    \u003Cdiv class=\u0022text-[1.125em] leading-0 card-title\u0022\u003E\n            \u003Ca class=\u0022card-webinaire-catalog__title\u0022 href=\u0022\/webinaires\/voici-comment-gagner-7-kg-de-lait-en-7-semaines-en-densifiant-la-ration\u0022 target=\u0022_self\u0022  data-campagne=\u0022Webi-ELO_GT_2025-PLM2_encadre\u0022 data-contentId=\u00223100\u0022 rel=\u0022nofollow\u0022 title=\u0022Voici comment gagner 7 kg de lait en 7 semaines, en densifiant la ration\u0022\u003E\n        \n\u003Ch2  data-component-id=\u0022front:title\u0022 class=\u0022title title--small inline\u0022\u003EVoici comment gagner 7 kg de lait en 7 semaines, en densifiant la ration\u003C\/h2\u003E\n      \u003C\/a\u003E\n                \u003C\/div\u003E\n\n    \u003Cdiv class=\u0022card-webinaire-catalog__date-info\u0022\u003E\n            \u003Cdiv class=\u0022card-webinaire-catalog__date\u0022\u003EReplay du\u0026nbsp;19\u0026nbsp;juin\u0026nbsp;2025\u003C\/div\u003E\n                \u003C\/div\u003E\n\n          \u003Cdiv class=\u0022card-webinaire-catalog__organisateur\u0022\u003E\n        Par PLM\n      \u003C\/div\u003E\n    \n      \u003Cdiv class=\u0022card-webinaire-catalog__chapo\u0022\u003E\n        \n              \u003C\/div\u003E\n     \u003C\/div\u003E\n\u003C\/article\u003E\n  \t\t\t\u003Carticle  data-component-id=\u0022front:card-webinaire-catalog\u0022 class=\u0022card-webinaire-catalog group\u0022 data-campagne=\u0022Webi-ELO_GT_2025-PLM1_encadre\u0022 data-contentId=\u00223099\u0022 rel=\u0022nofollow\u0022\u003E\n  \u003Cdiv class=\u0022card-webinaire-catalog__image\u0022\u003E\n      \t\t\t\t\t\t\u003Cimg  data-component-id=\u0022front:image\u0022 class=\u0022w-full h-full object-cover absolute inset-0\u0022 src=\u0022\/sites\/plm-magazine\/files\/2026-04\/EVT-PLM-ELO_Grands_troupeaux_25-Webi_PLM1-accroche.jpg\u0022 alt=\u0022Webinaire PLM\u0022 title=\u0022Webinaire PLM\u0022 loading=\u0022eager\u0022 width=\u0022510\u0022 height=\u0022340\u0022\u003E          \u003Cdiv class=\u0022card-webinaire-catalog__duree \u0022\u003E\n        00:45:00\n      \u003C\/div\u003E\n        \u003Cdiv class=\u0022card-webinaire-catalog__badges\u0022\u003E\n      \t\t\n\u003Cspan  data-component-id=\u0022front:button-expand\u0022 class=\u0022button-expand button-expand--shadowed transition-within-parent\u0022 x-data=\u0022buttonExpand\u0022 :style=\u0022{ \u0026quot;--button-expand-label-width\u0026quot;: labelWidth }\u0022\u003E\n  \u003Cspan class=\u0022button-expand__icon\u0022\u003E\n    \n\u003Csvg  data-component-id=\u0022front:icon\u0022 class=\u0022icon icon--webinar\u0022\u003E\n  \u003Cuse xlink:href=\u0022\/themes\/custom\/plm\/dist\/assets\/images\/2e871604ef7778ce3dc1.svg#icon-webinar\u0022\u003E\u003C\/use\u003E\n\u003C\/svg\u003E\n  \u003C\/span\u003E\n  \u003Cspan class=\u0022button-expand__label\u0022 x-ref=\u0022label\u0022\u003Ewebinaire\u003C\/span\u003E\n\u003C\/span\u003E\n    \u003C\/div\u003E\n  \u003C\/div\u003E\n \u003Cdiv class=\u0022card-webinaire-catalog__body\u0022\u003E\n    \u003Cdiv class=\u0022text-[1.125em] leading-0 card-title\u0022\u003E\n            \u003Ca class=\u0022card-webinaire-catalog__title\u0022 href=\u0022\/webinaires\/comprendre-et-utiliser-les-nouveaux-indicateurs-de-repro-taux-de-gestation-imr-ivv-p\u0022 target=\u0022_self\u0022  data-campagne=\u0022Webi-ELO_GT_2025-PLM1_encadre\u0022 data-contentId=\u00223099\u0022 rel=\u0022nofollow\u0022 title=\u0022Comprendre et utiliser les nouveaux indicateurs de repro : taux de gestation, IMR, IVV-p, pour gagner du lait\u0022\u003E\n        \n\u003Ch2  data-component-id=\u0022front:title\u0022 class=\u0022title title--small inline\u0022\u003EComprendre et utiliser les nouveaux indicateurs de repro : taux de\u2026\u003C\/h2\u003E\n      \u003C\/a\u003E\n                \u003C\/div\u003E\n\n    \u003Cdiv class=\u0022card-webinaire-catalog__date-info\u0022\u003E\n            \u003Cdiv class=\u0022card-webinaire-catalog__date\u0022\u003EReplay du\u0026nbsp;19\u0026nbsp;juin\u0026nbsp;2025\u003C\/div\u003E\n                \u003C\/div\u003E\n\n          \u003Cdiv class=\u0022card-webinaire-catalog__organisateur\u0022\u003E\n        Par PLM\n      \u003C\/div\u003E\n    \n      \u003Cdiv class=\u0022card-webinaire-catalog__chapo\u0022\u003E\n        \n              \u003C\/div\u003E\n     \u003C\/div\u003E\n\u003C\/article\u003E\n\n\u003Carticle  data-component-id=\u0022front:card-article\u0022 class=\u0022card-article group\u0022\u003E\n  \u003Cdiv class=\u0022card-article__image\u0022\u003E\n      \t\t\t\t\t\t\u003Cimg  data-component-id=\u0022front:image\u0022 class=\u0022w-full h-full object-contain absolute inset-0\u0022 src=\u0022\/sites\/plm-magazine\/files\/styles\/teaser\/public\/2026-04\/ee9350b8-f729-4546-b890-4914932ce63b.jpg.webp\u0022 alt=\u0022Jean-Yves et Damien Sanconie, 1er de la Top Liste PLM France avec 1 068 kg de MU\u0022 title=\u0022GaecSanconie\u0022 loading=\u0022lazy\u0022 width=\u0022480\u0022 height=\u0022320\u0022\u003E          \u003Cdiv class=\u0022card-article__tags\u0022\u003E\n                  \u003Cspan class=\u0022card-article__badges\u0022\u003E\n                      \t\t\n\u003Cspan  data-component-id=\u0022front:button-expand\u0022 class=\u0022button-expand button-expand--shadowed transition-within-parent\u0022 x-data=\u0022buttonExpand\u0022 :style=\u0022{ \u0026quot;--button-expand-label-width\u0026quot;: labelWidth }\u0022\u003E\n  \u003Cspan class=\u0022button-expand__icon\u0022\u003E\n    \n\u003Csvg  data-component-id=\u0022front:icon\u0022 class=\u0022icon icon--download\u0022\u003E\n  \u003Cuse xlink:href=\u0022\/themes\/custom\/plm\/dist\/assets\/images\/2e871604ef7778ce3dc1.svg#icon-download\u0022\u003E\u003C\/use\u003E\n\u003C\/svg\u003E\n  \u003C\/span\u003E\n  \u003Cspan class=\u0022button-expand__label\u0022 x-ref=\u0022label\u0022\u003ET\u00e9l\u00e9chargement\u003C\/span\u003E\n\u003C\/span\u003E\n                \u003C\/span\u003E\n                      \u003C\/div\u003E\n          \u003C\/div\u003E\n  \u003Cdiv class=\u0022card-article__body\u0022\u003E\n        \u003Cdiv class=\u0022text-[1.125em] leading-0 card-title\u0022\u003E\n                    \n      \u003Ca class=\u0022card-article__title\u0022 href=\u0022\/index.php\/actualites\/1-068-kg-de-mu-pour-le-1er-de-la-top-liste-plm-france-2026\u0022 target=\u0022_self\u0022  title=\u00221 068 kg de MU pour le 1er de la Top liste PLM France 2026\u0022\u003E\n        \t\n\u003Ch2  data-component-id=\u0022front:title\u0022 class=\u0022title title--small inline\u0022 title=\u00221 068 kg de MU pour le 1er de la Top liste PLM France 2026\u0022\u003E1 068 kg de MU pour le 1er de la Top liste PLM France 2026\u003C\/h2\u003E\n      \u003C\/a\u003E\n                \u003Cspan class=\u0022inline-flex align-middle\u0022\u003E\n        \n\u003Cspan  data-component-id=\u0022front:icon-padlock\u0022 class=\u0022icon-padlock icon-padlock--t1\u0022\u003E\n  \n\u003Csvg  data-component-id=\u0022front:icon\u0022 class=\u0022icon icon--padlock\u0022\u003E\n  \u003Cuse xlink:href=\u0022\/themes\/custom\/plm\/dist\/assets\/images\/2e871604ef7778ce3dc1.svg#icon-padlock\u0022\u003E\u003C\/use\u003E\n\u003C\/svg\u003E\n\u003C\/span\u003E\n      \u003C\/span\u003E\n          \u003C\/div\u003E\n    \n\u003Cdiv  data-component-id=\u0022front:wysiwyg\u0022 class=\u0022wysiwyg wysiwyg--small\u0022\u003EEn France, c\u0027est un \u00e9leveur du Cantal qui obtient la premi\u00e8re place avec un troupeau de holsteins \u00e0 14 889 kg de lait, et respectivement 38,9 de TB\u2026\u003C\/div\u003E\n          \u003Cdiv class=\u0022card-article__meta mbs-auto\u0022\u003E\n        \u003Ctime class=\u0022card-article__date\u0022 datetime=\u00222026-04-08T05:45:00+0200\u0022 x-data x-timestamp=\u00222026-04-08T05:45:00+0200\u0022\u003E08 Avr 2026\u003C\/time\u003E\n              \u003C\/div\u003E\n      \u003C\/div\u003E\n\u003C\/article\u003E\n\n\u003Carticle  data-component-id=\u0022front:card-article\u0022 class=\u0022card-article group\u0022\u003E\n  \u003Cdiv class=\u0022card-article__image\u0022\u003E\n      \t\t\t\t\t\t\u003Cimg  data-component-id=\u0022front:image\u0022 class=\u0022w-full h-full object-contain absolute inset-0\u0022 src=\u0022\/sites\/plm-magazine\/files\/styles\/teaser\/public\/2026-04\/4ce90931-fa49-426f-9020-1944c4f51ece.jpg.webp\u0022 alt=\u0022Top Liste\u0022 title=\u0022Thierry Anceaux\u0022 loading=\u0022lazy\u0022 width=\u0022480\u0022 height=\u0022320\u0022\u003E          \u003C\/div\u003E\n  \u003Cdiv class=\u0022card-article__body\u0022\u003E\n        \u003Cdiv class=\u0022text-[1.125em] leading-0 card-title\u0022\u003E\n                    \n      \u003Ca class=\u0022card-article__title\u0022 href=\u0022\/index.php\/actualites\/erratum-huit-elevages-ne-sont-pas-a-leur-place-dans-le-classement-un-oublie\u0022 target=\u0022_self\u0022  title=\u0022Erratum. Huit \u00e9levages ne sont pas \u00e0 leur place dans le classement, un oubli\u00e9\u0022\u003E\n        \t\n\u003Ch2  data-component-id=\u0022front:title\u0022 class=\u0022title title--small inline\u0022 title=\u0022Erratum. Huit \u00e9levages ne sont pas \u00e0 leur place dans le classement, un oubli\u00e9\u0022\u003EErratum. Huit \u00e9levages ne sont pas \u00e0 leur place dans le classement, un\u2026\u003C\/h2\u003E\n      \u003C\/a\u003E\n                \u003C\/div\u003E\n    \n\u003Cdiv  data-component-id=\u0022front:wysiwyg\u0022 class=\u0022wysiwyg wysiwyg--small\u0022\u003EHuit \u00e9levages se sont malencontreusement retrouv\u00e9s en fin de classement de la Top Liste PLM Prim\u0027holstein, en traite robotis\u00e9e. Et un \u00e9levage oubli\u00e9.\u00a0\u003C\/div\u003E\n          \u003Cdiv class=\u0022card-article__meta mbs-auto\u0022\u003E\n        \u003Ctime class=\u0022card-article__date\u0022 datetime=\u00222026-04-07T17:46:00+0200\u0022 x-data x-timestamp=\u00222026-04-07T17:46:00+0200\u0022\u003E07 Avr 2026\u003C\/time\u003E\n              \u003C\/div\u003E\n      \u003C\/div\u003E\n\u003C\/article\u003E\n  \n\u003Carticle  data-component-id=\u0022front:card-evenement-elo-catalog\u0022 class=\u0022card-evenement-elo-catalog group\u0022\u003E\n\u003Cdiv class=\u0022card-evenement-elo-catalog__image\u0022\u003E\n    \t\t\t\t\t\t\u003Cimg  data-component-id=\u0022front:image\u0022 class=\u0022w-full h-full object-cover absolute inset-0\u0022 src=\u0022\/sites\/plm-magazine\/files\/2026-04\/EVT-ELO_Sante_Nutrition-accroche.jpg\u0022 alt=\u0022ELO Sant\u00e9 Nutrition\u0022 title=\u0022ELO Sant\u00e9 Nutrition\u0022 loading=\u0022eager\u0022 width=\u0022510\u0022 height=\u0022340\u0022\u003E  \u003Cdiv class=\u0022card-evenement-elo-catalog__badges\u0022\u003E\n    \t\t\n\u003Cspan  data-component-id=\u0022front:button-expand\u0022 class=\u0022button-expand button-expand--shadowed transition-within-parent\u0022 x-data=\u0022buttonExpand\u0022 :style=\u0022{ \u0026quot;--button-expand-label-width\u0026quot;: labelWidth }\u0022\u003E\n  \u003Cspan class=\u0022button-expand__icon\u0022\u003E\n    \n\u003Csvg  data-component-id=\u0022front:icon\u0022 class=\u0022icon icon--calendar\u0022\u003E\n  \u003Cuse xlink:href=\u0022\/themes\/custom\/plm\/dist\/assets\/images\/2e871604ef7778ce3dc1.svg#icon-calendar\u0022\u003E\u003C\/use\u003E\n\u003C\/svg\u003E\n  \u003C\/span\u003E\n  \u003Cspan class=\u0022button-expand__label\u0022 x-ref=\u0022label\u0022\u003E\u00e9v\u00e9nement\u003C\/span\u003E\n\u003C\/span\u003E\n  \u003C\/div\u003E\n  \u003Cdiv class=\u0022card-evenement-elo-catalog__type\u0022\u003E\n    \n  \u003C\/div\u003E\n\u003C\/div\u003E\n\u003Cdiv class=\u0022card-evenement-elo-catalog__body\u0022\u003E\n\n  \u003Cdiv class=\u0022text-[1.125em] leading-0 card-title\u0022\u003E\n        \u003Ca class=\u0022card-evenement-elo-catalog__title\u0022 href=\u0022\/evenements-elo\/elo-sante-nutrition-2025\u0022 target=\u0022_self\u0022  title=\u0022ELO Sant\u00e9 Nutrition 2025\u0022\u003E\n      \n\u003Ch2  data-component-id=\u0022front:title\u0022 class=\u0022title title--small inline\u0022\u003EELO Sant\u00e9 Nutrition 2025\u003C\/h2\u003E\n    \u003C\/a\u003E\n  \u003C\/div\u003E\n  \u003Cdiv class=\u0022card-evenement-elo-catalog__date-info\u0022\u003E\n        \u003Cdiv class=\u0022card-evenement-elo-catalog__date\u0022\u003E\n              Replay de\u0026nbsp;d\u00e9cembre 2025\n          \u003C\/div\u003E\n\n  \u003Cdiv class=\u0022card-evenement-elo-catalog__webinar\u0022\u003E\n    \n\u003Csvg  data-component-id=\u0022front:icon\u0022 class=\u0022icon icon--webinar\u0022\u003E\n  \u003Cuse xlink:href=\u0022\/themes\/custom\/plm\/dist\/assets\/images\/2e871604ef7778ce3dc1.svg#icon-webinar\u0022\u003E\u003C\/use\u003E\n\u003C\/svg\u003E\n    \u003Cspan\u003E4\u003C\/span\u003E\u0026nbsp;\u003Cspan\u003Ewebinaires\u003C\/span\u003E\n  \u003C\/div\u003E\n      \u003C\/div\u003E\n      \u003Cdiv class=\u0022card-evenement-elo-catalog__chapo\u0022\u003E\n      \n\u003Cdiv  data-component-id=\u0022front:wysiwyg\u0022 class=\u0022wysiwyg wysiwyg--small\u0022\u003ELes r\u00e9dactions de Fili\u00e8res Avicoles, Porcmag et PLM ainsi que nos partenaires vous proposent pour cette 5e \u00e9dition un ensemble de 7 webinaires\u2026\u003C\/div\u003E\n    \u003C\/div\u003E\n  \n\u003C\/div\u003E\n\u003C\/article\u003E\n  \t\t\t\u003Carticle  data-component-id=\u0022front:card-webinaire-catalog\u0022 class=\u0022card-webinaire-catalog group\u0022 data-campagne=\u0022Webi-ELO_SN_2025-Seenovia_encadre\u0022 data-contentId=\u00223092\u0022 rel=\u0022nofollow\u0022\u003E\n  \u003Cdiv class=\u0022card-webinaire-catalog__image\u0022\u003E\n      \t\t\t\t\t\t\u003Cimg  data-component-id=\u0022front:image\u0022 class=\u0022w-full h-full object-cover absolute inset-0\u0022 src=\u0022\/sites\/plm-magazine\/files\/2026-04\/EVT-EP-ELO_Sante_Nutrition_25-Webi_seenovia-accroche.jpg\u0022 alt=\u0022Webinaire Seenovia\u0022 title=\u0022Webinaire Seenovia\u0022 loading=\u0022eager\u0022 width=\u0022510\u0022 height=\u0022340\u0022\u003E          \u003Cdiv class=\u0022card-webinaire-catalog__duree \u0022\u003E\n        00:30:00\n      \u003C\/div\u003E\n        \u003Cdiv class=\u0022card-webinaire-catalog__badges\u0022\u003E\n      \t\t\n\u003Cspan  data-component-id=\u0022front:button-expand\u0022 class=\u0022button-expand button-expand--shadowed transition-within-parent\u0022 x-data=\u0022buttonExpand\u0022 :style=\u0022{ \u0026quot;--button-expand-label-width\u0026quot;: labelWidth }\u0022\u003E\n  \u003Cspan class=\u0022button-expand__icon\u0022\u003E\n    \n\u003Csvg  data-component-id=\u0022front:icon\u0022 class=\u0022icon icon--webinar\u0022\u003E\n  \u003Cuse xlink:href=\u0022\/themes\/custom\/plm\/dist\/assets\/images\/2e871604ef7778ce3dc1.svg#icon-webinar\u0022\u003E\u003C\/use\u003E\n\u003C\/svg\u003E\n  \u003C\/span\u003E\n  \u003Cspan class=\u0022button-expand__label\u0022 x-ref=\u0022label\u0022\u003Ewebinaire\u003C\/span\u003E\n\u003C\/span\u003E\n    \u003C\/div\u003E\n  \u003C\/div\u003E\n \u003Cdiv class=\u0022card-webinaire-catalog__body\u0022\u003E\n    \u003Cdiv class=\u0022text-[1.125em] leading-0 card-title\u0022\u003E\n            \u003Ca class=\u0022card-webinaire-catalog__title\u0022 href=\u0022\/webinaires\/comment-passer-de-30-a-42kg-de-lait-durablement-en-maitrisant-sa-marge-sur-cout\u0022 target=\u0022_self\u0022  data-campagne=\u0022Webi-ELO_SN_2025-Seenovia_encadre\u0022 data-contentId=\u00223092\u0022 rel=\u0022nofollow\u0022 title=\u0022Comment passer de 30 \u00e0 42kg de lait durablement en maitrisant sa marge sur co\u00fbt alimentaire ?\u0022\u003E\n        \n\u003Ch2  data-component-id=\u0022front:title\u0022 class=\u0022title title--small inline\u0022\u003EComment passer de 30 \u00e0 42kg de lait durablement en maitrisant sa marge sur\u2026\u003C\/h2\u003E\n      \u003C\/a\u003E\n                \u003C\/div\u003E\n\n    \u003Cdiv class=\u0022card-webinaire-catalog__date-info\u0022\u003E\n            \u003Cdiv class=\u0022card-webinaire-catalog__date\u0022\u003EReplay du\u0026nbsp;09\u0026nbsp;d\u00e9cembre\u0026nbsp;2025\u003C\/div\u003E\n                \u003C\/div\u003E\n\n          \u003Cdiv class=\u0022card-webinaire-catalog__organisateur\u0022\u003E\n        Par Seenovia \u0026amp; Eilyps\n      \u003C\/div\u003E\n    \n      \u003Cdiv class=\u0022card-webinaire-catalog__chapo\u0022\u003E\n        \n              \u003C\/div\u003E\n     \u003C\/div\u003E\n  \u003Cdiv class=\u0022card-webinaire-catalog__sponsor\u0022\u003E\n    Contenu sponsoris\u00e9\n  \u003C\/div\u003E\n\u003C\/article\u003E\n  \t\t\t\u003Carticle  data-component-id=\u0022front:card-webinaire-catalog\u0022 class=\u0022card-webinaire-catalog group\u0022 data-campagne=\u0022Webi-ELO_SN_2025-Ceva_encadre\u0022 data-contentId=\u00223091\u0022 rel=\u0022nofollow\u0022\u003E\n  \u003Cdiv class=\u0022card-webinaire-catalog__image\u0022\u003E\n      \t\t\t\t\t\t\u003Cimg  data-component-id=\u0022front:image\u0022 class=\u0022w-full h-full object-cover absolute inset-0\u0022 src=\u0022\/sites\/plm-magazine\/files\/2026-04\/EVT-EP-ELO_Sante_Nutrition_25-Webi_ceva-accroche.jpg\u0022 alt=\u0022Webinaire Ceva\u0022 title=\u0022Webinaire Ceva\u0022 loading=\u0022eager\u0022 width=\u0022510\u0022 height=\u0022340\u0022\u003E          \u003Cdiv class=\u0022card-webinaire-catalog__duree \u0022\u003E\n        00:30:00\n      \u003C\/div\u003E\n        \u003Cdiv class=\u0022card-webinaire-catalog__badges\u0022\u003E\n      \t\t\n\u003Cspan  data-component-id=\u0022front:button-expand\u0022 class=\u0022button-expand button-expand--shadowed transition-within-parent\u0022 x-data=\u0022buttonExpand\u0022 :style=\u0022{ \u0026quot;--button-expand-label-width\u0026quot;: labelWidth }\u0022\u003E\n  \u003Cspan class=\u0022button-expand__icon\u0022\u003E\n    \n\u003Csvg  data-component-id=\u0022front:icon\u0022 class=\u0022icon icon--webinar\u0022\u003E\n  \u003Cuse xlink:href=\u0022\/themes\/custom\/plm\/dist\/assets\/images\/2e871604ef7778ce3dc1.svg#icon-webinar\u0022\u003E\u003C\/use\u003E\n\u003C\/svg\u003E\n  \u003C\/span\u003E\n  \u003Cspan class=\u0022button-expand__label\u0022 x-ref=\u0022label\u0022\u003Ewebinaire\u003C\/span\u003E\n\u003C\/span\u003E\n    \u003C\/div\u003E\n  \u003C\/div\u003E\n \u003Cdiv class=\u0022card-webinaire-catalog__body\u0022\u003E\n    \u003Cdiv class=\u0022text-[1.125em] leading-0 card-title\u0022\u003E\n            \u003Ca class=\u0022card-webinaire-catalog__title\u0022 href=\u0022\/webinaires\/proteger-le-troupeau-laitier-prevention-et-rentabilite-face-aux-maladies-vectorielles\u0022 target=\u0022_self\u0022  data-campagne=\u0022Webi-ELO_SN_2025-Ceva_encadre\u0022 data-contentId=\u00223091\u0022 rel=\u0022nofollow\u0022 title=\u0022Prot\u00e9ger le troupeau laitier : pr\u00e9vention et rentabilit\u00e9 face aux maladies vectorielles\u0022\u003E\n        \n\u003Ch2  data-component-id=\u0022front:title\u0022 class=\u0022title title--small inline\u0022\u003EProt\u00e9ger le troupeau laitier : pr\u00e9vention et rentabilit\u00e9 face aux maladies\u2026\u003C\/h2\u003E\n      \u003C\/a\u003E\n                \u003C\/div\u003E\n\n    \u003Cdiv class=\u0022card-webinaire-catalog__date-info\u0022\u003E\n            \u003Cdiv class=\u0022card-webinaire-catalog__date\u0022\u003EReplay du\u0026nbsp;09\u0026nbsp;d\u00e9cembre\u0026nbsp;2025\u003C\/div\u003E\n                \u003C\/div\u003E\n\n          \u003Cdiv class=\u0022card-webinaire-catalog__organisateur\u0022\u003E\n        Par Ceva Sant\u00e9 Animale\n      \u003C\/div\u003E\n    \n      \u003Cdiv class=\u0022card-webinaire-catalog__chapo\u0022\u003E\n        \n              \u003C\/div\u003E\n     \u003C\/div\u003E\n  \u003Cdiv class=\u0022card-webinaire-catalog__sponsor\u0022\u003E\n    Contenu sponsoris\u00e9\n  \u003C\/div\u003E\n\u003C\/article\u003E\n\n          \u003C\/div\u003E\n                      \u003Cdiv class=\u0022flex justify-center mbs-8\u0022\u003E    \u003Cnav class=\u0022pager\u0022 aria-labelledby=\u0022pager-377736974\u0022\u003E\n    \u003Ch2 class=\u0022sr-only\u0022 id=\u0022pager-377736974\u0022\u003EPagination\u003C\/h2\u003E\n        \t\n\u003Cspan  data-component-id=\u0022front:button-icon\u0022 class=\u0022button-icon button-icon--primary is-disabled\u0022 aria-hidden=\u0022true\u0022\u003E\n  \n\u003Csvg  data-component-id=\u0022front:icon\u0022 class=\u0022icon icon--arrow-left\u0022\u003E\n  \u003Cuse xlink:href=\u0022\/themes\/custom\/plm\/dist\/assets\/images\/2e871604ef7778ce3dc1.svg#icon-arrow-left\u0022\u003E\u003C\/use\u003E\n\u003C\/svg\u003E\n\u003C\/span\u003E\n    \u003Cul class=\u0022pager__items\u0022\u003E\n                                \u003Cli class=\u0022leading-0\u0022\u003E\n                                                                \u003Ca\n            class=\u0022pager-item is-active\u0022\n            href=\u0022\/index.php\/recherche-ajax?\u0022\n            title=\u0022Page courante\u0022\n             aria-current=\u0022page\u0022\n          \u003E\n            \u003Cspan class=\u0022sr-only\u0022\u003EPage\u003C\/span\u003E1\u003C\/a\u003E\n        \u003C\/li\u003E\n              \u003Cli class=\u0022leading-0\u0022\u003E\n                                                    \u003Ca\n            class=\u0022pager-item\u0022\n            href=\u0022\/index.php\/recherche-ajax?page=1\u0022\n            title=\u0022Aller \u00e0 la page 2\u0022\n            \n          \u003E\n            \u003Cspan class=\u0022sr-only\u0022\u003EPage\u003C\/span\u003E2\u003C\/a\u003E\n        \u003C\/li\u003E\n              \u003Cli class=\u0022leading-0\u0022\u003E\n                                                    \u003Ca\n            class=\u0022pager-item\u0022\n            href=\u0022\/index.php\/recherche-ajax?page=2\u0022\n            title=\u0022Aller \u00e0 la page 3\u0022\n            \n          \u003E\n            \u003Cspan class=\u0022sr-only\u0022\u003EPage\u003C\/span\u003E3\u003C\/a\u003E\n        \u003C\/li\u003E\n              \u003Cli class=\u0022leading-0\u0022\u003E\n                                                    \u003Ca\n            class=\u0022pager-item\u0022\n            href=\u0022\/index.php\/recherche-ajax?page=3\u0022\n            title=\u0022Aller \u00e0 la page 4\u0022\n            \n          \u003E\n            \u003Cspan class=\u0022sr-only\u0022\u003EPage\u003C\/span\u003E4\u003C\/a\u003E\n        \u003C\/li\u003E\n              \u003Cli class=\u0022leading-0\u0022\u003E\n                                                    \u003Ca\n            class=\u0022pager-item\u0022\n            href=\u0022\/index.php\/recherche-ajax?page=4\u0022\n            title=\u0022Aller \u00e0 la page 5\u0022\n            \n          \u003E\n            \u003Cspan class=\u0022sr-only\u0022\u003EPage\u003C\/span\u003E5\u003C\/a\u003E\n        \u003C\/li\u003E\n                          \u003Cli class=\u0022leading-0\u0022\u003E\n          \u003Cspan class=\u0022pager-item pager-item--ellipsis\u0022\u003E\u0026hellip;\u003C\/span\u003E\n        \u003C\/li\u003E\n        \u003Cli class=\u0022leading-0\u0022\u003E\n          \u003Ca\n            class=\u0022pager-item pager-item--last\u0022\n            href=\u0022\/index.php\/recherche-ajax?page=79\u0022\n            title=\u0022Aller \u00e0 la derni\u00e8re page\u0022\n            \n          \u003E\n            \u003Cspan class=\u0022sr-only\u0022\u003EDerni\u00e8re page\u003C\/span\u003E\n            \u003Cspan aria-hidden=\u0022true\u0022\u003E80\u003C\/span\u003E\n          \u003C\/a\u003E\n        \u003C\/li\u003E\n          \u003C\/ul\u003E\n          \t\t\t\t\n\u003Ca  data-component-id=\u0022front:button-icon\u0022 class=\u0022button-icon button-icon--primary\u0022 href=\u0022\/index.php\/recherche-ajax?page=1\u0022 title=\u0022Aller \u00e0 la page suivante\u0022 rel=\u0022next\u0022 aria-label=\u0022Page suivante\u0022\u003E\n  \n\u003Csvg  data-component-id=\u0022front:icon\u0022 class=\u0022icon icon--arrow-right\u0022\u003E\n  \u003Cuse xlink:href=\u0022\/themes\/custom\/plm\/dist\/assets\/images\/2e871604ef7778ce3dc1.svg#icon-arrow-right\u0022\u003E\u003C\/use\u003E\n\u003C\/svg\u003E\n\u003C\/a\u003E\n  \u003C\/nav\u003E\n\u003C\/div\u003E\n                  \u003C\/div\u003E\n      \u003C\/div\u003E\n    \n"}