{"data":"    \n          \u003Cdiv class=\u0022th-section-gray-lighter\u0022\u003E\n        \u003Cdiv class=\u0022th-container pbe-8 sm:pbe-10\u0022\u003E\n          \u003Cdiv class=\u0022flex items-center justify-end pt-3 lg:pt-5 gap-2\u0022\u003E\n            \u003Cspan class=\u0022search-results-number flex-grow text-secondary\u0022\u003E2863 r\u00e9sultats\u003Cspan class=\u0022mobile-hidden\u0022\u003E\u0026nbsp;trouv\u00e9s\u003C\/span\u003E\u003C\/span\u003E\n            \u003Cdiv class=\u0022mobile-hidden\u0022\u003E\u003Cdiv class=\u0022form-item form-item--type-select form-item--name-order js-form-item js-form-type-select js-form-item-order\u0022\u003E\n      \u003Clabel for=\u0022edit-order\u0022\u003E\u003Cspan class=\u0022label-title\u0022\u003ETrier par\u003C\/span\u003E\u003C\/label\u003E\n            \u003Cdiv class=\u0022form-item__input-wrapper\u0022\u003E\n      \u003Cselect form=\u0022main-catalog-offer\u0022 data-drupal-selector=\u0022edit-order\u0022 id=\u0022edit-order\u0022 name=\u0022order\u0022 class=\u0022form-select\u0022 x-data x-select\u003E\n            \u003Coption value=\u0022score\u0022 selected=\u0022selected\u0022\u003EPertinence\u003C\/option\u003E\n                \u003Coption value=\u0022date-desc\u0022\u003ELes plus r\u00e9cents\u003C\/option\u003E\n                \u003Coption value=\u0022date-asc\u0022\u003ELes plus anciens\u003C\/option\u003E\n      \u003C\/select\u003E\n\n    \u003C\/div\u003E\n          \u003C\/div\u003E\n\u003C\/div\u003E\n            \u003Cfieldset form=\u0022main-catalog-offer\u0022 data-drupal-selector=\u0022edit-view\u0022 id=\u0022edit-view--wrapper\u0022 class=\u0022fieldgroup form-composite form-wrapper js-form-wrapper\u0022\u003E\n      \u003Clegend class=\u0022fieldset-legend\u0022\u003E\n    \u003Cspan\u003EAffichage: \u003C\/span\u003E\n  \u003C\/legend\u003E\n  \u003Cdiv class=\u0022fieldset-wrapper\u0022\u003E\n                \u003Cdiv id=\u0022edit-view\u0022 class=\u0022form-boxes\u0022\u003E\u003Cdiv class=\u0022form-item form-item--type-radio form-item--name-view js-form-item js-form-type-radio js-form-item-view\u0022\u003E\n            \u003Cinput form=\u0022main-catalog-offer\u0022 data-drupal-selector=\u0022edit-view-card\u0022 type=\u0022radio\u0022 id=\u0022edit-view-card\u0022 name=\u0022view\u0022 value=\u0022card\u0022 checked=\u0022checked\u0022 class=\u0022form-radio\u0022 \/\u003E\n\n          \u003Clabel for=\u0022edit-view-card\u0022 class=\u0022option\u0022\u003E\u003Cspan class=\u0022label-title\u0022\u003ECarte\u003C\/span\u003E\u003C\/label\u003E\n      \u003C\/div\u003E\n\u003Cdiv class=\u0022form-item form-item--type-radio form-item--name-view js-form-item js-form-type-radio js-form-item-view\u0022\u003E\n            \u003Cinput form=\u0022main-catalog-offer\u0022 data-drupal-selector=\u0022edit-view-ligne\u0022 type=\u0022radio\u0022 id=\u0022edit-view-ligne\u0022 name=\u0022view\u0022 value=\u0022ligne\u0022 class=\u0022form-radio\u0022 \/\u003E\n\n          \u003Clabel for=\u0022edit-view-ligne\u0022 class=\u0022option\u0022\u003E\u003Cspan class=\u0022label-title\u0022\u003ELigne\u003C\/span\u003E\u003C\/label\u003E\n      \u003C\/div\u003E\n\u003C\/div\u003E\n\n          \u003C\/div\u003E\n\u003C\/fieldset\u003E\n\n          \u003C\/div\u003E\n          \u003Cdiv class=\u0022search-header pt-3 lg:pt-5\u0022  x-data :class=\u0022{ \u0027with-menu-visible\u0027: $store.header.scrollDir !== \u0027down\u0027  }\u0022\u003E\n            \u003Cdiv class=\u0022secondary-filters flex gap-2\u0022\u003E\n              \t\n\u003Cbutton  data-component-id=\u0022front:button\u0022 class=\u0022button button--primary\u0022 id=\u0022open-filters\u0022\u003E\n      \u003Cspan class=\u0022button__icon\u0022\u003E\n      \n\u003Csvg  data-component-id=\u0022front:icon\u0022 class=\u0022icon icon--Union\u0022\u003E\n  \u003Cuse xlink:href=\u0022\/themes\/custom\/plm\/dist\/assets\/images\/2e871604ef7778ce3dc1.svg#icon-Union\u0022\u003E\u003C\/use\u003E\n\u003C\/svg\u003E\n    \u003C\/span\u003E\n    Filtres (0)\n\u003C\/button\u003E\n                                          \u003Cdiv class=\u0022moblie-only\u0022\u003E\n                \u003Cdiv class=\u0022form-item form-item--type-select form-item--name-order js-form-item js-form-type-select js-form-item-order\u0022\u003E\n      \u003Clabel for=\u0022edit-order\u0022\u003E\u003Cspan class=\u0022label-title\u0022\u003ETrier par\u003C\/span\u003E\u003C\/label\u003E\n            \u003Cdiv class=\u0022form-item__input-wrapper\u0022\u003E\n      \u003Cselect form=\u0022main-catalog-offer\u0022 data-drupal-selector=\u0022edit-order\u0022 id=\u0022edit-order\u0022 name=\u0022order\u0022 class=\u0022form-select\u0022 x-data x-select\u003E\n            \u003Coption value=\u0022score\u0022 selected=\u0022selected\u0022\u003EPertinence\u003C\/option\u003E\n                \u003Coption value=\u0022date-desc\u0022\u003ELes plus r\u00e9cents\u003C\/option\u003E\n                \u003Coption value=\u0022date-asc\u0022\u003ELes plus anciens\u003C\/option\u003E\n      \u003C\/select\u003E\n\n    \u003C\/div\u003E\n          \u003C\/div\u003E\n\n              \u003C\/div\u003E\n            \u003C\/div\u003E\n          \u003C\/div\u003E\n          \u003Cdiv class=\u0022search-list search-list-card search-list-column-4 gap-2\u0022\u003E\n            \n\u003Carticle  data-component-id=\u0022front:card-article\u0022 class=\u0022card-article group\u0022\u003E\n  \u003Cdiv class=\u0022card-article__image\u0022\u003E\n    \t\t\t\t\t\t\u003Cimg  data-component-id=\u0022front:image\u0022 class=\u0022w-full h-full object-contain absolute inset-0\u0022 src=\u0022\/sites\/plm-magazine\/files\/styles\/teaser\/public\/2024-06\/85edc8d2-2338-42d6-9652-53b6ad7e3a12.png.webp\u0022 alt=\u0022Affiche-normande.png\u0022 loading=\u0022lazy\u0022 width=\u0022423\u0022 height=\u0022320\u0022\u003E          \u003C\/div\u003E\n  \u003Cdiv class=\u0022card-article__body\u0022\u003E\n        \u003Cdiv class=\u0022text-[1.125em] leading-0 card-title\u0022\u003E\n                    \n      \u003Ca class=\u0022card-article__title\u0022 href=\u0022\/index.php\/actualites\/le-concours-national-normand-s-invite-a-rennes-du-28-au-30-mars-2025\u0022 target=\u0022_self\u0022  title=\u0022Le Concours National Normand s\u0026#039;invite \u00e0 Rennes du 28 au 30 mars 2025\u0022\u003E\n        \t\n\u003Ch2  data-component-id=\u0022front:title\u0022 class=\u0022title title--small inline\u0022 title=\u0022Le Concours National Normand s\u0026#039;invite \u00e0 Rennes du 28 au 30 mars 2025\u0022\u003ELe Concours National Normand s\u0026#039;invite \u00e0 Rennes du 28 au 30 mars 2025\u003C\/h2\u003E\n      \u003C\/a\u003E\n                \u003Cspan class=\u0022inline-flex align-middle\u0022\u003E\n        \n\u003Cspan  data-component-id=\u0022front:icon-padlock\u0022 class=\u0022icon-padlock icon-padlock--t1\u0022\u003E\n  \n\u003Csvg  data-component-id=\u0022front:icon\u0022 class=\u0022icon icon--padlock\u0022\u003E\n  \u003Cuse xlink:href=\u0022\/themes\/custom\/plm\/dist\/assets\/images\/2e871604ef7778ce3dc1.svg#icon-padlock\u0022\u003E\u003C\/use\u003E\n\u003C\/svg\u003E\n\u003C\/span\u003E\n      \u003C\/span\u003E\n          \u003C\/div\u003E\n    \n\u003Cdiv  data-component-id=\u0022front:wysiwyg\u0022 class=\u0022wysiwyg wysiwyg--small\u0022\u003ELes Normandes d\u00e9barquent \u00e0 Rennes, au Parc des Expositions, \u00e0 l\u0027occasion du National Normand 2025. L\u0027\u00e9v\u00e8nement, organis\u00e9 par l\u0027association Normande\u2026\u003C\/div\u003E\n          \u003Cdiv class=\u0022card-article__meta mbs-auto\u0022\u003E\n        \u003Ctime class=\u0022card-article__date\u0022 datetime=\u00222024-06-24T08:38:42+0200\u0022 x-data x-timestamp=\u00222024-06-24T08:38:42+0200\u0022\u003E24 Jun 2024\u003C\/time\u003E\n              \u003C\/div\u003E\n      \u003C\/div\u003E\n\u003C\/article\u003E\n  \t\t\t\u003Carticle  data-component-id=\u0022front:card-webinaire-catalog\u0022 class=\u0022card-webinaire-catalog group\u0022 data-campagne=\u0022Webi-ELO_GT_2026-Vetoquinol_encadre\u0022 data-contentId=\u00223122\u0022 rel=\u0022nofollow\u0022\u003E\n  \u003Cdiv class=\u0022card-webinaire-catalog__image\u0022\u003E\n      \t\t\t\t\t\t\u003Cimg  data-component-id=\u0022front:image\u0022 class=\u0022w-full h-full object-cover absolute inset-0\u0022 src=\u0022\/sites\/plm-magazine\/files\/2026-04\/EVT-PLM-ELO_Grands_troupeaux_26-Webi_vetoquinol-accroche.jpg\u0022 alt=\u0022Mammites : quels b\u00e9n\u00e9fices \u00e0 agir d\u00e8s les premiers signes ?\u0022 title=\u0022Mammites : quels b\u00e9n\u00e9fices \u00e0 agir d\u00e8s les premiers signes ?\u0022 loading=\u0022eager\u0022 width=\u0022510\u0022 height=\u0022340\u0022\u003E          \u003Cdiv class=\u0022card-webinaire-catalog__duree \u0022\u003E\n        00:30:00\n      \u003C\/div\u003E\n        \u003Cdiv class=\u0022card-webinaire-catalog__badges\u0022\u003E\n      \t\t\n\u003Cspan  data-component-id=\u0022front:button-expand\u0022 class=\u0022button-expand button-expand--shadowed transition-within-parent\u0022 x-data=\u0022buttonExpand\u0022 :style=\u0022{ \u0026quot;--button-expand-label-width\u0026quot;: labelWidth }\u0022\u003E\n  \u003Cspan class=\u0022button-expand__icon\u0022\u003E\n    \n\u003Csvg  data-component-id=\u0022front:icon\u0022 class=\u0022icon icon--webinar\u0022\u003E\n  \u003Cuse xlink:href=\u0022\/themes\/custom\/plm\/dist\/assets\/images\/2e871604ef7778ce3dc1.svg#icon-webinar\u0022\u003E\u003C\/use\u003E\n\u003C\/svg\u003E\n  \u003C\/span\u003E\n  \u003Cspan class=\u0022button-expand__label\u0022 x-ref=\u0022label\u0022\u003Ewebinaire\u003C\/span\u003E\n\u003C\/span\u003E\n    \u003C\/div\u003E\n  \u003C\/div\u003E\n \u003Cdiv class=\u0022card-webinaire-catalog__body\u0022\u003E\n    \u003Cdiv class=\u0022text-[1.125em] leading-0 card-title\u0022\u003E\n            \u003Ca class=\u0022card-webinaire-catalog__title\u0022 href=\u0022\/webinaires\/mammites-quels-benefices-a-agir-des-les-premiers-signes\u0022 target=\u0022_self\u0022  data-campagne=\u0022Webi-ELO_GT_2026-Vetoquinol_encadre\u0022 data-contentId=\u00223122\u0022 rel=\u0022nofollow\u0022 title=\u0022Mammites : quels b\u00e9n\u00e9fices \u00e0 agir d\u00e8s les premiers signes ?\u0022\u003E\n        \n\u003Ch2  data-component-id=\u0022front:title\u0022 class=\u0022title title--small inline\u0022\u003EMammites : quels b\u00e9n\u00e9fices \u00e0 agir d\u00e8s les premiers signes ?\u003C\/h2\u003E\n      \u003C\/a\u003E\n                \u003C\/div\u003E\n\n    \u003Cdiv class=\u0022card-webinaire-catalog__date-info\u0022\u003E\n            \u003Cdiv class=\u0022card-webinaire-catalog__date\u0022\u003EMardi\u0026nbsp;16\u0026nbsp;juin\u0026nbsp;2026\u003C\/div\u003E\n              \u003Cdiv class=\u0022card-webinaire-catalog__plage-horaire flex items-center gap-2\u0022\u003E\n        \u003Cspan class=\u0022inline-flex text-xl\u0022\u003E\n         \u003Csvg xmlns=\u0022http:\/\/www.w3.org\/2000\/svg\u0022 width=\u002217\u0022 height=\u002217\u0022 viewBox=\u00220 0 17 17\u0022 fill=\u0022none\u0022\u003E\n          \u003Cpath d=\u0022M8.13806 0.100098C12.5773 0.100242 16.1761 3.69895 16.1761 8.13818C16.176 12.5774 12.5772 16.1761 8.13806 16.1763C3.69883 16.1762 0.10012 12.5774 0.0999756 8.13818C0.100044 3.6989 3.69878 0.100167 8.13806 0.100098ZM8.13806 1.6001C4.52721 1.60017 1.60004 4.52733 1.59998 8.13818C1.60012 11.749 4.52725 14.6762 8.13806 14.6763C11.7488 14.6761 14.676 11.7489 14.6761 8.13818C14.6761 4.52738 11.7489 1.60024 8.13806 1.6001ZM8.13806 3.01514C8.55217 3.01526 8.88806 3.351 8.88806 3.76514V7.38818H12.5111C12.9252 7.38837 13.2611 7.72409 13.2611 8.13818C13.261 8.55216 12.9251 8.88799 12.5111 8.88818H8.13806C7.72394 8.88818 7.38821 8.55227 7.38806 8.13818V3.76514C7.38806 3.35092 7.72385 3.01514 8.13806 3.01514Z\u0022 fill=\u0022black\u0022\/\u003E\n          \u003Cpath d=\u0022M8.13806 0.100098L8.13806 9.76548e-05H8.13806L8.13806 0.100098ZM16.1761 8.13818L16.2761 8.13819V8.13818L16.1761 8.13818ZM8.13806 16.1763L8.13806 16.2763H8.13806L8.13806 16.1763ZM0.0999756 8.13818L-2.44156e-05 8.13818V8.13819L0.0999756 8.13818ZM8.13806 1.6001L8.13807 1.5001H8.13806L8.13806 1.6001ZM1.59998 8.13818L1.49998 8.13818V8.13819L1.59998 8.13818ZM8.13806 14.6763L8.13806 14.7763H8.13807L8.13806 14.6763ZM14.6761 8.13818L14.7761 8.13819V8.13818L14.6761 8.13818ZM8.13806 3.01514L8.13809 2.91514H8.13806V3.01514ZM8.88806 3.76514H8.98806V3.76514H8.88806ZM8.88806 7.38818H8.78806C8.78806 7.44341 8.83283 7.48818 8.88806 7.48818V7.38818ZM12.5111 7.38818L12.5112 7.28818H12.5111V7.38818ZM13.2611 8.13818L13.3611 8.13822V8.13818H13.2611ZM12.5111 8.88818V8.98818H12.5112L12.5111 8.88818ZM8.13806 8.88818V8.78818V8.88818ZM7.38806 8.13818H7.28806V8.13822L7.38806 8.13818ZM7.38806 3.76514H7.48806V3.76514H7.38806ZM8.13806 0.100098L8.13806 0.200098C12.5221 0.20024 16.0761 3.75418 16.0761 8.13819L16.1761 8.13818L16.2761 8.13818C16.2761 3.64372 12.6325 0.000244059 8.13806 9.76548e-05L8.13806 0.100098ZM16.1761 8.13818L16.0761 8.13818C16.076 12.5221 12.522 16.0761 8.13806 16.0763L8.13806 16.1763L8.13806 16.2763C12.6325 16.2761 16.276 12.6326 16.2761 8.13819L16.1761 8.13818ZM8.13806 16.1763L8.13806 16.0763C3.75406 16.0762 0.200118 12.5222 0.199976 8.13818L0.0999756 8.13818L-2.44156e-05 8.13819C0.000121988 12.6326 3.6436 16.2762 8.13806 16.2763L8.13806 16.1763ZM0.0999756 8.13818L0.199976 8.13819C0.200044 3.75413 3.75401 0.200166 8.13806 0.200098L8.13806 0.100098L8.13806 9.76548e-05C3.64355 0.000167377 4.53144e-05 3.64367 -2.44156e-05 8.13818L0.0999756 8.13818ZM8.13806 1.6001L8.13806 1.5001C4.47198 1.50017 1.50005 4.4721 1.49998 8.13818L1.59998 8.13818L1.69998 8.13819C1.70004 4.58256 4.58244 1.70017 8.13806 1.7001L8.13806 1.6001ZM1.59998 8.13818L1.49998 8.13819C1.50012 11.8042 4.47202 14.7762 8.13806 14.7763L8.13806 14.6763L8.13806 14.5763C4.58248 14.5762 1.70012 11.6937 1.69998 8.13818L1.59998 8.13818ZM8.13806 14.6763L8.13807 14.7763C11.804 14.7761 14.776 11.8042 14.7761 8.13819L14.6761 8.13818L14.5761 8.13818C14.576 11.6937 11.6936 14.5761 8.13806 14.5763L8.13806 14.6763ZM14.6761 8.13818L14.7761 8.13818C14.7761 4.47214 11.8041 1.50024 8.13807 1.5001L8.13806 1.6001L8.13806 1.7001C11.6936 1.70024 14.5761 4.58261 14.5761 8.13819L14.6761 8.13818ZM8.13806 3.01514L8.13803 3.11514C8.49696 3.11525 8.78806 3.40626 8.78806 3.76514H8.88806H8.98806C8.98806 3.29574 8.60737 2.91528 8.13809 2.91514L8.13806 3.01514ZM8.88806 3.76514H8.78806V7.38818H8.88806H8.98806V3.76514H8.88806ZM8.88806 7.38818V7.48818H12.5111V7.38818V7.28818H8.88806V7.38818ZM12.5111 7.38818L12.5111 7.48818C12.87 7.48835 13.1611 7.77936 13.1611 8.13818H13.2611H13.3611C13.3611 7.66881 12.9804 7.2884 12.5112 7.28818L12.5111 7.38818ZM13.2611 8.13818L13.1611 8.13815C13.161 8.49691 12.8698 8.78802 12.5111 8.78818L12.5111 8.88818L12.5112 8.98818C12.9803 8.98797 13.3609 8.6074 13.3611 8.13822L13.2611 8.13818ZM12.5111 8.88818V8.78818H8.13806V8.88818V8.98818H12.5111V8.88818ZM8.13806 8.88818V8.78818C7.7792 8.78818 7.48819 8.49707 7.48806 8.13815L7.38806 8.13818L7.28806 8.13822C7.28823 8.60747 7.66867 8.98818 8.13806 8.98818V8.88818ZM7.38806 8.13818H7.48806V3.76514H7.38806H7.28806V8.13818H7.38806ZM7.38806 3.76514H7.48806C7.48806 3.40615 7.77908 3.11514 8.13806 3.11514V3.01514V2.91514C7.66862 2.91514 7.28806 3.29569 7.28806 3.76514H7.38806Z\u0022 fill=\u0022black\u0022\/\u003E\n          \u003C\/svg\u003E\n        \u003C\/span\u003E\n          \u003Cspan class=\u0022\u0022\u003E14:00 - 14:30\u003C\/span\u003E\n        \u003C\/div\u003E\n                \u003C\/div\u003E\n\n          \u003Cdiv class=\u0022card-webinaire-catalog__organisateur\u0022\u003E\n        Par Vetoquinol\n      \u003C\/div\u003E\n    \n      \u003Cdiv class=\u0022card-webinaire-catalog__chapo\u0022\u003E\n        \n              \u003C\/div\u003E\n     \u003C\/div\u003E\n  \u003Cdiv class=\u0022card-webinaire-catalog__sponsor\u0022\u003E\n    Contenu sponsoris\u00e9\n  \u003C\/div\u003E\n\u003C\/article\u003E\n\n\u003Carticle  data-component-id=\u0022front:card-article\u0022 class=\u0022card-article group\u0022\u003E\n  \u003Cdiv class=\u0022card-article__image\u0022\u003E\n    \t\t\t\t\t\t\u003Cimg  data-component-id=\u0022front:image\u0022 class=\u0022w-full h-full object-contain absolute inset-0\u0022 src=\u0022\/sites\/plm-magazine\/files\/styles\/teaser\/public\/2024-06\/4b72d071-1921-4443-9f7a-87d83a796476.png.webp\u0022 alt=\u0022citerne-sanders.png\u0022 loading=\u0022lazy\u0022 width=\u0022480\u0022 height=\u0022246\u0022\u003E          \u003C\/div\u003E\n  \u003Cdiv class=\u0022card-article__body\u0022\u003E\n        \u003Cdiv class=\u0022text-[1.125em] leading-0 card-title\u0022\u003E\n                    \n      \u003Ca class=\u0022card-article__title\u0022 href=\u0022\/index.php\/actualites\/cette-nouvelle-citerne-reduit-de-95-les-risques-de-chutes\u0022 target=\u0022_self\u0022  title=\u0022Cette nouvelle citerne r\u00e9duit de 95 % les risques de chutes\u0022\u003E\n        \t\n\u003Ch2  data-component-id=\u0022front:title\u0022 class=\u0022title title--small inline\u0022 title=\u0022Cette nouvelle citerne r\u00e9duit de 95 % les risques de chutes\u0022\u003ECette nouvelle citerne r\u00e9duit de 95 % les risques de chutes\u003C\/h2\u003E\n      \u003C\/a\u003E\n                \u003Cspan class=\u0022inline-flex align-middle\u0022\u003E\n        \n\u003Cspan  data-component-id=\u0022front:icon-padlock\u0022 class=\u0022icon-padlock icon-padlock--t1\u0022\u003E\n  \n\u003Csvg  data-component-id=\u0022front:icon\u0022 class=\u0022icon icon--padlock\u0022\u003E\n  \u003Cuse xlink:href=\u0022\/themes\/custom\/plm\/dist\/assets\/images\/2e871604ef7778ce3dc1.svg#icon-padlock\u0022\u003E\u003C\/use\u003E\n\u003C\/svg\u003E\n\u003C\/span\u003E\n      \u003C\/span\u003E\n          \u003C\/div\u003E\n    \n\u003Cdiv  data-component-id=\u0022front:wysiwyg\u0022 class=\u0022wysiwyg wysiwyg--small\u0022\u003ESanders, Ecovrac et Guiomar testent, cet \u00e9t\u00e9, une nouvelle citerne d\u0027aliment pour b\u00e9tail, sur les routes de l\u0027Ouest. Elle roule avec OLEO 100,\u2026\u003C\/div\u003E\n          \u003Cdiv class=\u0022card-article__meta mbs-auto\u0022\u003E\n        \u003Ctime class=\u0022card-article__date\u0022 datetime=\u00222024-06-20T07:00:00+0200\u0022 x-data x-timestamp=\u00222024-06-20T07:00:00+0200\u0022\u003E20 Jun 2024\u003C\/time\u003E\n              \u003C\/div\u003E\n      \u003C\/div\u003E\n\u003C\/article\u003E\n\n\u003Carticle  data-component-id=\u0022front:card-article\u0022 class=\u0022card-article group\u0022\u003E\n  \u003Cdiv class=\u0022card-article__image\u0022\u003E\n    \t\t\t\t\t\t\u003Cimg  data-component-id=\u0022front:image\u0022 class=\u0022w-full h-full object-contain absolute inset-0\u0022 src=\u0022\/sites\/plm-magazine\/files\/styles\/teaser\/public\/2024-06\/fa3437fe-da9f-4d56-b245-b30284f04ab9.jpg.webp\u0022 alt=\u0022hermjan-elke.jpg\u0022 loading=\u0022lazy\u0022 width=\u0022421\u0022 height=\u0022320\u0022\u003E          \u003C\/div\u003E\n  \u003Cdiv class=\u0022card-article__body\u0022\u003E\n        \u003Cdiv class=\u0022text-[1.125em] leading-0 card-title\u0022\u003E\n                    \n      \u003Ca class=\u0022card-article__title\u0022 href=\u0022\/index.php\/actualites\/38-h-de-travail-en-plus-par-semaine-pour-passer-a-360-vl\u0022 target=\u0022_self\u0022  title=\u002238 h de travail en plus par semaine pour passer \u00e0 360 VL\u0022\u003E\n        \t\n\u003Ch2  data-component-id=\u0022front:title\u0022 class=\u0022title title--small inline\u0022 title=\u002238 h de travail en plus par semaine pour passer \u00e0 360 VL\u0022\u003E38 h de travail en plus par semaine pour passer \u00e0 360 VL\u003C\/h2\u003E\n      \u003C\/a\u003E\n                \u003Cspan class=\u0022inline-flex align-middle\u0022\u003E\n        \n\u003Cspan  data-component-id=\u0022front:icon-padlock\u0022 class=\u0022icon-padlock icon-padlock--t1\u0022\u003E\n  \n\u003Csvg  data-component-id=\u0022front:icon\u0022 class=\u0022icon icon--padlock\u0022\u003E\n  \u003Cuse xlink:href=\u0022\/themes\/custom\/plm\/dist\/assets\/images\/2e871604ef7778ce3dc1.svg#icon-padlock\u0022\u003E\u003C\/use\u003E\n\u003C\/svg\u003E\n\u003C\/span\u003E\n      \u003C\/span\u003E\n          \u003C\/div\u003E\n    \n\u003Cdiv  data-component-id=\u0022front:wysiwyg\u0022 class=\u0022wysiwyg wysiwyg--small\u0022\u003EHermjan Darwinkel et Elke Smulders ont fait les calculs. \u00ab Actuellement, pour g\u00e9rer le travail avec 270 vaches \u00e0 la traite, il faut 176,5 heures de\u2026\u003C\/div\u003E\n          \u003Cdiv class=\u0022card-article__meta mbs-auto\u0022\u003E\n        \u003Ctime class=\u0022card-article__date\u0022 datetime=\u00222024-06-19T05:43:00+0200\u0022 x-data x-timestamp=\u00222024-06-19T05:43:00+0200\u0022\u003E19 Jun 2024\u003C\/time\u003E\n              \u003C\/div\u003E\n      \u003C\/div\u003E\n\u003C\/article\u003E\n\n\u003Carticle  data-component-id=\u0022front:card-article\u0022 class=\u0022card-article group\u0022\u003E\n  \u003Cdiv class=\u0022card-article__image\u0022\u003E\n    \t\t\t\t\t\t\u003Cimg  data-component-id=\u0022front:image\u0022 class=\u0022w-full h-full object-contain absolute inset-0\u0022 src=\u0022\/sites\/plm-magazine\/files\/styles\/teaser\/public\/2024-06\/9008ef6d-7bd2-43bf-8ed5-3bd611e322a0.jpg.webp\u0022 alt=\u0022soja-adobestock.jpg\u0022 loading=\u0022lazy\u0022 width=\u0022480\u0022 height=\u0022320\u0022\u003E          \u003C\/div\u003E\n  \u003Cdiv class=\u0022card-article__body\u0022\u003E\n        \u003Cdiv class=\u0022text-[1.125em] leading-0 card-title\u0022\u003E\n                    \n      \u003Ca class=\u0022card-article__title\u0022 href=\u0022\/index.php\/actualites\/le-soja-risque-de-couter-tres-cher-cet-hiver\u0022 target=\u0022_self\u0022  title=\u0022Le soja risque de co\u00fbter tr\u00e8s cher cet hiver\u0022\u003E\n        \t\n\u003Ch2  data-component-id=\u0022front:title\u0022 class=\u0022title title--small inline\u0022 title=\u0022Le soja risque de co\u00fbter tr\u00e8s cher cet hiver\u0022\u003ELe soja risque de co\u00fbter tr\u00e8s cher cet hiver\u003C\/h2\u003E\n      \u003C\/a\u003E\n                \u003Cspan class=\u0022inline-flex align-middle\u0022\u003E\n        \n\u003Cspan  data-component-id=\u0022front:icon-padlock\u0022 class=\u0022icon-padlock icon-padlock--t1\u0022\u003E\n  \n\u003Csvg  data-component-id=\u0022front:icon\u0022 class=\u0022icon icon--padlock\u0022\u003E\n  \u003Cuse xlink:href=\u0022\/themes\/custom\/plm\/dist\/assets\/images\/2e871604ef7778ce3dc1.svg#icon-padlock\u0022\u003E\u003C\/use\u003E\n\u003C\/svg\u003E\n\u003C\/span\u003E\n      \u003C\/span\u003E\n          \u003C\/div\u003E\n    \n\u003Cdiv  data-component-id=\u0022front:wysiwyg\u0022 class=\u0022wysiwyg wysiwyg--small\u0022\u003E Les entreprises de nutrition animale tirent la sonnette d\u2019alarme. Elles disent  \u00ab manquer cruellement de visibilit\u00e9 quant \u00e0 l\u2019offre qu\u2019elles\u2026\u003C\/div\u003E\n          \u003Cdiv class=\u0022card-article__meta mbs-auto\u0022\u003E\n        \u003Ctime class=\u0022card-article__date\u0022 datetime=\u00222024-06-18T04:19:00+0200\u0022 x-data x-timestamp=\u00222024-06-18T04:19:00+0200\u0022\u003E18 Jun 2024\u003C\/time\u003E\n              \u003C\/div\u003E\n      \u003C\/div\u003E\n\u003C\/article\u003E\n\n\u003Carticle  data-component-id=\u0022front:card-article\u0022 class=\u0022card-article group\u0022\u003E\n  \u003Cdiv class=\u0022card-article__image\u0022\u003E\n    \t\t\t\t\t\t\u003Cimg  data-component-id=\u0022front:image\u0022 class=\u0022w-full h-full object-contain absolute inset-0\u0022 src=\u0022\/sites\/plm-magazine\/files\/styles\/teaser\/public\/2024-06\/fa03b666-f342-4e46-8cbb-2a9ad477c6f3.png.webp\u0022 alt=\u0022brune.png\u0022 loading=\u0022lazy\u0022 width=\u0022418\u0022 height=\u0022320\u0022\u003E          \u003C\/div\u003E\n  \u003Cdiv class=\u0022card-article__body\u0022\u003E\n        \u003Cdiv class=\u0022text-[1.125em] leading-0 card-title\u0022\u003E\n                    \n      \u003Ca class=\u0022card-article__title\u0022 href=\u0022\/index.php\/actualites\/le-meilleur-elevage-francais-de-race-brune-vend-tout-son-troupeau-le-24-juin\u0022 target=\u0022_self\u0022  title=\u0022Le meilleur \u00e9levage fran\u00e7ais de race Brune vend tout son troupeau le 24 juin\u0022\u003E\n        \t\n\u003Ch2  data-component-id=\u0022front:title\u0022 class=\u0022title title--small inline\u0022 title=\u0022Le meilleur \u00e9levage fran\u00e7ais de race Brune vend tout son troupeau le 24 juin\u0022\u003ELe meilleur \u00e9levage fran\u00e7ais de race Brune vend tout son troupeau le 24\u2026\u003C\/h2\u003E\n      \u003C\/a\u003E\n                \u003C\/div\u003E\n    \n\u003Cdiv  data-component-id=\u0022front:wysiwyg\u0022 class=\u0022wysiwyg wysiwyg--small\u0022\u003EApr\u00e8s 40 ans de travail de la g\u00e9n\u00e9tique Brune, les associ\u00e9s du Gaec du Rial prennent leur retraite. Les adh\u00e9rents\u00a0de l\u0027organisme de s\u00e9lection de la\u2026\u003C\/div\u003E\n          \u003Cdiv class=\u0022card-article__meta mbs-auto\u0022\u003E\n        \u003Ctime class=\u0022card-article__date\u0022 datetime=\u00222024-06-17T16:20:22+0200\u0022 x-data x-timestamp=\u00222024-06-17T16:20:22+0200\u0022\u003E17 Jun 2024\u003C\/time\u003E\n              \u003C\/div\u003E\n      \u003C\/div\u003E\n\u003C\/article\u003E\n  \t\t\t\u003Carticle  data-component-id=\u0022front:card-webinaire-catalog\u0022 class=\u0022card-webinaire-catalog group\u0022 data-campagne=\u0022Webi-ELO_GT_2026-Trouw_nutrition_encadre\u0022 data-contentId=\u00223123\u0022 rel=\u0022nofollow\u0022\u003E\n  \u003Cdiv class=\u0022card-webinaire-catalog__image\u0022\u003E\n      \t\t\t\t\t\t\u003Cimg  data-component-id=\u0022front:image\u0022 class=\u0022w-full h-full object-cover absolute inset-0\u0022 src=\u0022\/sites\/plm-magazine\/files\/2026-04\/EVT-PLM-ELO_Grands_troupeaux_26-Webi_trouw-nutrition-accroche.jpg\u0022 alt=\u0022Alimentation des veaux\u00a0: et si on faisait fausse route\u00a0?\u0022 title=\u0022Alimentation des veaux\u00a0: et si on faisait fausse route\u00a0?\u0022 loading=\u0022eager\u0022 width=\u0022510\u0022 height=\u0022340\u0022\u003E          \u003Cdiv class=\u0022card-webinaire-catalog__duree \u0022\u003E\n        00:30:00\n      \u003C\/div\u003E\n        \u003Cdiv class=\u0022card-webinaire-catalog__badges\u0022\u003E\n      \t\t\n\u003Cspan  data-component-id=\u0022front:button-expand\u0022 class=\u0022button-expand button-expand--shadowed transition-within-parent\u0022 x-data=\u0022buttonExpand\u0022 :style=\u0022{ \u0026quot;--button-expand-label-width\u0026quot;: labelWidth }\u0022\u003E\n  \u003Cspan class=\u0022button-expand__icon\u0022\u003E\n    \n\u003Csvg  data-component-id=\u0022front:icon\u0022 class=\u0022icon icon--webinar\u0022\u003E\n  \u003Cuse xlink:href=\u0022\/themes\/custom\/plm\/dist\/assets\/images\/2e871604ef7778ce3dc1.svg#icon-webinar\u0022\u003E\u003C\/use\u003E\n\u003C\/svg\u003E\n  \u003C\/span\u003E\n  \u003Cspan class=\u0022button-expand__label\u0022 x-ref=\u0022label\u0022\u003Ewebinaire\u003C\/span\u003E\n\u003C\/span\u003E\n    \u003C\/div\u003E\n  \u003C\/div\u003E\n \u003Cdiv class=\u0022card-webinaire-catalog__body\u0022\u003E\n    \u003Cdiv class=\u0022text-[1.125em] leading-0 card-title\u0022\u003E\n            \u003Ca class=\u0022card-webinaire-catalog__title\u0022 href=\u0022\/webinaires\/alimentation-des-veaux-et-si-faisait-fausse-route\u0022 target=\u0022_self\u0022  data-campagne=\u0022Webi-ELO_GT_2026-Trouw_nutrition_encadre\u0022 data-contentId=\u00223123\u0022 rel=\u0022nofollow\u0022 title=\u0022Alimentation des veaux\u00a0: et si on faisait fausse route ?\u0022\u003E\n        \n\u003Ch2  data-component-id=\u0022front:title\u0022 class=\u0022title title--small inline\u0022\u003EAlimentation des veaux\u00a0: et si on faisait fausse route ?\u003C\/h2\u003E\n      \u003C\/a\u003E\n                \u003C\/div\u003E\n\n    \u003Cdiv class=\u0022card-webinaire-catalog__date-info\u0022\u003E\n            \u003Cdiv class=\u0022card-webinaire-catalog__date\u0022\u003EMardi\u0026nbsp;16\u0026nbsp;juin\u0026nbsp;2026\u003C\/div\u003E\n              \u003Cdiv class=\u0022card-webinaire-catalog__plage-horaire flex items-center gap-2\u0022\u003E\n        \u003Cspan class=\u0022inline-flex text-xl\u0022\u003E\n         \u003Csvg xmlns=\u0022http:\/\/www.w3.org\/2000\/svg\u0022 width=\u002217\u0022 height=\u002217\u0022 viewBox=\u00220 0 17 17\u0022 fill=\u0022none\u0022\u003E\n          \u003Cpath d=\u0022M8.13806 0.100098C12.5773 0.100242 16.1761 3.69895 16.1761 8.13818C16.176 12.5774 12.5772 16.1761 8.13806 16.1763C3.69883 16.1762 0.10012 12.5774 0.0999756 8.13818C0.100044 3.6989 3.69878 0.100167 8.13806 0.100098ZM8.13806 1.6001C4.52721 1.60017 1.60004 4.52733 1.59998 8.13818C1.60012 11.749 4.52725 14.6762 8.13806 14.6763C11.7488 14.6761 14.676 11.7489 14.6761 8.13818C14.6761 4.52738 11.7489 1.60024 8.13806 1.6001ZM8.13806 3.01514C8.55217 3.01526 8.88806 3.351 8.88806 3.76514V7.38818H12.5111C12.9252 7.38837 13.2611 7.72409 13.2611 8.13818C13.261 8.55216 12.9251 8.88799 12.5111 8.88818H8.13806C7.72394 8.88818 7.38821 8.55227 7.38806 8.13818V3.76514C7.38806 3.35092 7.72385 3.01514 8.13806 3.01514Z\u0022 fill=\u0022black\u0022\/\u003E\n          \u003Cpath d=\u0022M8.13806 0.100098L8.13806 9.76548e-05H8.13806L8.13806 0.100098ZM16.1761 8.13818L16.2761 8.13819V8.13818L16.1761 8.13818ZM8.13806 16.1763L8.13806 16.2763H8.13806L8.13806 16.1763ZM0.0999756 8.13818L-2.44156e-05 8.13818V8.13819L0.0999756 8.13818ZM8.13806 1.6001L8.13807 1.5001H8.13806L8.13806 1.6001ZM1.59998 8.13818L1.49998 8.13818V8.13819L1.59998 8.13818ZM8.13806 14.6763L8.13806 14.7763H8.13807L8.13806 14.6763ZM14.6761 8.13818L14.7761 8.13819V8.13818L14.6761 8.13818ZM8.13806 3.01514L8.13809 2.91514H8.13806V3.01514ZM8.88806 3.76514H8.98806V3.76514H8.88806ZM8.88806 7.38818H8.78806C8.78806 7.44341 8.83283 7.48818 8.88806 7.48818V7.38818ZM12.5111 7.38818L12.5112 7.28818H12.5111V7.38818ZM13.2611 8.13818L13.3611 8.13822V8.13818H13.2611ZM12.5111 8.88818V8.98818H12.5112L12.5111 8.88818ZM8.13806 8.88818V8.78818V8.88818ZM7.38806 8.13818H7.28806V8.13822L7.38806 8.13818ZM7.38806 3.76514H7.48806V3.76514H7.38806ZM8.13806 0.100098L8.13806 0.200098C12.5221 0.20024 16.0761 3.75418 16.0761 8.13819L16.1761 8.13818L16.2761 8.13818C16.2761 3.64372 12.6325 0.000244059 8.13806 9.76548e-05L8.13806 0.100098ZM16.1761 8.13818L16.0761 8.13818C16.076 12.5221 12.522 16.0761 8.13806 16.0763L8.13806 16.1763L8.13806 16.2763C12.6325 16.2761 16.276 12.6326 16.2761 8.13819L16.1761 8.13818ZM8.13806 16.1763L8.13806 16.0763C3.75406 16.0762 0.200118 12.5222 0.199976 8.13818L0.0999756 8.13818L-2.44156e-05 8.13819C0.000121988 12.6326 3.6436 16.2762 8.13806 16.2763L8.13806 16.1763ZM0.0999756 8.13818L0.199976 8.13819C0.200044 3.75413 3.75401 0.200166 8.13806 0.200098L8.13806 0.100098L8.13806 9.76548e-05C3.64355 0.000167377 4.53144e-05 3.64367 -2.44156e-05 8.13818L0.0999756 8.13818ZM8.13806 1.6001L8.13806 1.5001C4.47198 1.50017 1.50005 4.4721 1.49998 8.13818L1.59998 8.13818L1.69998 8.13819C1.70004 4.58256 4.58244 1.70017 8.13806 1.7001L8.13806 1.6001ZM1.59998 8.13818L1.49998 8.13819C1.50012 11.8042 4.47202 14.7762 8.13806 14.7763L8.13806 14.6763L8.13806 14.5763C4.58248 14.5762 1.70012 11.6937 1.69998 8.13818L1.59998 8.13818ZM8.13806 14.6763L8.13807 14.7763C11.804 14.7761 14.776 11.8042 14.7761 8.13819L14.6761 8.13818L14.5761 8.13818C14.576 11.6937 11.6936 14.5761 8.13806 14.5763L8.13806 14.6763ZM14.6761 8.13818L14.7761 8.13818C14.7761 4.47214 11.8041 1.50024 8.13807 1.5001L8.13806 1.6001L8.13806 1.7001C11.6936 1.70024 14.5761 4.58261 14.5761 8.13819L14.6761 8.13818ZM8.13806 3.01514L8.13803 3.11514C8.49696 3.11525 8.78806 3.40626 8.78806 3.76514H8.88806H8.98806C8.98806 3.29574 8.60737 2.91528 8.13809 2.91514L8.13806 3.01514ZM8.88806 3.76514H8.78806V7.38818H8.88806H8.98806V3.76514H8.88806ZM8.88806 7.38818V7.48818H12.5111V7.38818V7.28818H8.88806V7.38818ZM12.5111 7.38818L12.5111 7.48818C12.87 7.48835 13.1611 7.77936 13.1611 8.13818H13.2611H13.3611C13.3611 7.66881 12.9804 7.2884 12.5112 7.28818L12.5111 7.38818ZM13.2611 8.13818L13.1611 8.13815C13.161 8.49691 12.8698 8.78802 12.5111 8.78818L12.5111 8.88818L12.5112 8.98818C12.9803 8.98797 13.3609 8.6074 13.3611 8.13822L13.2611 8.13818ZM12.5111 8.88818V8.78818H8.13806V8.88818V8.98818H12.5111V8.88818ZM8.13806 8.88818V8.78818C7.7792 8.78818 7.48819 8.49707 7.48806 8.13815L7.38806 8.13818L7.28806 8.13822C7.28823 8.60747 7.66867 8.98818 8.13806 8.98818V8.88818ZM7.38806 8.13818H7.48806V3.76514H7.38806H7.28806V8.13818H7.38806ZM7.38806 3.76514H7.48806C7.48806 3.40615 7.77908 3.11514 8.13806 3.11514V3.01514V2.91514C7.66862 2.91514 7.28806 3.29569 7.28806 3.76514H7.38806Z\u0022 fill=\u0022black\u0022\/\u003E\n          \u003C\/svg\u003E\n        \u003C\/span\u003E\n          \u003Cspan class=\u0022\u0022\u003E15:00 - 15:30\u003C\/span\u003E\n        \u003C\/div\u003E\n                \u003C\/div\u003E\n\n          \u003Cdiv class=\u0022card-webinaire-catalog__organisateur\u0022\u003E\n        Par Trouw Nutrition\n      \u003C\/div\u003E\n    \n      \u003Cdiv class=\u0022card-webinaire-catalog__chapo\u0022\u003E\n        \n              \u003C\/div\u003E\n     \u003C\/div\u003E\n  \u003Cdiv class=\u0022card-webinaire-catalog__sponsor\u0022\u003E\n    Contenu sponsoris\u00e9\n  \u003C\/div\u003E\n\u003C\/article\u003E\n\n\u003Carticle  data-component-id=\u0022front:card-article\u0022 class=\u0022card-article group\u0022\u003E\n  \u003Cdiv class=\u0022card-article__image\u0022\u003E\n    \t\t\t\t\t\t\u003Cimg  data-component-id=\u0022front:image\u0022 class=\u0022w-full h-full object-contain absolute inset-0\u0022 src=\u0022\/sites\/plm-magazine\/files\/styles\/teaser\/public\/2024-06\/ed7fd7f2-be5e-41f5-b187-01aedb896187.jpg.webp\u0022 alt=\u0022Visuel-calculatrice-TRI.jpg\u0022 loading=\u0022lazy\u0022 width=\u0022480\u0022 height=\u0022320\u0022\u003E          \u003C\/div\u003E\n  \u003Cdiv class=\u0022card-article__body\u0022\u003E\n        \u003Cdiv class=\u0022text-[1.125em] leading-0 card-title\u0022\u003E\n                    \n      \u003Ca class=\u0022card-article__title\u0022 href=\u0022\/index.php\/actualites\/vermifugation-selective-ceva-sante-animale-propose-une-calculatrice-en-ligne\u0022 target=\u0022_self\u0022  title=\u0022Vermifugation s\u00e9lective : Ceva Sant\u00e9 Animale propose une calculatrice en ligne\u0022\u003E\n        \t\n\u003Ch2  data-component-id=\u0022front:title\u0022 class=\u0022title title--small inline\u0022 title=\u0022Vermifugation s\u00e9lective : Ceva Sant\u00e9 Animale propose une calculatrice en ligne\u0022\u003EVermifugation s\u00e9lective : Ceva Sant\u00e9 Animale propose une calculatrice en\u2026\u003C\/h2\u003E\n      \u003C\/a\u003E\n                \u003Cspan class=\u0022inline-flex align-middle\u0022\u003E\n        \n\u003Cspan  data-component-id=\u0022front:icon-padlock\u0022 class=\u0022icon-padlock icon-padlock--t1\u0022\u003E\n  \n\u003Csvg  data-component-id=\u0022front:icon\u0022 class=\u0022icon icon--padlock\u0022\u003E\n  \u003Cuse xlink:href=\u0022\/themes\/custom\/plm\/dist\/assets\/images\/2e871604ef7778ce3dc1.svg#icon-padlock\u0022\u003E\u003C\/use\u003E\n\u003C\/svg\u003E\n\u003C\/span\u003E\n      \u003C\/span\u003E\n          \u003C\/div\u003E\n    \n\u003Cdiv  data-component-id=\u0022front:wysiwyg\u0022 class=\u0022wysiwyg wysiwyg--small\u0022\u003EEn moyenne, seulement 20 % des multipares et 30 % des primipares n\u00e9cessiteraient d\u2019\u00eatre vermifug\u00e9es, permettant ainsi de r\u00e9duire les co\u00fbts de\u2026\u003C\/div\u003E\n          \u003Cdiv class=\u0022card-article__meta mbs-auto\u0022\u003E\n        \u003Ctime class=\u0022card-article__date\u0022 datetime=\u00222024-06-14T17:09:25+0200\u0022 x-data x-timestamp=\u00222024-06-14T17:09:25+0200\u0022\u003E14 Jun 2024\u003C\/time\u003E\n              \u003C\/div\u003E\n      \u003C\/div\u003E\n\u003C\/article\u003E\n  \t\t\t\u003Carticle  data-component-id=\u0022front:card-webinaire-catalog\u0022 class=\u0022card-webinaire-catalog group\u0022 data-campagne=\u0022Webi-ELO_GT_2026-CCPA_encadre\u0022 data-contentId=\u00223124\u0022 rel=\u0022nofollow\u0022\u003E\n  \u003Cdiv class=\u0022card-webinaire-catalog__image\u0022\u003E\n      \t\t\t\t\t\t\u003Cimg  data-component-id=\u0022front:image\u0022 class=\u0022w-full h-full object-cover absolute inset-0\u0022 src=\u0022\/sites\/plm-magazine\/files\/2026-04\/EVT-PLM-ELO_Grands_troupeaux_26-Webi_ccpa-accroche.jpg\u0022 alt=\u0022Objectif lait : pourquoi la pr\u00e9pa-v\u00ealage fait la diff\u00e9rence\u0022 title=\u0022Objectif lait : pourquoi la pr\u00e9pa-v\u00ealage fait la diff\u00e9rence\u0022 loading=\u0022eager\u0022 width=\u0022510\u0022 height=\u0022340\u0022\u003E          \u003Cdiv class=\u0022card-webinaire-catalog__duree \u0022\u003E\n        00:30:00\n      \u003C\/div\u003E\n        \u003Cdiv class=\u0022card-webinaire-catalog__badges\u0022\u003E\n      \t\t\n\u003Cspan  data-component-id=\u0022front:button-expand\u0022 class=\u0022button-expand button-expand--shadowed transition-within-parent\u0022 x-data=\u0022buttonExpand\u0022 :style=\u0022{ \u0026quot;--button-expand-label-width\u0026quot;: labelWidth }\u0022\u003E\n  \u003Cspan class=\u0022button-expand__icon\u0022\u003E\n    \n\u003Csvg  data-component-id=\u0022front:icon\u0022 class=\u0022icon icon--webinar\u0022\u003E\n  \u003Cuse xlink:href=\u0022\/themes\/custom\/plm\/dist\/assets\/images\/2e871604ef7778ce3dc1.svg#icon-webinar\u0022\u003E\u003C\/use\u003E\n\u003C\/svg\u003E\n  \u003C\/span\u003E\n  \u003Cspan class=\u0022button-expand__label\u0022 x-ref=\u0022label\u0022\u003Ewebinaire\u003C\/span\u003E\n\u003C\/span\u003E\n    \u003C\/div\u003E\n  \u003C\/div\u003E\n \u003Cdiv class=\u0022card-webinaire-catalog__body\u0022\u003E\n    \u003Cdiv class=\u0022text-[1.125em] leading-0 card-title\u0022\u003E\n            \u003Ca class=\u0022card-webinaire-catalog__title\u0022 href=\u0022\/webinaires\/objectif-lait-pourquoi-la-prepa-velage-fait-la-difference\u0022 target=\u0022_self\u0022  data-campagne=\u0022Webi-ELO_GT_2026-CCPA_encadre\u0022 data-contentId=\u00223124\u0022 rel=\u0022nofollow\u0022 title=\u0022Objectif lait : pourquoi la pr\u00e9pa-v\u00ealage fait la diff\u00e9rence\u0022\u003E\n        \n\u003Ch2  data-component-id=\u0022front:title\u0022 class=\u0022title title--small inline\u0022\u003EObjectif lait : pourquoi la pr\u00e9pa-v\u00ealage fait la diff\u00e9rence\u003C\/h2\u003E\n      \u003C\/a\u003E\n                \u003C\/div\u003E\n\n    \u003Cdiv class=\u0022card-webinaire-catalog__date-info\u0022\u003E\n            \u003Cdiv class=\u0022card-webinaire-catalog__date\u0022\u003EMardi\u0026nbsp;16\u0026nbsp;juin\u0026nbsp;2026\u003C\/div\u003E\n              \u003Cdiv class=\u0022card-webinaire-catalog__plage-horaire flex items-center gap-2\u0022\u003E\n        \u003Cspan class=\u0022inline-flex text-xl\u0022\u003E\n         \u003Csvg xmlns=\u0022http:\/\/www.w3.org\/2000\/svg\u0022 width=\u002217\u0022 height=\u002217\u0022 viewBox=\u00220 0 17 17\u0022 fill=\u0022none\u0022\u003E\n          \u003Cpath d=\u0022M8.13806 0.100098C12.5773 0.100242 16.1761 3.69895 16.1761 8.13818C16.176 12.5774 12.5772 16.1761 8.13806 16.1763C3.69883 16.1762 0.10012 12.5774 0.0999756 8.13818C0.100044 3.6989 3.69878 0.100167 8.13806 0.100098ZM8.13806 1.6001C4.52721 1.60017 1.60004 4.52733 1.59998 8.13818C1.60012 11.749 4.52725 14.6762 8.13806 14.6763C11.7488 14.6761 14.676 11.7489 14.6761 8.13818C14.6761 4.52738 11.7489 1.60024 8.13806 1.6001ZM8.13806 3.01514C8.55217 3.01526 8.88806 3.351 8.88806 3.76514V7.38818H12.5111C12.9252 7.38837 13.2611 7.72409 13.2611 8.13818C13.261 8.55216 12.9251 8.88799 12.5111 8.88818H8.13806C7.72394 8.88818 7.38821 8.55227 7.38806 8.13818V3.76514C7.38806 3.35092 7.72385 3.01514 8.13806 3.01514Z\u0022 fill=\u0022black\u0022\/\u003E\n          \u003Cpath d=\u0022M8.13806 0.100098L8.13806 9.76548e-05H8.13806L8.13806 0.100098ZM16.1761 8.13818L16.2761 8.13819V8.13818L16.1761 8.13818ZM8.13806 16.1763L8.13806 16.2763H8.13806L8.13806 16.1763ZM0.0999756 8.13818L-2.44156e-05 8.13818V8.13819L0.0999756 8.13818ZM8.13806 1.6001L8.13807 1.5001H8.13806L8.13806 1.6001ZM1.59998 8.13818L1.49998 8.13818V8.13819L1.59998 8.13818ZM8.13806 14.6763L8.13806 14.7763H8.13807L8.13806 14.6763ZM14.6761 8.13818L14.7761 8.13819V8.13818L14.6761 8.13818ZM8.13806 3.01514L8.13809 2.91514H8.13806V3.01514ZM8.88806 3.76514H8.98806V3.76514H8.88806ZM8.88806 7.38818H8.78806C8.78806 7.44341 8.83283 7.48818 8.88806 7.48818V7.38818ZM12.5111 7.38818L12.5112 7.28818H12.5111V7.38818ZM13.2611 8.13818L13.3611 8.13822V8.13818H13.2611ZM12.5111 8.88818V8.98818H12.5112L12.5111 8.88818ZM8.13806 8.88818V8.78818V8.88818ZM7.38806 8.13818H7.28806V8.13822L7.38806 8.13818ZM7.38806 3.76514H7.48806V3.76514H7.38806ZM8.13806 0.100098L8.13806 0.200098C12.5221 0.20024 16.0761 3.75418 16.0761 8.13819L16.1761 8.13818L16.2761 8.13818C16.2761 3.64372 12.6325 0.000244059 8.13806 9.76548e-05L8.13806 0.100098ZM16.1761 8.13818L16.0761 8.13818C16.076 12.5221 12.522 16.0761 8.13806 16.0763L8.13806 16.1763L8.13806 16.2763C12.6325 16.2761 16.276 12.6326 16.2761 8.13819L16.1761 8.13818ZM8.13806 16.1763L8.13806 16.0763C3.75406 16.0762 0.200118 12.5222 0.199976 8.13818L0.0999756 8.13818L-2.44156e-05 8.13819C0.000121988 12.6326 3.6436 16.2762 8.13806 16.2763L8.13806 16.1763ZM0.0999756 8.13818L0.199976 8.13819C0.200044 3.75413 3.75401 0.200166 8.13806 0.200098L8.13806 0.100098L8.13806 9.76548e-05C3.64355 0.000167377 4.53144e-05 3.64367 -2.44156e-05 8.13818L0.0999756 8.13818ZM8.13806 1.6001L8.13806 1.5001C4.47198 1.50017 1.50005 4.4721 1.49998 8.13818L1.59998 8.13818L1.69998 8.13819C1.70004 4.58256 4.58244 1.70017 8.13806 1.7001L8.13806 1.6001ZM1.59998 8.13818L1.49998 8.13819C1.50012 11.8042 4.47202 14.7762 8.13806 14.7763L8.13806 14.6763L8.13806 14.5763C4.58248 14.5762 1.70012 11.6937 1.69998 8.13818L1.59998 8.13818ZM8.13806 14.6763L8.13807 14.7763C11.804 14.7761 14.776 11.8042 14.7761 8.13819L14.6761 8.13818L14.5761 8.13818C14.576 11.6937 11.6936 14.5761 8.13806 14.5763L8.13806 14.6763ZM14.6761 8.13818L14.7761 8.13818C14.7761 4.47214 11.8041 1.50024 8.13807 1.5001L8.13806 1.6001L8.13806 1.7001C11.6936 1.70024 14.5761 4.58261 14.5761 8.13819L14.6761 8.13818ZM8.13806 3.01514L8.13803 3.11514C8.49696 3.11525 8.78806 3.40626 8.78806 3.76514H8.88806H8.98806C8.98806 3.29574 8.60737 2.91528 8.13809 2.91514L8.13806 3.01514ZM8.88806 3.76514H8.78806V7.38818H8.88806H8.98806V3.76514H8.88806ZM8.88806 7.38818V7.48818H12.5111V7.38818V7.28818H8.88806V7.38818ZM12.5111 7.38818L12.5111 7.48818C12.87 7.48835 13.1611 7.77936 13.1611 8.13818H13.2611H13.3611C13.3611 7.66881 12.9804 7.2884 12.5112 7.28818L12.5111 7.38818ZM13.2611 8.13818L13.1611 8.13815C13.161 8.49691 12.8698 8.78802 12.5111 8.78818L12.5111 8.88818L12.5112 8.98818C12.9803 8.98797 13.3609 8.6074 13.3611 8.13822L13.2611 8.13818ZM12.5111 8.88818V8.78818H8.13806V8.88818V8.98818H12.5111V8.88818ZM8.13806 8.88818V8.78818C7.7792 8.78818 7.48819 8.49707 7.48806 8.13815L7.38806 8.13818L7.28806 8.13822C7.28823 8.60747 7.66867 8.98818 8.13806 8.98818V8.88818ZM7.38806 8.13818H7.48806V3.76514H7.38806H7.28806V8.13818H7.38806ZM7.38806 3.76514H7.48806C7.48806 3.40615 7.77908 3.11514 8.13806 3.11514V3.01514V2.91514C7.66862 2.91514 7.28806 3.29569 7.28806 3.76514H7.38806Z\u0022 fill=\u0022black\u0022\/\u003E\n          \u003C\/svg\u003E\n        \u003C\/span\u003E\n          \u003Cspan class=\u0022\u0022\u003E16:00 - 16:30\u003C\/span\u003E\n        \u003C\/div\u003E\n                \u003C\/div\u003E\n\n          \u003Cdiv class=\u0022card-webinaire-catalog__organisateur\u0022\u003E\n        Par CCPA\n      \u003C\/div\u003E\n    \n      \u003Cdiv class=\u0022card-webinaire-catalog__chapo\u0022\u003E\n        \n              \u003C\/div\u003E\n     \u003C\/div\u003E\n  \u003Cdiv class=\u0022card-webinaire-catalog__sponsor\u0022\u003E\n    Contenu sponsoris\u00e9\n  \u003C\/div\u003E\n\u003C\/article\u003E\n\n\u003Carticle  data-component-id=\u0022front:card-article\u0022 class=\u0022card-article group\u0022\u003E\n  \u003Cdiv class=\u0022card-article__image\u0022\u003E\n    \t\t\t\t\t\t\u003Cimg  data-component-id=\u0022front:image\u0022 class=\u0022w-full h-full object-contain absolute inset-0\u0022 src=\u0022\/sites\/plm-magazine\/files\/styles\/teaser\/public\/2024-06\/6b07f789-f29d-4969-92bb-39b9961c53a1.jpg.webp\u0022 alt=\u0022csm_EuroTier_2024_Datum_DE_blau_1389b87481.jpg\u0022 loading=\u0022lazy\u0022 width=\u0022472\u0022 height=\u0022320\u0022\u003E          \u003C\/div\u003E\n  \u003Cdiv class=\u0022card-article__body\u0022\u003E\n        \u003Cdiv class=\u0022text-[1.125em] leading-0 card-title\u0022\u003E\n                    \n      \u003Ca class=\u0022card-article__title\u0022 href=\u0022\/index.php\/actualites\/plus-de-2-000-exposants-prevus-pour-l-eurotier-2024\u0022 target=\u0022_self\u0022  title=\u0022Plus de 2 000 exposants pr\u00e9vus pour l\u0026#039;EuroTier 2024\u0022\u003E\n        \t\n\u003Ch2  data-component-id=\u0022front:title\u0022 class=\u0022title title--small inline\u0022 title=\u0022Plus de 2 000 exposants pr\u00e9vus pour l\u0026#039;EuroTier 2024\u0022\u003EPlus de 2 000 exposants pr\u00e9vus pour l\u0026#039;EuroTier 2024\u003C\/h2\u003E\n      \u003C\/a\u003E\n                \u003C\/div\u003E\n    \n\u003Cdiv  data-component-id=\u0022front:wysiwyg\u0022 class=\u0022wysiwyg wysiwyg--small\u0022\u003EDu 12 au 15 novembre prochains, se tiendra \u00e0 Hanovre, en Allemagne, l\u0027EuroTier 2024. Provenant de plus de 60 pays, les 2 000 exposants pr\u00e9senteront\u2026\u003C\/div\u003E\n          \u003Cdiv class=\u0022card-article__meta mbs-auto\u0022\u003E\n        \u003Ctime class=\u0022card-article__date\u0022 datetime=\u00222024-06-12T23:24:59+0200\u0022 x-data x-timestamp=\u00222024-06-12T23:24:59+0200\u0022\u003E12 Jun 2024\u003C\/time\u003E\n              \u003C\/div\u003E\n      \u003C\/div\u003E\n\u003C\/article\u003E\n\n\u003Carticle  data-component-id=\u0022front:card-article\u0022 class=\u0022card-article group\u0022\u003E\n  \u003Cdiv class=\u0022card-article__image\u0022\u003E\n    \t\t\t\t\t\t\u003Cimg  data-component-id=\u0022front:image\u0022 class=\u0022w-full h-full object-contain absolute inset-0\u0022 src=\u0022\/sites\/plm-magazine\/files\/styles\/teaser\/public\/2024-06\/10961dde-5786-4c8f-8950-6580996e1f2a.jpg.webp\u0022 alt=\u0022POagribiomethane.jpg\u0022 loading=\u0022lazy\u0022 width=\u0022436\u0022 height=\u0022320\u0022\u003E          \u003C\/div\u003E\n  \u003Cdiv class=\u0022card-article__body\u0022\u003E\n        \u003Cdiv class=\u0022text-[1.125em] leading-0 card-title\u0022\u003E\n                    \n      \u003Ca class=\u0022card-article__title\u0022 href=\u0022\/index.php\/actualites\/porte-ouverte-chez-les-premiers-producteurs-et-distributeurs-de-gaz-vert-de-l-ouest\u0022 target=\u0022_self\u0022  title=\u0022Porte ouverte chez les premiers producteurs et distributeurs de gaz vert de l\u2019Ouest\u0022\u003E\n        \t\n\u003Ch2  data-component-id=\u0022front:title\u0022 class=\u0022title title--small inline\u0022 title=\u0022Porte ouverte chez les premiers producteurs et distributeurs de gaz vert de l\u2019Ouest\u0022\u003EPorte ouverte chez les premiers producteurs et distributeurs de gaz vert\u2026\u003C\/h2\u003E\n      \u003C\/a\u003E\n                \u003Cspan class=\u0022inline-flex align-middle\u0022\u003E\n        \n\u003Cspan  data-component-id=\u0022front:icon-padlock\u0022 class=\u0022icon-padlock icon-padlock--t1\u0022\u003E\n  \n\u003Csvg  data-component-id=\u0022front:icon\u0022 class=\u0022icon icon--padlock\u0022\u003E\n  \u003Cuse xlink:href=\u0022\/themes\/custom\/plm\/dist\/assets\/images\/2e871604ef7778ce3dc1.svg#icon-padlock\u0022\u003E\u003C\/use\u003E\n\u003C\/svg\u003E\n\u003C\/span\u003E\n      \u003C\/span\u003E\n          \u003C\/div\u003E\n    \n\u003Cdiv  data-component-id=\u0022front:wysiwyg\u0022 class=\u0022wysiwyg wysiwyg--small\u0022\u003EAgriBioM\u00e9thane a \u00e9t\u00e9 inaugur\u00e9e il y a 10 ans. Elle a \u00e9t\u00e9 cr\u00e9\u00e9e et mise en service par quatre exploitations agricoles vend\u00e9ennes et choletaises :\u2026\u003C\/div\u003E\n          \u003Cdiv class=\u0022card-article__meta mbs-auto\u0022\u003E\n        \u003Ctime class=\u0022card-article__date\u0022 datetime=\u00222024-06-12T10:48:03+0200\u0022 x-data x-timestamp=\u00222024-06-12T10:48:03+0200\u0022\u003E12 Jun 2024\u003C\/time\u003E\n              \u003C\/div\u003E\n      \u003C\/div\u003E\n\u003C\/article\u003E\n\n\u003Carticle  data-component-id=\u0022front:card-article\u0022 class=\u0022card-article group\u0022\u003E\n  \u003Cdiv class=\u0022card-article__image\u0022\u003E\n    \t\t\t\t\t\t\u003Cimg  data-component-id=\u0022front:image\u0022 class=\u0022w-full h-full object-contain absolute inset-0\u0022 src=\u0022\/sites\/plm-magazine\/files\/styles\/teaser\/public\/2024-06\/8a7b3206-51eb-46fa-aa5b-b90cd6d9aa1c.jpg.webp\u0022 alt=\u0022SHetfourrage.jpg\u0022 loading=\u0022lazy\u0022 width=\u0022480\u0022 height=\u0022317\u0022\u003E          \u003C\/div\u003E\n  \u003Cdiv class=\u0022card-article__body\u0022\u003E\n        \u003Cdiv class=\u0022text-[1.125em] leading-0 card-title\u0022\u003E\n                    \n      \u003Ca class=\u0022card-article__title\u0022 href=\u0022\/index.php\/actualites\/bilan-de-l-edition-2024-du-salon-de-l-herbe-et-des-fourrages\u0022 target=\u0022_self\u0022  title=\u0022Bilan de l\u2019\u00e9dition 2024 du Salon de l\u2019Herbe et des Fourrages\u0022\u003E\n        \t\n\u003Ch2  data-component-id=\u0022front:title\u0022 class=\u0022title title--small inline\u0022 title=\u0022Bilan de l\u2019\u00e9dition 2024 du Salon de l\u2019Herbe et des Fourrages\u0022\u003EBilan de l\u2019\u00e9dition 2024 du Salon de l\u2019Herbe et des Fourrages\u003C\/h2\u003E\n      \u003C\/a\u003E\n                \u003Cspan class=\u0022inline-flex align-middle\u0022\u003E\n        \n\u003Cspan  data-component-id=\u0022front:icon-padlock\u0022 class=\u0022icon-padlock icon-padlock--t1\u0022\u003E\n  \n\u003Csvg  data-component-id=\u0022front:icon\u0022 class=\u0022icon icon--padlock\u0022\u003E\n  \u003Cuse xlink:href=\u0022\/themes\/custom\/plm\/dist\/assets\/images\/2e871604ef7778ce3dc1.svg#icon-padlock\u0022\u003E\u003C\/use\u003E\n\u003C\/svg\u003E\n\u003C\/span\u003E\n      \u003C\/span\u003E\n          \u003C\/div\u003E\n    \n\u003Cdiv  data-component-id=\u0022front:wysiwyg\u0022 class=\u0022wysiwyg wysiwyg--small\u0022\u003ELes organisateurs du Salon de l\u2019herbe et des fourrages annoncent 24 874 visiteurs pour le retour \u00e0 l\u2019Ouest de l\u2019\u00e9v\u00e8nement les 29 et 30 mai dernier\u2026\u003C\/div\u003E\n          \u003Cdiv class=\u0022card-article__meta mbs-auto\u0022\u003E\n        \u003Ctime class=\u0022card-article__date\u0022 datetime=\u00222024-06-12T09:44:56+0200\u0022 x-data x-timestamp=\u00222024-06-12T09:44:56+0200\u0022\u003E12 Jun 2024\u003C\/time\u003E\n              \u003C\/div\u003E\n      \u003C\/div\u003E\n\u003C\/article\u003E\n\n\u003Carticle  data-component-id=\u0022front:card-article\u0022 class=\u0022card-article group\u0022\u003E\n  \u003Cdiv class=\u0022card-article__image\u0022\u003E\n    \t\t\t\t\t\t\u003Cimg  data-component-id=\u0022front:image\u0022 class=\u0022w-full h-full object-contain absolute inset-0\u0022 src=\u0022\/sites\/plm-magazine\/files\/styles\/teaser\/public\/2024-06\/8e14a80e-11d6-445b-a7a3-c2ca141cc4a4.jpg.webp\u0022 alt=\u0022Vue-aerienne-du-Space.jpg\u0022 loading=\u0022lazy\u0022 width=\u0022480\u0022 height=\u0022320\u0022\u003E          \u003C\/div\u003E\n  \u003Cdiv class=\u0022card-article__body\u0022\u003E\n        \u003Cdiv class=\u0022text-[1.125em] leading-0 card-title\u0022\u003E\n                    \n      \u003Ca class=\u0022card-article__title\u0022 href=\u0022\/index.php\/actualites\/space-2024-voici-les-5-faits-marquants-a-retenir-des-maintenant\u0022 target=\u0022_self\u0022  title=\u0022Space 2024. Voici les 5 faits marquants, \u00e0 retenir d\u00e8s maintenant\u0022\u003E\n        \t\n\u003Ch2  data-component-id=\u0022front:title\u0022 class=\u0022title title--small inline\u0022 title=\u0022Space 2024. Voici les 5 faits marquants, \u00e0 retenir d\u00e8s maintenant\u0022\u003ESpace 2024. Voici les 5 faits marquants, \u00e0 retenir d\u00e8s maintenant\u003C\/h2\u003E\n      \u003C\/a\u003E\n                \u003C\/div\u003E\n    \n\u003Cdiv  data-component-id=\u0022front:wysiwyg\u0022 class=\u0022wysiwyg wysiwyg--small\u0022\u003E\u00a0Les 17, 18 et 19 septembre, au parc-expo de Rennes. Pr\u00e8s de 100 000 visiteurs venus de 120 pays sont attendus. Voici les moments forts qui vont\u2026\u003C\/div\u003E\n          \u003Cdiv class=\u0022card-article__meta mbs-auto\u0022\u003E\n        \u003Ctime class=\u0022card-article__date\u0022 datetime=\u00222024-06-12T09:31:28+0200\u0022 x-data x-timestamp=\u00222024-06-12T09:31:28+0200\u0022\u003E12 Jun 2024\u003C\/time\u003E\n              \u003C\/div\u003E\n      \u003C\/div\u003E\n\u003C\/article\u003E\n\n\u003Carticle  data-component-id=\u0022front:card-article\u0022 class=\u0022card-article group\u0022\u003E\n  \u003Cdiv class=\u0022card-article__image\u0022\u003E\n    \t\t\t\t\t\t\u003Cimg  data-component-id=\u0022front:image\u0022 class=\u0022w-full h-full object-contain absolute inset-0\u0022 src=\u0022\/sites\/plm-magazine\/files\/styles\/teaser\/public\/2024-06\/84190b64-de5d-44ab-b940-745a2ed73472.jpg.webp\u0022 alt=\u0022Lely-tabbordsante-horizon.jpg\u0022 loading=\u0022lazy\u0022 width=\u0022480\u0022 height=\u0022273\u0022\u003E          \u003C\/div\u003E\n  \u003Cdiv class=\u0022card-article__body\u0022\u003E\n        \u003Cdiv class=\u0022text-[1.125em] leading-0 card-title\u0022\u003E\n                    \n      \u003Ca class=\u0022card-article__title\u0022 href=\u0022\/index.php\/actualites\/lely-ajoute-le-suivi-de-la-sante-du-troupeau-en-temps-reel-sur-horizon\u0022 target=\u0022_self\u0022  title=\u0022Lely ajoute le suivi de la sant\u00e9 du troupeau en temps r\u00e9el sur Horizon\u0022\u003E\n        \t\n\u003Ch2  data-component-id=\u0022front:title\u0022 class=\u0022title title--small inline\u0022 title=\u0022Lely ajoute le suivi de la sant\u00e9 du troupeau en temps r\u00e9el sur Horizon\u0022\u003ELely ajoute le suivi de la sant\u00e9 du troupeau en temps r\u00e9el sur Horizon\u003C\/h2\u003E\n      \u003C\/a\u003E\n                \u003Cspan class=\u0022inline-flex align-middle\u0022\u003E\n        \n\u003Cspan  data-component-id=\u0022front:icon-padlock\u0022 class=\u0022icon-padlock icon-padlock--t1\u0022\u003E\n  \n\u003Csvg  data-component-id=\u0022front:icon\u0022 class=\u0022icon icon--padlock\u0022\u003E\n  \u003Cuse xlink:href=\u0022\/themes\/custom\/plm\/dist\/assets\/images\/2e871604ef7778ce3dc1.svg#icon-padlock\u0022\u003E\u003C\/use\u003E\n\u003C\/svg\u003E\n\u003C\/span\u003E\n      \u003C\/span\u003E\n          \u003C\/div\u003E\n    \n\u003Cdiv  data-component-id=\u0022front:wysiwyg\u0022 class=\u0022wysiwyg wysiwyg--small\u0022\u003EOutre une navigation plus intuitive et visuelle, le logiciel de gestion de troupeau Horizon offre d\u00e9sormais une fonctionnalit\u00e9 de suivi de la sant\u00e9\u2026\u003C\/div\u003E\n          \u003Cdiv class=\u0022card-article__meta mbs-auto\u0022\u003E\n        \u003Ctime class=\u0022card-article__date\u0022 datetime=\u00222024-06-11T10:05:34+0200\u0022 x-data x-timestamp=\u00222024-06-11T10:05:34+0200\u0022\u003E11 Jun 2024\u003C\/time\u003E\n              \u003C\/div\u003E\n      \u003C\/div\u003E\n\u003C\/article\u003E\n\n\u003Carticle  data-component-id=\u0022front:card-article\u0022 class=\u0022card-article group\u0022\u003E\n  \u003Cdiv class=\u0022card-article__image\u0022\u003E\n    \t\t\t\t\t\t\u003Cimg  data-component-id=\u0022front:image\u0022 class=\u0022w-full h-full object-contain absolute inset-0\u0022 src=\u0022\/sites\/plm-magazine\/files\/styles\/teaser\/public\/2024-06\/90c6cbde-0be5-4f55-b52b-aef90d6d5b04.png.webp\u0022 alt=\u0022trioliet.png\u0022 loading=\u0022lazy\u0022 width=\u0022469\u0022 height=\u0022290\u0022\u003E          \u003C\/div\u003E\n  \u003Cdiv class=\u0022card-article__body\u0022\u003E\n        \u003Cdiv class=\u0022text-[1.125em] leading-0 card-title\u0022\u003E\n                    \n      \u003Ca class=\u0022card-article__title\u0022 href=\u0022\/index.php\/actualites\/trioliet-etend-sa-gamme-solomix-avec-trois-nouveaux-modeles\u0022 target=\u0022_self\u0022  title=\u0022Trioliet \u00e9tend sa gamme Solomix avec trois nouveaux mod\u00e8les\u0022\u003E\n        \t\n\u003Ch2  data-component-id=\u0022front:title\u0022 class=\u0022title title--small inline\u0022 title=\u0022Trioliet \u00e9tend sa gamme Solomix avec trois nouveaux mod\u00e8les\u0022\u003ETrioliet \u00e9tend sa gamme Solomix avec trois nouveaux mod\u00e8les\u003C\/h2\u003E\n      \u003C\/a\u003E\n                \u003Cspan class=\u0022inline-flex align-middle\u0022\u003E\n        \n\u003Cspan  data-component-id=\u0022front:icon-padlock\u0022 class=\u0022icon-padlock icon-padlock--t1\u0022\u003E\n  \n\u003Csvg  data-component-id=\u0022front:icon\u0022 class=\u0022icon icon--padlock\u0022\u003E\n  \u003Cuse xlink:href=\u0022\/themes\/custom\/plm\/dist\/assets\/images\/2e871604ef7778ce3dc1.svg#icon-padlock\u0022\u003E\u003C\/use\u003E\n\u003C\/svg\u003E\n\u003C\/span\u003E\n      \u003C\/span\u003E\n          \u003C\/div\u003E\n    \n\u003Cdiv  data-component-id=\u0022front:wysiwyg\u0022 class=\u0022wysiwyg wysiwyg--small\u0022\u003ELe concepteur de m\u00e9langeuses annonce le lancement de trois nouveaux mod\u00e8les dans\u00a0sa gamme Solomix 2.\n\u003C\/div\u003E\n          \u003Cdiv class=\u0022card-article__meta mbs-auto\u0022\u003E\n        \u003Ctime class=\u0022card-article__date\u0022 datetime=\u00222024-06-10T10:17:22+0200\u0022 x-data x-timestamp=\u00222024-06-10T10:17:22+0200\u0022\u003E10 Jun 2024\u003C\/time\u003E\n              \u003C\/div\u003E\n      \u003C\/div\u003E\n\u003C\/article\u003E\n  \t\t\t\u003Carticle  data-component-id=\u0022front:card-webinaire-catalog\u0022 class=\u0022card-webinaire-catalog group\u0022 data-campagne=\u0022Webi-ELO_SN_2025-Ceva_encadre\u0022 data-contentId=\u00223091\u0022 rel=\u0022nofollow\u0022\u003E\n  \u003Cdiv class=\u0022card-webinaire-catalog__image\u0022\u003E\n      \t\t\t\t\t\t\u003Cimg  data-component-id=\u0022front:image\u0022 class=\u0022w-full h-full object-cover absolute inset-0\u0022 src=\u0022\/sites\/plm-magazine\/files\/2026-04\/EVT-EP-ELO_Sante_Nutrition_25-Webi_ceva-accroche.jpg\u0022 alt=\u0022Webinaire Ceva\u0022 title=\u0022Webinaire Ceva\u0022 loading=\u0022eager\u0022 width=\u0022510\u0022 height=\u0022340\u0022\u003E          \u003Cdiv class=\u0022card-webinaire-catalog__duree \u0022\u003E\n        00:30:00\n      \u003C\/div\u003E\n        \u003Cdiv class=\u0022card-webinaire-catalog__badges\u0022\u003E\n      \t\t\n\u003Cspan  data-component-id=\u0022front:button-expand\u0022 class=\u0022button-expand button-expand--shadowed transition-within-parent\u0022 x-data=\u0022buttonExpand\u0022 :style=\u0022{ \u0026quot;--button-expand-label-width\u0026quot;: labelWidth }\u0022\u003E\n  \u003Cspan class=\u0022button-expand__icon\u0022\u003E\n    \n\u003Csvg  data-component-id=\u0022front:icon\u0022 class=\u0022icon icon--webinar\u0022\u003E\n  \u003Cuse xlink:href=\u0022\/themes\/custom\/plm\/dist\/assets\/images\/2e871604ef7778ce3dc1.svg#icon-webinar\u0022\u003E\u003C\/use\u003E\n\u003C\/svg\u003E\n  \u003C\/span\u003E\n  \u003Cspan class=\u0022button-expand__label\u0022 x-ref=\u0022label\u0022\u003Ewebinaire\u003C\/span\u003E\n\u003C\/span\u003E\n    \u003C\/div\u003E\n  \u003C\/div\u003E\n \u003Cdiv class=\u0022card-webinaire-catalog__body\u0022\u003E\n    \u003Cdiv class=\u0022text-[1.125em] leading-0 card-title\u0022\u003E\n            \u003Ca class=\u0022card-webinaire-catalog__title\u0022 href=\u0022\/webinaires\/proteger-le-troupeau-laitier-prevention-et-rentabilite-face-aux-maladies-vectorielles\u0022 target=\u0022_self\u0022  data-campagne=\u0022Webi-ELO_SN_2025-Ceva_encadre\u0022 data-contentId=\u00223091\u0022 rel=\u0022nofollow\u0022 title=\u0022Prot\u00e9ger le troupeau laitier : pr\u00e9vention et rentabilit\u00e9 face aux maladies vectorielles\u0022\u003E\n        \n\u003Ch2  data-component-id=\u0022front:title\u0022 class=\u0022title title--small inline\u0022\u003EProt\u00e9ger le troupeau laitier : pr\u00e9vention et rentabilit\u00e9 face aux maladies\u2026\u003C\/h2\u003E\n      \u003C\/a\u003E\n                \u003C\/div\u003E\n\n    \u003Cdiv class=\u0022card-webinaire-catalog__date-info\u0022\u003E\n            \u003Cdiv class=\u0022card-webinaire-catalog__date\u0022\u003EReplay du\u0026nbsp;09\u0026nbsp;d\u00e9cembre\u0026nbsp;2025\u003C\/div\u003E\n                \u003C\/div\u003E\n\n          \u003Cdiv class=\u0022card-webinaire-catalog__organisateur\u0022\u003E\n        Par Ceva Sant\u00e9 Animale\n      \u003C\/div\u003E\n    \n      \u003Cdiv class=\u0022card-webinaire-catalog__chapo\u0022\u003E\n        \n              \u003C\/div\u003E\n     \u003C\/div\u003E\n  \u003Cdiv class=\u0022card-webinaire-catalog__sponsor\u0022\u003E\n    Contenu sponsoris\u00e9\n  \u003C\/div\u003E\n\u003C\/article\u003E\n\n\u003Carticle  data-component-id=\u0022front:card-article\u0022 class=\u0022card-article group\u0022\u003E\n  \u003Cdiv class=\u0022card-article__image\u0022\u003E\n    \t\t\t\t\t\t\u003Cimg  data-component-id=\u0022front:image\u0022 class=\u0022w-full h-full object-contain absolute inset-0\u0022 src=\u0022\/sites\/plm-magazine\/files\/styles\/teaser\/public\/2024-06\/431dd4fa-c0f1-49fc-8b6f-f8b87063d87b.jpg.webp\u0022 alt=\u0022Demarest-LD.jpg\u0022 loading=\u0022lazy\u0022 width=\u0022480\u0022 height=\u0022313\u0022\u003E          \u003C\/div\u003E\n  \u003Cdiv class=\u0022card-article__body\u0022\u003E\n        \u003Cdiv class=\u0022text-[1.125em] leading-0 card-title\u0022\u003E\n                    \n      \u003Ca class=\u0022card-article__title\u0022 href=\u0022\/index.php\/actualites\/le-groupe-rolland-annonce-l-acquisition-du-constructeur-demarest\u0022 target=\u0022_self\u0022  title=\u0022Le Groupe Rolland annonce l\u2019acquisition du constructeur Demarest\u0022\u003E\n        \t\n\u003Ch2  data-component-id=\u0022front:title\u0022 class=\u0022title title--small inline\u0022 title=\u0022Le Groupe Rolland annonce l\u2019acquisition du constructeur Demarest\u0022\u003ELe Groupe Rolland annonce l\u2019acquisition du constructeur Demarest\u003C\/h2\u003E\n      \u003C\/a\u003E\n                \u003Cspan class=\u0022inline-flex align-middle\u0022\u003E\n        \n\u003Cspan  data-component-id=\u0022front:icon-padlock\u0022 class=\u0022icon-padlock icon-padlock--t1\u0022\u003E\n  \n\u003Csvg  data-component-id=\u0022front:icon\u0022 class=\u0022icon icon--padlock\u0022\u003E\n  \u003Cuse xlink:href=\u0022\/themes\/custom\/plm\/dist\/assets\/images\/2e871604ef7778ce3dc1.svg#icon-padlock\u0022\u003E\u003C\/use\u003E\n\u003C\/svg\u003E\n\u003C\/span\u003E\n      \u003C\/span\u003E\n          \u003C\/div\u003E\n    \n\u003Cdiv  data-component-id=\u0022front:wysiwyg\u0022 class=\u0022wysiwyg wysiwyg--small\u0022\u003EL\u0027offre du groupe s\u0027\u00e9largit ainsi avec des remorques herbag\u00e8res, des plateaux fourragers de petites longueurs et des b\u00e9taill\u00e8res \u00e0 pont\n\u003C\/div\u003E\n          \u003Cdiv class=\u0022card-article__meta mbs-auto\u0022\u003E\n        \u003Ctime class=\u0022card-article__date\u0022 datetime=\u00222024-06-06T09:59:07+0200\u0022 x-data x-timestamp=\u00222024-06-06T09:59:07+0200\u0022\u003E06 Jun 2024\u003C\/time\u003E\n              \u003C\/div\u003E\n      \u003C\/div\u003E\n\u003C\/article\u003E\n  \t\t\t\u003Carticle  data-component-id=\u0022front:card-webinaire-catalog\u0022 class=\u0022card-webinaire-catalog group\u0022 data-campagne=\u0022Webi-ELO_SN_2025-Seenovia_encadre\u0022 data-contentId=\u00223092\u0022 rel=\u0022nofollow\u0022\u003E\n  \u003Cdiv class=\u0022card-webinaire-catalog__image\u0022\u003E\n      \t\t\t\t\t\t\u003Cimg  data-component-id=\u0022front:image\u0022 class=\u0022w-full h-full object-cover absolute inset-0\u0022 src=\u0022\/sites\/plm-magazine\/files\/2026-04\/EVT-EP-ELO_Sante_Nutrition_25-Webi_seenovia-accroche.jpg\u0022 alt=\u0022Webinaire Seenovia\u0022 title=\u0022Webinaire Seenovia\u0022 loading=\u0022eager\u0022 width=\u0022510\u0022 height=\u0022340\u0022\u003E          \u003Cdiv class=\u0022card-webinaire-catalog__duree \u0022\u003E\n        00:30:00\n      \u003C\/div\u003E\n        \u003Cdiv class=\u0022card-webinaire-catalog__badges\u0022\u003E\n      \t\t\n\u003Cspan  data-component-id=\u0022front:button-expand\u0022 class=\u0022button-expand button-expand--shadowed transition-within-parent\u0022 x-data=\u0022buttonExpand\u0022 :style=\u0022{ \u0026quot;--button-expand-label-width\u0026quot;: labelWidth }\u0022\u003E\n  \u003Cspan class=\u0022button-expand__icon\u0022\u003E\n    \n\u003Csvg  data-component-id=\u0022front:icon\u0022 class=\u0022icon icon--webinar\u0022\u003E\n  \u003Cuse xlink:href=\u0022\/themes\/custom\/plm\/dist\/assets\/images\/2e871604ef7778ce3dc1.svg#icon-webinar\u0022\u003E\u003C\/use\u003E\n\u003C\/svg\u003E\n  \u003C\/span\u003E\n  \u003Cspan class=\u0022button-expand__label\u0022 x-ref=\u0022label\u0022\u003Ewebinaire\u003C\/span\u003E\n\u003C\/span\u003E\n    \u003C\/div\u003E\n  \u003C\/div\u003E\n \u003Cdiv class=\u0022card-webinaire-catalog__body\u0022\u003E\n    \u003Cdiv class=\u0022text-[1.125em] leading-0 card-title\u0022\u003E\n            \u003Ca class=\u0022card-webinaire-catalog__title\u0022 href=\u0022\/webinaires\/comment-passer-de-30-a-42kg-de-lait-durablement-en-maitrisant-sa-marge-sur-cout\u0022 target=\u0022_self\u0022  data-campagne=\u0022Webi-ELO_SN_2025-Seenovia_encadre\u0022 data-contentId=\u00223092\u0022 rel=\u0022nofollow\u0022 title=\u0022Comment passer de 30 \u00e0 42kg de lait durablement en maitrisant sa marge sur co\u00fbt alimentaire ?\u0022\u003E\n        \n\u003Ch2  data-component-id=\u0022front:title\u0022 class=\u0022title title--small inline\u0022\u003EComment passer de 30 \u00e0 42kg de lait durablement en maitrisant sa marge sur\u2026\u003C\/h2\u003E\n      \u003C\/a\u003E\n                \u003C\/div\u003E\n\n    \u003Cdiv class=\u0022card-webinaire-catalog__date-info\u0022\u003E\n            \u003Cdiv class=\u0022card-webinaire-catalog__date\u0022\u003EReplay du\u0026nbsp;09\u0026nbsp;d\u00e9cembre\u0026nbsp;2025\u003C\/div\u003E\n                \u003C\/div\u003E\n\n          \u003Cdiv class=\u0022card-webinaire-catalog__organisateur\u0022\u003E\n        Par Seenovia \u0026amp; Eilyps\n      \u003C\/div\u003E\n    \n      \u003Cdiv class=\u0022card-webinaire-catalog__chapo\u0022\u003E\n        \n              \u003C\/div\u003E\n     \u003C\/div\u003E\n  \u003Cdiv class=\u0022card-webinaire-catalog__sponsor\u0022\u003E\n    Contenu sponsoris\u00e9\n  \u003C\/div\u003E\n\u003C\/article\u003E\n\n\u003Carticle  data-component-id=\u0022front:card-article\u0022 class=\u0022card-article group\u0022\u003E\n  \u003Cdiv class=\u0022card-article__image\u0022\u003E\n    \t\t\t\t\t\t\u003Cimg  data-component-id=\u0022front:image\u0022 class=\u0022w-full h-full object-contain absolute inset-0\u0022 src=\u0022\/sites\/plm-magazine\/files\/styles\/teaser\/public\/2024-06\/1c4ede5d-845a-43a8-b3ac-ad885c20a6c0.jpg.webp\u0022 alt=\u0022Betonni\u00e8re-LD-recadr\u00e9.jpg\u0022 loading=\u0022lazy\u0022 width=\u0022445\u0022 height=\u0022320\u0022\u003E          \u003C\/div\u003E\n  \u003Cdiv class=\u0022card-article__body\u0022\u003E\n        \u003Cdiv class=\u0022text-[1.125em] leading-0 card-title\u0022\u003E\n                    \n      \u003Ca class=\u0022card-article__title\u0022 href=\u0022\/index.php\/actualites\/en-1-heure-par-mois-voici-comment-optimiser-la-ration-prepa-velage\u0022 target=\u0022_self\u0022  title=\u0022En 1 heure par mois, voici comment optimiser la ration pr\u00e9pa-v\u00ealage\u0022\u003E\n        \t\n\u003Ch2  data-component-id=\u0022front:title\u0022 class=\u0022title title--small inline\u0022 title=\u0022En 1 heure par mois, voici comment optimiser la ration pr\u00e9pa-v\u00ealage\u0022\u003EEn 1 heure par mois, voici comment optimiser la ration pr\u00e9pa-v\u00ealage\u003C\/h2\u003E\n      \u003C\/a\u003E\n                \u003Cspan class=\u0022inline-flex align-middle\u0022\u003E\n        \n\u003Cspan  data-component-id=\u0022front:icon-padlock\u0022 class=\u0022icon-padlock icon-padlock--t1\u0022\u003E\n  \n\u003Csvg  data-component-id=\u0022front:icon\u0022 class=\u0022icon icon--padlock\u0022\u003E\n  \u003Cuse xlink:href=\u0022\/themes\/custom\/plm\/dist\/assets\/images\/2e871604ef7778ce3dc1.svg#icon-padlock\u0022\u003E\u003C\/use\u003E\n\u003C\/svg\u003E\n\u003C\/span\u003E\n      \u003C\/span\u003E\n          \u003C\/div\u003E\n    \n\u003Cdiv  data-component-id=\u0022front:wysiwyg\u0022 class=\u0022wysiwyg wysiwyg--small\u0022\u003E L\u2019\u00e9leveur, Anthony Ripoche, a un secret : \u00ab Il r\u00e9alise un pr\u00e9-m\u00e9lange des chlorures et de l\u0027aliment min\u00e9ral \u00e0 la carte \u00bb. Un secret, doubl\u00e9 d\u2019une\u2026\u003C\/div\u003E\n          \u003Cdiv class=\u0022card-article__meta mbs-auto\u0022\u003E\n        \u003Ctime class=\u0022card-article__date\u0022 datetime=\u00222024-06-05T10:48:03+0200\u0022 x-data x-timestamp=\u00222024-06-05T10:48:03+0200\u0022\u003E05 Jun 2024\u003C\/time\u003E\n              \u003C\/div\u003E\n      \u003C\/div\u003E\n\u003C\/article\u003E\n\n\u003Carticle  data-component-id=\u0022front:card-article\u0022 class=\u0022card-article group\u0022\u003E\n  \u003Cdiv class=\u0022card-article__image\u0022\u003E\n    \t\t\t\t\t\t\u003Cimg  data-component-id=\u0022front:image\u0022 class=\u0022w-full h-full object-contain absolute inset-0\u0022 src=\u0022\/sites\/plm-magazine\/files\/styles\/teaser\/public\/2024-06\/2c8199f3-eaec-42c1-8e3b-a66e5d44a2ba.jpg.webp\u0022 alt=\u0022elo-grandstroupeaux.jpg\u0022 loading=\u0022lazy\u0022 width=\u0022480\u0022 height=\u0022263\u0022\u003E          \u003C\/div\u003E\n  \u003Cdiv class=\u0022card-article__body\u0022\u003E\n        \u003Cdiv class=\u0022text-[1.125em] leading-0 card-title\u0022\u003E\n                    \n      \u003Ca class=\u0022card-article__title\u0022 href=\u0022\/index.php\/actualites\/deux-webconferences-animees-par-plm\u0022 target=\u0022_self\u0022  title=\u0022Deux webconf\u00e9rences anim\u00e9es par PLM\u0022\u003E\n        \t\n\u003Ch2  data-component-id=\u0022front:title\u0022 class=\u0022title title--small inline\u0022 title=\u0022Deux webconf\u00e9rences anim\u00e9es par PLM\u0022\u003EDeux webconf\u00e9rences anim\u00e9es par PLM\u003C\/h2\u003E\n      \u003C\/a\u003E\n                \u003C\/div\u003E\n    \n\u003Cdiv  data-component-id=\u0022front:wysiwyg\u0022 class=\u0022wysiwyg wysiwyg--small\u0022\u003EDans le cadre de la journ\u00e9e Elo Grands Troupeaux du 18 juin, la r\u00e9daction de PLM vous propose deux rendez-vous. A 9h15 : Optimisation de la marge sur\u2026\u003C\/div\u003E\n          \u003Cdiv class=\u0022card-article__meta mbs-auto\u0022\u003E\n        \u003Ctime class=\u0022card-article__date\u0022 datetime=\u00222024-06-05T04:53:00+0200\u0022 x-data x-timestamp=\u00222024-06-05T04:53:00+0200\u0022\u003E05 Jun 2024\u003C\/time\u003E\n              \u003C\/div\u003E\n      \u003C\/div\u003E\n\u003C\/article\u003E\n\n\u003Carticle  data-component-id=\u0022front:card-article\u0022 class=\u0022card-article group\u0022\u003E\n  \u003Cdiv class=\u0022card-article__image\u0022\u003E\n    \t\t\t\t\t\t\u003Cimg  data-component-id=\u0022front:image\u0022 class=\u0022w-full h-full object-contain absolute inset-0\u0022 src=\u0022\/sites\/plm-magazine\/files\/styles\/teaser\/public\/2024-06\/0284132a-ef58-48d2-a3c1-c50178a1a018.jpg.webp\u0022 alt=\u0022Une-batiment.jpg\u0022 loading=\u0022lazy\u0022 width=\u0022480\u0022 height=\u0022300\u0022\u003E          \u003Cdiv class=\u0022card-article__tags\u0022\u003E\n                  \u003Cspan class=\u0022card-article__badges\u0022\u003E\n                      \t\t\n\u003Cspan  data-component-id=\u0022front:button-expand\u0022 class=\u0022button-expand button-expand--shadowed transition-within-parent\u0022 x-data=\u0022buttonExpand\u0022 :style=\u0022{ \u0026quot;--button-expand-label-width\u0026quot;: labelWidth }\u0022\u003E\n  \u003Cspan class=\u0022button-expand__icon\u0022\u003E\n    \n\u003Csvg  data-component-id=\u0022front:icon\u0022 class=\u0022icon icon--360\u0022\u003E\n  \u003Cuse xlink:href=\u0022\/themes\/custom\/plm\/dist\/assets\/images\/2e871604ef7778ce3dc1.svg#icon-360\u0022\u003E\u003C\/use\u003E\n\u003C\/svg\u003E\n  \u003C\/span\u003E\n  \u003Cspan class=\u0022button-expand__label\u0022 x-ref=\u0022label\u0022\u003E360\u003C\/span\u003E\n\u003C\/span\u003E\n                \u003C\/span\u003E\n                      \u003C\/div\u003E\n          \u003C\/div\u003E\n  \u003Cdiv class=\u0022card-article__body\u0022\u003E\n        \u003Cdiv class=\u0022text-[1.125em] leading-0 card-title\u0022\u003E\n                    \n      \u003Ca class=\u0022card-article__title\u0022 href=\u0022\/visites-360\/visite-360deg-a-l-earl-les-deux-sabots-pour-360-vl-en-logettes-creuses\u0022 target=\u0022_self\u0022  title=\u0022Visite 360\u00b0 \u00e0 l\u0026#039;Earl Les Deux Sabots, pour 360 VL en logettes creuses\u0022\u003E\n        \t\n\u003Ch2  data-component-id=\u0022front:title\u0022 class=\u0022title title--small inline\u0022 title=\u0022Visite 360\u00b0 \u00e0 l\u0026#039;Earl Les Deux Sabots, pour 360 VL en logettes creuses\u0022\u003EVisite 360\u00b0 \u00e0 l\u0026#039;Earl Les Deux Sabots, pour 360 VL en logettes creuses\u003C\/h2\u003E\n      \u003C\/a\u003E\n                \u003Cspan class=\u0022inline-flex align-middle\u0022\u003E\n        \n\u003Cspan  data-component-id=\u0022front:icon-padlock\u0022 class=\u0022icon-padlock icon-padlock--t1\u0022\u003E\n  \n\u003Csvg  data-component-id=\u0022front:icon\u0022 class=\u0022icon icon--padlock\u0022\u003E\n  \u003Cuse xlink:href=\u0022\/themes\/custom\/plm\/dist\/assets\/images\/2e871604ef7778ce3dc1.svg#icon-padlock\u0022\u003E\u003C\/use\u003E\n\u003C\/svg\u003E\n\u003C\/span\u003E\n      \u003C\/span\u003E\n          \u003C\/div\u003E\n    \n\u003Cdiv  data-component-id=\u0022front:wysiwyg\u0022 class=\u0022wysiwyg wysiwyg--small\u0022\u003ELa nouvelle \u00e9table d\u0027Hermjan et Elke accueillera 480 animaux \u00e0 terme : 360 vaches en lactation et 120 taries, pr\u00e9pas et g\u00e9nisses.\u00a0 Deux r\u00e8gles dans\u2026\u003C\/div\u003E\n          \u003Cdiv class=\u0022card-article__meta mbs-auto\u0022\u003E\n        \u003Ctime class=\u0022card-article__date\u0022 datetime=\u00222024-06-04T03:05:00+0200\u0022 x-data x-timestamp=\u00222024-06-04T03:05:00+0200\u0022\u003E04 Jun 2024\u003C\/time\u003E\n              \u003C\/div\u003E\n      \u003C\/div\u003E\n\u003C\/article\u003E\n\n\u003Carticle  data-component-id=\u0022front:card-article\u0022 class=\u0022card-article group\u0022\u003E\n  \u003Cdiv class=\u0022card-article__image\u0022\u003E\n    \t\t\t\t\t\t\u003Cimg  data-component-id=\u0022front:image\u0022 class=\u0022w-full h-full object-contain absolute inset-0\u0022 src=\u0022\/sites\/plm-magazine\/files\/styles\/teaser\/public\/2024-06\/72cf4380-afda-44b2-8ee2-46aacc546627.jpg.webp\u0022 alt=\u0022PLM554_couv.jpg\u0022 loading=\u0022lazy\u0022 width=\u0022237\u0022 height=\u0022320\u0022\u003E          \u003C\/div\u003E\n  \u003Cdiv class=\u0022card-article__body\u0022\u003E\n        \u003Cdiv class=\u0022text-[1.125em] leading-0 card-title\u0022\u003E\n                    \n      \u003Ca class=\u0022card-article__title\u0022 href=\u0022\/index.php\/sommaires\/sommaire-du-magazine-laitier-plm-n-554-de-mai-juin-2024\u0022 target=\u0022_self\u0022  title=\u0022Sommaire du magazine laitier PLM, n\u00b0554, de mai-juin 2024\u0022\u003E\n        \t\n\u003Ch2  data-component-id=\u0022front:title\u0022 class=\u0022title title--small inline\u0022 title=\u0022Sommaire du magazine laitier PLM, n\u00b0554, de mai-juin 2024\u0022\u003ESommaire du magazine laitier PLM, n\u00b0554, de mai-juin 2024\u003C\/h2\u003E\n      \u003C\/a\u003E\n                \u003C\/div\u003E\n    \n\u003Cdiv  data-component-id=\u0022front:wysiwyg\u0022 class=\u0022wysiwyg wysiwyg--small\u0022\u003ESommaire du magazine laitier PLM, n\u00b0 554 de mai\u2014juin 2024\n \u25cf Dossier Stress thermique. Signes, conseils et pr\u00e9vention\n\u25cf Nutrition et sant\u00e9. Attention\u2026\u003C\/div\u003E\n          \u003Cdiv class=\u0022card-article__meta mbs-auto\u0022\u003E\n        \u003Ctime class=\u0022card-article__date\u0022 datetime=\u00222024-06-03T16:11:40+0200\u0022 x-data x-timestamp=\u00222024-06-03T16:11:40+0200\u0022\u003E03 Jun 2024\u003C\/time\u003E\n              \u003C\/div\u003E\n      \u003C\/div\u003E\n\u003C\/article\u003E\n  \t\t\t\u003Carticle  data-component-id=\u0022front:card-webinaire-catalog\u0022 class=\u0022card-webinaire-catalog group\u0022 data-campagne=\u0022Webi-ELO_SN_2025-Novus_encadre\u0022 data-contentId=\u00223090\u0022 rel=\u0022nofollow\u0022\u003E\n  \u003Cdiv class=\u0022card-webinaire-catalog__image\u0022\u003E\n      \t\t\t\t\t\t\u003Cimg  data-component-id=\u0022front:image\u0022 class=\u0022w-full h-full object-cover absolute inset-0\u0022 src=\u0022\/sites\/plm-magazine\/files\/2026-04\/EVT-EP-ELO_Sante_Nutrition_25-Webi_Novus-accroche.jpg\u0022 alt=\u0022Webinaire Novus\u0022 title=\u0022Webinaire Novus\u0022 loading=\u0022eager\u0022 width=\u0022510\u0022 height=\u0022340\u0022\u003E          \u003Cdiv class=\u0022card-webinaire-catalog__duree \u0022\u003E\n        00:30:00\n      \u003C\/div\u003E\n        \u003Cdiv class=\u0022card-webinaire-catalog__badges\u0022\u003E\n      \t\t\n\u003Cspan  data-component-id=\u0022front:button-expand\u0022 class=\u0022button-expand button-expand--shadowed transition-within-parent\u0022 x-data=\u0022buttonExpand\u0022 :style=\u0022{ \u0026quot;--button-expand-label-width\u0026quot;: labelWidth }\u0022\u003E\n  \u003Cspan class=\u0022button-expand__icon\u0022\u003E\n    \n\u003Csvg  data-component-id=\u0022front:icon\u0022 class=\u0022icon icon--webinar\u0022\u003E\n  \u003Cuse xlink:href=\u0022\/themes\/custom\/plm\/dist\/assets\/images\/2e871604ef7778ce3dc1.svg#icon-webinar\u0022\u003E\u003C\/use\u003E\n\u003C\/svg\u003E\n  \u003C\/span\u003E\n  \u003Cspan class=\u0022button-expand__label\u0022 x-ref=\u0022label\u0022\u003Ewebinaire\u003C\/span\u003E\n\u003C\/span\u003E\n    \u003C\/div\u003E\n  \u003C\/div\u003E\n \u003Cdiv class=\u0022card-webinaire-catalog__body\u0022\u003E\n    \u003Cdiv class=\u0022text-[1.125em] leading-0 card-title\u0022\u003E\n            \u003Ca class=\u0022card-webinaire-catalog__title\u0022 href=\u0022\/webinaires\/management-des-boiteries-par-la-micronutrition-et-la-conduite-d-elevage\u0022 target=\u0022_self\u0022  data-campagne=\u0022Webi-ELO_SN_2025-Novus_encadre\u0022 data-contentId=\u00223090\u0022 rel=\u0022nofollow\u0022 title=\u0022Management des boiteries par la micronutrition et la conduite d\u0026#039;\u00e9levage\u0022\u003E\n        \n\u003Ch2  data-component-id=\u0022front:title\u0022 class=\u0022title title--small inline\u0022\u003EManagement des boiteries par la micronutrition et la conduite d\u0026#039;\u00e9levage\u003C\/h2\u003E\n      \u003C\/a\u003E\n                \u003C\/div\u003E\n\n    \u003Cdiv class=\u0022card-webinaire-catalog__date-info\u0022\u003E\n            \u003Cdiv class=\u0022card-webinaire-catalog__date\u0022\u003EReplay du\u0026nbsp;09\u0026nbsp;d\u00e9cembre\u0026nbsp;2025\u003C\/div\u003E\n                \u003C\/div\u003E\n\n          \u003Cdiv class=\u0022card-webinaire-catalog__organisateur\u0022\u003E\n        Par Novus\n      \u003C\/div\u003E\n    \n      \u003Cdiv class=\u0022card-webinaire-catalog__chapo\u0022\u003E\n        \n              \u003C\/div\u003E\n     \u003C\/div\u003E\n  \u003Cdiv class=\u0022card-webinaire-catalog__sponsor\u0022\u003E\n    Contenu sponsoris\u00e9\n  \u003C\/div\u003E\n\u003C\/article\u003E\n\n\u003Carticle  data-component-id=\u0022front:card-article\u0022 class=\u0022card-article group\u0022\u003E\n  \u003Cdiv class=\u0022card-article__image\u0022\u003E\n    \t\t\t\t\t\t\u003Cimg  data-component-id=\u0022front:image\u0022 class=\u0022w-full h-full object-contain absolute inset-0\u0022 src=\u0022\/sites\/plm-magazine\/files\/styles\/teaser\/public\/2024-06\/bd41e7c7-2276-4f38-ab4a-4a174178db7a.jpg.webp\u0022 alt=\u0022bbf6e7726c4665ff60307ev_00548181.jpg\u0022 loading=\u0022lazy\u0022 width=\u0022480\u0022 height=\u0022320\u0022\u003E          \u003C\/div\u003E\n  \u003Cdiv class=\u0022card-article__body\u0022\u003E\n        \u003Cdiv class=\u0022text-[1.125em] leading-0 card-title\u0022\u003E\n                    \n      \u003Ca class=\u0022card-article__title\u0022 href=\u0022\/index.php\/actualites\/temoignage-ils-ont-investi-pour-une-eau-de-meilleure-qualite\u0022 target=\u0022_self\u0022  title=\u0022T\u00e9moignage. Ils ont investi pour une eau de meilleure qualit\u00e9\u0022\u003E\n        \t\n\u003Ch2  data-component-id=\u0022front:title\u0022 class=\u0022title title--small inline\u0022 title=\u0022T\u00e9moignage. Ils ont investi pour une eau de meilleure qualit\u00e9\u0022\u003ET\u00e9moignage. Ils ont investi pour une eau de meilleure qualit\u00e9\u003C\/h2\u003E\n      \u003C\/a\u003E\n                \u003Cspan class=\u0022inline-flex align-middle\u0022\u003E\n        \n\u003Cspan  data-component-id=\u0022front:icon-padlock\u0022 class=\u0022icon-padlock icon-padlock--t1\u0022\u003E\n  \n\u003Csvg  data-component-id=\u0022front:icon\u0022 class=\u0022icon icon--padlock\u0022\u003E\n  \u003Cuse xlink:href=\u0022\/themes\/custom\/plm\/dist\/assets\/images\/2e871604ef7778ce3dc1.svg#icon-padlock\u0022\u003E\u003C\/use\u003E\n\u003C\/svg\u003E\n\u003C\/span\u003E\n      \u003C\/span\u003E\n          \u003C\/div\u003E\n    \n\u003Cdiv  data-component-id=\u0022front:wysiwyg\u0022 class=\u0022wysiwyg wysiwyg--small\u0022\u003E \u00ab C\u2019est fait. Tous nos abreuvoirs sont maintenant \u00e0 niveau constant. Je suis s\u00fbr qu\u2019ils favorisent la consommation d\u2019eau, et \u00e7a, c\u2019est indispensable\u2026\u003C\/div\u003E\n          \u003Cdiv class=\u0022card-article__meta mbs-auto\u0022\u003E\n        \u003Ctime class=\u0022card-article__date\u0022 datetime=\u00222024-06-03T07:00:00+0200\u0022 x-data x-timestamp=\u00222024-06-03T07:00:00+0200\u0022\u003E03 Jun 2024\u003C\/time\u003E\n              \u003C\/div\u003E\n      \u003C\/div\u003E\n\u003C\/article\u003E\n  \t\t\t\u003Carticle  data-component-id=\u0022front:card-webinaire-catalog\u0022 class=\u0022card-webinaire-catalog group\u0022 data-campagne=\u0022Webi-ELO_GT_2025-Ceva_encadre\u0022 data-contentId=\u00223101\u0022 rel=\u0022nofollow\u0022\u003E\n  \u003Cdiv class=\u0022card-webinaire-catalog__image\u0022\u003E\n      \t\t\t\t\t\t\u003Cimg  data-component-id=\u0022front:image\u0022 class=\u0022w-full h-full object-cover absolute inset-0\u0022 src=\u0022\/sites\/plm-magazine\/files\/2026-04\/EVT-PLM-ELO_Grands_troupeaux_25-Webi_ceva-accroche.jpg\u0022 alt=\u0022Webinaire Ceva\u0022 title=\u0022Webinaire Ceva\u0022 loading=\u0022eager\u0022 width=\u0022510\u0022 height=\u0022340\u0022\u003E          \u003Cdiv class=\u0022card-webinaire-catalog__duree \u0022\u003E\n        00:30:00\n      \u003C\/div\u003E\n        \u003Cdiv class=\u0022card-webinaire-catalog__badges\u0022\u003E\n      \t\t\n\u003Cspan  data-component-id=\u0022front:button-expand\u0022 class=\u0022button-expand button-expand--shadowed transition-within-parent\u0022 x-data=\u0022buttonExpand\u0022 :style=\u0022{ \u0026quot;--button-expand-label-width\u0026quot;: labelWidth }\u0022\u003E\n  \u003Cspan class=\u0022button-expand__icon\u0022\u003E\n    \n\u003Csvg  data-component-id=\u0022front:icon\u0022 class=\u0022icon icon--webinar\u0022\u003E\n  \u003Cuse xlink:href=\u0022\/themes\/custom\/plm\/dist\/assets\/images\/2e871604ef7778ce3dc1.svg#icon-webinar\u0022\u003E\u003C\/use\u003E\n\u003C\/svg\u003E\n  \u003C\/span\u003E\n  \u003Cspan class=\u0022button-expand__label\u0022 x-ref=\u0022label\u0022\u003Ewebinaire\u003C\/span\u003E\n\u003C\/span\u003E\n    \u003C\/div\u003E\n  \u003C\/div\u003E\n \u003Cdiv class=\u0022card-webinaire-catalog__body\u0022\u003E\n    \u003Cdiv class=\u0022text-[1.125em] leading-0 card-title\u0022\u003E\n            \u003Ca class=\u0022card-webinaire-catalog__title\u0022 href=\u0022\/webinaires\/performances-de-reproduction-degradees-c-etait-la-fievre-q\u0022 target=\u0022_self\u0022  data-campagne=\u0022Webi-ELO_GT_2025-Ceva_encadre\u0022 data-contentId=\u00223101\u0022 rel=\u0022nofollow\u0022 title=\u0022Performances de reproduction d\u00e9grad\u00e9es : c\u2019\u00e9tait la fi\u00e8vre Q !\u0022\u003E\n        \n\u003Ch2  data-component-id=\u0022front:title\u0022 class=\u0022title title--small inline\u0022\u003EPerformances de reproduction d\u00e9grad\u00e9es : c\u2019\u00e9tait la fi\u00e8vre Q !\u003C\/h2\u003E\n      \u003C\/a\u003E\n                \u003C\/div\u003E\n\n    \u003Cdiv class=\u0022card-webinaire-catalog__date-info\u0022\u003E\n            \u003Cdiv class=\u0022card-webinaire-catalog__date\u0022\u003EReplay du\u0026nbsp;19\u0026nbsp;juin\u0026nbsp;2025\u003C\/div\u003E\n                \u003C\/div\u003E\n\n          \u003Cdiv class=\u0022card-webinaire-catalog__organisateur\u0022\u003E\n        Par Ceva Sant\u00e9 Animale\n      \u003C\/div\u003E\n    \n      \u003Cdiv class=\u0022card-webinaire-catalog__chapo\u0022\u003E\n        \n              \u003C\/div\u003E\n     \u003C\/div\u003E\n  \u003Cdiv class=\u0022card-webinaire-catalog__sponsor\u0022\u003E\n    Contenu sponsoris\u00e9\n  \u003C\/div\u003E\n\u003C\/article\u003E\n\n\u003Carticle  data-component-id=\u0022front:card-article\u0022 class=\u0022card-article group\u0022\u003E\n  \u003Cdiv class=\u0022card-article__image\u0022\u003E\n    \t\t\t\t\t\t\u003Cimg  data-component-id=\u0022front:image\u0022 class=\u0022w-full h-full object-contain absolute inset-0\u0022 src=\u0022\/sites\/plm-magazine\/files\/styles\/teaser\/public\/2024-05\/caf34dd3-68d3-442c-9e1b-f27ec0c3888d.jpg.webp\u0022 alt=\u0022Ocene-LD-2.jpg\u0022 loading=\u0022lazy\u0022 width=\u0022480\u0022 height=\u0022270\u0022\u003E          \u003C\/div\u003E\n  \u003Cdiv class=\u0022card-article__body\u0022\u003E\n        \u003Cdiv class=\u0022text-[1.125em] leading-0 card-title\u0022\u003E\n                    \n      \u003Ca class=\u0022card-article__title\u0022 href=\u0022\/index.php\/actualites\/ocene-fait-le-pari-de-l-eau-de-pluie-pour-l-abreuvement-des-animaux-d-elevage\u0022 target=\u0022_self\u0022  title=\u0022Ocene fait le pari de l\u2019eau de pluie,  pour l\u2019abreuvement des animaux d\u2019\u00e9levage\u0022\u003E\n        \t\n\u003Ch2  data-component-id=\u0022front:title\u0022 class=\u0022title title--small inline\u0022 title=\u0022Ocene fait le pari de l\u2019eau de pluie,  pour l\u2019abreuvement des animaux d\u2019\u00e9levage\u0022\u003EOcene fait le pari de l\u2019eau de pluie,  pour l\u2019abreuvement des animaux d\u2026\u003C\/h2\u003E\n      \u003C\/a\u003E\n                \u003C\/div\u003E\n    \n\u003Cdiv  data-component-id=\u0022front:wysiwyg\u0022 class=\u0022wysiwyg wysiwyg--small\u0022\u003E Le dispositif fait appel \u00e0 l\u0027ultrafiltration. Il sera pr\u00e9sent\u00e9 au Space, sous le nom d\u0027Ekorain, \u0022 pr\u00eat \u00e0 brancher, fiable, pilotable \u00e0 distance \u0022\u2026\u003C\/div\u003E\n          \u003Cdiv class=\u0022card-article__meta mbs-auto\u0022\u003E\n        \u003Ctime class=\u0022card-article__date\u0022 datetime=\u00222024-05-31T16:14:07+0200\u0022 x-data x-timestamp=\u00222024-05-31T16:14:07+0200\u0022\u003E31 Mai 2024\u003C\/time\u003E\n              \u003C\/div\u003E\n      \u003C\/div\u003E\n\u003C\/article\u003E\n\n\u003Carticle  data-component-id=\u0022front:card-article\u0022 class=\u0022card-article group\u0022\u003E\n  \u003Cdiv class=\u0022card-article__image\u0022\u003E\n    \t\t\t\t\t\t\u003Cimg  data-component-id=\u0022front:image\u0022 class=\u0022w-full h-full object-contain absolute inset-0\u0022 src=\u0022\/sites\/plm-magazine\/files\/styles\/teaser\/public\/2024-05\/f48b6196-a8bd-48d3-a4d8-dfca4147817b.jpg.webp\u0022 alt=\u0022Catalogue-vente-buchy.jpg\u0022 loading=\u0022lazy\u0022 width=\u0022418\u0022 height=\u0022320\u0022\u003E          \u003C\/div\u003E\n  \u003Cdiv class=\u0022card-article__body\u0022\u003E\n        \u003Cdiv class=\u0022text-[1.125em] leading-0 card-title\u0022\u003E\n                    \n      \u003Ca class=\u0022card-article__title\u0022 href=\u0022\/index.php\/actualites\/34eme-prim-team-show-le-catalogue-est-disponible\u0022 target=\u0022_self\u0022  title=\u002234\u00e8me Prim\u2019Team Show : le catalogue est disponible\u0022\u003E\n        \t\n\u003Ch2  data-component-id=\u0022front:title\u0022 class=\u0022title title--small inline\u0022 title=\u002234\u00e8me Prim\u2019Team Show : le catalogue est disponible\u0022\u003E34\u00e8me Prim\u2019Team Show : le catalogue est disponible\u003C\/h2\u003E\n      \u003C\/a\u003E\n                \u003C\/div\u003E\n    \n\u003Cdiv  data-component-id=\u0022front:wysiwyg\u0022 class=\u0022wysiwyg wysiwyg--small\u0022\u003ELe 19 juin prochain, l\u0027\u00e9v\u00e8nement se d\u00e9roulera \u00e0 Buchy, en Seine-Maritime : concours de g\u00e9nisses, vente de g\u00e9nisses, animations g\u00e9n\u00e9tiques...\n\u003C\/div\u003E\n          \u003Cdiv class=\u0022card-article__meta mbs-auto\u0022\u003E\n        \u003Ctime class=\u0022card-article__date\u0022 datetime=\u00222024-05-31T14:40:38+0200\u0022 x-data x-timestamp=\u00222024-05-31T14:40:38+0200\u0022\u003E31 Mai 2024\u003C\/time\u003E\n              \u003C\/div\u003E\n      \u003C\/div\u003E\n\u003C\/article\u003E\n\n\u003Carticle  data-component-id=\u0022front:card-article\u0022 class=\u0022card-article group\u0022\u003E\n  \u003Cdiv class=\u0022card-article__image\u0022\u003E\n    \t\t\t\t\t\t\u003Cimg  data-component-id=\u0022front:image\u0022 class=\u0022w-full h-full object-contain absolute inset-0\u0022 src=\u0022\/sites\/plm-magazine\/files\/styles\/teaser\/public\/2024-05\/bff64ff9-fc26-4d0e-a7e8-0ba6a5284343.jpg.webp\u0022 alt=\u0022DSC00112.jpg\u0022 loading=\u0022lazy\u0022 width=\u0022480\u0022 height=\u0022320\u0022\u003E          \u003C\/div\u003E\n  \u003Cdiv class=\u0022card-article__body\u0022\u003E\n        \u003Cdiv class=\u0022text-[1.125em] leading-0 card-title\u0022\u003E\n                    \n      \u003Ca class=\u0022card-article__title\u0022 href=\u0022\/index.php\/actualites\/voici-un-protocole-de-nettoyage-des-seaux-bien-rode\u0022 target=\u0022_self\u0022  title=\u0022Voici un protocole de nettoyage des seaux bien rod\u00e9\u0022\u003E\n        \t\n\u003Ch2  data-component-id=\u0022front:title\u0022 class=\u0022title title--small inline\u0022 title=\u0022Voici un protocole de nettoyage des seaux bien rod\u00e9\u0022\u003EVoici un protocole de nettoyage des seaux bien rod\u00e9\u003C\/h2\u003E\n      \u003C\/a\u003E\n                \u003C\/div\u003E\n    \n\u003Cdiv  data-component-id=\u0022front:wysiwyg\u0022 class=\u0022wysiwyg wysiwyg--small\u0022\u003EAu Gaec du Bois Pasteur (44), tous les protocoles de la nurserie ont \u00e9t\u00e9 r\u00e9vis\u00e9s. Aujourd\u0027hui ils maintiennent 1000 g de GMQ en post-sevrage. Depuis\u2026\u003C\/div\u003E\n          \u003Cdiv class=\u0022card-article__meta mbs-auto\u0022\u003E\n        \u003Ctime class=\u0022card-article__date\u0022 datetime=\u00222024-05-30T07:00:00+0200\u0022 x-data x-timestamp=\u00222024-05-30T07:00:00+0200\u0022\u003E30 Mai 2024\u003C\/time\u003E\n              \u003C\/div\u003E\n      \u003C\/div\u003E\n\u003C\/article\u003E\n\n\u003Carticle  data-component-id=\u0022front:card-article\u0022 class=\u0022card-article group\u0022\u003E\n  \u003Cdiv class=\u0022card-article__image\u0022\u003E\n      \t\t\t\t\t\t\u003Cimg  data-component-id=\u0022front:image\u0022 class=\u0022w-full h-full object-contain absolute inset-0\u0022 src=\u0022\/sites\/plm-magazine\/files\/styles\/teaser\/public\/2024-05\/2f9e0efa-768a-4aa0-a612-8c5f93cbd1da.png.webp\u0022 alt=\u0022Capture-d\u2019\u00e9cran-2024-05-29-095041.png\u0022 title=\u0022Photo : Marie Defruit\u0022 loading=\u0022lazy\u0022 width=\u0022422\u0022 height=\u0022320\u0022\u003E          \u003C\/div\u003E\n  \u003Cdiv class=\u0022card-article__body\u0022\u003E\n        \u003Cdiv class=\u0022text-[1.125em] leading-0 card-title\u0022\u003E\n                    \n      \u003Ca class=\u0022card-article__title\u0022 href=\u0022\/index.php\/actualites\/a-quoi-s-attendre-lors-de-la-vente-pms-les-3-et-4-juillet-prochains\u0022 target=\u0022_self\u0022  title=\u0022\u00c0 quoi s\u2019attendre lors de la vente PMS, les 3 et 4 juillet prochains ?\u0022\u003E\n        \t\n\u003Ch2  data-component-id=\u0022front:title\u0022 class=\u0022title title--small inline\u0022 title=\u0022\u00c0 quoi s\u2019attendre lors de la vente PMS, les 3 et 4 juillet prochains ?\u0022\u003E\u00c0 quoi s\u2019attendre lors de la vente PMS, les 3 et 4 juillet prochains ?\u003C\/h2\u003E\n      \u003C\/a\u003E\n                \u003C\/div\u003E\n    \n\u003Cdiv  data-component-id=\u0022front:wysiwyg\u0022 class=\u0022wysiwyg wysiwyg--small\u0022\u003E La 16e \u00e9dition de la vente des Partenaires Motiv\u00e9s de la S\u00e9lection (PMS) se d\u00e9roulera les 3 et 4 \u00a0juillet prochains, au Gaec des Clairventes, en\u2026\u003C\/div\u003E\n          \u003Cdiv class=\u0022card-article__meta mbs-auto\u0022\u003E\n        \u003Ctime class=\u0022card-article__date\u0022 datetime=\u00222024-05-29T09:33:41+0200\u0022 x-data x-timestamp=\u00222024-05-29T09:33:41+0200\u0022\u003E29 Mai 2024\u003C\/time\u003E\n              \u003C\/div\u003E\n      \u003C\/div\u003E\n\u003C\/article\u003E\n\n\u003Carticle  data-component-id=\u0022front:card-article\u0022 class=\u0022card-article group\u0022\u003E\n  \u003Cdiv class=\u0022card-article__image\u0022\u003E\n      \t\t\t\t\t\t\u003Cimg  data-component-id=\u0022front:image\u0022 class=\u0022w-full h-full object-contain absolute inset-0\u0022 src=\u0022\/sites\/plm-magazine\/files\/styles\/teaser\/public\/2024-05\/bf266c9a-6328-44e2-906f-a9e8c0149227.jpg.webp\u0022 alt=\u0022DSC01005.jpg\u0022 title=\u0022Photo : Marie Defruit\u0022 loading=\u0022lazy\u0022 width=\u0022480\u0022 height=\u0022320\u0022\u003E          \u003C\/div\u003E\n  \u003Cdiv class=\u0022card-article__body\u0022\u003E\n        \u003Cdiv class=\u0022text-[1.125em] leading-0 card-title\u0022\u003E\n                    \n      \u003Ca class=\u0022card-article__title\u0022 href=\u0022\/index.php\/actualites\/3-conseils-pour-paturer-efficacement-avec-des-robots-de-traite\u0022 target=\u0022_self\u0022  title=\u00223 conseils pour p\u00e2turer efficacement avec des robots de traite\u0022\u003E\n        \t\n\u003Ch2  data-component-id=\u0022front:title\u0022 class=\u0022title title--small inline\u0022 title=\u00223 conseils pour p\u00e2turer efficacement avec des robots de traite\u0022\u003E3 conseils pour p\u00e2turer efficacement avec des robots de traite\u003C\/h2\u003E\n      \u003C\/a\u003E\n                \u003Cspan class=\u0022inline-flex align-middle\u0022\u003E\n        \n\u003Cspan  data-component-id=\u0022front:icon-padlock\u0022 class=\u0022icon-padlock icon-padlock--t1\u0022\u003E\n  \n\u003Csvg  data-component-id=\u0022front:icon\u0022 class=\u0022icon icon--padlock\u0022\u003E\n  \u003Cuse xlink:href=\u0022\/themes\/custom\/plm\/dist\/assets\/images\/2e871604ef7778ce3dc1.svg#icon-padlock\u0022\u003E\u003C\/use\u003E\n\u003C\/svg\u003E\n\u003C\/span\u003E\n      \u003C\/span\u003E\n          \u003C\/div\u003E\n    \n\u003Cdiv  data-component-id=\u0022front:wysiwyg\u0022 class=\u0022wysiwyg wysiwyg--small\u0022\u003E \u00ab Un stade jeune avec une valeur de MAT au-dessus des 15 % \u00bb . D\u2019entr\u00e9e, Benjamin Delacroix insiste sur la qualit\u00e9 de l\u2019herbe.  \u00ab Au p\u00e2turage, comme\u2026\u003C\/div\u003E\n          \u003Cdiv class=\u0022card-article__meta mbs-auto\u0022\u003E\n        \u003Ctime class=\u0022card-article__date\u0022 datetime=\u00222024-05-27T10:43:15+0200\u0022 x-data x-timestamp=\u00222024-05-27T10:43:15+0200\u0022\u003E27 Mai 2024\u003C\/time\u003E\n              \u003C\/div\u003E\n      \u003C\/div\u003E\n\u003C\/article\u003E\n\n\u003Carticle  data-component-id=\u0022front:card-article\u0022 class=\u0022card-article group\u0022\u003E\n  \u003Cdiv class=\u0022card-article__image\u0022\u003E\n    \t\t\t\t\t\t\u003Cimg  data-component-id=\u0022front:image\u0022 class=\u0022w-full h-full object-contain absolute inset-0\u0022 src=\u0022\/sites\/plm-magazine\/files\/styles\/teaser\/public\/2024-05\/e69ffbfa-7dcb-45fd-9f94-d884a183cc25.jpg.webp\u0022 alt=\u0022Vache-\u00e0-l\u0026#039;abreuvoir.jpg\u0022 loading=\u0022lazy\u0022 width=\u0022480\u0022 height=\u0022320\u0022\u003E          \u003C\/div\u003E\n  \u003Cdiv class=\u0022card-article__body\u0022\u003E\n        \u003Cdiv class=\u0022text-[1.125em] leading-0 card-title\u0022\u003E\n                    \n      \u003Ca class=\u0022card-article__title\u0022 href=\u0022\/index.php\/actualites\/l-acces-a-l-eau-est-il-suffisant-faites-le-test-de-la-densite-urinaire\u0022 target=\u0022_self\u0022  title=\u0022L\u2019acc\u00e8s \u00e0 l\u2019eau est-il suffisant\u2009? Faites le test de la densit\u00e9 urinaire\u0022\u003E\n        \t\n\u003Ch2  data-component-id=\u0022front:title\u0022 class=\u0022title title--small inline\u0022 title=\u0022L\u2019acc\u00e8s \u00e0 l\u2019eau est-il suffisant\u2009? Faites le test de la densit\u00e9 urinaire\u0022\u003EL\u2019acc\u00e8s \u00e0 l\u2019eau est-il suffisant\u2009? Faites le test de la densit\u00e9 urinaire\u003C\/h2\u003E\n      \u003C\/a\u003E\n                \u003C\/div\u003E\n    \n\u003Cdiv  data-component-id=\u0022front:wysiwyg\u0022 class=\u0022wysiwyg wysiwyg--small\u0022\u003E \u0022 A l\u0027aide d\u0027un r\u00e9fractom\u00e8tre, ce test est int\u00e9ressant sur les taries et les laiti\u00e8res au pic \u0022 explique le D r Daniele Castellani, v\u00e9t\u00e9rinaire\u2026\u003C\/div\u003E\n          \u003Cdiv class=\u0022card-article__meta mbs-auto\u0022\u003E\n        \u003Ctime class=\u0022card-article__date\u0022 datetime=\u00222024-05-24T16:34:10+0200\u0022 x-data x-timestamp=\u00222024-05-24T16:34:10+0200\u0022\u003E24 Mai 2024\u003C\/time\u003E\n              \u003C\/div\u003E\n      \u003C\/div\u003E\n\u003C\/article\u003E\n  \t\t\t\u003Carticle  data-component-id=\u0022front:card-webinaire-catalog\u0022 class=\u0022card-webinaire-catalog group\u0022 data-campagne=\u0022Webi-ELO_GT_2025-Vetoquinol_encadre\u0022 data-contentId=\u00223102\u0022 rel=\u0022nofollow\u0022\u003E\n  \u003Cdiv class=\u0022card-webinaire-catalog__image\u0022\u003E\n      \t\t\t\t\t\t\u003Cimg  data-component-id=\u0022front:image\u0022 class=\u0022w-full h-full object-cover absolute inset-0\u0022 src=\u0022\/sites\/plm-magazine\/files\/2026-04\/EVT-PLM-ELO_Grands_troupeaux_25-Webi_vetoquinol-accroche.jpg\u0022 alt=\u0022Webinaire Vetoquinol\u0022 title=\u0022Webinaire Vetoquinol\u0022 loading=\u0022eager\u0022 width=\u0022510\u0022 height=\u0022340\u0022\u003E          \u003Cdiv class=\u0022card-webinaire-catalog__duree \u0022\u003E\n        00:30:00\n      \u003C\/div\u003E\n        \u003Cdiv class=\u0022card-webinaire-catalog__badges\u0022\u003E\n      \t\t\n\u003Cspan  data-component-id=\u0022front:button-expand\u0022 class=\u0022button-expand button-expand--shadowed transition-within-parent\u0022 x-data=\u0022buttonExpand\u0022 :style=\u0022{ \u0026quot;--button-expand-label-width\u0026quot;: labelWidth }\u0022\u003E\n  \u003Cspan class=\u0022button-expand__icon\u0022\u003E\n    \n\u003Csvg  data-component-id=\u0022front:icon\u0022 class=\u0022icon icon--webinar\u0022\u003E\n  \u003Cuse xlink:href=\u0022\/themes\/custom\/plm\/dist\/assets\/images\/2e871604ef7778ce3dc1.svg#icon-webinar\u0022\u003E\u003C\/use\u003E\n\u003C\/svg\u003E\n  \u003C\/span\u003E\n  \u003Cspan class=\u0022button-expand__label\u0022 x-ref=\u0022label\u0022\u003Ewebinaire\u003C\/span\u003E\n\u003C\/span\u003E\n    \u003C\/div\u003E\n  \u003C\/div\u003E\n \u003Cdiv class=\u0022card-webinaire-catalog__body\u0022\u003E\n    \u003Cdiv class=\u0022text-[1.125em] leading-0 card-title\u0022\u003E\n            \u003Ca class=\u0022card-webinaire-catalog__title\u0022 href=\u0022\/webinaires\/mammites-les-benefices-du-traitement-cible\u0022 target=\u0022_self\u0022  data-campagne=\u0022Webi-ELO_GT_2025-Vetoquinol_encadre\u0022 data-contentId=\u00223102\u0022 rel=\u0022nofollow\u0022 title=\u0022Mammites : les b\u00e9n\u00e9fices du traitement cibl\u00e9\u0022\u003E\n        \n\u003Ch2  data-component-id=\u0022front:title\u0022 class=\u0022title title--small inline\u0022\u003EMammites : les b\u00e9n\u00e9fices du traitement cibl\u00e9\u003C\/h2\u003E\n      \u003C\/a\u003E\n                \u003C\/div\u003E\n\n    \u003Cdiv class=\u0022card-webinaire-catalog__date-info\u0022\u003E\n            \u003Cdiv class=\u0022card-webinaire-catalog__date\u0022\u003EReplay du\u0026nbsp;19\u0026nbsp;juin\u0026nbsp;2025\u003C\/div\u003E\n                \u003C\/div\u003E\n\n          \u003Cdiv class=\u0022card-webinaire-catalog__organisateur\u0022\u003E\n        Par Vetoquinol\n      \u003C\/div\u003E\n    \n      \u003Cdiv class=\u0022card-webinaire-catalog__chapo\u0022\u003E\n        \n              \u003C\/div\u003E\n     \u003C\/div\u003E\n  \u003Cdiv class=\u0022card-webinaire-catalog__sponsor\u0022\u003E\n    Contenu sponsoris\u00e9\n  \u003C\/div\u003E\n\u003C\/article\u003E\n\n\u003Carticle  data-component-id=\u0022front:card-article\u0022 class=\u0022card-article group\u0022\u003E\n  \u003Cdiv class=\u0022card-article__image\u0022\u003E\n    \t\t\t\t\t\t\u003Cimg  data-component-id=\u0022front:image\u0022 class=\u0022w-full h-full object-contain absolute inset-0\u0022 src=\u0022\/sites\/plm-magazine\/files\/styles\/teaser\/public\/2024-05\/7d992fd7-4385-42d3-b1d2-27f787b6fcbe.jpg.webp\u0022 alt=\u0022collecte-de-lait-(1).jpg\u0022 loading=\u0022lazy\u0022 width=\u0022480\u0022 height=\u0022320\u0022\u003E          \u003C\/div\u003E\n  \u003Cdiv class=\u0022card-article__body\u0022\u003E\n        \u003Cdiv class=\u0022text-[1.125em] leading-0 card-title\u0022\u003E\n                    \n      \u003Ca class=\u0022card-article__title\u0022 href=\u0022\/index.php\/actualites\/la-meteo-pluvieuse-aurait-elle-stoppe-la-hausse-de-la-collecte\u0022 target=\u0022_self\u0022  title=\u0022La m\u00e9t\u00e9o pluvieuse aurait-elle stopp\u00e9 la hausse de la collecte ?\u0022\u003E\n        \t\n\u003Ch2  data-component-id=\u0022front:title\u0022 class=\u0022title title--small inline\u0022 title=\u0022La m\u00e9t\u00e9o pluvieuse aurait-elle stopp\u00e9 la hausse de la collecte ?\u0022\u003ELa m\u00e9t\u00e9o pluvieuse aurait-elle stopp\u00e9 la hausse de la collecte ?\u003C\/h2\u003E\n      \u003C\/a\u003E\n                \u003C\/div\u003E\n    \n\u003Cdiv  data-component-id=\u0022front:wysiwyg\u0022 class=\u0022wysiwyg wysiwyg--small\u0022\u003EApr\u00e8s un\u00a01e trimestre dynamique, la collecte de lait en France entame un repli, \u0022affect\u00e9 par une m\u00e9t\u00e9o pluvieuse\u0022, d\u0027apr\u00e8s Idele dans sa Tendance\u2026\u003C\/div\u003E\n          \u003Cdiv class=\u0022card-article__meta mbs-auto\u0022\u003E\n        \u003Ctime class=\u0022card-article__date\u0022 datetime=\u00222024-05-24T11:25:14+0200\u0022 x-data x-timestamp=\u00222024-05-24T11:25:14+0200\u0022\u003E24 Mai 2024\u003C\/time\u003E\n              \u003C\/div\u003E\n      \u003C\/div\u003E\n\u003C\/article\u003E\n  \t\t\t\u003Carticle  data-component-id=\u0022front:card-webinaire-catalog\u0022 class=\u0022card-webinaire-catalog group\u0022 data-campagne=\u0022Webi-ELO_GT_2025-Phibro_encadre\u0022 data-contentId=\u00223103\u0022 rel=\u0022nofollow\u0022\u003E\n  \u003Cdiv class=\u0022card-webinaire-catalog__image\u0022\u003E\n      \t\t\t\t\t\t\u003Cimg  data-component-id=\u0022front:image\u0022 class=\u0022w-full h-full object-cover absolute inset-0\u0022 src=\u0022\/sites\/plm-magazine\/files\/2026-04\/EVT-PLM-ELO_Grands_troupeaux_25-Webi_Phibro-accroche.jpg\u0022 alt=\u0022Webinaire Phibro\u0022 title=\u0022Webinaire Phibro\u0022 loading=\u0022eager\u0022 width=\u0022510\u0022 height=\u0022340\u0022\u003E          \u003Cdiv class=\u0022card-webinaire-catalog__duree \u0022\u003E\n        00:30:00\n      \u003C\/div\u003E\n        \u003Cdiv class=\u0022card-webinaire-catalog__badges\u0022\u003E\n      \t\t\n\u003Cspan  data-component-id=\u0022front:button-expand\u0022 class=\u0022button-expand button-expand--shadowed transition-within-parent\u0022 x-data=\u0022buttonExpand\u0022 :style=\u0022{ \u0026quot;--button-expand-label-width\u0026quot;: labelWidth }\u0022\u003E\n  \u003Cspan class=\u0022button-expand__icon\u0022\u003E\n    \n\u003Csvg  data-component-id=\u0022front:icon\u0022 class=\u0022icon icon--webinar\u0022\u003E\n  \u003Cuse xlink:href=\u0022\/themes\/custom\/plm\/dist\/assets\/images\/2e871604ef7778ce3dc1.svg#icon-webinar\u0022\u003E\u003C\/use\u003E\n\u003C\/svg\u003E\n  \u003C\/span\u003E\n  \u003Cspan class=\u0022button-expand__label\u0022 x-ref=\u0022label\u0022\u003Ewebinaire\u003C\/span\u003E\n\u003C\/span\u003E\n    \u003C\/div\u003E\n  \u003C\/div\u003E\n \u003Cdiv class=\u0022card-webinaire-catalog__body\u0022\u003E\n    \u003Cdiv class=\u0022text-[1.125em] leading-0 card-title\u0022\u003E\n            \u003Ca class=\u0022card-webinaire-catalog__title\u0022 href=\u0022\/webinaires\/l-immunite-un-enjeu-crucial-pour-la-rentabilite-des-elevages\u0022 target=\u0022_self\u0022  data-campagne=\u0022Webi-ELO_GT_2025-Phibro_encadre\u0022 data-contentId=\u00223103\u0022 rel=\u0022nofollow\u0022 title=\u0022L\u2019immunit\u00e9, un enjeu crucial pour la rentabilit\u00e9 des \u00e9levages\u0022\u003E\n        \n\u003Ch2  data-component-id=\u0022front:title\u0022 class=\u0022title title--small inline\u0022\u003EL\u2019immunit\u00e9, un enjeu crucial pour la rentabilit\u00e9 des \u00e9levages\u003C\/h2\u003E\n      \u003C\/a\u003E\n                \u003C\/div\u003E\n\n    \u003Cdiv class=\u0022card-webinaire-catalog__date-info\u0022\u003E\n            \u003Cdiv class=\u0022card-webinaire-catalog__date\u0022\u003EReplay du\u0026nbsp;19\u0026nbsp;juin\u0026nbsp;2025\u003C\/div\u003E\n                \u003C\/div\u003E\n\n          \u003Cdiv class=\u0022card-webinaire-catalog__organisateur\u0022\u003E\n        Par Phibro Animal Health\n      \u003C\/div\u003E\n    \n      \u003Cdiv class=\u0022card-webinaire-catalog__chapo\u0022\u003E\n        \n              \u003C\/div\u003E\n     \u003C\/div\u003E\n  \u003Cdiv class=\u0022card-webinaire-catalog__sponsor\u0022\u003E\n    Contenu sponsoris\u00e9\n  \u003C\/div\u003E\n\u003C\/article\u003E\n\n\u003Carticle  data-component-id=\u0022front:card-article\u0022 class=\u0022card-article group\u0022\u003E\n  \u003Cdiv class=\u0022card-article__image\u0022\u003E\n      \t\t\t\t\t\t\u003Cimg  data-component-id=\u0022front:image\u0022 class=\u0022w-full h-full object-contain absolute inset-0\u0022 src=\u0022\/sites\/plm-magazine\/files\/styles\/teaser\/public\/2024-05\/4b94196d-f0c9-432a-8734-70244669035c.jpg.webp\u0022 alt=\u0022salonherbe2.jpg\u0022 title=\u0022@Salon de l\u0026#039;herbe et des fourrages\u0022 loading=\u0022lazy\u0022 width=\u0022449\u0022 height=\u0022320\u0022\u003E          \u003C\/div\u003E\n  \u003Cdiv class=\u0022card-article__body\u0022\u003E\n        \u003Cdiv class=\u0022text-[1.125em] leading-0 card-title\u0022\u003E\n                    \n      \u003Ca class=\u0022card-article__title\u0022 href=\u0022\/index.php\/actualites\/salon-de-l-herbe-et-des-fourrages-les-29-et-30-mai-a-nouvoitou-35\u0022 target=\u0022_self\u0022  title=\u0022Salon de l\u2019herbe et des fourrages. Les 29 et 30 mai \u00e0 Nouvoitou (35)\u0022\u003E\n        \t\n\u003Ch2  data-component-id=\u0022front:title\u0022 class=\u0022title title--small inline\u0022 title=\u0022Salon de l\u2019herbe et des fourrages. Les 29 et 30 mai \u00e0 Nouvoitou (35)\u0022\u003ESalon de l\u2019herbe et des fourrages. Les 29 et 30 mai \u00e0 Nouvoitou (35)\u003C\/h2\u003E\n      \u003C\/a\u003E\n                \u003C\/div\u003E\n    \n\u003Cdiv  data-component-id=\u0022front:wysiwyg\u0022 class=\u0022wysiwyg wysiwyg--small\u0022\u003E160 marques exposantes sont annonc\u00e9es pour cette \u00e9dition du grand Ouest qui fera la part belle aux d\u00e9monstrations de mat\u00e9riel de r\u00e9colte et \u00e0 l\u2026\u003C\/div\u003E\n          \u003Cdiv class=\u0022card-article__meta mbs-auto\u0022\u003E\n        \u003Ctime class=\u0022card-article__date\u0022 datetime=\u00222024-05-22T17:39:10+0200\u0022 x-data x-timestamp=\u00222024-05-22T17:39:10+0200\u0022\u003E22 Mai 2024\u003C\/time\u003E\n              \u003C\/div\u003E\n      \u003C\/div\u003E\n\u003C\/article\u003E\n\n\u003Carticle  data-component-id=\u0022front:card-article\u0022 class=\u0022card-article group\u0022\u003E\n  \u003Cdiv class=\u0022card-article__image\u0022\u003E\n      \t\t\t\t\t\t\u003Cimg  data-component-id=\u0022front:image\u0022 class=\u0022w-full h-full object-contain absolute inset-0\u0022 src=\u0022\/sites\/plm-magazine\/files\/styles\/teaser\/public\/2024-05\/f041d750-c27e-4fb1-b709-2aa4e4bfdacc.jpg.webp\u0022 alt=\u0022ingredia.jpg\u0022 title=\u0022@Ingredia\u0022 loading=\u0022lazy\u0022 width=\u0022377\u0022 height=\u0022320\u0022\u003E          \u003C\/div\u003E\n  \u003Cdiv class=\u0022card-article__body\u0022\u003E\n        \u003Cdiv class=\u0022text-[1.125em] leading-0 card-title\u0022\u003E\n                    \n      \u003Ca class=\u0022card-article__title\u0022 href=\u0022\/index.php\/actualites\/decarbonation-50-fermes-laitieres-accompagnees-par-prosperite-fermiere-ingredia\u0022 target=\u0022_self\u0022  title=\u0022D\u00e9carbonation. 50 fermes laiti\u00e8res accompagn\u00e9es par Prosp\u00e9rit\u00e9 Fermi\u00e8re Ingredia\u0022\u003E\n        \t\n\u003Ch2  data-component-id=\u0022front:title\u0022 class=\u0022title title--small inline\u0022 title=\u0022D\u00e9carbonation. 50 fermes laiti\u00e8res accompagn\u00e9es par Prosp\u00e9rit\u00e9 Fermi\u00e8re Ingredia\u0022\u003ED\u00e9carbonation. 50 fermes laiti\u00e8res accompagn\u00e9es par Prosp\u00e9rit\u00e9 Fermi\u00e8re\u2026\u003C\/h2\u003E\n      \u003C\/a\u003E\n                \u003C\/div\u003E\n    \n\u003Cdiv  data-component-id=\u0022front:wysiwyg\u0022 class=\u0022wysiwyg wysiwyg--small\u0022\u003EPendant le forum CarbonConnect, General Mills et Prosp\u00e9rit\u00e9 Fermi\u00e8re Ingredia ont nou\u00e9 un partenariat pour contribuer \u00e0 la d\u00e9carbonation de l\u2026\u003C\/div\u003E\n          \u003Cdiv class=\u0022card-article__meta mbs-auto\u0022\u003E\n        \u003Ctime class=\u0022card-article__date\u0022 datetime=\u00222024-05-22T05:53:00+0200\u0022 x-data x-timestamp=\u00222024-05-22T05:53:00+0200\u0022\u003E22 Mai 2024\u003C\/time\u003E\n              \u003C\/div\u003E\n      \u003C\/div\u003E\n\u003C\/article\u003E\n\n\u003Carticle  data-component-id=\u0022front:card-article\u0022 class=\u0022card-article group\u0022\u003E\n  \u003Cdiv class=\u0022card-article__image\u0022\u003E\n    \t\t\t\t\t\t\u003Cimg  data-component-id=\u0022front:image\u0022 class=\u0022w-full h-full object-contain absolute inset-0\u0022 src=\u0022\/sites\/plm-magazine\/files\/styles\/teaser\/public\/2024-05\/7e397a1f-ebc7-4f4e-8a8f-34d34442ba3a.jpg.webp\u0022 alt=\u0022keenanaccroche.jpg\u0022 loading=\u0022lazy\u0022 width=\u0022480\u0022 height=\u0022308\u0022\u003E          \u003C\/div\u003E\n  \u003Cdiv class=\u0022card-article__body\u0022\u003E\n        \u003Cdiv class=\u0022text-[1.125em] leading-0 card-title\u0022\u003E\n                    \n      \u003Ca class=\u0022card-article__title\u0022 href=\u0022\/index.php\/actualites\/28-et-30-mai-deux-journees-dans-l-ouest-sur-la-conduite-des-genisses\u0022 target=\u0022_self\u0022  title=\u002228 et 30 mai. Deux journ\u00e9es dans l\u0026#039;Ouest sur la conduite des g\u00e9nisses\u0022\u003E\n        \t\n\u003Ch2  data-component-id=\u0022front:title\u0022 class=\u0022title title--small inline\u0022 title=\u002228 et 30 mai. Deux journ\u00e9es dans l\u0026#039;Ouest sur la conduite des g\u00e9nisses\u0022\u003E28 et 30 mai. Deux journ\u00e9es dans l\u0026#039;Ouest sur la conduite des g\u00e9nisses\u003C\/h2\u003E\n      \u003C\/a\u003E\n                \u003C\/div\u003E\n    \n\u003Cdiv  data-component-id=\u0022front:wysiwyg\u0022 class=\u0022wysiwyg wysiwyg--small\u0022\u003EAlltech-Keenan organise deux journ\u00e9es techniques pour am\u00e9liorer la conduite des g\u00e9nisses avec l\u0027intervention du Dr Anna-Catherina Berge.\n\u003C\/div\u003E\n          \u003Cdiv class=\u0022card-article__meta mbs-auto\u0022\u003E\n        \u003Ctime class=\u0022card-article__date\u0022 datetime=\u00222024-05-21T09:21:16+0200\u0022 x-data x-timestamp=\u00222024-05-21T09:21:16+0200\u0022\u003E21 Mai 2024\u003C\/time\u003E\n              \u003C\/div\u003E\n      \u003C\/div\u003E\n\u003C\/article\u003E\n\n\u003Carticle  data-component-id=\u0022front:card-article\u0022 class=\u0022card-article group\u0022\u003E\n  \u003Cdiv class=\u0022card-article__image\u0022\u003E\n    \t\t\t\t\t\t\u003Cimg  data-component-id=\u0022front:image\u0022 class=\u0022w-full h-full object-contain absolute inset-0\u0022 src=\u0022\/sites\/plm-magazine\/files\/styles\/teaser\/public\/2024-05\/35e7afd3-5bc4-4dcf-9441-3731c0fbae30.jpg.webp\u0022 alt=\u0022Cuivre-LD.jpg\u0022 loading=\u0022lazy\u0022 width=\u0022458\u0022 height=\u0022320\u0022\u003E          \u003C\/div\u003E\n  \u003Cdiv class=\u0022card-article__body\u0022\u003E\n        \u003Cdiv class=\u0022text-[1.125em] leading-0 card-title\u0022\u003E\n                    \n      \u003Ca class=\u0022card-article__title\u0022 href=\u0022\/index.php\/actualites\/attention-aux-rations-trop-riches-en-cuivre\u0022 target=\u0022_self\u0022  title=\u0022Attention aux rations trop riches en cuivre...\u0022\u003E\n        \t\n\u003Ch2  data-component-id=\u0022front:title\u0022 class=\u0022title title--small inline\u0022 title=\u0022Attention aux rations trop riches en cuivre...\u0022\u003EAttention aux rations trop riches en cuivre...\u003C\/h2\u003E\n      \u003C\/a\u003E\n                \u003C\/div\u003E\n    \n\u003Cdiv  data-component-id=\u0022front:wysiwyg\u0022 class=\u0022wysiwyg wysiwyg--small\u0022\u003E L\u0027erreur est d\u0027oublier de prendre en compte le cuivre natif... \u0022 Attention aux cons\u00e9quences sur le foie \u0022 pr\u00e9vient la soci\u00e9t\u00e9 Animine.\n\u003C\/div\u003E\n          \u003Cdiv class=\u0022card-article__meta mbs-auto\u0022\u003E\n        \u003Ctime class=\u0022card-article__date\u0022 datetime=\u00222024-05-20T09:59:12+0200\u0022 x-data x-timestamp=\u00222024-05-20T09:59:12+0200\u0022\u003E20 Mai 2024\u003C\/time\u003E\n              \u003C\/div\u003E\n      \u003C\/div\u003E\n\u003C\/article\u003E\n  \t\t\t\u003Carticle  data-component-id=\u0022front:card-webinaire-catalog\u0022 class=\u0022card-webinaire-catalog group\u0022 data-campagne=\u0022Webi-ELO_GT_2025-bicarz_encadre\u0022 data-contentId=\u00223104\u0022 rel=\u0022nofollow\u0022\u003E\n  \u003Cdiv class=\u0022card-webinaire-catalog__image\u0022\u003E\n      \t\t\t\t\t\t\u003Cimg  data-component-id=\u0022front:image\u0022 class=\u0022w-full h-full object-cover absolute inset-0\u0022 src=\u0022\/sites\/plm-magazine\/files\/2026-04\/EVT-PLM-ELO_Grands_troupeaux_25-Webi_solvay-accroche.jpg\u0022 alt=\u0022Webinaire Solvay Bicar\u00aeZ\u0022 title=\u0022Webinaire Solvay Bicar\u00aeZ\u0022 loading=\u0022eager\u0022 width=\u0022510\u0022 height=\u0022340\u0022\u003E          \u003Cdiv class=\u0022card-webinaire-catalog__duree \u0022\u003E\n        00:30:00\n      \u003C\/div\u003E\n        \u003Cdiv class=\u0022card-webinaire-catalog__badges\u0022\u003E\n      \t\t\n\u003Cspan  data-component-id=\u0022front:button-expand\u0022 class=\u0022button-expand button-expand--shadowed transition-within-parent\u0022 x-data=\u0022buttonExpand\u0022 :style=\u0022{ \u0026quot;--button-expand-label-width\u0026quot;: labelWidth }\u0022\u003E\n  \u003Cspan class=\u0022button-expand__icon\u0022\u003E\n    \n\u003Csvg  data-component-id=\u0022front:icon\u0022 class=\u0022icon icon--webinar\u0022\u003E\n  \u003Cuse xlink:href=\u0022\/themes\/custom\/plm\/dist\/assets\/images\/2e871604ef7778ce3dc1.svg#icon-webinar\u0022\u003E\u003C\/use\u003E\n\u003C\/svg\u003E\n  \u003C\/span\u003E\n  \u003Cspan class=\u0022button-expand__label\u0022 x-ref=\u0022label\u0022\u003Ewebinaire\u003C\/span\u003E\n\u003C\/span\u003E\n    \u003C\/div\u003E\n  \u003C\/div\u003E\n \u003Cdiv class=\u0022card-webinaire-catalog__body\u0022\u003E\n    \u003Cdiv class=\u0022text-[1.125em] leading-0 card-title\u0022\u003E\n            \u003Ca class=\u0022card-webinaire-catalog__title\u0022 href=\u0022\/webinaires\/bicarrz-un-nutriment-cle-pour-les-vaches-en-lactation\u0022 target=\u0022_self\u0022  data-campagne=\u0022Webi-ELO_GT_2025-bicarz_encadre\u0022 data-contentId=\u00223104\u0022 rel=\u0022nofollow\u0022 title=\u0022Bicar\u00aeZ : un nutriment cl\u00e9 pour les vaches en lactation\u0022\u003E\n        \n\u003Ch2  data-component-id=\u0022front:title\u0022 class=\u0022title title--small inline\u0022\u003EBicar\u00aeZ : un nutriment cl\u00e9 pour les vaches en lactation\u003C\/h2\u003E\n      \u003C\/a\u003E\n                \u003C\/div\u003E\n\n    \u003Cdiv class=\u0022card-webinaire-catalog__date-info\u0022\u003E\n            \u003Cdiv class=\u0022card-webinaire-catalog__date\u0022\u003EReplay du\u0026nbsp;19\u0026nbsp;juin\u0026nbsp;2025\u003C\/div\u003E\n                \u003C\/div\u003E\n\n          \u003Cdiv class=\u0022card-webinaire-catalog__organisateur\u0022\u003E\n        Par Bicar\u00aeZ\n      \u003C\/div\u003E\n    \n      \u003Cdiv class=\u0022card-webinaire-catalog__chapo\u0022\u003E\n        \n              \u003C\/div\u003E\n     \u003C\/div\u003E\n  \u003Cdiv class=\u0022card-webinaire-catalog__sponsor\u0022\u003E\n    Contenu sponsoris\u00e9\n  \u003C\/div\u003E\n\u003C\/article\u003E\n\n\u003Carticle  data-component-id=\u0022front:card-article\u0022 class=\u0022card-article group\u0022\u003E\n  \u003Cdiv class=\u0022card-article__image\u0022\u003E\n    \t\t\t\t\t\t\u003Cimg  data-component-id=\u0022front:image\u0022 class=\u0022w-full h-full object-contain absolute inset-0\u0022 src=\u0022\/sites\/plm-magazine\/files\/styles\/teaser\/public\/2024-05\/4a0c6721-c80a-4ec3-854d-4d9b19d9a4ac.jpg.webp\u0022 alt=\u0022DSC02879.jpg\u0022 loading=\u0022lazy\u0022 width=\u0022480\u0022 height=\u0022320\u0022\u003E          \u003C\/div\u003E\n  \u003Cdiv class=\u0022card-article__body\u0022\u003E\n        \u003Cdiv class=\u0022text-[1.125em] leading-0 card-title\u0022\u003E\n                    \n      \u003Ca class=\u0022card-article__title\u0022 href=\u0022\/index.php\/actualites\/la-pms-2024-pose-ses-valises-en-mayenne-les-3-et-4-juillet\u0022 target=\u0022_self\u0022  title=\u0022La PMS 2024 pose ses valises en Mayenne les 3 et 4 juillet\u0022\u003E\n        \t\n\u003Ch2  data-component-id=\u0022front:title\u0022 class=\u0022title title--small inline\u0022 title=\u0022La PMS 2024 pose ses valises en Mayenne les 3 et 4 juillet\u0022\u003ELa PMS 2024 pose ses valises en Mayenne les 3 et 4 juillet\u003C\/h2\u003E\n      \u003C\/a\u003E\n                \u003C\/div\u003E\n    \n\u003Cdiv  data-component-id=\u0022front:wysiwyg\u0022 class=\u0022wysiwyg wysiwyg--small\u0022\u003ELes prochaines journ\u00e9es PMS auront lieu les 3 et 4 juillet 2024 \u00e0\u00a0Pr\u00e9-En-Pail-Saint-Samson (53). La famille Huet accueillera les festivit\u00e9s au sein\u2026\u003C\/div\u003E\n          \u003Cdiv class=\u0022card-article__meta mbs-auto\u0022\u003E\n        \u003Ctime class=\u0022card-article__date\u0022 datetime=\u00222024-05-16T16:22:27+0200\u0022 x-data x-timestamp=\u00222024-05-16T16:22:27+0200\u0022\u003E16 Mai 2024\u003C\/time\u003E\n              \u003C\/div\u003E\n      \u003C\/div\u003E\n\u003C\/article\u003E\n  \t\t\t\u003Carticle  data-component-id=\u0022front:card-webinaire-catalog\u0022 class=\u0022card-webinaire-catalog group\u0022 data-campagne=\u0022Webi-ELO_GT_2026-Phibro_encadre\u0022 data-contentId=\u00223120\u0022 rel=\u0022nofollow\u0022\u003E\n  \u003Cdiv class=\u0022card-webinaire-catalog__image\u0022\u003E\n      \t\t\t\t\t\t\u003Cimg  data-component-id=\u0022front:image\u0022 class=\u0022w-full h-full object-cover absolute inset-0\u0022 src=\u0022\/sites\/plm-magazine\/files\/2026-04\/EVT-PLM-ELO_Grands_troupeaux_26-Webi_phibro-accroche.jpg\u0022 alt=\u0022Mammites\u00a0: comment s\u2019en pr\u00e9munir et diminuer les co\u00fbts\u0022 title=\u0022Mammites\u00a0: comment s\u2019en pr\u00e9munir et diminuer les co\u00fbts\u0022 loading=\u0022eager\u0022 width=\u0022510\u0022 height=\u0022340\u0022\u003E          \u003Cdiv class=\u0022card-webinaire-catalog__duree \u0022\u003E\n        00:30:00\n      \u003C\/div\u003E\n        \u003Cdiv class=\u0022card-webinaire-catalog__badges\u0022\u003E\n      \t\t\n\u003Cspan  data-component-id=\u0022front:button-expand\u0022 class=\u0022button-expand button-expand--shadowed transition-within-parent\u0022 x-data=\u0022buttonExpand\u0022 :style=\u0022{ \u0026quot;--button-expand-label-width\u0026quot;: labelWidth }\u0022\u003E\n  \u003Cspan class=\u0022button-expand__icon\u0022\u003E\n    \n\u003Csvg  data-component-id=\u0022front:icon\u0022 class=\u0022icon icon--webinar\u0022\u003E\n  \u003Cuse xlink:href=\u0022\/themes\/custom\/plm\/dist\/assets\/images\/2e871604ef7778ce3dc1.svg#icon-webinar\u0022\u003E\u003C\/use\u003E\n\u003C\/svg\u003E\n  \u003C\/span\u003E\n  \u003Cspan class=\u0022button-expand__label\u0022 x-ref=\u0022label\u0022\u003Ewebinaire\u003C\/span\u003E\n\u003C\/span\u003E\n    \u003C\/div\u003E\n  \u003C\/div\u003E\n \u003Cdiv class=\u0022card-webinaire-catalog__body\u0022\u003E\n    \u003Cdiv class=\u0022text-[1.125em] leading-0 card-title\u0022\u003E\n            \u003Ca class=\u0022card-webinaire-catalog__title\u0022 href=\u0022\/webinaires\/mammites-comment-s-en-premunir-et-diminuer-les-couts\u0022 target=\u0022_self\u0022  data-campagne=\u0022Webi-ELO_GT_2026-Phibro_encadre\u0022 data-contentId=\u00223120\u0022 rel=\u0022nofollow\u0022 title=\u0022Mammites\u00a0: comment s\u2019en pr\u00e9munir et diminuer les co\u00fbts\u0022\u003E\n        \n\u003Ch2  data-component-id=\u0022front:title\u0022 class=\u0022title title--small inline\u0022\u003EMammites\u00a0: comment s\u2019en pr\u00e9munir et diminuer les co\u00fbts\u003C\/h2\u003E\n      \u003C\/a\u003E\n                \u003C\/div\u003E\n\n    \u003Cdiv class=\u0022card-webinaire-catalog__date-info\u0022\u003E\n            \u003Cdiv class=\u0022card-webinaire-catalog__date\u0022\u003EMardi\u0026nbsp;16\u0026nbsp;juin\u0026nbsp;2026\u003C\/div\u003E\n              \u003Cdiv class=\u0022card-webinaire-catalog__plage-horaire flex items-center gap-2\u0022\u003E\n        \u003Cspan class=\u0022inline-flex text-xl\u0022\u003E\n         \u003Csvg xmlns=\u0022http:\/\/www.w3.org\/2000\/svg\u0022 width=\u002217\u0022 height=\u002217\u0022 viewBox=\u00220 0 17 17\u0022 fill=\u0022none\u0022\u003E\n          \u003Cpath d=\u0022M8.13806 0.100098C12.5773 0.100242 16.1761 3.69895 16.1761 8.13818C16.176 12.5774 12.5772 16.1761 8.13806 16.1763C3.69883 16.1762 0.10012 12.5774 0.0999756 8.13818C0.100044 3.6989 3.69878 0.100167 8.13806 0.100098ZM8.13806 1.6001C4.52721 1.60017 1.60004 4.52733 1.59998 8.13818C1.60012 11.749 4.52725 14.6762 8.13806 14.6763C11.7488 14.6761 14.676 11.7489 14.6761 8.13818C14.6761 4.52738 11.7489 1.60024 8.13806 1.6001ZM8.13806 3.01514C8.55217 3.01526 8.88806 3.351 8.88806 3.76514V7.38818H12.5111C12.9252 7.38837 13.2611 7.72409 13.2611 8.13818C13.261 8.55216 12.9251 8.88799 12.5111 8.88818H8.13806C7.72394 8.88818 7.38821 8.55227 7.38806 8.13818V3.76514C7.38806 3.35092 7.72385 3.01514 8.13806 3.01514Z\u0022 fill=\u0022black\u0022\/\u003E\n          \u003Cpath d=\u0022M8.13806 0.100098L8.13806 9.76548e-05H8.13806L8.13806 0.100098ZM16.1761 8.13818L16.2761 8.13819V8.13818L16.1761 8.13818ZM8.13806 16.1763L8.13806 16.2763H8.13806L8.13806 16.1763ZM0.0999756 8.13818L-2.44156e-05 8.13818V8.13819L0.0999756 8.13818ZM8.13806 1.6001L8.13807 1.5001H8.13806L8.13806 1.6001ZM1.59998 8.13818L1.49998 8.13818V8.13819L1.59998 8.13818ZM8.13806 14.6763L8.13806 14.7763H8.13807L8.13806 14.6763ZM14.6761 8.13818L14.7761 8.13819V8.13818L14.6761 8.13818ZM8.13806 3.01514L8.13809 2.91514H8.13806V3.01514ZM8.88806 3.76514H8.98806V3.76514H8.88806ZM8.88806 7.38818H8.78806C8.78806 7.44341 8.83283 7.48818 8.88806 7.48818V7.38818ZM12.5111 7.38818L12.5112 7.28818H12.5111V7.38818ZM13.2611 8.13818L13.3611 8.13822V8.13818H13.2611ZM12.5111 8.88818V8.98818H12.5112L12.5111 8.88818ZM8.13806 8.88818V8.78818V8.88818ZM7.38806 8.13818H7.28806V8.13822L7.38806 8.13818ZM7.38806 3.76514H7.48806V3.76514H7.38806ZM8.13806 0.100098L8.13806 0.200098C12.5221 0.20024 16.0761 3.75418 16.0761 8.13819L16.1761 8.13818L16.2761 8.13818C16.2761 3.64372 12.6325 0.000244059 8.13806 9.76548e-05L8.13806 0.100098ZM16.1761 8.13818L16.0761 8.13818C16.076 12.5221 12.522 16.0761 8.13806 16.0763L8.13806 16.1763L8.13806 16.2763C12.6325 16.2761 16.276 12.6326 16.2761 8.13819L16.1761 8.13818ZM8.13806 16.1763L8.13806 16.0763C3.75406 16.0762 0.200118 12.5222 0.199976 8.13818L0.0999756 8.13818L-2.44156e-05 8.13819C0.000121988 12.6326 3.6436 16.2762 8.13806 16.2763L8.13806 16.1763ZM0.0999756 8.13818L0.199976 8.13819C0.200044 3.75413 3.75401 0.200166 8.13806 0.200098L8.13806 0.100098L8.13806 9.76548e-05C3.64355 0.000167377 4.53144e-05 3.64367 -2.44156e-05 8.13818L0.0999756 8.13818ZM8.13806 1.6001L8.13806 1.5001C4.47198 1.50017 1.50005 4.4721 1.49998 8.13818L1.59998 8.13818L1.69998 8.13819C1.70004 4.58256 4.58244 1.70017 8.13806 1.7001L8.13806 1.6001ZM1.59998 8.13818L1.49998 8.13819C1.50012 11.8042 4.47202 14.7762 8.13806 14.7763L8.13806 14.6763L8.13806 14.5763C4.58248 14.5762 1.70012 11.6937 1.69998 8.13818L1.59998 8.13818ZM8.13806 14.6763L8.13807 14.7763C11.804 14.7761 14.776 11.8042 14.7761 8.13819L14.6761 8.13818L14.5761 8.13818C14.576 11.6937 11.6936 14.5761 8.13806 14.5763L8.13806 14.6763ZM14.6761 8.13818L14.7761 8.13818C14.7761 4.47214 11.8041 1.50024 8.13807 1.5001L8.13806 1.6001L8.13806 1.7001C11.6936 1.70024 14.5761 4.58261 14.5761 8.13819L14.6761 8.13818ZM8.13806 3.01514L8.13803 3.11514C8.49696 3.11525 8.78806 3.40626 8.78806 3.76514H8.88806H8.98806C8.98806 3.29574 8.60737 2.91528 8.13809 2.91514L8.13806 3.01514ZM8.88806 3.76514H8.78806V7.38818H8.88806H8.98806V3.76514H8.88806ZM8.88806 7.38818V7.48818H12.5111V7.38818V7.28818H8.88806V7.38818ZM12.5111 7.38818L12.5111 7.48818C12.87 7.48835 13.1611 7.77936 13.1611 8.13818H13.2611H13.3611C13.3611 7.66881 12.9804 7.2884 12.5112 7.28818L12.5111 7.38818ZM13.2611 8.13818L13.1611 8.13815C13.161 8.49691 12.8698 8.78802 12.5111 8.78818L12.5111 8.88818L12.5112 8.98818C12.9803 8.98797 13.3609 8.6074 13.3611 8.13822L13.2611 8.13818ZM12.5111 8.88818V8.78818H8.13806V8.88818V8.98818H12.5111V8.88818ZM8.13806 8.88818V8.78818C7.7792 8.78818 7.48819 8.49707 7.48806 8.13815L7.38806 8.13818L7.28806 8.13822C7.28823 8.60747 7.66867 8.98818 8.13806 8.98818V8.88818ZM7.38806 8.13818H7.48806V3.76514H7.38806H7.28806V8.13818H7.38806ZM7.38806 3.76514H7.48806C7.48806 3.40615 7.77908 3.11514 8.13806 3.11514V3.01514V2.91514C7.66862 2.91514 7.28806 3.29569 7.28806 3.76514H7.38806Z\u0022 fill=\u0022black\u0022\/\u003E\n          \u003C\/svg\u003E\n        \u003C\/span\u003E\n          \u003Cspan class=\u0022\u0022\u003E10:30 - 11:00\u003C\/span\u003E\n        \u003C\/div\u003E\n                \u003C\/div\u003E\n\n          \u003Cdiv class=\u0022card-webinaire-catalog__organisateur\u0022\u003E\n        Par Phibro Animal Health\n      \u003C\/div\u003E\n    \n      \u003Cdiv class=\u0022card-webinaire-catalog__chapo\u0022\u003E\n        \n              \u003C\/div\u003E\n     \u003C\/div\u003E\n  \u003Cdiv class=\u0022card-webinaire-catalog__sponsor\u0022\u003E\n    Contenu sponsoris\u00e9\n  \u003C\/div\u003E\n\u003C\/article\u003E\n\n\u003Carticle  data-component-id=\u0022front:card-article\u0022 class=\u0022card-article group\u0022\u003E\n  \u003Cdiv class=\u0022card-article__image\u0022\u003E\n    \t\t\t\t\t\t\u003Cimg  data-component-id=\u0022front:image\u0022 class=\u0022w-full h-full object-contain absolute inset-0\u0022 src=\u0022\/sites\/plm-magazine\/files\/styles\/teaser\/public\/2024-05\/5585827e-08c2-4d8d-88ec-a5a063e4d109.jpg.webp\u0022 alt=\u0022pottingerHITHT.jpg\u0022 loading=\u0022lazy\u0022 width=\u0022480\u0022 height=\u0022269\u0022\u003E          \u003C\/div\u003E\n  \u003Cdiv class=\u0022card-article__body\u0022\u003E\n        \u003Cdiv class=\u0022text-[1.125em] leading-0 card-title\u0022\u003E\n                    \n      \u003Ca class=\u0022card-article__title\u0022 href=\u0022\/index.php\/actualites\/a-voir-au-salon-de-l-herbe-et-des-fourrages-les-faneuses-hit-ht\u0022 target=\u0022_self\u0022  title=\u0022A voir au Salon de l\u0026#039;herbe et des fourrages, les faneuses HIT HT\u0022\u003E\n        \t\n\u003Ch2  data-component-id=\u0022front:title\u0022 class=\u0022title title--small inline\u0022 title=\u0022A voir au Salon de l\u0026#039;herbe et des fourrages, les faneuses HIT HT\u0022\u003EA voir au Salon de l\u0026#039;herbe et des fourrages, les faneuses HIT HT\u003C\/h2\u003E\n      \u003C\/a\u003E\n                \u003C\/div\u003E\n    \n\u003Cdiv  data-component-id=\u0022front:wysiwyg\u0022 class=\u0022wysiwyg wysiwyg--small\u0022\u003ELanc\u00e9es il y a bient\u00f4t deux ans, les faneuses train\u00e9es HIT HT de P\u00f6ttinger seront pr\u00e9sent\u00e9es pour la premi\u00e8re fois en d\u00e9monstration dynamique dans le\u2026\u003C\/div\u003E\n          \u003Cdiv class=\u0022card-article__meta mbs-auto\u0022\u003E\n        \u003Ctime class=\u0022card-article__date\u0022 datetime=\u00222024-05-15T19:51:37+0200\u0022 x-data x-timestamp=\u00222024-05-15T19:51:37+0200\u0022\u003E15 Mai 2024\u003C\/time\u003E\n              \u003C\/div\u003E\n      \u003C\/div\u003E\n\u003C\/article\u003E\n\n\u003Carticle  data-component-id=\u0022front:card-article\u0022 class=\u0022card-article group\u0022\u003E\n  \u003Cdiv class=\u0022card-article__image\u0022\u003E\n    \t\t\t\t\t\t\u003Cimg  data-component-id=\u0022front:image\u0022 class=\u0022w-full h-full object-contain absolute inset-0\u0022 src=\u0022\/sites\/plm-magazine\/files\/styles\/teaser\/public\/2024-05\/f99a5d27-25b4-4aea-98c4-915322fc2ce4.jpg.webp\u0022 alt=\u0022HS-GT-24_couv.jpg\u0022 loading=\u0022lazy\u0022 width=\u0022237\u0022 height=\u0022320\u0022\u003E          \u003C\/div\u003E\n  \u003Cdiv class=\u0022card-article__body\u0022\u003E\n        \u003Cdiv class=\u0022text-[1.125em] leading-0 card-title\u0022\u003E\n                    \n      \u003Ca class=\u0022card-article__title\u0022 href=\u0022\/index.php\/sommaires\/sommaire-du-magazine-laitier-plm-hors-serie-de-mai-2024\u0022 target=\u0022_self\u0022  title=\u0022Sommaire du magazine laitier PLM, Hors-s\u00e9rie de mai 2024\u0022\u003E\n        \t\n\u003Ch2  data-component-id=\u0022front:title\u0022 class=\u0022title title--small inline\u0022 title=\u0022Sommaire du magazine laitier PLM, Hors-s\u00e9rie de mai 2024\u0022\u003ESommaire du magazine laitier PLM, Hors-s\u00e9rie de mai 2024\u003C\/h2\u003E\n      \u003C\/a\u003E\n                \u003C\/div\u003E\n    \n\u003Cdiv  data-component-id=\u0022front:wysiwyg\u0022 class=\u0022wysiwyg wysiwyg--small\u0022\u003E Au sommaire de votre magazine PLM de mai :\n\u25cf La nouvelle \u00e9table de l\u0027Earl Les Deux sabots, pour bient\u00f4t 300 VL\n\u25cf 10 pistes pour am\u00e9liorer la\u2026\u003C\/div\u003E\n          \u003Cdiv class=\u0022card-article__meta mbs-auto\u0022\u003E\n        \u003Ctime class=\u0022card-article__date\u0022 datetime=\u00222024-05-15T16:46:52+0200\u0022 x-data x-timestamp=\u00222024-05-15T16:46:52+0200\u0022\u003E15 Mai 2024\u003C\/time\u003E\n              \u003C\/div\u003E\n      \u003C\/div\u003E\n\u003C\/article\u003E\n\n\u003Carticle  data-component-id=\u0022front:card-article\u0022 class=\u0022card-article group\u0022\u003E\n  \u003Cdiv class=\u0022card-article__image\u0022\u003E\n      \t\t\t\t\t\t\u003Cimg  data-component-id=\u0022front:image\u0022 class=\u0022w-full h-full object-contain absolute inset-0\u0022 src=\u0022\/sites\/plm-magazine\/files\/styles\/teaser\/public\/2024-05\/5436f3ce-a44e-4967-902f-67476a957594.jpg.webp\u0022 alt=\u0022m\u00e9thane.jpg\u0022 title=\u0022@photo AdobeStock\u0022 loading=\u0022lazy\u0022 width=\u0022383\u0022 height=\u0022320\u0022\u003E          \u003C\/div\u003E\n  \u003Cdiv class=\u0022card-article__body\u0022\u003E\n        \u003Cdiv class=\u0022text-[1.125em] leading-0 card-title\u0022\u003E\n                    \n      \u003Ca class=\u0022card-article__title\u0022 href=\u0022\/index.php\/actualites\/bientot-un-index-pour-le-critere-methane\u0022 target=\u0022_self\u0022  title=\u0022Bient\u00f4t un index pour le crit\u00e8re M\u00e9thane\u0022\u003E\n        \t\n\u003Ch2  data-component-id=\u0022front:title\u0022 class=\u0022title title--small inline\u0022 title=\u0022Bient\u00f4t un index pour le crit\u00e8re M\u00e9thane\u0022\u003EBient\u00f4t un index pour le crit\u00e8re M\u00e9thane\u003C\/h2\u003E\n      \u003C\/a\u003E\n                \u003C\/div\u003E\n    \n\u003Cdiv  data-component-id=\u0022front:wysiwyg\u0022 class=\u0022wysiwyg wysiwyg--small\u0022\u003EDans le cadre du projet Methabreed, qui vise au d\u00e9veloppement et \u00e0 la mise en place d\u2019outils pour la r\u00e9duction des \u00e9missions de m\u00e9thane ent\u00e9rique des\u2026\u003C\/div\u003E\n          \u003Cdiv class=\u0022card-article__meta mbs-auto\u0022\u003E\n        \u003Ctime class=\u0022card-article__date\u0022 datetime=\u00222024-05-14T17:18:00+0200\u0022 x-data x-timestamp=\u00222024-05-14T17:18:00+0200\u0022\u003E14 Mai 2024\u003C\/time\u003E\n              \u003C\/div\u003E\n      \u003C\/div\u003E\n\u003C\/article\u003E\n\n\u003Carticle  data-component-id=\u0022front:card-article\u0022 class=\u0022card-article group\u0022\u003E\n  \u003Cdiv class=\u0022card-article__image\u0022\u003E\n    \t\t\t\t\t\t\u003Cimg  data-component-id=\u0022front:image\u0022 class=\u0022w-full h-full object-contain absolute inset-0\u0022 src=\u0022\/sites\/plm-magazine\/files\/styles\/teaser\/public\/2024-05\/112882a4-6b5e-4e80-b5e4-653c96d0897a.jpg.webp\u0022 alt=\u0022seenovia30mai.jpg\u0022 loading=\u0022lazy\u0022 width=\u0022455\u0022 height=\u0022320\u0022\u003E          \u003C\/div\u003E\n  \u003Cdiv class=\u0022card-article__body\u0022\u003E\n        \u003Cdiv class=\u0022text-[1.125em] leading-0 card-title\u0022\u003E\n                    \n      \u003Ca class=\u0022card-article__title\u0022 href=\u0022\/index.php\/actualites\/rendez-vous-le-30-mai-journee-robot-paturage\u0022 target=\u0022_self\u0022  title=\u0022Rendez-vous. Le 30 mai, Journ\u00e9e Robot \u0026amp; P\u00e2turage\u0022\u003E\n        \t\n\u003Ch2  data-component-id=\u0022front:title\u0022 class=\u0022title title--small inline\u0022 title=\u0022Rendez-vous. Le 30 mai, Journ\u00e9e Robot \u0026amp; P\u00e2turage\u0022\u003ERendez-vous. Le 30 mai, Journ\u00e9e Robot \u0026amp; P\u00e2turage\u003C\/h2\u003E\n      \u003C\/a\u003E\n                \u003C\/div\u003E\n    \n\u003Cdiv  data-component-id=\u0022front:wysiwyg\u0022 class=\u0022wysiwyg wysiwyg--small\u0022\u003EPour accompagner les \u00e9leveurs dans leurs questionnement atour de la possibilit\u00e9 et de l\u2019organisation du p\u00e2turage en traite robotis\u00e9e, Seenovia\u2026\u003C\/div\u003E\n          \u003Cdiv class=\u0022card-article__meta mbs-auto\u0022\u003E\n        \u003Ctime class=\u0022card-article__date\u0022 datetime=\u00222024-05-14T07:59:00+0200\u0022 x-data x-timestamp=\u00222024-05-14T07:59:00+0200\u0022\u003E14 Mai 2024\u003C\/time\u003E\n              \u003C\/div\u003E\n      \u003C\/div\u003E\n\u003C\/article\u003E\n\n\u003Carticle  data-component-id=\u0022front:card-article\u0022 class=\u0022card-article group\u0022\u003E\n  \u003Cdiv class=\u0022card-article__image\u0022\u003E\n      \t\t\t\t\t\t\u003Cimg  data-component-id=\u0022front:image\u0022 class=\u0022w-full h-full object-contain absolute inset-0\u0022 src=\u0022\/sites\/plm-magazine\/files\/styles\/teaser\/public\/2024-05\/2fa5cad5-72ac-421b-9ac3-15be8833efa2.png.webp\u0022 alt=\u0022Pastille-anniversaire-JML_2.png\u0022 title=\u0022DR\u0022 loading=\u0022lazy\u0022 width=\u0022396\u0022 height=\u0022320\u0022\u003E          \u003C\/div\u003E\n  \u003Cdiv class=\u0022card-article__body\u0022\u003E\n        \u003Cdiv class=\u0022text-[1.125em] leading-0 card-title\u0022\u003E\n                    \n      \u003Ca class=\u0022card-article__title\u0022 href=\u0022\/index.php\/actualites\/la-laiterie-coralis-ouvre-ses-portes-au-grand-public-le-mercredi-5-juin-2024\u0022 target=\u0022_self\u0022  title=\u0022La laiterie Coralis ouvre ses portes au grand public le mercredi 5 juin 2024\u0022\u003E\n        \t\n\u003Ch2  data-component-id=\u0022front:title\u0022 class=\u0022title title--small inline\u0022 title=\u0022La laiterie Coralis ouvre ses portes au grand public le mercredi 5 juin 2024\u0022\u003ELa laiterie Coralis ouvre ses portes au grand public le mercredi 5 juin\u2026\u003C\/h2\u003E\n      \u003C\/a\u003E\n                \u003C\/div\u003E\n    \n\u003Cdiv  data-component-id=\u0022front:wysiwyg\u0022 class=\u0022wysiwyg wysiwyg--small\u0022\u003E Connue sous la marque Agrilait, la laiterie d\u0027Ille-et-Vilaine Coralis\u00a0invite le grand public \u00e0 d\u00e9couvrir les coulisses de la fili\u00e8re fran\u00e7aise du\u2026\u003C\/div\u003E\n          \u003Cdiv class=\u0022card-article__meta mbs-auto\u0022\u003E\n        \u003Ctime class=\u0022card-article__date\u0022 datetime=\u00222024-05-13T10:50:56+0200\u0022 x-data x-timestamp=\u00222024-05-13T10:50:56+0200\u0022\u003E13 Mai 2024\u003C\/time\u003E\n              \u003C\/div\u003E\n      \u003C\/div\u003E\n\u003C\/article\u003E\n\n\u003Carticle  data-component-id=\u0022front:card-article\u0022 class=\u0022card-article group\u0022\u003E\n  \u003Cdiv class=\u0022card-article__image\u0022\u003E\n    \t\t\t\t\t\t\u003Cimg  data-component-id=\u0022front:image\u0022 class=\u0022w-full h-full object-contain absolute inset-0\u0022 src=\u0022\/sites\/plm-magazine\/files\/styles\/teaser\/public\/2024-05\/7d97909c-5262-482f-b003-e69bc993f893.jpg.webp\u0022 alt=\u0022Avant-e527-Electric-Articulated-Mini-Loader-ii-scaled.jpg\u0022 loading=\u0022lazy\u0022 width=\u0022427\u0022 height=\u0022320\u0022\u003E          \u003C\/div\u003E\n  \u003Cdiv class=\u0022card-article__body\u0022\u003E\n        \u003Cdiv class=\u0022text-[1.125em] leading-0 card-title\u0022\u003E\n                    \n      \u003Ca class=\u0022card-article__title\u0022 href=\u0022\/index.php\/actualites\/avant-tecno-mise-sur-l-autonomie-de-ses-propres-batteries\u0022 target=\u0022_self\u0022  title=\u0022Avant Tecno mise sur l\u2019autonomie de ses propres batteries\u0022\u003E\n        \t\n\u003Ch2  data-component-id=\u0022front:title\u0022 class=\u0022title title--small inline\u0022 title=\u0022Avant Tecno mise sur l\u2019autonomie de ses propres batteries\u0022\u003EAvant Tecno mise sur l\u2019autonomie de ses propres batteries\u003C\/h2\u003E\n      \u003C\/a\u003E\n                \u003C\/div\u003E\n    \n\u003Cdiv  data-component-id=\u0022front:wysiwyg\u0022 class=\u0022wysiwyg wysiwyg--small\u0022\u003EFabriqu\u00e9es en Finlande, elles supportent les froids extr\u00eames...\n\u003C\/div\u003E\n          \u003Cdiv class=\u0022card-article__meta mbs-auto\u0022\u003E\n        \u003Ctime class=\u0022card-article__date\u0022 datetime=\u00222024-05-10T12:16:33+0200\u0022 x-data x-timestamp=\u00222024-05-10T12:16:33+0200\u0022\u003E10 Mai 2024\u003C\/time\u003E\n              \u003C\/div\u003E\n      \u003C\/div\u003E\n\u003C\/article\u003E\n  \t\t\t\u003Carticle  data-component-id=\u0022front:card-webinaire-catalog\u0022 class=\u0022card-webinaire-catalog group\u0022 data-campagne=\u0022Webi-ELO_GT_2026-Ceva_encadre\u0022 data-contentId=\u00223121\u0022 rel=\u0022nofollow\u0022\u003E\n  \u003Cdiv class=\u0022card-webinaire-catalog__image\u0022\u003E\n      \t\t\t\t\t\t\u003Cimg  data-component-id=\u0022front:image\u0022 class=\u0022w-full h-full object-cover absolute inset-0\u0022 src=\u0022\/sites\/plm-magazine\/files\/2026-04\/EVT-PLM-ELO_Grands_troupeaux_26-Webi_ceva-accroche.jpg\u0022 alt=\u0022Vermifugation : identifiez les vaches \u00e0 traiter en 3 clics !\u0022 title=\u0022Vermifugation : identifiez les vaches \u00e0 traiter en 3 clics !\u0022 loading=\u0022eager\u0022 width=\u0022510\u0022 height=\u0022340\u0022\u003E          \u003Cdiv class=\u0022card-webinaire-catalog__duree \u0022\u003E\n        00:30:00\n      \u003C\/div\u003E\n        \u003Cdiv class=\u0022card-webinaire-catalog__badges\u0022\u003E\n      \t\t\n\u003Cspan  data-component-id=\u0022front:button-expand\u0022 class=\u0022button-expand button-expand--shadowed transition-within-parent\u0022 x-data=\u0022buttonExpand\u0022 :style=\u0022{ \u0026quot;--button-expand-label-width\u0026quot;: labelWidth }\u0022\u003E\n  \u003Cspan class=\u0022button-expand__icon\u0022\u003E\n    \n\u003Csvg  data-component-id=\u0022front:icon\u0022 class=\u0022icon icon--webinar\u0022\u003E\n  \u003Cuse xlink:href=\u0022\/themes\/custom\/plm\/dist\/assets\/images\/2e871604ef7778ce3dc1.svg#icon-webinar\u0022\u003E\u003C\/use\u003E\n\u003C\/svg\u003E\n  \u003C\/span\u003E\n  \u003Cspan class=\u0022button-expand__label\u0022 x-ref=\u0022label\u0022\u003Ewebinaire\u003C\/span\u003E\n\u003C\/span\u003E\n    \u003C\/div\u003E\n  \u003C\/div\u003E\n \u003Cdiv class=\u0022card-webinaire-catalog__body\u0022\u003E\n    \u003Cdiv class=\u0022text-[1.125em] leading-0 card-title\u0022\u003E\n            \u003Ca class=\u0022card-webinaire-catalog__title\u0022 href=\u0022\/webinaires\/vermifugation-identifiez-les-vaches-a-traiter-en-3-clics\u0022 target=\u0022_self\u0022  data-campagne=\u0022Webi-ELO_GT_2026-Ceva_encadre\u0022 data-contentId=\u00223121\u0022 rel=\u0022nofollow\u0022 title=\u0022Vermifugation : identifiez les vaches \u00e0 traiter en 3 clics !\u0022\u003E\n        \n\u003Ch2  data-component-id=\u0022front:title\u0022 class=\u0022title title--small inline\u0022\u003EVermifugation : identifiez les vaches \u00e0 traiter en 3 clics !\u003C\/h2\u003E\n      \u003C\/a\u003E\n                \u003C\/div\u003E\n\n    \u003Cdiv class=\u0022card-webinaire-catalog__date-info\u0022\u003E\n            \u003Cdiv class=\u0022card-webinaire-catalog__date\u0022\u003EMardi\u0026nbsp;16\u0026nbsp;juin\u0026nbsp;2026\u003C\/div\u003E\n              \u003Cdiv class=\u0022card-webinaire-catalog__plage-horaire flex items-center gap-2\u0022\u003E\n        \u003Cspan class=\u0022inline-flex text-xl\u0022\u003E\n         \u003Csvg xmlns=\u0022http:\/\/www.w3.org\/2000\/svg\u0022 width=\u002217\u0022 height=\u002217\u0022 viewBox=\u00220 0 17 17\u0022 fill=\u0022none\u0022\u003E\n          \u003Cpath d=\u0022M8.13806 0.100098C12.5773 0.100242 16.1761 3.69895 16.1761 8.13818C16.176 12.5774 12.5772 16.1761 8.13806 16.1763C3.69883 16.1762 0.10012 12.5774 0.0999756 8.13818C0.100044 3.6989 3.69878 0.100167 8.13806 0.100098ZM8.13806 1.6001C4.52721 1.60017 1.60004 4.52733 1.59998 8.13818C1.60012 11.749 4.52725 14.6762 8.13806 14.6763C11.7488 14.6761 14.676 11.7489 14.6761 8.13818C14.6761 4.52738 11.7489 1.60024 8.13806 1.6001ZM8.13806 3.01514C8.55217 3.01526 8.88806 3.351 8.88806 3.76514V7.38818H12.5111C12.9252 7.38837 13.2611 7.72409 13.2611 8.13818C13.261 8.55216 12.9251 8.88799 12.5111 8.88818H8.13806C7.72394 8.88818 7.38821 8.55227 7.38806 8.13818V3.76514C7.38806 3.35092 7.72385 3.01514 8.13806 3.01514Z\u0022 fill=\u0022black\u0022\/\u003E\n          \u003Cpath d=\u0022M8.13806 0.100098L8.13806 9.76548e-05H8.13806L8.13806 0.100098ZM16.1761 8.13818L16.2761 8.13819V8.13818L16.1761 8.13818ZM8.13806 16.1763L8.13806 16.2763H8.13806L8.13806 16.1763ZM0.0999756 8.13818L-2.44156e-05 8.13818V8.13819L0.0999756 8.13818ZM8.13806 1.6001L8.13807 1.5001H8.13806L8.13806 1.6001ZM1.59998 8.13818L1.49998 8.13818V8.13819L1.59998 8.13818ZM8.13806 14.6763L8.13806 14.7763H8.13807L8.13806 14.6763ZM14.6761 8.13818L14.7761 8.13819V8.13818L14.6761 8.13818ZM8.13806 3.01514L8.13809 2.91514H8.13806V3.01514ZM8.88806 3.76514H8.98806V3.76514H8.88806ZM8.88806 7.38818H8.78806C8.78806 7.44341 8.83283 7.48818 8.88806 7.48818V7.38818ZM12.5111 7.38818L12.5112 7.28818H12.5111V7.38818ZM13.2611 8.13818L13.3611 8.13822V8.13818H13.2611ZM12.5111 8.88818V8.98818H12.5112L12.5111 8.88818ZM8.13806 8.88818V8.78818V8.88818ZM7.38806 8.13818H7.28806V8.13822L7.38806 8.13818ZM7.38806 3.76514H7.48806V3.76514H7.38806ZM8.13806 0.100098L8.13806 0.200098C12.5221 0.20024 16.0761 3.75418 16.0761 8.13819L16.1761 8.13818L16.2761 8.13818C16.2761 3.64372 12.6325 0.000244059 8.13806 9.76548e-05L8.13806 0.100098ZM16.1761 8.13818L16.0761 8.13818C16.076 12.5221 12.522 16.0761 8.13806 16.0763L8.13806 16.1763L8.13806 16.2763C12.6325 16.2761 16.276 12.6326 16.2761 8.13819L16.1761 8.13818ZM8.13806 16.1763L8.13806 16.0763C3.75406 16.0762 0.200118 12.5222 0.199976 8.13818L0.0999756 8.13818L-2.44156e-05 8.13819C0.000121988 12.6326 3.6436 16.2762 8.13806 16.2763L8.13806 16.1763ZM0.0999756 8.13818L0.199976 8.13819C0.200044 3.75413 3.75401 0.200166 8.13806 0.200098L8.13806 0.100098L8.13806 9.76548e-05C3.64355 0.000167377 4.53144e-05 3.64367 -2.44156e-05 8.13818L0.0999756 8.13818ZM8.13806 1.6001L8.13806 1.5001C4.47198 1.50017 1.50005 4.4721 1.49998 8.13818L1.59998 8.13818L1.69998 8.13819C1.70004 4.58256 4.58244 1.70017 8.13806 1.7001L8.13806 1.6001ZM1.59998 8.13818L1.49998 8.13819C1.50012 11.8042 4.47202 14.7762 8.13806 14.7763L8.13806 14.6763L8.13806 14.5763C4.58248 14.5762 1.70012 11.6937 1.69998 8.13818L1.59998 8.13818ZM8.13806 14.6763L8.13807 14.7763C11.804 14.7761 14.776 11.8042 14.7761 8.13819L14.6761 8.13818L14.5761 8.13818C14.576 11.6937 11.6936 14.5761 8.13806 14.5763L8.13806 14.6763ZM14.6761 8.13818L14.7761 8.13818C14.7761 4.47214 11.8041 1.50024 8.13807 1.5001L8.13806 1.6001L8.13806 1.7001C11.6936 1.70024 14.5761 4.58261 14.5761 8.13819L14.6761 8.13818ZM8.13806 3.01514L8.13803 3.11514C8.49696 3.11525 8.78806 3.40626 8.78806 3.76514H8.88806H8.98806C8.98806 3.29574 8.60737 2.91528 8.13809 2.91514L8.13806 3.01514ZM8.88806 3.76514H8.78806V7.38818H8.88806H8.98806V3.76514H8.88806ZM8.88806 7.38818V7.48818H12.5111V7.38818V7.28818H8.88806V7.38818ZM12.5111 7.38818L12.5111 7.48818C12.87 7.48835 13.1611 7.77936 13.1611 8.13818H13.2611H13.3611C13.3611 7.66881 12.9804 7.2884 12.5112 7.28818L12.5111 7.38818ZM13.2611 8.13818L13.1611 8.13815C13.161 8.49691 12.8698 8.78802 12.5111 8.78818L12.5111 8.88818L12.5112 8.98818C12.9803 8.98797 13.3609 8.6074 13.3611 8.13822L13.2611 8.13818ZM12.5111 8.88818V8.78818H8.13806V8.88818V8.98818H12.5111V8.88818ZM8.13806 8.88818V8.78818C7.7792 8.78818 7.48819 8.49707 7.48806 8.13815L7.38806 8.13818L7.28806 8.13822C7.28823 8.60747 7.66867 8.98818 8.13806 8.98818V8.88818ZM7.38806 8.13818H7.48806V3.76514H7.38806H7.28806V8.13818H7.38806ZM7.38806 3.76514H7.48806C7.48806 3.40615 7.77908 3.11514 8.13806 3.11514V3.01514V2.91514C7.66862 2.91514 7.28806 3.29569 7.28806 3.76514H7.38806Z\u0022 fill=\u0022black\u0022\/\u003E\n          \u003C\/svg\u003E\n        \u003C\/span\u003E\n          \u003Cspan class=\u0022\u0022\u003E11:30 - 12:00\u003C\/span\u003E\n        \u003C\/div\u003E\n                \u003C\/div\u003E\n\n          \u003Cdiv class=\u0022card-webinaire-catalog__organisateur\u0022\u003E\n        Par Ceva Sant\u00e9 Animale\n      \u003C\/div\u003E\n    \n      \u003Cdiv class=\u0022card-webinaire-catalog__chapo\u0022\u003E\n        \n              \u003C\/div\u003E\n     \u003C\/div\u003E\n  \u003Cdiv class=\u0022card-webinaire-catalog__sponsor\u0022\u003E\n    Contenu sponsoris\u00e9\n  \u003C\/div\u003E\n\u003C\/article\u003E\n\n          \u003C\/div\u003E\n                      \u003Cdiv class=\u0022flex justify-center mbs-8\u0022\u003E    \u003Cnav class=\u0022pager\u0022 aria-labelledby=\u0022pager-1873605435\u0022\u003E\n    \u003Ch2 class=\u0022sr-only\u0022 id=\u0022pager-1873605435\u0022\u003EPagination\u003C\/h2\u003E\n          \t\t\t\t\n\u003Ca  data-component-id=\u0022front:button-icon\u0022 class=\u0022button-icon button-icon--primary\u0022 href=\u0022\/index.php\/recherche-ajax?page=14\u0022 title=\u0022Aller \u00e0 la page pr\u00e9c\u00e9dente\u0022 rel=\u0022prev\u0022 aria-label=\u0022Page pr\u00e9c\u00e9dente\u0022\u003E\n  \n\u003Csvg  data-component-id=\u0022front:icon\u0022 class=\u0022icon icon--arrow-left\u0022\u003E\n  \u003Cuse xlink:href=\u0022\/themes\/custom\/plm\/dist\/assets\/images\/2e871604ef7778ce3dc1.svg#icon-arrow-left\u0022\u003E\u003C\/use\u003E\n\u003C\/svg\u003E\n\u003C\/a\u003E\n    \u003Cul class=\u0022pager__items\u0022\u003E\n                    \u003Cli class=\u0022leading-0\u0022\u003E\n          \u003Ca\n            class=\u0022pager-item pager-item--first\u0022\n            href=\u0022\/index.php\/recherche-ajax?\u0022\n            title=\u0022Aller \u00e0 la premi\u00e8re page\u0022\n            \n          \u003E\n            \u003Cspan class=\u0022sr-only\u0022\u003EPremi\u00e8re page\u003C\/span\u003E\n            \u003Cspan aria-hidden=\u0022true\u0022\u003E1\u003C\/span\u003E\n          \u003C\/a\u003E\n        \u003C\/li\u003E\n        \u003Cli class=\u0022leading-0\u0022\u003E\n          \u003Cspan class=\u0022pager-item pager-item--ellipsis\u0022\u003E\u0026hellip;\u003C\/span\u003E\n        \u003C\/li\u003E\n                          \u003Cli class=\u0022leading-0\u0022\u003E\n                                                    \u003Ca\n            class=\u0022pager-item\u0022\n            href=\u0022\/index.php\/recherche-ajax?page=13\u0022\n            title=\u0022Aller \u00e0 la page 14\u0022\n            \n          \u003E\n            \u003Cspan class=\u0022sr-only\u0022\u003EPage\u003C\/span\u003E14\u003C\/a\u003E\n        \u003C\/li\u003E\n              \u003Cli class=\u0022leading-0\u0022\u003E\n                                                    \u003Ca\n            class=\u0022pager-item\u0022\n            href=\u0022\/index.php\/recherche-ajax?page=14\u0022\n            title=\u0022Aller \u00e0 la page 15\u0022\n            \n          \u003E\n            \u003Cspan class=\u0022sr-only\u0022\u003EPage\u003C\/span\u003E15\u003C\/a\u003E\n        \u003C\/li\u003E\n              \u003Cli class=\u0022leading-0\u0022\u003E\n                                                                \u003Ca\n            class=\u0022pager-item is-active\u0022\n            href=\u0022\/index.php\/recherche-ajax?page=15\u0022\n            title=\u0022Page courante\u0022\n             aria-current=\u0022page\u0022\n          \u003E\n            \u003Cspan class=\u0022sr-only\u0022\u003EPage\u003C\/span\u003E16\u003C\/a\u003E\n        \u003C\/li\u003E\n              \u003Cli class=\u0022leading-0\u0022\u003E\n                                                    \u003Ca\n            class=\u0022pager-item\u0022\n            href=\u0022\/index.php\/recherche-ajax?page=16\u0022\n            title=\u0022Aller \u00e0 la page 17\u0022\n            \n          \u003E\n            \u003Cspan class=\u0022sr-only\u0022\u003EPage\u003C\/span\u003E17\u003C\/a\u003E\n        \u003C\/li\u003E\n              \u003Cli class=\u0022leading-0\u0022\u003E\n                                                    \u003Ca\n            class=\u0022pager-item\u0022\n            href=\u0022\/index.php\/recherche-ajax?page=17\u0022\n            title=\u0022Aller \u00e0 la page 18\u0022\n            \n          \u003E\n            \u003Cspan class=\u0022sr-only\u0022\u003EPage\u003C\/span\u003E18\u003C\/a\u003E\n        \u003C\/li\u003E\n                          \u003Cli class=\u0022leading-0\u0022\u003E\n          \u003Cspan class=\u0022pager-item pager-item--ellipsis\u0022\u003E\u0026hellip;\u003C\/span\u003E\n        \u003C\/li\u003E\n        \u003Cli class=\u0022leading-0\u0022\u003E\n          \u003Ca\n            class=\u0022pager-item pager-item--last\u0022\n            href=\u0022\/index.php\/recherche-ajax?page=79\u0022\n            title=\u0022Aller \u00e0 la derni\u00e8re page\u0022\n            \n          \u003E\n            \u003Cspan class=\u0022sr-only\u0022\u003EDerni\u00e8re page\u003C\/span\u003E\n            \u003Cspan aria-hidden=\u0022true\u0022\u003E80\u003C\/span\u003E\n          \u003C\/a\u003E\n        \u003C\/li\u003E\n          \u003C\/ul\u003E\n          \t\t\t\t\n\u003Ca  data-component-id=\u0022front:button-icon\u0022 class=\u0022button-icon button-icon--primary\u0022 href=\u0022\/index.php\/recherche-ajax?page=16\u0022 title=\u0022Aller \u00e0 la page suivante\u0022 rel=\u0022next\u0022 aria-label=\u0022Page suivante\u0022\u003E\n  \n\u003Csvg  data-component-id=\u0022front:icon\u0022 class=\u0022icon icon--arrow-right\u0022\u003E\n  \u003Cuse xlink:href=\u0022\/themes\/custom\/plm\/dist\/assets\/images\/2e871604ef7778ce3dc1.svg#icon-arrow-right\u0022\u003E\u003C\/use\u003E\n\u003C\/svg\u003E\n\u003C\/a\u003E\n  \u003C\/nav\u003E\n\u003C\/div\u003E\n                  \u003C\/div\u003E\n      \u003C\/div\u003E\n    \n"}