{"data":"    \n          \u003Cdiv class=\u0022th-section-gray-lighter\u0022\u003E\n        \u003Cdiv class=\u0022th-container pbe-8 sm:pbe-10\u0022\u003E\n          \u003Cdiv class=\u0022flex items-center justify-end pt-3 lg:pt-5 gap-2\u0022\u003E\n            \u003Cspan class=\u0022search-results-number flex-grow text-secondary\u0022\u003E2863 r\u00e9sultats\u003Cspan class=\u0022mobile-hidden\u0022\u003E\u0026nbsp;trouv\u00e9s\u003C\/span\u003E\u003C\/span\u003E\n            \u003Cdiv class=\u0022mobile-hidden\u0022\u003E\u003Cdiv class=\u0022form-item form-item--type-select form-item--name-order js-form-item js-form-type-select js-form-item-order\u0022\u003E\n      \u003Clabel for=\u0022edit-order\u0022\u003E\u003Cspan class=\u0022label-title\u0022\u003ETrier par\u003C\/span\u003E\u003C\/label\u003E\n            \u003Cdiv class=\u0022form-item__input-wrapper\u0022\u003E\n      \u003Cselect form=\u0022main-catalog-offer\u0022 data-drupal-selector=\u0022edit-order\u0022 id=\u0022edit-order\u0022 name=\u0022order\u0022 class=\u0022form-select\u0022 x-data x-select\u003E\n            \u003Coption value=\u0022score\u0022 selected=\u0022selected\u0022\u003EPertinence\u003C\/option\u003E\n                \u003Coption value=\u0022date-desc\u0022\u003ELes plus r\u00e9cents\u003C\/option\u003E\n                \u003Coption value=\u0022date-asc\u0022\u003ELes plus anciens\u003C\/option\u003E\n      \u003C\/select\u003E\n\n    \u003C\/div\u003E\n          \u003C\/div\u003E\n\u003C\/div\u003E\n            \u003Cfieldset form=\u0022main-catalog-offer\u0022 data-drupal-selector=\u0022edit-view\u0022 id=\u0022edit-view--wrapper\u0022 class=\u0022fieldgroup form-composite form-wrapper js-form-wrapper\u0022\u003E\n      \u003Clegend class=\u0022fieldset-legend\u0022\u003E\n    \u003Cspan\u003EAffichage: \u003C\/span\u003E\n  \u003C\/legend\u003E\n  \u003Cdiv class=\u0022fieldset-wrapper\u0022\u003E\n                \u003Cdiv id=\u0022edit-view\u0022 class=\u0022form-boxes\u0022\u003E\u003Cdiv class=\u0022form-item form-item--type-radio form-item--name-view js-form-item js-form-type-radio js-form-item-view\u0022\u003E\n            \u003Cinput form=\u0022main-catalog-offer\u0022 data-drupal-selector=\u0022edit-view-card\u0022 type=\u0022radio\u0022 id=\u0022edit-view-card\u0022 name=\u0022view\u0022 value=\u0022card\u0022 checked=\u0022checked\u0022 class=\u0022form-radio\u0022 \/\u003E\n\n          \u003Clabel for=\u0022edit-view-card\u0022 class=\u0022option\u0022\u003E\u003Cspan class=\u0022label-title\u0022\u003ECarte\u003C\/span\u003E\u003C\/label\u003E\n      \u003C\/div\u003E\n\u003Cdiv class=\u0022form-item form-item--type-radio form-item--name-view js-form-item js-form-type-radio js-form-item-view\u0022\u003E\n            \u003Cinput form=\u0022main-catalog-offer\u0022 data-drupal-selector=\u0022edit-view-ligne\u0022 type=\u0022radio\u0022 id=\u0022edit-view-ligne\u0022 name=\u0022view\u0022 value=\u0022ligne\u0022 class=\u0022form-radio\u0022 \/\u003E\n\n          \u003Clabel for=\u0022edit-view-ligne\u0022 class=\u0022option\u0022\u003E\u003Cspan class=\u0022label-title\u0022\u003ELigne\u003C\/span\u003E\u003C\/label\u003E\n      \u003C\/div\u003E\n\u003C\/div\u003E\n\n          \u003C\/div\u003E\n\u003C\/fieldset\u003E\n\n          \u003C\/div\u003E\n          \u003Cdiv class=\u0022search-header pt-3 lg:pt-5\u0022  x-data :class=\u0022{ \u0027with-menu-visible\u0027: $store.header.scrollDir !== \u0027down\u0027  }\u0022\u003E\n            \u003Cdiv class=\u0022secondary-filters flex gap-2\u0022\u003E\n              \t\n\u003Cbutton  data-component-id=\u0022front:button\u0022 class=\u0022button button--primary\u0022 id=\u0022open-filters\u0022\u003E\n      \u003Cspan class=\u0022button__icon\u0022\u003E\n      \n\u003Csvg  data-component-id=\u0022front:icon\u0022 class=\u0022icon icon--Union\u0022\u003E\n  \u003Cuse xlink:href=\u0022\/themes\/custom\/plm\/dist\/assets\/images\/2e871604ef7778ce3dc1.svg#icon-Union\u0022\u003E\u003C\/use\u003E\n\u003C\/svg\u003E\n    \u003C\/span\u003E\n    Filtres (0)\n\u003C\/button\u003E\n                                          \u003Cdiv class=\u0022moblie-only\u0022\u003E\n                \u003Cdiv class=\u0022form-item form-item--type-select form-item--name-order js-form-item js-form-type-select js-form-item-order\u0022\u003E\n      \u003Clabel for=\u0022edit-order\u0022\u003E\u003Cspan class=\u0022label-title\u0022\u003ETrier par\u003C\/span\u003E\u003C\/label\u003E\n            \u003Cdiv class=\u0022form-item__input-wrapper\u0022\u003E\n      \u003Cselect form=\u0022main-catalog-offer\u0022 data-drupal-selector=\u0022edit-order\u0022 id=\u0022edit-order\u0022 name=\u0022order\u0022 class=\u0022form-select\u0022 x-data x-select\u003E\n            \u003Coption value=\u0022score\u0022 selected=\u0022selected\u0022\u003EPertinence\u003C\/option\u003E\n                \u003Coption value=\u0022date-desc\u0022\u003ELes plus r\u00e9cents\u003C\/option\u003E\n                \u003Coption value=\u0022date-asc\u0022\u003ELes plus anciens\u003C\/option\u003E\n      \u003C\/select\u003E\n\n    \u003C\/div\u003E\n          \u003C\/div\u003E\n\n              \u003C\/div\u003E\n            \u003C\/div\u003E\n          \u003C\/div\u003E\n          \u003Cdiv class=\u0022search-list search-list-card search-list-column-4 gap-2\u0022\u003E\n            \n\u003Carticle  data-component-id=\u0022front:card-article\u0022 class=\u0022card-article group\u0022\u003E\n  \u003Cdiv class=\u0022card-article__image\u0022\u003E\n      \t\t\t\t\t\t\u003Cimg  data-component-id=\u0022front:image\u0022 class=\u0022w-full h-full object-contain absolute inset-0\u0022 src=\u0022\/sites\/plm-magazine\/files\/styles\/teaser\/public\/2026-01\/1fbf6634-01f9-45e0-8085-e41f0670db69.jpg.webp\u0022 alt=\u0022BiG X Krone\u0022 title=\u0022Krone\u0022 loading=\u0022lazy\u0022 width=\u0022453\u0022 height=\u0022320\u0022\u003E          \u003C\/div\u003E\n  \u003Cdiv class=\u0022card-article__body\u0022\u003E\n        \u003Cdiv class=\u0022text-[1.125em] leading-0 card-title\u0022\u003E\n                    \n      \u003Ca class=\u0022card-article__title\u0022 href=\u0022\/index.php\/actualites\/un-nouveau-contre-couteau-pour-ameliorer-la-tenue-de-coupe-des-big-x\u0022 target=\u0022_self\u0022  title=\u0022Un nouveau contre-couteau pour am\u00e9liorer la tenue de coupe des BiG X\u0022\u003E\n        \t\n\u003Ch2  data-component-id=\u0022front:title\u0022 class=\u0022title title--small inline\u0022 title=\u0022Un nouveau contre-couteau pour am\u00e9liorer la tenue de coupe des BiG X\u0022\u003EUn nouveau contre-couteau pour am\u00e9liorer la tenue de coupe des BiG X\u003C\/h2\u003E\n      \u003C\/a\u003E\n                \u003C\/div\u003E\n    \n\u003Cdiv  data-component-id=\u0022front:wysiwyg\u0022 class=\u0022wysiwyg wysiwyg--small\u0022\u003EKrone propose un nouveau contre-couteau pour ses ensileuses BiG X, destin\u00e9 \u00e0 limiter l\u0027usure et \u00e0 maintenir une qualit\u00e9 de coupe r\u00e9guli\u00e8re dans le\u2026\u003C\/div\u003E\n          \u003Cdiv class=\u0022card-article__meta mbs-auto\u0022\u003E\n        \u003Ctime class=\u0022card-article__date\u0022 datetime=\u00222026-01-20T12:03:50+0100\u0022 x-data x-timestamp=\u00222026-01-20T12:03:50+0100\u0022\u003E20 Jan 2026\u003C\/time\u003E\n              \u003C\/div\u003E\n      \u003C\/div\u003E\n\u003C\/article\u003E\n  \t\t\t\u003Carticle  data-component-id=\u0022front:card-webinaire-catalog\u0022 class=\u0022card-webinaire-catalog group\u0022 data-campagne=\u0022Webi-ELO_GT_2025-Ceva_encadre\u0022 data-contentId=\u00223101\u0022 rel=\u0022nofollow\u0022\u003E\n  \u003Cdiv class=\u0022card-webinaire-catalog__image\u0022\u003E\n      \t\t\t\t\t\t\u003Cimg  data-component-id=\u0022front:image\u0022 class=\u0022w-full h-full object-cover absolute inset-0\u0022 src=\u0022\/sites\/plm-magazine\/files\/2026-04\/EVT-PLM-ELO_Grands_troupeaux_25-Webi_ceva-accroche.jpg\u0022 alt=\u0022Webinaire Ceva\u0022 title=\u0022Webinaire Ceva\u0022 loading=\u0022eager\u0022 width=\u0022510\u0022 height=\u0022340\u0022\u003E          \u003Cdiv class=\u0022card-webinaire-catalog__duree \u0022\u003E\n        00:30:00\n      \u003C\/div\u003E\n        \u003Cdiv class=\u0022card-webinaire-catalog__badges\u0022\u003E\n      \t\t\n\u003Cspan  data-component-id=\u0022front:button-expand\u0022 class=\u0022button-expand button-expand--shadowed transition-within-parent\u0022 x-data=\u0022buttonExpand\u0022 :style=\u0022{ \u0026quot;--button-expand-label-width\u0026quot;: labelWidth }\u0022\u003E\n  \u003Cspan class=\u0022button-expand__icon\u0022\u003E\n    \n\u003Csvg  data-component-id=\u0022front:icon\u0022 class=\u0022icon icon--webinar\u0022\u003E\n  \u003Cuse xlink:href=\u0022\/themes\/custom\/plm\/dist\/assets\/images\/2e871604ef7778ce3dc1.svg#icon-webinar\u0022\u003E\u003C\/use\u003E\n\u003C\/svg\u003E\n  \u003C\/span\u003E\n  \u003Cspan class=\u0022button-expand__label\u0022 x-ref=\u0022label\u0022\u003Ewebinaire\u003C\/span\u003E\n\u003C\/span\u003E\n    \u003C\/div\u003E\n  \u003C\/div\u003E\n \u003Cdiv class=\u0022card-webinaire-catalog__body\u0022\u003E\n    \u003Cdiv class=\u0022text-[1.125em] leading-0 card-title\u0022\u003E\n            \u003Ca class=\u0022card-webinaire-catalog__title\u0022 href=\u0022\/webinaires\/performances-de-reproduction-degradees-c-etait-la-fievre-q\u0022 target=\u0022_self\u0022  data-campagne=\u0022Webi-ELO_GT_2025-Ceva_encadre\u0022 data-contentId=\u00223101\u0022 rel=\u0022nofollow\u0022 title=\u0022Performances de reproduction d\u00e9grad\u00e9es : c\u2019\u00e9tait la fi\u00e8vre Q !\u0022\u003E\n        \n\u003Ch2  data-component-id=\u0022front:title\u0022 class=\u0022title title--small inline\u0022\u003EPerformances de reproduction d\u00e9grad\u00e9es : c\u2019\u00e9tait la fi\u00e8vre Q !\u003C\/h2\u003E\n      \u003C\/a\u003E\n                \u003C\/div\u003E\n\n    \u003Cdiv class=\u0022card-webinaire-catalog__date-info\u0022\u003E\n            \u003Cdiv class=\u0022card-webinaire-catalog__date\u0022\u003EReplay du\u0026nbsp;19\u0026nbsp;juin\u0026nbsp;2025\u003C\/div\u003E\n                \u003C\/div\u003E\n\n          \u003Cdiv class=\u0022card-webinaire-catalog__organisateur\u0022\u003E\n        Par Ceva Sant\u00e9 Animale\n      \u003C\/div\u003E\n    \n      \u003Cdiv class=\u0022card-webinaire-catalog__chapo\u0022\u003E\n        \n              \u003C\/div\u003E\n     \u003C\/div\u003E\n  \u003Cdiv class=\u0022card-webinaire-catalog__sponsor\u0022\u003E\n    Contenu sponsoris\u00e9\n  \u003C\/div\u003E\n\u003C\/article\u003E\n\n\u003Carticle  data-component-id=\u0022front:card-article\u0022 class=\u0022card-article group\u0022\u003E\n  \u003Cdiv class=\u0022card-article__image\u0022\u003E\n      \t\t\t\t\t\t\u003Cimg  data-component-id=\u0022front:image\u0022 class=\u0022w-full h-full object-contain absolute inset-0\u0022 src=\u0022\/sites\/plm-magazine\/files\/styles\/teaser\/public\/2026-01\/653293b9-20b7-480b-aa9c-3ed316597f29.jpg.webp\u0022 alt=\u0022Stalles Delaval au Gaec Le Champenois\u0022 title=\u0022B\u00e9atrice Colleu\u0022 loading=\u0022lazy\u0022 width=\u0022427\u0022 height=\u0022320\u0022\u003E          \u003C\/div\u003E\n  \u003Cdiv class=\u0022card-article__body\u0022\u003E\n        \u003Cdiv class=\u0022text-[1.125em] leading-0 card-title\u0022\u003E\n                    \n      \u003Ca class=\u0022card-article__title\u0022 href=\u0022\/index.php\/actualites\/aujourd-hui-voila-pourquoi-les-robots-de-traite-sont-plus-confortables-pour-les-vaches\u0022 target=\u0022_self\u0022  title=\u0022Aujourd\u2019hui, voil\u00e0 pourquoi les robots de traite sont plus confortables pour les vaches\u0022\u003E\n        \t\n\u003Ch2  data-component-id=\u0022front:title\u0022 class=\u0022title title--small inline\u0022 title=\u0022Aujourd\u2019hui, voil\u00e0 pourquoi les robots de traite sont plus confortables pour les vaches\u0022\u003EAujourd\u2019hui, voil\u00e0 pourquoi les robots de traite sont plus confortables\u2026\u003C\/h2\u003E\n      \u003C\/a\u003E\n                \u003C\/div\u003E\n    \n\u003Cdiv  data-component-id=\u0022front:wysiwyg\u0022 class=\u0022wysiwyg wysiwyg--small\u0022\u003EGagner des traites, gagner du lait, cela veut dire des vaches \u00e0 l\u2019aise dans leur stalle, en forme et bien suivies. Tendance marqu\u00e9e. Les\u2026\u003C\/div\u003E\n          \u003Cdiv class=\u0022card-article__meta mbs-auto\u0022\u003E\n        \u003Ctime class=\u0022card-article__date\u0022 datetime=\u00222026-01-14T14:46:00+0100\u0022 x-data x-timestamp=\u00222026-01-14T14:46:00+0100\u0022\u003E14 Jan 2026\u003C\/time\u003E\n              \u003C\/div\u003E\n      \u003C\/div\u003E\n\u003C\/article\u003E\n\n\u003Carticle  data-component-id=\u0022front:card-article\u0022 class=\u0022card-article group\u0022\u003E\n  \u003Cdiv class=\u0022card-article__image\u0022\u003E\n      \t\t\t\t\t\t\u003Cimg  data-component-id=\u0022front:image\u0022 class=\u0022w-full h-full object-contain absolute inset-0\u0022 src=\u0022\/sites\/plm-magazine\/files\/styles\/teaser\/public\/2026-01\/0ed6db5e-95f6-4d4a-8a74-1a19a2cba97a.jpg.webp\u0022 alt=\u0022hostein et jersiaise au robot\u0022 title=\u0022B\u00e9atrice Colleu\u0022 loading=\u0022lazy\u0022 width=\u0022480\u0022 height=\u0022270\u0022\u003E          \u003C\/div\u003E\n  \u003Cdiv class=\u0022card-article__body\u0022\u003E\n        \u003Cdiv class=\u0022text-[1.125em] leading-0 card-title\u0022\u003E\n                    \n      \u003Ca class=\u0022card-article__title\u0022 href=\u0022\/index.php\/actualites\/voici-10-conseils-pour-faire-des-economies-avec-son-robot-de-traite\u0022 target=\u0022_self\u0022  title=\u0022Voici 10 conseils pour faire des \u00e9conomies avec son robot de traite\u0022\u003E\n        \t\n\u003Ch2  data-component-id=\u0022front:title\u0022 class=\u0022title title--small inline\u0022 title=\u0022Voici 10 conseils pour faire des \u00e9conomies avec son robot de traite\u0022\u003EVoici 10 conseils pour faire des \u00e9conomies avec son robot de traite\u003C\/h2\u003E\n      \u003C\/a\u003E\n                \u003Cspan class=\u0022inline-flex align-middle\u0022\u003E\n        \n\u003Cspan  data-component-id=\u0022front:icon-padlock\u0022 class=\u0022icon-padlock icon-padlock--t1\u0022\u003E\n  \n\u003Csvg  data-component-id=\u0022front:icon\u0022 class=\u0022icon icon--padlock\u0022\u003E\n  \u003Cuse xlink:href=\u0022\/themes\/custom\/plm\/dist\/assets\/images\/2e871604ef7778ce3dc1.svg#icon-padlock\u0022\u003E\u003C\/use\u003E\n\u003C\/svg\u003E\n\u003C\/span\u003E\n      \u003C\/span\u003E\n          \u003C\/div\u003E\n    \n\u003Cdiv  data-component-id=\u0022front:wysiwyg\u0022 class=\u0022wysiwyg wysiwyg--small\u0022\u003EL\u0027efficacit\u00e9 \u00e9nerg\u00e9tique des robots est une pr\u00e9occupation majeure des constructeurs, mais en raisonnant la p\u00e9riph\u00e9rie, il est aussi possible d\u0027\u00e9viter\u2026\u003C\/div\u003E\n          \u003Cdiv class=\u0022card-article__meta mbs-auto\u0022\u003E\n        \u003Ctime class=\u0022card-article__date\u0022 datetime=\u00222026-01-13T17:05:00+0100\u0022 x-data x-timestamp=\u00222026-01-13T17:05:00+0100\u0022\u003E13 Jan 2026\u003C\/time\u003E\n              \u003C\/div\u003E\n      \u003C\/div\u003E\n\u003C\/article\u003E\n\n\u003Carticle  data-component-id=\u0022front:card-article\u0022 class=\u0022card-article group\u0022\u003E\n  \u003Cdiv class=\u0022card-article__image\u0022\u003E\n      \t\t\t\t\t\t\u003Cimg  data-component-id=\u0022front:image\u0022 class=\u0022w-full h-full object-contain absolute inset-0\u0022 src=\u0022\/sites\/plm-magazine\/files\/styles\/teaser\/public\/2026-01\/e351b48b-9a2c-46fd-8d1e-810ffc6c1ebe.jpg.webp\u0022 alt=\u0022v\u00e9t\u00e9rinaire\u0022 title=\u0022DR\u0022 loading=\u0022lazy\u0022 width=\u0022480\u0022 height=\u0022308\u0022\u003E          \u003C\/div\u003E\n  \u003Cdiv class=\u0022card-article__body\u0022\u003E\n        \u003Cdiv class=\u0022text-[1.125em] leading-0 card-title\u0022\u003E\n                    \n      \u003Ca class=\u0022card-article__title\u0022 href=\u0022\/index.php\/actualites\/que-coute-l-inflammation-chronique-a-vos-vaches\u0022 target=\u0022_self\u0022  title=\u0022Que co\u00fbte l\u0026#039;inflammation chronique \u00e0 vos vaches ?\u0022\u003E\n        \t\n\u003Ch2  data-component-id=\u0022front:title\u0022 class=\u0022title title--small inline\u0022 title=\u0022Que co\u00fbte l\u0026#039;inflammation chronique \u00e0 vos vaches ?\u0022\u003EQue co\u00fbte l\u0026#039;inflammation chronique \u00e0 vos vaches ?\u003C\/h2\u003E\n      \u003C\/a\u003E\n                \u003Cspan class=\u0022inline-flex align-middle\u0022\u003E\n        \n\u003Cspan  data-component-id=\u0022front:icon-padlock\u0022 class=\u0022icon-padlock icon-padlock--t1\u0022\u003E\n  \n\u003Csvg  data-component-id=\u0022front:icon\u0022 class=\u0022icon icon--padlock\u0022\u003E\n  \u003Cuse xlink:href=\u0022\/themes\/custom\/plm\/dist\/assets\/images\/2e871604ef7778ce3dc1.svg#icon-padlock\u0022\u003E\u003C\/use\u003E\n\u003C\/svg\u003E\n\u003C\/span\u003E\n      \u003C\/span\u003E\n          \u003C\/div\u003E\n    \n\u003Cdiv  data-component-id=\u0022front:wysiwyg\u0022 class=\u0022wysiwyg wysiwyg--small\u0022\u003EL\u0027inflammation est utile pour mobiliser les d\u00e9fenses de l\u0027organisme, r\u00e9parer les tissus\u2026 Mais, quand l\u0027\u00e9tat inflammatoire perdure, l\u0027organisme de la\u2026\u003C\/div\u003E\n          \u003Cdiv class=\u0022card-article__meta mbs-auto\u0022\u003E\n        \u003Ctime class=\u0022card-article__date\u0022 datetime=\u00222026-01-12T15:25:00+0100\u0022 x-data x-timestamp=\u00222026-01-12T15:25:00+0100\u0022\u003E12 Jan 2026\u003C\/time\u003E\n              \u003C\/div\u003E\n      \u003C\/div\u003E\n\u003C\/article\u003E\n\n\u003Carticle  data-component-id=\u0022front:card-article\u0022 class=\u0022card-article group\u0022\u003E\n  \u003Cdiv class=\u0022card-article__image\u0022\u003E\n      \t\t\t\t\t\t\u003Cimg  data-component-id=\u0022front:image\u0022 class=\u0022w-full h-full object-contain absolute inset-0\u0022 src=\u0022\/sites\/plm-magazine\/files\/styles\/teaser\/public\/2026-01\/25b8800f-ad01-4416-9dfb-6e28f1a048e6.jpg.webp\u0022 alt=\u0022Apecia\u0022 title=\u0022Apecita\u0022 loading=\u0022lazy\u0022 width=\u0022332\u0022 height=\u0022204\u0022\u003E          \u003C\/div\u003E\n  \u003Cdiv class=\u0022card-article__body\u0022\u003E\n        \u003Cdiv class=\u0022text-[1.125em] leading-0 card-title\u0022\u003E\n                    \n      \u003Ca class=\u0022card-article__title\u0022 href=\u0022\/index.php\/actualites\/l-apecita-lance-la-nouvelle-edition-de-sa-brochure-orientation-mode-d-emploi\u0022 target=\u0022_self\u0022  title=\u0022L\u2019Apecita lance la nouvelle \u00e9dition de sa brochure \u00ab Orientation, mode d\u2019emploi \u00bb\u0022\u003E\n        \t\n\u003Ch2  data-component-id=\u0022front:title\u0022 class=\u0022title title--small inline\u0022 title=\u0022L\u2019Apecita lance la nouvelle \u00e9dition de sa brochure \u00ab Orientation, mode d\u2019emploi \u00bb\u0022\u003EL\u2019Apecita lance la nouvelle \u00e9dition de sa brochure \u00ab Orientation, mode d\u2026\u003C\/h2\u003E\n      \u003C\/a\u003E\n                \u003C\/div\u003E\n    \n\u003Cdiv  data-component-id=\u0022front:wysiwyg\u0022 class=\u0022wysiwyg wysiwyg--small\u0022\u003EL\u2019\u00e9dition\u00a02026 est sortie. Ce guide pratique et accessible accompagne les jeunes dans leurs choix d\u2019orientation. \u00ab\u2009Il propose des rep\u00e8res concrets\u2026\u003C\/div\u003E\n          \u003Cdiv class=\u0022card-article__meta mbs-auto\u0022\u003E\n        \u003Ctime class=\u0022card-article__date\u0022 datetime=\u00222026-01-09T18:09:00+0100\u0022 x-data x-timestamp=\u00222026-01-09T18:09:00+0100\u0022\u003E09 Jan 2026\u003C\/time\u003E\n              \u003C\/div\u003E\n      \u003C\/div\u003E\n\u003C\/article\u003E\n  \t\t\t\u003Carticle  data-component-id=\u0022front:card-webinaire-catalog\u0022 class=\u0022card-webinaire-catalog group\u0022 data-campagne=\u0022Webi-ELO_GT_2025-Vetoquinol_encadre\u0022 data-contentId=\u00223102\u0022 rel=\u0022nofollow\u0022\u003E\n  \u003Cdiv class=\u0022card-webinaire-catalog__image\u0022\u003E\n      \t\t\t\t\t\t\u003Cimg  data-component-id=\u0022front:image\u0022 class=\u0022w-full h-full object-cover absolute inset-0\u0022 src=\u0022\/sites\/plm-magazine\/files\/2026-04\/EVT-PLM-ELO_Grands_troupeaux_25-Webi_vetoquinol-accroche.jpg\u0022 alt=\u0022Webinaire Vetoquinol\u0022 title=\u0022Webinaire Vetoquinol\u0022 loading=\u0022eager\u0022 width=\u0022510\u0022 height=\u0022340\u0022\u003E          \u003Cdiv class=\u0022card-webinaire-catalog__duree \u0022\u003E\n        00:30:00\n      \u003C\/div\u003E\n        \u003Cdiv class=\u0022card-webinaire-catalog__badges\u0022\u003E\n      \t\t\n\u003Cspan  data-component-id=\u0022front:button-expand\u0022 class=\u0022button-expand button-expand--shadowed transition-within-parent\u0022 x-data=\u0022buttonExpand\u0022 :style=\u0022{ \u0026quot;--button-expand-label-width\u0026quot;: labelWidth }\u0022\u003E\n  \u003Cspan class=\u0022button-expand__icon\u0022\u003E\n    \n\u003Csvg  data-component-id=\u0022front:icon\u0022 class=\u0022icon icon--webinar\u0022\u003E\n  \u003Cuse xlink:href=\u0022\/themes\/custom\/plm\/dist\/assets\/images\/2e871604ef7778ce3dc1.svg#icon-webinar\u0022\u003E\u003C\/use\u003E\n\u003C\/svg\u003E\n  \u003C\/span\u003E\n  \u003Cspan class=\u0022button-expand__label\u0022 x-ref=\u0022label\u0022\u003Ewebinaire\u003C\/span\u003E\n\u003C\/span\u003E\n    \u003C\/div\u003E\n  \u003C\/div\u003E\n \u003Cdiv class=\u0022card-webinaire-catalog__body\u0022\u003E\n    \u003Cdiv class=\u0022text-[1.125em] leading-0 card-title\u0022\u003E\n            \u003Ca class=\u0022card-webinaire-catalog__title\u0022 href=\u0022\/webinaires\/mammites-les-benefices-du-traitement-cible\u0022 target=\u0022_self\u0022  data-campagne=\u0022Webi-ELO_GT_2025-Vetoquinol_encadre\u0022 data-contentId=\u00223102\u0022 rel=\u0022nofollow\u0022 title=\u0022Mammites : les b\u00e9n\u00e9fices du traitement cibl\u00e9\u0022\u003E\n        \n\u003Ch2  data-component-id=\u0022front:title\u0022 class=\u0022title title--small inline\u0022\u003EMammites : les b\u00e9n\u00e9fices du traitement cibl\u00e9\u003C\/h2\u003E\n      \u003C\/a\u003E\n                \u003C\/div\u003E\n\n    \u003Cdiv class=\u0022card-webinaire-catalog__date-info\u0022\u003E\n            \u003Cdiv class=\u0022card-webinaire-catalog__date\u0022\u003EReplay du\u0026nbsp;19\u0026nbsp;juin\u0026nbsp;2025\u003C\/div\u003E\n                \u003C\/div\u003E\n\n          \u003Cdiv class=\u0022card-webinaire-catalog__organisateur\u0022\u003E\n        Par Vetoquinol\n      \u003C\/div\u003E\n    \n      \u003Cdiv class=\u0022card-webinaire-catalog__chapo\u0022\u003E\n        \n              \u003C\/div\u003E\n     \u003C\/div\u003E\n  \u003Cdiv class=\u0022card-webinaire-catalog__sponsor\u0022\u003E\n    Contenu sponsoris\u00e9\n  \u003C\/div\u003E\n\u003C\/article\u003E\n\n\u003Carticle  data-component-id=\u0022front:card-article\u0022 class=\u0022card-article group\u0022\u003E\n  \u003Cdiv class=\u0022card-article__image\u0022\u003E\n      \t\t\t\t\t\t\u003Cimg  data-component-id=\u0022front:image\u0022 class=\u0022w-full h-full object-contain absolute inset-0\u0022 src=\u0022\/sites\/plm-magazine\/files\/styles\/teaser\/public\/2026-01\/927f8b21-474d-46c1-a8dc-1a6a4ff24941.jpg.webp\u0022 alt=\u0022Logette Gaec harel\u0022 title=\u0022Marie Defruit\u0022 loading=\u0022lazy\u0022 width=\u0022480\u0022 height=\u0022270\u0022\u003E          \u003C\/div\u003E\n  \u003Cdiv class=\u0022card-article__body\u0022\u003E\n        \u003Cdiv class=\u0022text-[1.125em] leading-0 card-title\u0022\u003E\n                    \n      \u003Ca class=\u0022card-article__title\u0022 href=\u0022\/index.php\/actualites\/mammites-en-logettes-creuses-la-solution-est-venue-du-traitement-de-l-eau\u0022 target=\u0022_self\u0022  title=\u0022Mammites en logettes creuses. La solution est venue du traitement de l\u0026#039;eau\u0022\u003E\n        \t\n\u003Ch2  data-component-id=\u0022front:title\u0022 class=\u0022title title--small inline\u0022 title=\u0022Mammites en logettes creuses. La solution est venue du traitement de l\u0026#039;eau\u0022\u003EMammites en logettes creuses. La solution est venue du traitement de l\u0026#039;eau\u003C\/h2\u003E\n      \u003C\/a\u003E\n                \u003Cspan class=\u0022inline-flex align-middle\u0022\u003E\n        \n\u003Cspan  data-component-id=\u0022front:icon-padlock\u0022 class=\u0022icon-padlock icon-padlock--t1\u0022\u003E\n  \n\u003Csvg  data-component-id=\u0022front:icon\u0022 class=\u0022icon icon--padlock\u0022\u003E\n  \u003Cuse xlink:href=\u0022\/themes\/custom\/plm\/dist\/assets\/images\/2e871604ef7778ce3dc1.svg#icon-padlock\u0022\u003E\u003C\/use\u003E\n\u003C\/svg\u003E\n\u003C\/span\u003E\n      \u003C\/span\u003E\n          \u003C\/div\u003E\n    \n\u003Cdiv  data-component-id=\u0022front:wysiwyg\u0022 class=\u0022wysiwyg wysiwyg--small\u0022\u003EGage de confort, les logettes creuses n\u0027en restent pas moins une accumulation de liti\u00e8re, dans laquelle peuvent s\u0027installer des pathog\u00e8nes, si l\u0027on\u2026\u003C\/div\u003E\n          \u003Cdiv class=\u0022card-article__meta mbs-auto\u0022\u003E\n        \u003Ctime class=\u0022card-article__date\u0022 datetime=\u00222026-01-09T18:06:00+0100\u0022 x-data x-timestamp=\u00222026-01-09T18:06:00+0100\u0022\u003E09 Jan 2026\u003C\/time\u003E\n              \u003C\/div\u003E\n      \u003C\/div\u003E\n\u003C\/article\u003E\n  \t\t\t\u003Carticle  data-component-id=\u0022front:card-webinaire-catalog\u0022 class=\u0022card-webinaire-catalog group\u0022 data-campagne=\u0022Webi-ELO_GT_2025-Phibro_encadre\u0022 data-contentId=\u00223103\u0022 rel=\u0022nofollow\u0022\u003E\n  \u003Cdiv class=\u0022card-webinaire-catalog__image\u0022\u003E\n      \t\t\t\t\t\t\u003Cimg  data-component-id=\u0022front:image\u0022 class=\u0022w-full h-full object-cover absolute inset-0\u0022 src=\u0022\/sites\/plm-magazine\/files\/2026-04\/EVT-PLM-ELO_Grands_troupeaux_25-Webi_Phibro-accroche.jpg\u0022 alt=\u0022Webinaire Phibro\u0022 title=\u0022Webinaire Phibro\u0022 loading=\u0022eager\u0022 width=\u0022510\u0022 height=\u0022340\u0022\u003E          \u003Cdiv class=\u0022card-webinaire-catalog__duree \u0022\u003E\n        00:30:00\n      \u003C\/div\u003E\n        \u003Cdiv class=\u0022card-webinaire-catalog__badges\u0022\u003E\n      \t\t\n\u003Cspan  data-component-id=\u0022front:button-expand\u0022 class=\u0022button-expand button-expand--shadowed transition-within-parent\u0022 x-data=\u0022buttonExpand\u0022 :style=\u0022{ \u0026quot;--button-expand-label-width\u0026quot;: labelWidth }\u0022\u003E\n  \u003Cspan class=\u0022button-expand__icon\u0022\u003E\n    \n\u003Csvg  data-component-id=\u0022front:icon\u0022 class=\u0022icon icon--webinar\u0022\u003E\n  \u003Cuse xlink:href=\u0022\/themes\/custom\/plm\/dist\/assets\/images\/2e871604ef7778ce3dc1.svg#icon-webinar\u0022\u003E\u003C\/use\u003E\n\u003C\/svg\u003E\n  \u003C\/span\u003E\n  \u003Cspan class=\u0022button-expand__label\u0022 x-ref=\u0022label\u0022\u003Ewebinaire\u003C\/span\u003E\n\u003C\/span\u003E\n    \u003C\/div\u003E\n  \u003C\/div\u003E\n \u003Cdiv class=\u0022card-webinaire-catalog__body\u0022\u003E\n    \u003Cdiv class=\u0022text-[1.125em] leading-0 card-title\u0022\u003E\n            \u003Ca class=\u0022card-webinaire-catalog__title\u0022 href=\u0022\/webinaires\/l-immunite-un-enjeu-crucial-pour-la-rentabilite-des-elevages\u0022 target=\u0022_self\u0022  data-campagne=\u0022Webi-ELO_GT_2025-Phibro_encadre\u0022 data-contentId=\u00223103\u0022 rel=\u0022nofollow\u0022 title=\u0022L\u2019immunit\u00e9, un enjeu crucial pour la rentabilit\u00e9 des \u00e9levages\u0022\u003E\n        \n\u003Ch2  data-component-id=\u0022front:title\u0022 class=\u0022title title--small inline\u0022\u003EL\u2019immunit\u00e9, un enjeu crucial pour la rentabilit\u00e9 des \u00e9levages\u003C\/h2\u003E\n      \u003C\/a\u003E\n                \u003C\/div\u003E\n\n    \u003Cdiv class=\u0022card-webinaire-catalog__date-info\u0022\u003E\n            \u003Cdiv class=\u0022card-webinaire-catalog__date\u0022\u003EReplay du\u0026nbsp;19\u0026nbsp;juin\u0026nbsp;2025\u003C\/div\u003E\n                \u003C\/div\u003E\n\n          \u003Cdiv class=\u0022card-webinaire-catalog__organisateur\u0022\u003E\n        Par Phibro Animal Health\n      \u003C\/div\u003E\n    \n      \u003Cdiv class=\u0022card-webinaire-catalog__chapo\u0022\u003E\n        \n              \u003C\/div\u003E\n     \u003C\/div\u003E\n  \u003Cdiv class=\u0022card-webinaire-catalog__sponsor\u0022\u003E\n    Contenu sponsoris\u00e9\n  \u003C\/div\u003E\n\u003C\/article\u003E\n\n\u003Carticle  data-component-id=\u0022front:card-article\u0022 class=\u0022card-article group\u0022\u003E\n  \u003Cdiv class=\u0022card-article__image\u0022\u003E\n      \t\t\t\t\t\t\u003Cimg  data-component-id=\u0022front:image\u0022 class=\u0022w-full h-full object-contain absolute inset-0\u0022 src=\u0022\/sites\/plm-magazine\/files\/styles\/teaser\/public\/2026-01\/81d754a1-fea3-48d4-841c-38e364cc959b.jpg.webp\u0022 alt=\u0022Tous les concours bovins du Salonde l\u0026#039;agriculture sont annul\u00e9s.\u0022 title=\u0022dr\u0022 loading=\u0022lazy\u0022 width=\u0022427\u0022 height=\u0022320\u0022\u003E          \u003C\/div\u003E\n  \u003Cdiv class=\u0022card-article__body\u0022\u003E\n        \u003Cdiv class=\u0022text-[1.125em] leading-0 card-title\u0022\u003E\n                    \n      \u003Ca class=\u0022card-article__title\u0022 href=\u0022\/index.php\/actualites\/la-nouvelle-vient-de-tomber-pas-de-bovins-au-salon-de-l-agriculture-2026\u0022 target=\u0022_self\u0022  title=\u0022La nouvelle vient de tomber : pas de bovins au Salon de l\u0026#039;Agriculture 2026\u0022\u003E\n        \t\n\u003Ch2  data-component-id=\u0022front:title\u0022 class=\u0022title title--small inline\u0022 title=\u0022La nouvelle vient de tomber : pas de bovins au Salon de l\u0026#039;Agriculture 2026\u0022\u003ELa nouvelle vient de tomber : pas de bovins au Salon de l\u0026#039;Agriculture 2026\u003C\/h2\u003E\n      \u003C\/a\u003E\n                \u003C\/div\u003E\n    \n\u003Cdiv  data-component-id=\u0022front:wysiwyg\u0022 class=\u0022wysiwyg wysiwyg--small\u0022\u003EDans un communiqu\u00e9, le Salon International de l\u0027Agriculture prend acte de la d\u00e9cision des Organismes de S\u00e9lection bovins de renoncer \u00e0 leur\u2026\u003C\/div\u003E\n          \u003Cdiv class=\u0022card-article__meta mbs-auto\u0022\u003E\n        \u003Ctime class=\u0022card-article__date\u0022 datetime=\u00222026-01-07T13:57:00+0100\u0022 x-data x-timestamp=\u00222026-01-07T13:57:00+0100\u0022\u003E07 Jan 2026\u003C\/time\u003E\n              \u003C\/div\u003E\n      \u003C\/div\u003E\n\u003C\/article\u003E\n\n\u003Carticle  data-component-id=\u0022front:card-article\u0022 class=\u0022card-article group\u0022\u003E\n  \u003Cdiv class=\u0022card-article__image\u0022\u003E\n      \t\t\t\t\t\t\u003Cimg  data-component-id=\u0022front:image\u0022 class=\u0022w-full h-full object-contain absolute inset-0\u0022 src=\u0022\/sites\/plm-magazine\/files\/styles\/teaser\/public\/2026-01\/f3dda1e3-f598-40ce-beb2-29d49a0f241e.jpg.webp\u0022 alt=\u0022767021.jpg\u0022 title=\u0022dr\u0022 loading=\u0022lazy\u0022 width=\u0022464\u0022 height=\u0022320\u0022\u003E          \u003C\/div\u003E\n  \u003Cdiv class=\u0022card-article__body\u0022\u003E\n        \u003Cdiv class=\u0022text-[1.125em] leading-0 card-title\u0022\u003E\n                    \n      \u003Ca class=\u0022card-article__title\u0022 href=\u0022\/index.php\/actualites\/sia-2026-la-dnc-va-t-elle-priver-les-parisiens-de-vaches-au-salon\u0022 target=\u0022_self\u0022  title=\u0022SIA 2026. La DNC va-t-elle priver les parisiens de vaches au salon ?\u0022\u003E\n        \t\n\u003Ch2  data-component-id=\u0022front:title\u0022 class=\u0022title title--small inline\u0022 title=\u0022SIA 2026. La DNC va-t-elle priver les parisiens de vaches au salon ?\u0022\u003ESIA 2026. La DNC va-t-elle priver les parisiens de vaches au salon ?\u003C\/h2\u003E\n      \u003C\/a\u003E\n                \u003C\/div\u003E\n    \n\u003Cdiv  data-component-id=\u0022front:wysiwyg\u0022 class=\u0022wysiwyg wysiwyg--small\u0022\u003ELes annulations de concours se poursuivent en races laiti\u00e8res comme allaitantes. Les derniers foyers de DNC recens\u00e9s incitent en effet \u00e0 la prudence.\u00a0\u003C\/div\u003E\n          \u003Cdiv class=\u0022card-article__meta mbs-auto\u0022\u003E\n        \u003Ctime class=\u0022card-article__date\u0022 datetime=\u00222026-01-06T16:50:00+0100\u0022 x-data x-timestamp=\u00222026-01-06T16:50:00+0100\u0022\u003E06 Jan 2026\u003C\/time\u003E\n              \u003C\/div\u003E\n      \u003C\/div\u003E\n\u003C\/article\u003E\n\n\u003Carticle  data-component-id=\u0022front:card-article\u0022 class=\u0022card-article group\u0022\u003E\n  \u003Cdiv class=\u0022card-article__image\u0022\u003E\n      \t\t\t\t\t\t\u003Cimg  data-component-id=\u0022front:image\u0022 class=\u0022w-full h-full object-contain absolute inset-0\u0022 src=\u0022\/sites\/plm-magazine\/files\/styles\/teaser\/public\/2025-12\/8e276225-0911-4a7f-9aa4-fcc4aead69fc.jpg.webp\u0022 alt=\u0022Bureau gaec harel\u0022 title=\u0022Marie Defruit\u0022 loading=\u0022lazy\u0022 width=\u0022480\u0022 height=\u0022320\u0022\u003E          \u003C\/div\u003E\n  \u003Cdiv class=\u0022card-article__body\u0022\u003E\n        \u003Cdiv class=\u0022text-[1.125em] leading-0 card-title\u0022\u003E\n                    \n      \u003Ca class=\u0022card-article__title\u0022 href=\u0022\/index.php\/actualites\/ces-trois-reglages-au-robot-les-ont-aide-a-gagner-10-kg-de-lait\u0022 target=\u0022_self\u0022  title=\u0022Ces trois r\u00e9glages au robot les ont aid\u00e9 \u00e0 gagner 10 kg de lait\u0022\u003E\n        \t\n\u003Ch2  data-component-id=\u0022front:title\u0022 class=\u0022title title--small inline\u0022 title=\u0022Ces trois r\u00e9glages au robot les ont aid\u00e9 \u00e0 gagner 10 kg de lait\u0022\u003ECes trois r\u00e9glages au robot les ont aid\u00e9 \u00e0 gagner 10 kg de lait\u003C\/h2\u003E\n      \u003C\/a\u003E\n                \u003Cspan class=\u0022inline-flex align-middle\u0022\u003E\n        \n\u003Cspan  data-component-id=\u0022front:icon-padlock\u0022 class=\u0022icon-padlock icon-padlock--t1\u0022\u003E\n  \n\u003Csvg  data-component-id=\u0022front:icon\u0022 class=\u0022icon icon--padlock\u0022\u003E\n  \u003Cuse xlink:href=\u0022\/themes\/custom\/plm\/dist\/assets\/images\/2e871604ef7778ce3dc1.svg#icon-padlock\u0022\u003E\u003C\/use\u003E\n\u003C\/svg\u003E\n\u003C\/span\u003E\n      \u003C\/span\u003E\n          \u003C\/div\u003E\n    \n\u003Cdiv  data-component-id=\u0022front:wysiwyg\u0022 class=\u0022wysiwyg wysiwyg--small\u0022\u003E\u0022En un an, le troupeau a gagn\u00e9 10 kg de lait, pour atteindre 48 kg\/VL\/jour\u0022. Voici les trois r\u00e9glages mis en place par Anthony Basl\u00e9, consultant\u2026\u003C\/div\u003E\n          \u003Cdiv class=\u0022card-article__meta mbs-auto\u0022\u003E\n        \u003Ctime class=\u0022card-article__date\u0022 datetime=\u00222026-01-05T07:00:00+0100\u0022 x-data x-timestamp=\u00222026-01-05T07:00:00+0100\u0022\u003E05 Jan 2026\u003C\/time\u003E\n              \u003C\/div\u003E\n      \u003C\/div\u003E\n\u003C\/article\u003E\n\n\u003Carticle  data-component-id=\u0022front:card-article\u0022 class=\u0022card-article group\u0022\u003E\n  \u003Cdiv class=\u0022card-article__image\u0022\u003E\n      \t\t\t\t\t\t\u003Cimg  data-component-id=\u0022front:image\u0022 class=\u0022w-full h-full object-contain absolute inset-0\u0022 src=\u0022\/sites\/plm-magazine\/files\/styles\/teaser\/public\/2026-01\/0bc461a9-1ca4-4b84-a95e-64fe71b07dcd.jpg.webp\u0022 alt=\u0022L\u0026#039;\u00e9quipe du Gaec de la Tr\u00e9bisi\u00e8re, dans l\u0026#039;Orne : Antoine Garreau (\u00e0 gauche) et Quentin Fromont (au centre), les deux associ\u00e9s, avec leurs sept sa\u0022 title=\u0022BPGO\u0022 loading=\u0022lazy\u0022 width=\u0022446\u0022 height=\u0022320\u0022\u003E          \u003C\/div\u003E\n  \u003Cdiv class=\u0022card-article__body\u0022\u003E\n        \u003Cdiv class=\u0022text-[1.125em] leading-0 card-title\u0022\u003E\n                    \n      \u003Ca class=\u0022card-article__title\u0022 href=\u0022\/index.php\/actualites\/dans-l-orne-voici-comment-deux-copains-d-ecole-ont-developpe-le-gaec-de-la-trebisiere\u0022 target=\u0022_self\u0022  title=\u0022Dans l\u2019Orne, voici comment deux copains d\u2019\u00e9cole ont d\u00e9velopp\u00e9 le Gaec de la Tr\u00e9bisi\u00e8re\u0022\u003E\n        \t\n\u003Ch2  data-component-id=\u0022front:title\u0022 class=\u0022title title--small inline\u0022 title=\u0022Dans l\u2019Orne, voici comment deux copains d\u2019\u00e9cole ont d\u00e9velopp\u00e9 le Gaec de la Tr\u00e9bisi\u00e8re\u0022\u003EDans l\u2019Orne, voici comment deux copains d\u2019\u00e9cole ont d\u00e9velopp\u00e9 le Gaec de\u2026\u003C\/h2\u003E\n      \u003C\/a\u003E\n                \u003C\/div\u003E\n    \n\u003Cdiv  data-component-id=\u0022front:wysiwyg\u0022 class=\u0022wysiwyg wysiwyg--small\u0022\u003EQuentin Fromont et Antoine Garreau sont install\u00e9s en bio, avec un atelier de transformation du lait et sept salari\u00e9s. Ils ont re\u00e7u le 1er\u00a0prix de la\u2026\u003C\/div\u003E\n          \u003Cdiv class=\u0022card-article__meta mbs-auto\u0022\u003E\n        \u003Ctime class=\u0022card-article__date\u0022 datetime=\u00222026-01-02T17:00:00+0100\u0022 x-data x-timestamp=\u00222026-01-02T17:00:00+0100\u0022\u003E02 Jan 2026\u003C\/time\u003E\n              \u003C\/div\u003E\n      \u003C\/div\u003E\n\u003C\/article\u003E\n\n\u003Carticle  data-component-id=\u0022front:card-article\u0022 class=\u0022card-article group\u0022\u003E\n  \u003Cdiv class=\u0022card-article__image\u0022\u003E\n      \t\t\t\t\t\t\u003Cimg  data-component-id=\u0022front:image\u0022 class=\u0022w-full h-full object-contain absolute inset-0\u0022 src=\u0022\/sites\/plm-magazine\/files\/styles\/teaser\/public\/2025-12\/f58142a1-d2b1-40ba-8edd-3c1bc1d14af6.jpg.webp\u0022 alt=\u0022Le concours holstein du Salon de l\u0026#039;agriculture est annul\u00e9.\u0022 title=\u0022PHF\u0022 loading=\u0022lazy\u0022 width=\u0022480\u0022 height=\u0022251\u0022\u003E          \u003C\/div\u003E\n  \u003Cdiv class=\u0022card-article__body\u0022\u003E\n        \u003Cdiv class=\u0022text-[1.125em] leading-0 card-title\u0022\u003E\n                    \n      \u003Ca class=\u0022card-article__title\u0022 href=\u0022\/index.php\/actualites\/pas-de-concours-holstein-montbeliard-ni-simmental-au-salon-de-l-agriculture-2026\u0022 target=\u0022_self\u0022  title=\u0022Pas de concours Holstein, Montb\u00e9liard ni Simmental au Salon de l\u0026#039;agriculture 2026\u0022\u003E\n        \t\n\u003Ch2  data-component-id=\u0022front:title\u0022 class=\u0022title title--small inline\u0022 title=\u0022Pas de concours Holstein, Montb\u00e9liard ni Simmental au Salon de l\u0026#039;agriculture 2026\u0022\u003EPas de concours Holstein, Montb\u00e9liard ni Simmental au Salon de l\u2026\u003C\/h2\u003E\n      \u003C\/a\u003E\n                \u003C\/div\u003E\n    \n\u003Cdiv  data-component-id=\u0022front:wysiwyg\u0022 class=\u0022wysiwyg wysiwyg--small\u0022\u003EEn raison de l\u0027\u00e9pid\u00e9mie de dermatose nodulaire, Prim\u0027Holstein France annule le concours de la race pr\u00e9vu au Salon de l\u0027agriculture \u00e0 Paris. Les\u2026\u003C\/div\u003E\n          \u003Cdiv class=\u0022card-article__meta mbs-auto\u0022\u003E\n        \u003Ctime class=\u0022card-article__date\u0022 datetime=\u00222025-12-29T11:56:00+0100\u0022 x-data x-timestamp=\u00222025-12-29T11:56:00+0100\u0022\u003E29 D\u00e9c 2025\u003C\/time\u003E\n              \u003C\/div\u003E\n      \u003C\/div\u003E\n\u003C\/article\u003E\n\n\u003Carticle  data-component-id=\u0022front:card-article\u0022 class=\u0022card-article group\u0022\u003E\n  \u003Cdiv class=\u0022card-article__image\u0022\u003E\n      \t\t\t\t\t\t\u003Cimg  data-component-id=\u0022front:image\u0022 class=\u0022w-full h-full object-contain absolute inset-0\u0022 src=\u0022\/sites\/plm-magazine\/files\/styles\/teaser\/public\/2019-12\/0ccecc8f-aa4d-4285-a49c-e959ce7b12b8.jpg.webp\u0022 alt=\u0022Paillage gaec harel\u0022 title=\u0022Marie Defruit\u0022 loading=\u0022lazy\u0022 width=\u0022480\u0022 height=\u0022270\u0022\u003E          \u003Cdiv class=\u0022card-article__tags\u0022\u003E\n                  \u003Cspan class=\u0022card-article__badges\u0022\u003E\n                      \t\t\n\u003Cspan  data-component-id=\u0022front:button-expand\u0022 class=\u0022button-expand button-expand--shadowed transition-within-parent\u0022 x-data=\u0022buttonExpand\u0022 :style=\u0022{ \u0026quot;--button-expand-label-width\u0026quot;: labelWidth }\u0022\u003E\n  \u003Cspan class=\u0022button-expand__icon\u0022\u003E\n    \n\u003Csvg  data-component-id=\u0022front:icon\u0022 class=\u0022icon icon--video\u0022\u003E\n  \u003Cuse xlink:href=\u0022\/themes\/custom\/plm\/dist\/assets\/images\/2e871604ef7778ce3dc1.svg#icon-video\u0022\u003E\u003C\/use\u003E\n\u003C\/svg\u003E\n  \u003C\/span\u003E\n  \u003Cspan class=\u0022button-expand__label\u0022 x-ref=\u0022label\u0022\u003EVid\u00e9o\u003C\/span\u003E\n\u003C\/span\u003E\n                \u003C\/span\u003E\n                      \u003C\/div\u003E\n          \u003C\/div\u003E\n  \u003Cdiv class=\u0022card-article__body\u0022\u003E\n        \u003Cdiv class=\u0022text-[1.125em] leading-0 card-title\u0022\u003E\n                    \n      \u003Ca class=\u0022card-article__title\u0022 href=\u0022\/index.php\/video-vache\/paillage-des-logettes-creuses-voici-la-recette-de-leur-litiere\u0022 target=\u0022_self\u0022  title=\u0022Paillage des logettes creuses. Voici la recette de leur liti\u00e8re\u0022\u003E\n        \t\n\u003Ch2  data-component-id=\u0022front:title\u0022 class=\u0022title title--small inline\u0022 title=\u0022Paillage des logettes creuses. Voici la recette de leur liti\u00e8re\u0022\u003EPaillage des logettes creuses. Voici la recette de leur liti\u00e8re\u003C\/h2\u003E\n      \u003C\/a\u003E\n                \u003Cspan class=\u0022inline-flex align-middle\u0022\u003E\n        \n\u003Cspan  data-component-id=\u0022front:icon-padlock\u0022 class=\u0022icon-padlock icon-padlock--t1\u0022\u003E\n  \n\u003Csvg  data-component-id=\u0022front:icon\u0022 class=\u0022icon icon--padlock\u0022\u003E\n  \u003Cuse xlink:href=\u0022\/themes\/custom\/plm\/dist\/assets\/images\/2e871604ef7778ce3dc1.svg#icon-padlock\u0022\u003E\u003C\/use\u003E\n\u003C\/svg\u003E\n\u003C\/span\u003E\n      \u003C\/span\u003E\n          \u003C\/div\u003E\n    \n\u003Cdiv  data-component-id=\u0022front:wysiwyg\u0022 class=\u0022wysiwyg wysiwyg--small\u0022\u003EUne fois par semaine, les \u00e9leveurs du Gaec Harel, pr\u00e9parent le m\u00e9lange et remplissent leurs 70 logettes creuses. En vid\u00e9o, d\u00e9couvrez sa composition\u2026\u003C\/div\u003E\n          \u003Cdiv class=\u0022card-article__meta mbs-auto\u0022\u003E\n        \u003Ctime class=\u0022card-article__date\u0022 datetime=\u00222025-12-29T08:15:00+0100\u0022 x-data x-timestamp=\u00222025-12-29T08:15:00+0100\u0022\u003E29 D\u00e9c 2025\u003C\/time\u003E\n              \u003C\/div\u003E\n      \u003C\/div\u003E\n\u003C\/article\u003E\n  \t\t\t\u003Carticle  data-component-id=\u0022front:card-webinaire-catalog\u0022 class=\u0022card-webinaire-catalog group\u0022 data-campagne=\u0022Webi-ELO_GT_2026-Trouw_nutrition_encadre\u0022 data-contentId=\u00223123\u0022 rel=\u0022nofollow\u0022\u003E\n  \u003Cdiv class=\u0022card-webinaire-catalog__image\u0022\u003E\n      \t\t\t\t\t\t\u003Cimg  data-component-id=\u0022front:image\u0022 class=\u0022w-full h-full object-cover absolute inset-0\u0022 src=\u0022\/sites\/plm-magazine\/files\/2026-04\/EVT-PLM-ELO_Grands_troupeaux_26-Webi_trouw-nutrition-accroche.jpg\u0022 alt=\u0022Alimentation des veaux\u00a0: et si on faisait fausse route\u00a0?\u0022 title=\u0022Alimentation des veaux\u00a0: et si on faisait fausse route\u00a0?\u0022 loading=\u0022eager\u0022 width=\u0022510\u0022 height=\u0022340\u0022\u003E          \u003Cdiv class=\u0022card-webinaire-catalog__duree \u0022\u003E\n        00:30:00\n      \u003C\/div\u003E\n        \u003Cdiv class=\u0022card-webinaire-catalog__badges\u0022\u003E\n      \t\t\n\u003Cspan  data-component-id=\u0022front:button-expand\u0022 class=\u0022button-expand button-expand--shadowed transition-within-parent\u0022 x-data=\u0022buttonExpand\u0022 :style=\u0022{ \u0026quot;--button-expand-label-width\u0026quot;: labelWidth }\u0022\u003E\n  \u003Cspan class=\u0022button-expand__icon\u0022\u003E\n    \n\u003Csvg  data-component-id=\u0022front:icon\u0022 class=\u0022icon icon--webinar\u0022\u003E\n  \u003Cuse xlink:href=\u0022\/themes\/custom\/plm\/dist\/assets\/images\/2e871604ef7778ce3dc1.svg#icon-webinar\u0022\u003E\u003C\/use\u003E\n\u003C\/svg\u003E\n  \u003C\/span\u003E\n  \u003Cspan class=\u0022button-expand__label\u0022 x-ref=\u0022label\u0022\u003Ewebinaire\u003C\/span\u003E\n\u003C\/span\u003E\n    \u003C\/div\u003E\n  \u003C\/div\u003E\n \u003Cdiv class=\u0022card-webinaire-catalog__body\u0022\u003E\n    \u003Cdiv class=\u0022text-[1.125em] leading-0 card-title\u0022\u003E\n            \u003Ca class=\u0022card-webinaire-catalog__title\u0022 href=\u0022\/webinaires\/alimentation-des-veaux-et-si-faisait-fausse-route\u0022 target=\u0022_self\u0022  data-campagne=\u0022Webi-ELO_GT_2026-Trouw_nutrition_encadre\u0022 data-contentId=\u00223123\u0022 rel=\u0022nofollow\u0022 title=\u0022Alimentation des veaux\u00a0: et si on faisait fausse route ?\u0022\u003E\n        \n\u003Ch2  data-component-id=\u0022front:title\u0022 class=\u0022title title--small inline\u0022\u003EAlimentation des veaux\u00a0: et si on faisait fausse route ?\u003C\/h2\u003E\n      \u003C\/a\u003E\n                \u003C\/div\u003E\n\n    \u003Cdiv class=\u0022card-webinaire-catalog__date-info\u0022\u003E\n            \u003Cdiv class=\u0022card-webinaire-catalog__date\u0022\u003EMardi\u0026nbsp;16\u0026nbsp;juin\u0026nbsp;2026\u003C\/div\u003E\n              \u003Cdiv class=\u0022card-webinaire-catalog__plage-horaire flex items-center gap-2\u0022\u003E\n        \u003Cspan class=\u0022inline-flex text-xl\u0022\u003E\n         \u003Csvg xmlns=\u0022http:\/\/www.w3.org\/2000\/svg\u0022 width=\u002217\u0022 height=\u002217\u0022 viewBox=\u00220 0 17 17\u0022 fill=\u0022none\u0022\u003E\n          \u003Cpath d=\u0022M8.13806 0.100098C12.5773 0.100242 16.1761 3.69895 16.1761 8.13818C16.176 12.5774 12.5772 16.1761 8.13806 16.1763C3.69883 16.1762 0.10012 12.5774 0.0999756 8.13818C0.100044 3.6989 3.69878 0.100167 8.13806 0.100098ZM8.13806 1.6001C4.52721 1.60017 1.60004 4.52733 1.59998 8.13818C1.60012 11.749 4.52725 14.6762 8.13806 14.6763C11.7488 14.6761 14.676 11.7489 14.6761 8.13818C14.6761 4.52738 11.7489 1.60024 8.13806 1.6001ZM8.13806 3.01514C8.55217 3.01526 8.88806 3.351 8.88806 3.76514V7.38818H12.5111C12.9252 7.38837 13.2611 7.72409 13.2611 8.13818C13.261 8.55216 12.9251 8.88799 12.5111 8.88818H8.13806C7.72394 8.88818 7.38821 8.55227 7.38806 8.13818V3.76514C7.38806 3.35092 7.72385 3.01514 8.13806 3.01514Z\u0022 fill=\u0022black\u0022\/\u003E\n          \u003Cpath d=\u0022M8.13806 0.100098L8.13806 9.76548e-05H8.13806L8.13806 0.100098ZM16.1761 8.13818L16.2761 8.13819V8.13818L16.1761 8.13818ZM8.13806 16.1763L8.13806 16.2763H8.13806L8.13806 16.1763ZM0.0999756 8.13818L-2.44156e-05 8.13818V8.13819L0.0999756 8.13818ZM8.13806 1.6001L8.13807 1.5001H8.13806L8.13806 1.6001ZM1.59998 8.13818L1.49998 8.13818V8.13819L1.59998 8.13818ZM8.13806 14.6763L8.13806 14.7763H8.13807L8.13806 14.6763ZM14.6761 8.13818L14.7761 8.13819V8.13818L14.6761 8.13818ZM8.13806 3.01514L8.13809 2.91514H8.13806V3.01514ZM8.88806 3.76514H8.98806V3.76514H8.88806ZM8.88806 7.38818H8.78806C8.78806 7.44341 8.83283 7.48818 8.88806 7.48818V7.38818ZM12.5111 7.38818L12.5112 7.28818H12.5111V7.38818ZM13.2611 8.13818L13.3611 8.13822V8.13818H13.2611ZM12.5111 8.88818V8.98818H12.5112L12.5111 8.88818ZM8.13806 8.88818V8.78818V8.88818ZM7.38806 8.13818H7.28806V8.13822L7.38806 8.13818ZM7.38806 3.76514H7.48806V3.76514H7.38806ZM8.13806 0.100098L8.13806 0.200098C12.5221 0.20024 16.0761 3.75418 16.0761 8.13819L16.1761 8.13818L16.2761 8.13818C16.2761 3.64372 12.6325 0.000244059 8.13806 9.76548e-05L8.13806 0.100098ZM16.1761 8.13818L16.0761 8.13818C16.076 12.5221 12.522 16.0761 8.13806 16.0763L8.13806 16.1763L8.13806 16.2763C12.6325 16.2761 16.276 12.6326 16.2761 8.13819L16.1761 8.13818ZM8.13806 16.1763L8.13806 16.0763C3.75406 16.0762 0.200118 12.5222 0.199976 8.13818L0.0999756 8.13818L-2.44156e-05 8.13819C0.000121988 12.6326 3.6436 16.2762 8.13806 16.2763L8.13806 16.1763ZM0.0999756 8.13818L0.199976 8.13819C0.200044 3.75413 3.75401 0.200166 8.13806 0.200098L8.13806 0.100098L8.13806 9.76548e-05C3.64355 0.000167377 4.53144e-05 3.64367 -2.44156e-05 8.13818L0.0999756 8.13818ZM8.13806 1.6001L8.13806 1.5001C4.47198 1.50017 1.50005 4.4721 1.49998 8.13818L1.59998 8.13818L1.69998 8.13819C1.70004 4.58256 4.58244 1.70017 8.13806 1.7001L8.13806 1.6001ZM1.59998 8.13818L1.49998 8.13819C1.50012 11.8042 4.47202 14.7762 8.13806 14.7763L8.13806 14.6763L8.13806 14.5763C4.58248 14.5762 1.70012 11.6937 1.69998 8.13818L1.59998 8.13818ZM8.13806 14.6763L8.13807 14.7763C11.804 14.7761 14.776 11.8042 14.7761 8.13819L14.6761 8.13818L14.5761 8.13818C14.576 11.6937 11.6936 14.5761 8.13806 14.5763L8.13806 14.6763ZM14.6761 8.13818L14.7761 8.13818C14.7761 4.47214 11.8041 1.50024 8.13807 1.5001L8.13806 1.6001L8.13806 1.7001C11.6936 1.70024 14.5761 4.58261 14.5761 8.13819L14.6761 8.13818ZM8.13806 3.01514L8.13803 3.11514C8.49696 3.11525 8.78806 3.40626 8.78806 3.76514H8.88806H8.98806C8.98806 3.29574 8.60737 2.91528 8.13809 2.91514L8.13806 3.01514ZM8.88806 3.76514H8.78806V7.38818H8.88806H8.98806V3.76514H8.88806ZM8.88806 7.38818V7.48818H12.5111V7.38818V7.28818H8.88806V7.38818ZM12.5111 7.38818L12.5111 7.48818C12.87 7.48835 13.1611 7.77936 13.1611 8.13818H13.2611H13.3611C13.3611 7.66881 12.9804 7.2884 12.5112 7.28818L12.5111 7.38818ZM13.2611 8.13818L13.1611 8.13815C13.161 8.49691 12.8698 8.78802 12.5111 8.78818L12.5111 8.88818L12.5112 8.98818C12.9803 8.98797 13.3609 8.6074 13.3611 8.13822L13.2611 8.13818ZM12.5111 8.88818V8.78818H8.13806V8.88818V8.98818H12.5111V8.88818ZM8.13806 8.88818V8.78818C7.7792 8.78818 7.48819 8.49707 7.48806 8.13815L7.38806 8.13818L7.28806 8.13822C7.28823 8.60747 7.66867 8.98818 8.13806 8.98818V8.88818ZM7.38806 8.13818H7.48806V3.76514H7.38806H7.28806V8.13818H7.38806ZM7.38806 3.76514H7.48806C7.48806 3.40615 7.77908 3.11514 8.13806 3.11514V3.01514V2.91514C7.66862 2.91514 7.28806 3.29569 7.28806 3.76514H7.38806Z\u0022 fill=\u0022black\u0022\/\u003E\n          \u003C\/svg\u003E\n        \u003C\/span\u003E\n          \u003Cspan class=\u0022\u0022\u003E15:00 - 15:30\u003C\/span\u003E\n        \u003C\/div\u003E\n                \u003C\/div\u003E\n\n          \u003Cdiv class=\u0022card-webinaire-catalog__organisateur\u0022\u003E\n        Par Trouw Nutrition\n      \u003C\/div\u003E\n    \n      \u003Cdiv class=\u0022card-webinaire-catalog__chapo\u0022\u003E\n        \n              \u003C\/div\u003E\n     \u003C\/div\u003E\n  \u003Cdiv class=\u0022card-webinaire-catalog__sponsor\u0022\u003E\n    Contenu sponsoris\u00e9\n  \u003C\/div\u003E\n\u003C\/article\u003E\n\n\u003Carticle  data-component-id=\u0022front:card-article\u0022 class=\u0022card-article group\u0022\u003E\n  \u003Cdiv class=\u0022card-article__image\u0022\u003E\n      \t\t\t\t\t\t\u003Cimg  data-component-id=\u0022front:image\u0022 class=\u0022w-full h-full object-contain absolute inset-0\u0022 src=\u0022\/sites\/plm-magazine\/files\/styles\/teaser\/public\/2025-12\/2211b23e-a136-45ce-9db0-38a2e7f91697.jpg.webp\u0022 alt=\u0022Alexis Bobon avec Pacifique championne Miss Bret\u0026#039; Innoval 2025, Gaec du Menhir (35).\u0022 title=\u0022Innoval\u0022 loading=\u0022lazy\u0022 width=\u0022427\u0022 height=\u0022320\u0022\u003E          \u003C\/div\u003E\n  \u003Cdiv class=\u0022card-article__body\u0022\u003E\n        \u003Cdiv class=\u0022text-[1.125em] leading-0 card-title\u0022\u003E\n                    \n      \u003Ca class=\u0022card-article__title\u0022 href=\u0022\/index.php\/actualites\/six-doses-six-veaux-pacifique-au-gaec-du-menhir-ille-et-vilaine-a-ete-elue-championne\u0022 target=\u0022_self\u0022  title=\u0022Six doses, six veaux : Pacifique, au Gaec du Menhir (Ille-et-Vilaine) a \u00e9t\u00e9 \u00e9lue \u00ab championne repro \u00bb\u0022\u003E\n        \t\n\u003Ch2  data-component-id=\u0022front:title\u0022 class=\u0022title title--small inline\u0022 title=\u0022Six doses, six veaux : Pacifique, au Gaec du Menhir (Ille-et-Vilaine) a \u00e9t\u00e9 \u00e9lue \u00ab championne repro \u00bb\u0022\u003ESix doses, six veaux : Pacifique, au Gaec du Menhir (Ille-et-Vilaine) a\u2026\u003C\/h2\u003E\n      \u003C\/a\u003E\n                \u003C\/div\u003E\n    \n\u003Cdiv  data-component-id=\u0022front:wysiwyg\u0022 class=\u0022wysiwyg wysiwyg--small\u0022\u003EPacifique en \u00ab\u2009repro\u2009\u00bb, Mandarine en \u00ab\u2009production\u2009\u00bb et D\u00e9esse en \u00ab\u2009long\u00e9vit\u00e9\u2009\u00bb sont les trois laur\u00e9ates du palmar\u00e8s Miss Bret\u0027 Innoval\u00a02025.\u003C\/div\u003E\n          \u003Cdiv class=\u0022card-article__meta mbs-auto\u0022\u003E\n        \u003Ctime class=\u0022card-article__date\u0022 datetime=\u00222025-12-26T12:18:00+0100\u0022 x-data x-timestamp=\u00222025-12-26T12:18:00+0100\u0022\u003E26 D\u00e9c 2025\u003C\/time\u003E\n              \u003C\/div\u003E\n      \u003C\/div\u003E\n\u003C\/article\u003E\n  \t\t\t\u003Carticle  data-component-id=\u0022front:card-webinaire-catalog\u0022 class=\u0022card-webinaire-catalog group\u0022 data-campagne=\u0022Webi-ELO_GT_2026-CCPA_encadre\u0022 data-contentId=\u00223124\u0022 rel=\u0022nofollow\u0022\u003E\n  \u003Cdiv class=\u0022card-webinaire-catalog__image\u0022\u003E\n      \t\t\t\t\t\t\u003Cimg  data-component-id=\u0022front:image\u0022 class=\u0022w-full h-full object-cover absolute inset-0\u0022 src=\u0022\/sites\/plm-magazine\/files\/2026-04\/EVT-PLM-ELO_Grands_troupeaux_26-Webi_ccpa-accroche.jpg\u0022 alt=\u0022Objectif lait : pourquoi la pr\u00e9pa-v\u00ealage fait la diff\u00e9rence\u0022 title=\u0022Objectif lait : pourquoi la pr\u00e9pa-v\u00ealage fait la diff\u00e9rence\u0022 loading=\u0022eager\u0022 width=\u0022510\u0022 height=\u0022340\u0022\u003E          \u003Cdiv class=\u0022card-webinaire-catalog__duree \u0022\u003E\n        00:30:00\n      \u003C\/div\u003E\n        \u003Cdiv class=\u0022card-webinaire-catalog__badges\u0022\u003E\n      \t\t\n\u003Cspan  data-component-id=\u0022front:button-expand\u0022 class=\u0022button-expand button-expand--shadowed transition-within-parent\u0022 x-data=\u0022buttonExpand\u0022 :style=\u0022{ \u0026quot;--button-expand-label-width\u0026quot;: labelWidth }\u0022\u003E\n  \u003Cspan class=\u0022button-expand__icon\u0022\u003E\n    \n\u003Csvg  data-component-id=\u0022front:icon\u0022 class=\u0022icon icon--webinar\u0022\u003E\n  \u003Cuse xlink:href=\u0022\/themes\/custom\/plm\/dist\/assets\/images\/2e871604ef7778ce3dc1.svg#icon-webinar\u0022\u003E\u003C\/use\u003E\n\u003C\/svg\u003E\n  \u003C\/span\u003E\n  \u003Cspan class=\u0022button-expand__label\u0022 x-ref=\u0022label\u0022\u003Ewebinaire\u003C\/span\u003E\n\u003C\/span\u003E\n    \u003C\/div\u003E\n  \u003C\/div\u003E\n \u003Cdiv class=\u0022card-webinaire-catalog__body\u0022\u003E\n    \u003Cdiv class=\u0022text-[1.125em] leading-0 card-title\u0022\u003E\n            \u003Ca class=\u0022card-webinaire-catalog__title\u0022 href=\u0022\/webinaires\/objectif-lait-pourquoi-la-prepa-velage-fait-la-difference\u0022 target=\u0022_self\u0022  data-campagne=\u0022Webi-ELO_GT_2026-CCPA_encadre\u0022 data-contentId=\u00223124\u0022 rel=\u0022nofollow\u0022 title=\u0022Objectif lait : pourquoi la pr\u00e9pa-v\u00ealage fait la diff\u00e9rence\u0022\u003E\n        \n\u003Ch2  data-component-id=\u0022front:title\u0022 class=\u0022title title--small inline\u0022\u003EObjectif lait : pourquoi la pr\u00e9pa-v\u00ealage fait la diff\u00e9rence\u003C\/h2\u003E\n      \u003C\/a\u003E\n                \u003C\/div\u003E\n\n    \u003Cdiv class=\u0022card-webinaire-catalog__date-info\u0022\u003E\n            \u003Cdiv class=\u0022card-webinaire-catalog__date\u0022\u003EMardi\u0026nbsp;16\u0026nbsp;juin\u0026nbsp;2026\u003C\/div\u003E\n              \u003Cdiv class=\u0022card-webinaire-catalog__plage-horaire flex items-center gap-2\u0022\u003E\n        \u003Cspan class=\u0022inline-flex text-xl\u0022\u003E\n         \u003Csvg xmlns=\u0022http:\/\/www.w3.org\/2000\/svg\u0022 width=\u002217\u0022 height=\u002217\u0022 viewBox=\u00220 0 17 17\u0022 fill=\u0022none\u0022\u003E\n          \u003Cpath d=\u0022M8.13806 0.100098C12.5773 0.100242 16.1761 3.69895 16.1761 8.13818C16.176 12.5774 12.5772 16.1761 8.13806 16.1763C3.69883 16.1762 0.10012 12.5774 0.0999756 8.13818C0.100044 3.6989 3.69878 0.100167 8.13806 0.100098ZM8.13806 1.6001C4.52721 1.60017 1.60004 4.52733 1.59998 8.13818C1.60012 11.749 4.52725 14.6762 8.13806 14.6763C11.7488 14.6761 14.676 11.7489 14.6761 8.13818C14.6761 4.52738 11.7489 1.60024 8.13806 1.6001ZM8.13806 3.01514C8.55217 3.01526 8.88806 3.351 8.88806 3.76514V7.38818H12.5111C12.9252 7.38837 13.2611 7.72409 13.2611 8.13818C13.261 8.55216 12.9251 8.88799 12.5111 8.88818H8.13806C7.72394 8.88818 7.38821 8.55227 7.38806 8.13818V3.76514C7.38806 3.35092 7.72385 3.01514 8.13806 3.01514Z\u0022 fill=\u0022black\u0022\/\u003E\n          \u003Cpath d=\u0022M8.13806 0.100098L8.13806 9.76548e-05H8.13806L8.13806 0.100098ZM16.1761 8.13818L16.2761 8.13819V8.13818L16.1761 8.13818ZM8.13806 16.1763L8.13806 16.2763H8.13806L8.13806 16.1763ZM0.0999756 8.13818L-2.44156e-05 8.13818V8.13819L0.0999756 8.13818ZM8.13806 1.6001L8.13807 1.5001H8.13806L8.13806 1.6001ZM1.59998 8.13818L1.49998 8.13818V8.13819L1.59998 8.13818ZM8.13806 14.6763L8.13806 14.7763H8.13807L8.13806 14.6763ZM14.6761 8.13818L14.7761 8.13819V8.13818L14.6761 8.13818ZM8.13806 3.01514L8.13809 2.91514H8.13806V3.01514ZM8.88806 3.76514H8.98806V3.76514H8.88806ZM8.88806 7.38818H8.78806C8.78806 7.44341 8.83283 7.48818 8.88806 7.48818V7.38818ZM12.5111 7.38818L12.5112 7.28818H12.5111V7.38818ZM13.2611 8.13818L13.3611 8.13822V8.13818H13.2611ZM12.5111 8.88818V8.98818H12.5112L12.5111 8.88818ZM8.13806 8.88818V8.78818V8.88818ZM7.38806 8.13818H7.28806V8.13822L7.38806 8.13818ZM7.38806 3.76514H7.48806V3.76514H7.38806ZM8.13806 0.100098L8.13806 0.200098C12.5221 0.20024 16.0761 3.75418 16.0761 8.13819L16.1761 8.13818L16.2761 8.13818C16.2761 3.64372 12.6325 0.000244059 8.13806 9.76548e-05L8.13806 0.100098ZM16.1761 8.13818L16.0761 8.13818C16.076 12.5221 12.522 16.0761 8.13806 16.0763L8.13806 16.1763L8.13806 16.2763C12.6325 16.2761 16.276 12.6326 16.2761 8.13819L16.1761 8.13818ZM8.13806 16.1763L8.13806 16.0763C3.75406 16.0762 0.200118 12.5222 0.199976 8.13818L0.0999756 8.13818L-2.44156e-05 8.13819C0.000121988 12.6326 3.6436 16.2762 8.13806 16.2763L8.13806 16.1763ZM0.0999756 8.13818L0.199976 8.13819C0.200044 3.75413 3.75401 0.200166 8.13806 0.200098L8.13806 0.100098L8.13806 9.76548e-05C3.64355 0.000167377 4.53144e-05 3.64367 -2.44156e-05 8.13818L0.0999756 8.13818ZM8.13806 1.6001L8.13806 1.5001C4.47198 1.50017 1.50005 4.4721 1.49998 8.13818L1.59998 8.13818L1.69998 8.13819C1.70004 4.58256 4.58244 1.70017 8.13806 1.7001L8.13806 1.6001ZM1.59998 8.13818L1.49998 8.13819C1.50012 11.8042 4.47202 14.7762 8.13806 14.7763L8.13806 14.6763L8.13806 14.5763C4.58248 14.5762 1.70012 11.6937 1.69998 8.13818L1.59998 8.13818ZM8.13806 14.6763L8.13807 14.7763C11.804 14.7761 14.776 11.8042 14.7761 8.13819L14.6761 8.13818L14.5761 8.13818C14.576 11.6937 11.6936 14.5761 8.13806 14.5763L8.13806 14.6763ZM14.6761 8.13818L14.7761 8.13818C14.7761 4.47214 11.8041 1.50024 8.13807 1.5001L8.13806 1.6001L8.13806 1.7001C11.6936 1.70024 14.5761 4.58261 14.5761 8.13819L14.6761 8.13818ZM8.13806 3.01514L8.13803 3.11514C8.49696 3.11525 8.78806 3.40626 8.78806 3.76514H8.88806H8.98806C8.98806 3.29574 8.60737 2.91528 8.13809 2.91514L8.13806 3.01514ZM8.88806 3.76514H8.78806V7.38818H8.88806H8.98806V3.76514H8.88806ZM8.88806 7.38818V7.48818H12.5111V7.38818V7.28818H8.88806V7.38818ZM12.5111 7.38818L12.5111 7.48818C12.87 7.48835 13.1611 7.77936 13.1611 8.13818H13.2611H13.3611C13.3611 7.66881 12.9804 7.2884 12.5112 7.28818L12.5111 7.38818ZM13.2611 8.13818L13.1611 8.13815C13.161 8.49691 12.8698 8.78802 12.5111 8.78818L12.5111 8.88818L12.5112 8.98818C12.9803 8.98797 13.3609 8.6074 13.3611 8.13822L13.2611 8.13818ZM12.5111 8.88818V8.78818H8.13806V8.88818V8.98818H12.5111V8.88818ZM8.13806 8.88818V8.78818C7.7792 8.78818 7.48819 8.49707 7.48806 8.13815L7.38806 8.13818L7.28806 8.13822C7.28823 8.60747 7.66867 8.98818 8.13806 8.98818V8.88818ZM7.38806 8.13818H7.48806V3.76514H7.38806H7.28806V8.13818H7.38806ZM7.38806 3.76514H7.48806C7.48806 3.40615 7.77908 3.11514 8.13806 3.11514V3.01514V2.91514C7.66862 2.91514 7.28806 3.29569 7.28806 3.76514H7.38806Z\u0022 fill=\u0022black\u0022\/\u003E\n          \u003C\/svg\u003E\n        \u003C\/span\u003E\n          \u003Cspan class=\u0022\u0022\u003E16:00 - 16:30\u003C\/span\u003E\n        \u003C\/div\u003E\n                \u003C\/div\u003E\n\n          \u003Cdiv class=\u0022card-webinaire-catalog__organisateur\u0022\u003E\n        Par CCPA\n      \u003C\/div\u003E\n    \n      \u003Cdiv class=\u0022card-webinaire-catalog__chapo\u0022\u003E\n        \n              \u003C\/div\u003E\n     \u003C\/div\u003E\n  \u003Cdiv class=\u0022card-webinaire-catalog__sponsor\u0022\u003E\n    Contenu sponsoris\u00e9\n  \u003C\/div\u003E\n\u003C\/article\u003E\n\n\u003Carticle  data-component-id=\u0022front:card-article\u0022 class=\u0022card-article group\u0022\u003E\n  \u003Cdiv class=\u0022card-article__image\u0022\u003E\n      \t\t\t\t\t\t\u003Cimg  data-component-id=\u0022front:image\u0022 class=\u0022w-full h-full object-contain absolute inset-0\u0022 src=\u0022\/sites\/plm-magazine\/files\/styles\/teaser\/public\/2025-12\/df929c91-69e2-4811-a0d4-f88d4e23114b.jpg.webp\u0022 alt=\u0022A gagner, casquettes vintage PLM, livrets \u0026quot; J\u0026#039;am\u00e9liore la conduite de mon troupeau avec Martin Moos \u0026quot;, et un livre \u0026quot;Signes de vaches\u0026quot; \u00e0 gagner, pour\u0022 title=\u0022B\u00e9atrice Colleu\u0022 loading=\u0022lazy\u0022 width=\u0022480\u0022 height=\u0022270\u0022\u003E          \u003C\/div\u003E\n  \u003Cdiv class=\u0022card-article__body\u0022\u003E\n        \u003Cdiv class=\u0022text-[1.125em] leading-0 card-title\u0022\u003E\n                    \n      \u003Ca class=\u0022card-article__title\u0022 href=\u0022\/index.php\/quiz-et-jeux\/un-livre-signes-de-vaches-a-gagner-pour-le-nom-en-b-le-plus-original\u0022 target=\u0022_self\u0022  title=\u0022Un livre \u0026quot;Signes de vaches\u0026quot; \u00e0 gagner, pour le nom en B le plus original\u0022\u003E\n        \t\n\u003Ch2  data-component-id=\u0022front:title\u0022 class=\u0022title title--small inline\u0022 title=\u0022Un livre \u0026quot;Signes de vaches\u0026quot; \u00e0 gagner, pour le nom en B le plus original\u0022\u003EUn livre \u0026quot;Signes de vaches\u0026quot; \u00e0 gagner, pour le nom en B le plus original\u003C\/h2\u003E\n      \u003C\/a\u003E\n                \u003C\/div\u003E\n    \n\u003Cdiv  data-component-id=\u0022front:wysiwyg\u0022 class=\u0022wysiwyg wysiwyg--small\u0022\u003EBient\u00f4t 2026\u2026PLM vous propose une premi\u00e8re Banque de 150 noms. Vous pourrez y Butiner, pour trouver ceux qui vous Bottent et Baptiser vos g\u00e9nisses \u2026\u003C\/div\u003E\n          \u003Cdiv class=\u0022card-article__meta mbs-auto\u0022\u003E\n        \u003Ctime class=\u0022card-article__date\u0022 datetime=\u00222025-12-24T08:00:00+0100\u0022 x-data x-timestamp=\u00222025-12-24T08:00:00+0100\u0022\u003E24 D\u00e9c 2025\u003C\/time\u003E\n              \u003C\/div\u003E\n      \u003C\/div\u003E\n\u003C\/article\u003E\n\n\u003Carticle  data-component-id=\u0022front:card-article\u0022 class=\u0022card-article group\u0022\u003E\n  \u003Cdiv class=\u0022card-article__image\u0022\u003E\n      \t\t\t\t\t\t\u003Cimg  data-component-id=\u0022front:image\u0022 class=\u0022w-full h-full object-contain absolute inset-0\u0022 src=\u0022\/sites\/plm-magazine\/files\/styles\/teaser\/public\/2025-12\/5ca89c38-71e5-4b00-9080-40851f0f5a68.jpg.webp\u0022 alt=\u0022Poches de 3 l, \u00e0 diluer pour ces nouveaux produits d\u0026#039;hygi\u00e8ne de traite\u0022 title=\u0022DR\u0022 loading=\u0022lazy\u0022 width=\u0022470\u0022 height=\u0022320\u0022\u003E          \u003C\/div\u003E\n  \u003Cdiv class=\u0022card-article__body\u0022\u003E\n        \u003Cdiv class=\u0022text-[1.125em] leading-0 card-title\u0022\u003E\n                    \n      \u003Ca class=\u0022card-article__title\u0022 href=\u0022\/index.php\/actualites\/vital-concept-lance-deux-solutions-concentrees-pour-l-hygiene-des-mamelles\u0022 target=\u0022_self\u0022  title=\u0022Vital Concept lance deux solutions concentr\u00e9es, pour l\u2019hygi\u00e8ne des mamelles\u0022\u003E\n        \t\n\u003Ch2  data-component-id=\u0022front:title\u0022 class=\u0022title title--small inline\u0022 title=\u0022Vital Concept lance deux solutions concentr\u00e9es, pour l\u2019hygi\u00e8ne des mamelles\u0022\u003EVital Concept lance deux solutions concentr\u00e9es, pour l\u2019hygi\u00e8ne des mamelles\u003C\/h2\u003E\n      \u003C\/a\u003E\n                \u003C\/div\u003E\n    \n\u003Cdiv  data-component-id=\u0022front:wysiwyg\u0022 class=\u0022wysiwyg wysiwyg--small\u0022\u003EPour r\u00e9duire les volumes stock\u00e9s, \u00ab\u2009simplifier la logistique et limiter l\u2019impact environnemental\u2009\u00bb, Vital Concept propose Serenfoam et Serensaf\u0027,\u2026\u003C\/div\u003E\n          \u003Cdiv class=\u0022card-article__meta mbs-auto\u0022\u003E\n        \u003Ctime class=\u0022card-article__date\u0022 datetime=\u00222025-12-24T07:35:00+0100\u0022 x-data x-timestamp=\u00222025-12-24T07:35:00+0100\u0022\u003E24 D\u00e9c 2025\u003C\/time\u003E\n              \u003C\/div\u003E\n      \u003C\/div\u003E\n\u003C\/article\u003E\n\n\u003Carticle  data-component-id=\u0022front:card-article\u0022 class=\u0022card-article group\u0022\u003E\n  \u003Cdiv class=\u0022card-article__image\u0022\u003E\n      \t\t\t\t\t\t\u003Cimg  data-component-id=\u0022front:image\u0022 class=\u0022w-full h-full object-contain absolute inset-0\u0022 src=\u0022\/sites\/plm-magazine\/files\/styles\/teaser\/public\/2025-12\/d627f0a1-9c96-4b05-b6d6-0dd68b5017bd.jpg.webp\u0022 alt=\u0022765176.jpg\u0022 title=\u0022dr\u0022 loading=\u0022lazy\u0022 width=\u0022480\u0022 height=\u0022267\u0022\u003E          \u003C\/div\u003E\n  \u003Cdiv class=\u0022card-article__body\u0022\u003E\n        \u003Cdiv class=\u0022text-[1.125em] leading-0 card-title\u0022\u003E\n                    \n      \u003Ca class=\u0022card-article__title\u0022 href=\u0022\/index.php\/actualites\/500-eu1000-l-le-prix-moyen-projete-chez-bel-pour-2026\u0022 target=\u0022_self\u0022  title=\u0022500 \u20ac\/1000 l, le prix moyen projet\u00e9 chez Bel pour 2026\u0022\u003E\n        \t\n\u003Ch2  data-component-id=\u0022front:title\u0022 class=\u0022title title--small inline\u0022 title=\u0022500 \u20ac\/1000 l, le prix moyen projet\u00e9 chez Bel pour 2026\u0022\u003E500 \u20ac\/1000 l, le prix moyen projet\u00e9 chez Bel pour 2026\u003C\/h2\u003E\n      \u003C\/a\u003E\n                \u003C\/div\u003E\n    \n\u003Cdiv  data-component-id=\u0022front:wysiwyg\u0022 class=\u0022wysiwyg wysiwyg--small\u0022\u003EL\u0027APBO et le Groupe Bel revalorisent le prix Mon BB Lait\u00ae Durable \u00e0 hauteur de 500 \u20ac \/ 1000 L prix moyen projet\u00e9 et augmentent le volume de collecte\u2026\u003C\/div\u003E\n          \u003Cdiv class=\u0022card-article__meta mbs-auto\u0022\u003E\n        \u003Ctime class=\u0022card-article__date\u0022 datetime=\u00222025-12-23T14:40:00+0100\u0022 x-data x-timestamp=\u00222025-12-23T14:40:00+0100\u0022\u003E23 D\u00e9c 2025\u003C\/time\u003E\n              \u003C\/div\u003E\n      \u003C\/div\u003E\n\u003C\/article\u003E\n\n\u003Carticle  data-component-id=\u0022front:card-article\u0022 class=\u0022card-article group\u0022\u003E\n  \u003Cdiv class=\u0022card-article__image\u0022\u003E\n      \t\t\t\t\t\t\u003Cimg  data-component-id=\u0022front:image\u0022 class=\u0022w-full h-full object-contain absolute inset-0\u0022 src=\u0022\/sites\/plm-magazine\/files\/styles\/teaser\/public\/2010-12\/d8f17580-c79e-4a0b-8b6c-7ce4ff17626d.jpg.webp\u0022 alt=\u0022Paillage des logettes Valmetal Gaec du Gu\u00e9\u0022 title=\u0022B\u00e9atrice Colleu\u0022 loading=\u0022lazy\u0022 width=\u0022480\u0022 height=\u0022270\u0022\u003E          \u003Cdiv class=\u0022card-article__tags\u0022\u003E\n                  \u003Cspan class=\u0022card-article__badges\u0022\u003E\n                      \t\t\n\u003Cspan  data-component-id=\u0022front:button-expand\u0022 class=\u0022button-expand button-expand--shadowed transition-within-parent\u0022 x-data=\u0022buttonExpand\u0022 :style=\u0022{ \u0026quot;--button-expand-label-width\u0026quot;: labelWidth }\u0022\u003E\n  \u003Cspan class=\u0022button-expand__icon\u0022\u003E\n    \n\u003Csvg  data-component-id=\u0022front:icon\u0022 class=\u0022icon icon--video\u0022\u003E\n  \u003Cuse xlink:href=\u0022\/themes\/custom\/plm\/dist\/assets\/images\/2e871604ef7778ce3dc1.svg#icon-video\u0022\u003E\u003C\/use\u003E\n\u003C\/svg\u003E\n  \u003C\/span\u003E\n  \u003Cspan class=\u0022button-expand__label\u0022 x-ref=\u0022label\u0022\u003EVid\u00e9o\u003C\/span\u003E\n\u003C\/span\u003E\n                \u003C\/span\u003E\n                      \u003C\/div\u003E\n          \u003C\/div\u003E\n  \u003Cdiv class=\u0022card-article__body\u0022\u003E\n        \u003Cdiv class=\u0022text-[1.125em] leading-0 card-title\u0022\u003E\n                    \n      \u003Ca class=\u0022card-article__title\u0022 href=\u0022\/index.php\/video-vache\/paillage-matin-et-soir-au-gaec-du-gue-avec-cette-pailleuse-a-logette-canadienne\u0022 target=\u0022_self\u0022  title=\u0022Paillage matin et soir au Gaec du Gu\u00e9, avec cette pailleuse \u00e0 logette canadienne\u0022\u003E\n        \t\n\u003Ch2  data-component-id=\u0022front:title\u0022 class=\u0022title title--small inline\u0022 title=\u0022Paillage matin et soir au Gaec du Gu\u00e9, avec cette pailleuse \u00e0 logette canadienne\u0022\u003EPaillage matin et soir au Gaec du Gu\u00e9, avec cette pailleuse \u00e0 logette\u2026\u003C\/h2\u003E\n      \u003C\/a\u003E\n                \u003Cspan class=\u0022inline-flex align-middle\u0022\u003E\n        \n\u003Cspan  data-component-id=\u0022front:icon-padlock\u0022 class=\u0022icon-padlock icon-padlock--t1\u0022\u003E\n  \n\u003Csvg  data-component-id=\u0022front:icon\u0022 class=\u0022icon icon--padlock\u0022\u003E\n  \u003Cuse xlink:href=\u0022\/themes\/custom\/plm\/dist\/assets\/images\/2e871604ef7778ce3dc1.svg#icon-padlock\u0022\u003E\u003C\/use\u003E\n\u003C\/svg\u003E\n\u003C\/span\u003E\n      \u003C\/span\u003E\n          \u003C\/div\u003E\n    \n\u003Cdiv  data-component-id=\u0022front:wysiwyg\u0022 class=\u0022wysiwyg wysiwyg--small\u0022\u003ELa botte est introduite \u00e0 la verticale, et le petit automoteur broie et d\u00e9pose la paille dans la logette. Au Gaec du Gu\u00e9, \u00e0 Nohigny, chez Thomas\u2026\u003C\/div\u003E\n          \u003Cdiv class=\u0022card-article__meta mbs-auto\u0022\u003E\n        \u003Ctime class=\u0022card-article__date\u0022 datetime=\u00222025-12-23T11:34:00+0100\u0022 x-data x-timestamp=\u00222025-12-23T11:34:00+0100\u0022\u003E23 D\u00e9c 2025\u003C\/time\u003E\n              \u003C\/div\u003E\n      \u003C\/div\u003E\n\u003C\/article\u003E\n  \t\t\t\u003Carticle  data-component-id=\u0022front:card-webinaire-catalog\u0022 class=\u0022card-webinaire-catalog group\u0022 data-campagne=\u0022Webi-ELO_GT_2026-Ceva_encadre\u0022 data-contentId=\u00223121\u0022 rel=\u0022nofollow\u0022\u003E\n  \u003Cdiv class=\u0022card-webinaire-catalog__image\u0022\u003E\n      \t\t\t\t\t\t\u003Cimg  data-component-id=\u0022front:image\u0022 class=\u0022w-full h-full object-cover absolute inset-0\u0022 src=\u0022\/sites\/plm-magazine\/files\/2026-04\/EVT-PLM-ELO_Grands_troupeaux_26-Webi_ceva-accroche.jpg\u0022 alt=\u0022Vermifugation : identifiez les vaches \u00e0 traiter en 3 clics !\u0022 title=\u0022Vermifugation : identifiez les vaches \u00e0 traiter en 3 clics !\u0022 loading=\u0022eager\u0022 width=\u0022510\u0022 height=\u0022340\u0022\u003E          \u003Cdiv class=\u0022card-webinaire-catalog__duree \u0022\u003E\n        00:30:00\n      \u003C\/div\u003E\n        \u003Cdiv class=\u0022card-webinaire-catalog__badges\u0022\u003E\n      \t\t\n\u003Cspan  data-component-id=\u0022front:button-expand\u0022 class=\u0022button-expand button-expand--shadowed transition-within-parent\u0022 x-data=\u0022buttonExpand\u0022 :style=\u0022{ \u0026quot;--button-expand-label-width\u0026quot;: labelWidth }\u0022\u003E\n  \u003Cspan class=\u0022button-expand__icon\u0022\u003E\n    \n\u003Csvg  data-component-id=\u0022front:icon\u0022 class=\u0022icon icon--webinar\u0022\u003E\n  \u003Cuse xlink:href=\u0022\/themes\/custom\/plm\/dist\/assets\/images\/2e871604ef7778ce3dc1.svg#icon-webinar\u0022\u003E\u003C\/use\u003E\n\u003C\/svg\u003E\n  \u003C\/span\u003E\n  \u003Cspan class=\u0022button-expand__label\u0022 x-ref=\u0022label\u0022\u003Ewebinaire\u003C\/span\u003E\n\u003C\/span\u003E\n    \u003C\/div\u003E\n  \u003C\/div\u003E\n \u003Cdiv class=\u0022card-webinaire-catalog__body\u0022\u003E\n    \u003Cdiv class=\u0022text-[1.125em] leading-0 card-title\u0022\u003E\n            \u003Ca class=\u0022card-webinaire-catalog__title\u0022 href=\u0022\/webinaires\/vermifugation-identifiez-les-vaches-a-traiter-en-3-clics\u0022 target=\u0022_self\u0022  data-campagne=\u0022Webi-ELO_GT_2026-Ceva_encadre\u0022 data-contentId=\u00223121\u0022 rel=\u0022nofollow\u0022 title=\u0022Vermifugation : identifiez les vaches \u00e0 traiter en 3 clics !\u0022\u003E\n        \n\u003Ch2  data-component-id=\u0022front:title\u0022 class=\u0022title title--small inline\u0022\u003EVermifugation : identifiez les vaches \u00e0 traiter en 3 clics !\u003C\/h2\u003E\n      \u003C\/a\u003E\n                \u003C\/div\u003E\n\n    \u003Cdiv class=\u0022card-webinaire-catalog__date-info\u0022\u003E\n            \u003Cdiv class=\u0022card-webinaire-catalog__date\u0022\u003EMardi\u0026nbsp;16\u0026nbsp;juin\u0026nbsp;2026\u003C\/div\u003E\n              \u003Cdiv class=\u0022card-webinaire-catalog__plage-horaire flex items-center gap-2\u0022\u003E\n        \u003Cspan class=\u0022inline-flex text-xl\u0022\u003E\n         \u003Csvg xmlns=\u0022http:\/\/www.w3.org\/2000\/svg\u0022 width=\u002217\u0022 height=\u002217\u0022 viewBox=\u00220 0 17 17\u0022 fill=\u0022none\u0022\u003E\n          \u003Cpath d=\u0022M8.13806 0.100098C12.5773 0.100242 16.1761 3.69895 16.1761 8.13818C16.176 12.5774 12.5772 16.1761 8.13806 16.1763C3.69883 16.1762 0.10012 12.5774 0.0999756 8.13818C0.100044 3.6989 3.69878 0.100167 8.13806 0.100098ZM8.13806 1.6001C4.52721 1.60017 1.60004 4.52733 1.59998 8.13818C1.60012 11.749 4.52725 14.6762 8.13806 14.6763C11.7488 14.6761 14.676 11.7489 14.6761 8.13818C14.6761 4.52738 11.7489 1.60024 8.13806 1.6001ZM8.13806 3.01514C8.55217 3.01526 8.88806 3.351 8.88806 3.76514V7.38818H12.5111C12.9252 7.38837 13.2611 7.72409 13.2611 8.13818C13.261 8.55216 12.9251 8.88799 12.5111 8.88818H8.13806C7.72394 8.88818 7.38821 8.55227 7.38806 8.13818V3.76514C7.38806 3.35092 7.72385 3.01514 8.13806 3.01514Z\u0022 fill=\u0022black\u0022\/\u003E\n          \u003Cpath d=\u0022M8.13806 0.100098L8.13806 9.76548e-05H8.13806L8.13806 0.100098ZM16.1761 8.13818L16.2761 8.13819V8.13818L16.1761 8.13818ZM8.13806 16.1763L8.13806 16.2763H8.13806L8.13806 16.1763ZM0.0999756 8.13818L-2.44156e-05 8.13818V8.13819L0.0999756 8.13818ZM8.13806 1.6001L8.13807 1.5001H8.13806L8.13806 1.6001ZM1.59998 8.13818L1.49998 8.13818V8.13819L1.59998 8.13818ZM8.13806 14.6763L8.13806 14.7763H8.13807L8.13806 14.6763ZM14.6761 8.13818L14.7761 8.13819V8.13818L14.6761 8.13818ZM8.13806 3.01514L8.13809 2.91514H8.13806V3.01514ZM8.88806 3.76514H8.98806V3.76514H8.88806ZM8.88806 7.38818H8.78806C8.78806 7.44341 8.83283 7.48818 8.88806 7.48818V7.38818ZM12.5111 7.38818L12.5112 7.28818H12.5111V7.38818ZM13.2611 8.13818L13.3611 8.13822V8.13818H13.2611ZM12.5111 8.88818V8.98818H12.5112L12.5111 8.88818ZM8.13806 8.88818V8.78818V8.88818ZM7.38806 8.13818H7.28806V8.13822L7.38806 8.13818ZM7.38806 3.76514H7.48806V3.76514H7.38806ZM8.13806 0.100098L8.13806 0.200098C12.5221 0.20024 16.0761 3.75418 16.0761 8.13819L16.1761 8.13818L16.2761 8.13818C16.2761 3.64372 12.6325 0.000244059 8.13806 9.76548e-05L8.13806 0.100098ZM16.1761 8.13818L16.0761 8.13818C16.076 12.5221 12.522 16.0761 8.13806 16.0763L8.13806 16.1763L8.13806 16.2763C12.6325 16.2761 16.276 12.6326 16.2761 8.13819L16.1761 8.13818ZM8.13806 16.1763L8.13806 16.0763C3.75406 16.0762 0.200118 12.5222 0.199976 8.13818L0.0999756 8.13818L-2.44156e-05 8.13819C0.000121988 12.6326 3.6436 16.2762 8.13806 16.2763L8.13806 16.1763ZM0.0999756 8.13818L0.199976 8.13819C0.200044 3.75413 3.75401 0.200166 8.13806 0.200098L8.13806 0.100098L8.13806 9.76548e-05C3.64355 0.000167377 4.53144e-05 3.64367 -2.44156e-05 8.13818L0.0999756 8.13818ZM8.13806 1.6001L8.13806 1.5001C4.47198 1.50017 1.50005 4.4721 1.49998 8.13818L1.59998 8.13818L1.69998 8.13819C1.70004 4.58256 4.58244 1.70017 8.13806 1.7001L8.13806 1.6001ZM1.59998 8.13818L1.49998 8.13819C1.50012 11.8042 4.47202 14.7762 8.13806 14.7763L8.13806 14.6763L8.13806 14.5763C4.58248 14.5762 1.70012 11.6937 1.69998 8.13818L1.59998 8.13818ZM8.13806 14.6763L8.13807 14.7763C11.804 14.7761 14.776 11.8042 14.7761 8.13819L14.6761 8.13818L14.5761 8.13818C14.576 11.6937 11.6936 14.5761 8.13806 14.5763L8.13806 14.6763ZM14.6761 8.13818L14.7761 8.13818C14.7761 4.47214 11.8041 1.50024 8.13807 1.5001L8.13806 1.6001L8.13806 1.7001C11.6936 1.70024 14.5761 4.58261 14.5761 8.13819L14.6761 8.13818ZM8.13806 3.01514L8.13803 3.11514C8.49696 3.11525 8.78806 3.40626 8.78806 3.76514H8.88806H8.98806C8.98806 3.29574 8.60737 2.91528 8.13809 2.91514L8.13806 3.01514ZM8.88806 3.76514H8.78806V7.38818H8.88806H8.98806V3.76514H8.88806ZM8.88806 7.38818V7.48818H12.5111V7.38818V7.28818H8.88806V7.38818ZM12.5111 7.38818L12.5111 7.48818C12.87 7.48835 13.1611 7.77936 13.1611 8.13818H13.2611H13.3611C13.3611 7.66881 12.9804 7.2884 12.5112 7.28818L12.5111 7.38818ZM13.2611 8.13818L13.1611 8.13815C13.161 8.49691 12.8698 8.78802 12.5111 8.78818L12.5111 8.88818L12.5112 8.98818C12.9803 8.98797 13.3609 8.6074 13.3611 8.13822L13.2611 8.13818ZM12.5111 8.88818V8.78818H8.13806V8.88818V8.98818H12.5111V8.88818ZM8.13806 8.88818V8.78818C7.7792 8.78818 7.48819 8.49707 7.48806 8.13815L7.38806 8.13818L7.28806 8.13822C7.28823 8.60747 7.66867 8.98818 8.13806 8.98818V8.88818ZM7.38806 8.13818H7.48806V3.76514H7.38806H7.28806V8.13818H7.38806ZM7.38806 3.76514H7.48806C7.48806 3.40615 7.77908 3.11514 8.13806 3.11514V3.01514V2.91514C7.66862 2.91514 7.28806 3.29569 7.28806 3.76514H7.38806Z\u0022 fill=\u0022black\u0022\/\u003E\n          \u003C\/svg\u003E\n        \u003C\/span\u003E\n          \u003Cspan class=\u0022\u0022\u003E11:30 - 12:00\u003C\/span\u003E\n        \u003C\/div\u003E\n                \u003C\/div\u003E\n\n          \u003Cdiv class=\u0022card-webinaire-catalog__organisateur\u0022\u003E\n        Par Ceva Sant\u00e9 Animale\n      \u003C\/div\u003E\n    \n      \u003Cdiv class=\u0022card-webinaire-catalog__chapo\u0022\u003E\n        \n              \u003C\/div\u003E\n     \u003C\/div\u003E\n  \u003Cdiv class=\u0022card-webinaire-catalog__sponsor\u0022\u003E\n    Contenu sponsoris\u00e9\n  \u003C\/div\u003E\n\u003C\/article\u003E\n\n\u003Carticle  data-component-id=\u0022front:card-article\u0022 class=\u0022card-article group\u0022\u003E\n  \u003Cdiv class=\u0022card-article__image\u0022\u003E\n      \t\t\t\t\t\t\u003Cimg  data-component-id=\u0022front:image\u0022 class=\u0022w-full h-full object-contain absolute inset-0\u0022 src=\u0022\/sites\/plm-magazine\/files\/styles\/teaser\/public\/2025-12\/c1020bbb-a551-4251-a362-5dc39156d2e1.jpg.webp\u0022 alt=\u0022Green Source Automation BouMatic\u0022 title=\u0022GSA\u0022 loading=\u0022lazy\u0022 width=\u0022458\u0022 height=\u0022320\u0022\u003E          \u003C\/div\u003E\n  \u003Cdiv class=\u0022card-article__body\u0022\u003E\n        \u003Cdiv class=\u0022text-[1.125em] leading-0 card-title\u0022\u003E\n                    \n      \u003Ca class=\u0022card-article__title\u0022 href=\u0022\/index.php\/actualites\/boumatic-propose-un-bras-de-pulverisation-et-de-stimulation-pour-le-roto\u0022 target=\u0022_self\u0022  title=\u0022BouMatic propose un bras de pulv\u00e9risation et de stimulation, pour le roto\u0022\u003E\n        \t\n\u003Ch2  data-component-id=\u0022front:title\u0022 class=\u0022title title--small inline\u0022 title=\u0022BouMatic propose un bras de pulv\u00e9risation et de stimulation, pour le roto\u0022\u003EBouMatic propose un bras de pulv\u00e9risation et de stimulation, pour le roto\u003C\/h2\u003E\n      \u003C\/a\u003E\n                \u003C\/div\u003E\n    \n\u003Cdiv  data-component-id=\u0022front:wysiwyg\u0022 class=\u0022wysiwyg wysiwyg--small\u0022\u003EBouMatic et Green Source Automation annoncent un partenariat, pour l\u0027automatisation des salles de traite rotatives, en Europe. Ce robot GSA assure la\u2026\u003C\/div\u003E\n          \u003Cdiv class=\u0022card-article__meta mbs-auto\u0022\u003E\n        \u003Ctime class=\u0022card-article__date\u0022 datetime=\u00222025-12-19T16:17:04+0100\u0022 x-data x-timestamp=\u00222025-12-19T16:17:04+0100\u0022\u003E19 D\u00e9c 2025\u003C\/time\u003E\n              \u003C\/div\u003E\n      \u003C\/div\u003E\n\u003C\/article\u003E\n  \t\t\t\u003Carticle  data-component-id=\u0022front:card-webinaire-catalog\u0022 class=\u0022card-webinaire-catalog group\u0022 data-campagne=\u0022Webi-ELO_GT_2026-Vetoquinol_encadre\u0022 data-contentId=\u00223122\u0022 rel=\u0022nofollow\u0022\u003E\n  \u003Cdiv class=\u0022card-webinaire-catalog__image\u0022\u003E\n      \t\t\t\t\t\t\u003Cimg  data-component-id=\u0022front:image\u0022 class=\u0022w-full h-full object-cover absolute inset-0\u0022 src=\u0022\/sites\/plm-magazine\/files\/2026-04\/EVT-PLM-ELO_Grands_troupeaux_26-Webi_vetoquinol-accroche.jpg\u0022 alt=\u0022Mammites : quels b\u00e9n\u00e9fices \u00e0 agir d\u00e8s les premiers signes ?\u0022 title=\u0022Mammites : quels b\u00e9n\u00e9fices \u00e0 agir d\u00e8s les premiers signes ?\u0022 loading=\u0022eager\u0022 width=\u0022510\u0022 height=\u0022340\u0022\u003E          \u003Cdiv class=\u0022card-webinaire-catalog__duree \u0022\u003E\n        00:30:00\n      \u003C\/div\u003E\n        \u003Cdiv class=\u0022card-webinaire-catalog__badges\u0022\u003E\n      \t\t\n\u003Cspan  data-component-id=\u0022front:button-expand\u0022 class=\u0022button-expand button-expand--shadowed transition-within-parent\u0022 x-data=\u0022buttonExpand\u0022 :style=\u0022{ \u0026quot;--button-expand-label-width\u0026quot;: labelWidth }\u0022\u003E\n  \u003Cspan class=\u0022button-expand__icon\u0022\u003E\n    \n\u003Csvg  data-component-id=\u0022front:icon\u0022 class=\u0022icon icon--webinar\u0022\u003E\n  \u003Cuse xlink:href=\u0022\/themes\/custom\/plm\/dist\/assets\/images\/2e871604ef7778ce3dc1.svg#icon-webinar\u0022\u003E\u003C\/use\u003E\n\u003C\/svg\u003E\n  \u003C\/span\u003E\n  \u003Cspan class=\u0022button-expand__label\u0022 x-ref=\u0022label\u0022\u003Ewebinaire\u003C\/span\u003E\n\u003C\/span\u003E\n    \u003C\/div\u003E\n  \u003C\/div\u003E\n \u003Cdiv class=\u0022card-webinaire-catalog__body\u0022\u003E\n    \u003Cdiv class=\u0022text-[1.125em] leading-0 card-title\u0022\u003E\n            \u003Ca class=\u0022card-webinaire-catalog__title\u0022 href=\u0022\/webinaires\/mammites-quels-benefices-a-agir-des-les-premiers-signes\u0022 target=\u0022_self\u0022  data-campagne=\u0022Webi-ELO_GT_2026-Vetoquinol_encadre\u0022 data-contentId=\u00223122\u0022 rel=\u0022nofollow\u0022 title=\u0022Mammites : quels b\u00e9n\u00e9fices \u00e0 agir d\u00e8s les premiers signes ?\u0022\u003E\n        \n\u003Ch2  data-component-id=\u0022front:title\u0022 class=\u0022title title--small inline\u0022\u003EMammites : quels b\u00e9n\u00e9fices \u00e0 agir d\u00e8s les premiers signes ?\u003C\/h2\u003E\n      \u003C\/a\u003E\n                \u003C\/div\u003E\n\n    \u003Cdiv class=\u0022card-webinaire-catalog__date-info\u0022\u003E\n            \u003Cdiv class=\u0022card-webinaire-catalog__date\u0022\u003EMardi\u0026nbsp;16\u0026nbsp;juin\u0026nbsp;2026\u003C\/div\u003E\n              \u003Cdiv class=\u0022card-webinaire-catalog__plage-horaire flex items-center gap-2\u0022\u003E\n        \u003Cspan class=\u0022inline-flex text-xl\u0022\u003E\n         \u003Csvg xmlns=\u0022http:\/\/www.w3.org\/2000\/svg\u0022 width=\u002217\u0022 height=\u002217\u0022 viewBox=\u00220 0 17 17\u0022 fill=\u0022none\u0022\u003E\n          \u003Cpath d=\u0022M8.13806 0.100098C12.5773 0.100242 16.1761 3.69895 16.1761 8.13818C16.176 12.5774 12.5772 16.1761 8.13806 16.1763C3.69883 16.1762 0.10012 12.5774 0.0999756 8.13818C0.100044 3.6989 3.69878 0.100167 8.13806 0.100098ZM8.13806 1.6001C4.52721 1.60017 1.60004 4.52733 1.59998 8.13818C1.60012 11.749 4.52725 14.6762 8.13806 14.6763C11.7488 14.6761 14.676 11.7489 14.6761 8.13818C14.6761 4.52738 11.7489 1.60024 8.13806 1.6001ZM8.13806 3.01514C8.55217 3.01526 8.88806 3.351 8.88806 3.76514V7.38818H12.5111C12.9252 7.38837 13.2611 7.72409 13.2611 8.13818C13.261 8.55216 12.9251 8.88799 12.5111 8.88818H8.13806C7.72394 8.88818 7.38821 8.55227 7.38806 8.13818V3.76514C7.38806 3.35092 7.72385 3.01514 8.13806 3.01514Z\u0022 fill=\u0022black\u0022\/\u003E\n          \u003Cpath d=\u0022M8.13806 0.100098L8.13806 9.76548e-05H8.13806L8.13806 0.100098ZM16.1761 8.13818L16.2761 8.13819V8.13818L16.1761 8.13818ZM8.13806 16.1763L8.13806 16.2763H8.13806L8.13806 16.1763ZM0.0999756 8.13818L-2.44156e-05 8.13818V8.13819L0.0999756 8.13818ZM8.13806 1.6001L8.13807 1.5001H8.13806L8.13806 1.6001ZM1.59998 8.13818L1.49998 8.13818V8.13819L1.59998 8.13818ZM8.13806 14.6763L8.13806 14.7763H8.13807L8.13806 14.6763ZM14.6761 8.13818L14.7761 8.13819V8.13818L14.6761 8.13818ZM8.13806 3.01514L8.13809 2.91514H8.13806V3.01514ZM8.88806 3.76514H8.98806V3.76514H8.88806ZM8.88806 7.38818H8.78806C8.78806 7.44341 8.83283 7.48818 8.88806 7.48818V7.38818ZM12.5111 7.38818L12.5112 7.28818H12.5111V7.38818ZM13.2611 8.13818L13.3611 8.13822V8.13818H13.2611ZM12.5111 8.88818V8.98818H12.5112L12.5111 8.88818ZM8.13806 8.88818V8.78818V8.88818ZM7.38806 8.13818H7.28806V8.13822L7.38806 8.13818ZM7.38806 3.76514H7.48806V3.76514H7.38806ZM8.13806 0.100098L8.13806 0.200098C12.5221 0.20024 16.0761 3.75418 16.0761 8.13819L16.1761 8.13818L16.2761 8.13818C16.2761 3.64372 12.6325 0.000244059 8.13806 9.76548e-05L8.13806 0.100098ZM16.1761 8.13818L16.0761 8.13818C16.076 12.5221 12.522 16.0761 8.13806 16.0763L8.13806 16.1763L8.13806 16.2763C12.6325 16.2761 16.276 12.6326 16.2761 8.13819L16.1761 8.13818ZM8.13806 16.1763L8.13806 16.0763C3.75406 16.0762 0.200118 12.5222 0.199976 8.13818L0.0999756 8.13818L-2.44156e-05 8.13819C0.000121988 12.6326 3.6436 16.2762 8.13806 16.2763L8.13806 16.1763ZM0.0999756 8.13818L0.199976 8.13819C0.200044 3.75413 3.75401 0.200166 8.13806 0.200098L8.13806 0.100098L8.13806 9.76548e-05C3.64355 0.000167377 4.53144e-05 3.64367 -2.44156e-05 8.13818L0.0999756 8.13818ZM8.13806 1.6001L8.13806 1.5001C4.47198 1.50017 1.50005 4.4721 1.49998 8.13818L1.59998 8.13818L1.69998 8.13819C1.70004 4.58256 4.58244 1.70017 8.13806 1.7001L8.13806 1.6001ZM1.59998 8.13818L1.49998 8.13819C1.50012 11.8042 4.47202 14.7762 8.13806 14.7763L8.13806 14.6763L8.13806 14.5763C4.58248 14.5762 1.70012 11.6937 1.69998 8.13818L1.59998 8.13818ZM8.13806 14.6763L8.13807 14.7763C11.804 14.7761 14.776 11.8042 14.7761 8.13819L14.6761 8.13818L14.5761 8.13818C14.576 11.6937 11.6936 14.5761 8.13806 14.5763L8.13806 14.6763ZM14.6761 8.13818L14.7761 8.13818C14.7761 4.47214 11.8041 1.50024 8.13807 1.5001L8.13806 1.6001L8.13806 1.7001C11.6936 1.70024 14.5761 4.58261 14.5761 8.13819L14.6761 8.13818ZM8.13806 3.01514L8.13803 3.11514C8.49696 3.11525 8.78806 3.40626 8.78806 3.76514H8.88806H8.98806C8.98806 3.29574 8.60737 2.91528 8.13809 2.91514L8.13806 3.01514ZM8.88806 3.76514H8.78806V7.38818H8.88806H8.98806V3.76514H8.88806ZM8.88806 7.38818V7.48818H12.5111V7.38818V7.28818H8.88806V7.38818ZM12.5111 7.38818L12.5111 7.48818C12.87 7.48835 13.1611 7.77936 13.1611 8.13818H13.2611H13.3611C13.3611 7.66881 12.9804 7.2884 12.5112 7.28818L12.5111 7.38818ZM13.2611 8.13818L13.1611 8.13815C13.161 8.49691 12.8698 8.78802 12.5111 8.78818L12.5111 8.88818L12.5112 8.98818C12.9803 8.98797 13.3609 8.6074 13.3611 8.13822L13.2611 8.13818ZM12.5111 8.88818V8.78818H8.13806V8.88818V8.98818H12.5111V8.88818ZM8.13806 8.88818V8.78818C7.7792 8.78818 7.48819 8.49707 7.48806 8.13815L7.38806 8.13818L7.28806 8.13822C7.28823 8.60747 7.66867 8.98818 8.13806 8.98818V8.88818ZM7.38806 8.13818H7.48806V3.76514H7.38806H7.28806V8.13818H7.38806ZM7.38806 3.76514H7.48806C7.48806 3.40615 7.77908 3.11514 8.13806 3.11514V3.01514V2.91514C7.66862 2.91514 7.28806 3.29569 7.28806 3.76514H7.38806Z\u0022 fill=\u0022black\u0022\/\u003E\n          \u003C\/svg\u003E\n        \u003C\/span\u003E\n          \u003Cspan class=\u0022\u0022\u003E14:00 - 14:30\u003C\/span\u003E\n        \u003C\/div\u003E\n                \u003C\/div\u003E\n\n          \u003Cdiv class=\u0022card-webinaire-catalog__organisateur\u0022\u003E\n        Par Vetoquinol\n      \u003C\/div\u003E\n    \n      \u003Cdiv class=\u0022card-webinaire-catalog__chapo\u0022\u003E\n        \n              \u003C\/div\u003E\n     \u003C\/div\u003E\n  \u003Cdiv class=\u0022card-webinaire-catalog__sponsor\u0022\u003E\n    Contenu sponsoris\u00e9\n  \u003C\/div\u003E\n\u003C\/article\u003E\n\n\u003Carticle  data-component-id=\u0022front:card-article\u0022 class=\u0022card-article group\u0022\u003E\n  \u003Cdiv class=\u0022card-article__image\u0022\u003E\n      \t\t\t\t\t\t\u003Cimg  data-component-id=\u0022front:image\u0022 class=\u0022w-full h-full object-contain absolute inset-0\u0022 src=\u0022\/sites\/plm-magazine\/files\/styles\/teaser\/public\/2025-12\/1f9a8651-2758-4c0e-9015-d787d0cfa39e.jpg.webp\u0022 alt=\u0022764081.jpg\u0022 title=\u0022DR\u0022 loading=\u0022lazy\u0022 width=\u0022408\u0022 height=\u0022320\u0022\u003E          \u003C\/div\u003E\n  \u003Cdiv class=\u0022card-article__body\u0022\u003E\n        \u003Cdiv class=\u0022text-[1.125em] leading-0 card-title\u0022\u003E\n                    \n      \u003Ca class=\u0022card-article__title\u0022 href=\u0022\/index.php\/actualites\/salon-de-l-agriculture-pas-de-concours-en-race-montbeliarde-a-paris-en-2026\u0022 target=\u0022_self\u0022  title=\u0022Salon de l\u0026#039;agriculture. Pas de concours en race montb\u00e9liarde \u00e0 Paris en 2026\u0022\u003E\n        \t\n\u003Ch2  data-component-id=\u0022front:title\u0022 class=\u0022title title--small inline\u0022 title=\u0022Salon de l\u0026#039;agriculture. Pas de concours en race montb\u00e9liarde \u00e0 Paris en 2026\u0022\u003ESalon de l\u0026#039;agriculture. Pas de concours en race montb\u00e9liarde \u00e0 Paris en\u2026\u003C\/h2\u003E\n      \u003C\/a\u003E\n                \u003C\/div\u003E\n    \n\u003Cdiv  data-component-id=\u0022front:wysiwyg\u0022 class=\u0022wysiwyg wysiwyg--small\u0022\u003EMontb\u00e9liarde association a fait savoir sur ses r\u00e9seaux sociaux que la commission Promotion-Concours du 11 d\u00e9cembre a d\u00e9cid\u00e9 que la race Montb\u00e9liarde\u2026\u003C\/div\u003E\n          \u003Cdiv class=\u0022card-article__meta mbs-auto\u0022\u003E\n        \u003Ctime class=\u0022card-article__date\u0022 datetime=\u00222025-12-19T15:36:00+0100\u0022 x-data x-timestamp=\u00222025-12-19T15:36:00+0100\u0022\u003E19 D\u00e9c 2025\u003C\/time\u003E\n              \u003C\/div\u003E\n      \u003C\/div\u003E\n\u003C\/article\u003E\n\n\u003Carticle  data-component-id=\u0022front:card-article\u0022 class=\u0022card-article group\u0022\u003E\n  \u003Cdiv class=\u0022card-article__image\u0022\u003E\n      \t\t\t\t\t\t\u003Cimg  data-component-id=\u0022front:image\u0022 class=\u0022w-full h-full object-contain absolute inset-0\u0022 src=\u0022\/sites\/plm-magazine\/files\/styles\/teaser\/public\/2019-12\/811e6445-5160-45dc-b96b-0722396096af.jpg.webp\u0022 alt=\u0022Logettes gaec harel\u0022 title=\u0022Marie Defruit\u0022 loading=\u0022lazy\u0022 width=\u0022480\u0022 height=\u0022320\u0022\u003E          \u003Cdiv class=\u0022card-article__tags\u0022\u003E\n                  \u003Cspan class=\u0022card-article__badges\u0022\u003E\n                      \t\t\n\u003Cspan  data-component-id=\u0022front:button-expand\u0022 class=\u0022button-expand button-expand--shadowed transition-within-parent\u0022 x-data=\u0022buttonExpand\u0022 :style=\u0022{ \u0026quot;--button-expand-label-width\u0026quot;: labelWidth }\u0022\u003E\n  \u003Cspan class=\u0022button-expand__icon\u0022\u003E\n    \n\u003Csvg  data-component-id=\u0022front:icon\u0022 class=\u0022icon icon--video\u0022\u003E\n  \u003Cuse xlink:href=\u0022\/themes\/custom\/plm\/dist\/assets\/images\/2e871604ef7778ce3dc1.svg#icon-video\u0022\u003E\u003C\/use\u003E\n\u003C\/svg\u003E\n  \u003C\/span\u003E\n  \u003Cspan class=\u0022button-expand__label\u0022 x-ref=\u0022label\u0022\u003EVid\u00e9o\u003C\/span\u003E\n\u003C\/span\u003E\n                \u003C\/span\u003E\n                      \u003C\/div\u003E\n          \u003C\/div\u003E\n  \u003Cdiv class=\u0022card-article__body\u0022\u003E\n        \u003Cdiv class=\u0022text-[1.125em] leading-0 card-title\u0022\u003E\n                    \n      \u003Ca class=\u0022card-article__title\u0022 href=\u0022\/index.php\/video-vache\/temoignage-quelles-sont-les-etapes-d-une-renovation-reussie\u0022 target=\u0022_self\u0022  title=\u0022T\u00e9moignage. Quelles sont les \u00e9tapes d\u0026#039;une r\u00e9novation r\u00e9ussie ?\u0022\u003E\n        \t\n\u003Ch2  data-component-id=\u0022front:title\u0022 class=\u0022title title--small inline\u0022 title=\u0022T\u00e9moignage. Quelles sont les \u00e9tapes d\u0026#039;une r\u00e9novation r\u00e9ussie ?\u0022\u003ET\u00e9moignage. Quelles sont les \u00e9tapes d\u0026#039;une r\u00e9novation r\u00e9ussie ?\u003C\/h2\u003E\n      \u003C\/a\u003E\n                \u003Cspan class=\u0022inline-flex align-middle\u0022\u003E\n        \n\u003Cspan  data-component-id=\u0022front:icon-padlock\u0022 class=\u0022icon-padlock icon-padlock--t1\u0022\u003E\n  \n\u003Csvg  data-component-id=\u0022front:icon\u0022 class=\u0022icon icon--padlock\u0022\u003E\n  \u003Cuse xlink:href=\u0022\/themes\/custom\/plm\/dist\/assets\/images\/2e871604ef7778ce3dc1.svg#icon-padlock\u0022\u003E\u003C\/use\u003E\n\u003C\/svg\u003E\n\u003C\/span\u003E\n      \u003C\/span\u003E\n          \u003C\/div\u003E\n    \n\u003Cdiv  data-component-id=\u0022front:wysiwyg\u0022 class=\u0022wysiwyg wysiwyg--small\u0022\u003E\u0022Au d\u00e9part, l\u0027id\u00e9e \u00e9tait de reprendre cette \u00e9table, un peu ancienne, pour y stocker du mat\u00e9riel agricole\u2026\u0022. Elle s\u0027est vite transform\u00e9e en projet de\u2026\u003C\/div\u003E\n          \u003Cdiv class=\u0022card-article__meta mbs-auto\u0022\u003E\n        \u003Ctime class=\u0022card-article__date\u0022 datetime=\u00222025-12-18T17:03:35+0100\u0022 x-data x-timestamp=\u00222025-12-18T17:03:35+0100\u0022\u003E18 D\u00e9c 2025\u003C\/time\u003E\n              \u003C\/div\u003E\n      \u003C\/div\u003E\n\u003C\/article\u003E\n\n\u003Carticle  data-component-id=\u0022front:card-article\u0022 class=\u0022card-article group\u0022\u003E\n  \u003Cdiv class=\u0022card-article__image\u0022\u003E\n      \t\t\t\t\t\t\u003Cimg  data-component-id=\u0022front:image\u0022 class=\u0022w-full h-full object-contain absolute inset-0\u0022 src=\u0022\/sites\/plm-magazine\/files\/styles\/teaser\/public\/2025-12\/cc94a627-b918-4c7c-9b54-43df9fd20ad5.jpg.webp\u0022 alt=\u0022controle laitier 2024 evolution cellules somatiques\u0022 title=\u0022B\u00e9atrice Colleu\u0022 loading=\u0022lazy\u0022 width=\u0022480\u0022 height=\u0022309\u0022\u003E          \u003Cdiv class=\u0022card-article__tags\u0022\u003E\n                  \u003Cspan class=\u0022card-article__badges\u0022\u003E\n                      \t\t\n\u003Cspan  data-component-id=\u0022front:button-expand\u0022 class=\u0022button-expand button-expand--shadowed transition-within-parent\u0022 x-data=\u0022buttonExpand\u0022 :style=\u0022{ \u0026quot;--button-expand-label-width\u0026quot;: labelWidth }\u0022\u003E\n  \u003Cspan class=\u0022button-expand__icon\u0022\u003E\n    \n\u003Csvg  data-component-id=\u0022front:icon\u0022 class=\u0022icon icon--download\u0022\u003E\n  \u003Cuse xlink:href=\u0022\/themes\/custom\/plm\/dist\/assets\/images\/2e871604ef7778ce3dc1.svg#icon-download\u0022\u003E\u003C\/use\u003E\n\u003C\/svg\u003E\n  \u003C\/span\u003E\n  \u003Cspan class=\u0022button-expand__label\u0022 x-ref=\u0022label\u0022\u003ET\u00e9l\u00e9chargement\u003C\/span\u003E\n\u003C\/span\u003E\n                \u003C\/span\u003E\n                      \u003C\/div\u003E\n          \u003C\/div\u003E\n  \u003Cdiv class=\u0022card-article__body\u0022\u003E\n        \u003Cdiv class=\u0022text-[1.125em] leading-0 card-title\u0022\u003E\n                    \n      \u003Ca class=\u0022card-article__title\u0022 href=\u0022\/index.php\/a-telecharger\/sante-mammaire-une-hausse-marquee-des-cellules-est-observee-depuis-2021\u0022 target=\u0022_self\u0022  title=\u0022Sant\u00e9 mammaire. Une hausse marqu\u00e9e des cellules est observ\u00e9e depuis 2021\u0022\u003E\n        \t\n\u003Ch2  data-component-id=\u0022front:title\u0022 class=\u0022title title--small inline\u0022 title=\u0022Sant\u00e9 mammaire. Une hausse marqu\u00e9e des cellules est observ\u00e9e depuis 2021\u0022\u003ESant\u00e9 mammaire. Une hausse marqu\u00e9e des cellules est observ\u00e9e depuis 2021\u003C\/h2\u003E\n      \u003C\/a\u003E\n                \u003C\/div\u003E\n    \n\u003Cdiv  data-component-id=\u0022front:wysiwyg\u0022 class=\u0022wysiwyg wysiwyg--small\u0022\u003EL\u0027institut de l\u0027\u00e9levage vient de publier un \u00e9tat des lieux de l\u0027\u00e9volution des cellules somatiques et des mammites cliniques sur les cinq derni\u00e8res\u2026\u003C\/div\u003E\n          \u003Cdiv class=\u0022card-article__meta mbs-auto\u0022\u003E\n        \u003Ctime class=\u0022card-article__date\u0022 datetime=\u00222025-12-17T06:45:00+0100\u0022 x-data x-timestamp=\u00222025-12-17T06:45:00+0100\u0022\u003E17 D\u00e9c 2025\u003C\/time\u003E\n              \u003C\/div\u003E\n      \u003C\/div\u003E\n\u003C\/article\u003E\n\n\u003Carticle  data-component-id=\u0022front:card-article\u0022 class=\u0022card-article group\u0022\u003E\n  \u003Cdiv class=\u0022card-article__image\u0022\u003E\n      \t\t\t\t\t\t\u003Cimg  data-component-id=\u0022front:image\u0022 class=\u0022w-full h-full object-contain absolute inset-0\u0022 src=\u0022\/sites\/plm-magazine\/files\/styles\/teaser\/public\/2025-12\/ecd804b0-e47c-4782-b284-86cde895b3d7.jpg.webp\u0022 alt=\u0022Two businessmen handshaking in meeting after final project agreement deal done. - Two businessmen handshaking in meeting after final project agree\u0022 title=\u0022Pormezz - stock.adobe.com\u0022 loading=\u0022lazy\u0022 width=\u0022480\u0022 height=\u0022320\u0022\u003E          \u003C\/div\u003E\n  \u003Cdiv class=\u0022card-article__body\u0022\u003E\n        \u003Cdiv class=\u0022text-[1.125em] leading-0 card-title\u0022\u003E\n                    \n      \u003Ca class=\u0022card-article__title\u0022 href=\u0022\/index.php\/actualites\/innoval-s-offre-l-editeur-de-logiciels-icowsoft\u0022 target=\u0022_self\u0022  title=\u0022Innoval s\u0026#039;offre l\u0026#039;\u00e9diteur de logiciels iCowsoft\u0022\u003E\n        \t\n\u003Ch2  data-component-id=\u0022front:title\u0022 class=\u0022title title--small inline\u0022 title=\u0022Innoval s\u0026#039;offre l\u0026#039;\u00e9diteur de logiciels iCowsoft\u0022\u003EInnoval s\u0026#039;offre l\u0026#039;\u00e9diteur de logiciels iCowsoft\u003C\/h2\u003E\n      \u003C\/a\u003E\n                \u003C\/div\u003E\n    \n\u003Cdiv  data-component-id=\u0022front:wysiwyg\u0022 class=\u0022wysiwyg wysiwyg--small\u0022\u003ELe groupe coop\u00e9ratif Innoval vient d\u0027annoncer la signature, mardi 9 d\u00e9cembre 2025, d\u0027un accord portant sur l\u0027acquisition de la soci\u00e9t\u00e9 fran\u00e7aise\u2026\u003C\/div\u003E\n          \u003Cdiv class=\u0022card-article__meta mbs-auto\u0022\u003E\n        \u003Ctime class=\u0022card-article__date\u0022 datetime=\u00222025-12-16T05:55:00+0100\u0022 x-data x-timestamp=\u00222025-12-16T05:55:00+0100\u0022\u003E16 D\u00e9c 2025\u003C\/time\u003E\n              \u003C\/div\u003E\n      \u003C\/div\u003E\n\u003C\/article\u003E\n\n\u003Carticle  data-component-id=\u0022front:card-article\u0022 class=\u0022card-article group\u0022\u003E\n  \u003Cdiv class=\u0022card-article__image\u0022\u003E\n      \t\t\t\t\t\t\u003Cimg  data-component-id=\u0022front:image\u0022 class=\u0022w-full h-full object-contain absolute inset-0\u0022 src=\u0022\/sites\/plm-magazine\/files\/styles\/teaser\/public\/2025-12\/34008ea1-ec2f-4665-9646-7c8d781bcc15.jpg.webp\u0022 alt=\u0022Gaec Harel\u0022 title=\u0022Marie Defruit\u0022 loading=\u0022lazy\u0022 width=\u0022480\u0022 height=\u0022320\u0022\u003E          \u003Cdiv class=\u0022card-article__tags\u0022\u003E\n                  \u003Cspan class=\u0022card-article__badges\u0022\u003E\n                      \t\t\n\u003Cspan  data-component-id=\u0022front:button-expand\u0022 class=\u0022button-expand button-expand--shadowed transition-within-parent\u0022 x-data=\u0022buttonExpand\u0022 :style=\u0022{ \u0026quot;--button-expand-label-width\u0026quot;: labelWidth }\u0022\u003E\n  \u003Cspan class=\u0022button-expand__icon\u0022\u003E\n    \n\u003Csvg  data-component-id=\u0022front:icon\u0022 class=\u0022icon icon--360\u0022\u003E\n  \u003Cuse xlink:href=\u0022\/themes\/custom\/plm\/dist\/assets\/images\/2e871604ef7778ce3dc1.svg#icon-360\u0022\u003E\u003C\/use\u003E\n\u003C\/svg\u003E\n  \u003C\/span\u003E\n  \u003Cspan class=\u0022button-expand__label\u0022 x-ref=\u0022label\u0022\u003E360\u003C\/span\u003E\n\u003C\/span\u003E\n                \u003C\/span\u003E\n                      \u003C\/div\u003E\n          \u003C\/div\u003E\n  \u003Cdiv class=\u0022card-article__body\u0022\u003E\n        \u003Cdiv class=\u0022text-[1.125em] leading-0 card-title\u0022\u003E\n                    \n      \u003Ca class=\u0022card-article__title\u0022 href=\u0022\/index.php\/visites-360\/ils-produisent-1-million-avec-un-seul-robot-dans-cette-etable-renovee\u0022 target=\u0022_self\u0022  title=\u0022Ils produisent 1 million avec un seul robot, dans cette \u00e9table r\u00e9nov\u00e9e\u0022\u003E\n        \t\n\u003Ch2  data-component-id=\u0022front:title\u0022 class=\u0022title title--small inline\u0022 title=\u0022Ils produisent 1 million avec un seul robot, dans cette \u00e9table r\u00e9nov\u00e9e\u0022\u003EIls produisent 1 million avec un seul robot, dans cette \u00e9table r\u00e9nov\u00e9e\u003C\/h2\u003E\n      \u003C\/a\u003E\n                \u003Cspan class=\u0022inline-flex align-middle\u0022\u003E\n        \n\u003Cspan  data-component-id=\u0022front:icon-padlock\u0022 class=\u0022icon-padlock icon-padlock--t1\u0022\u003E\n  \n\u003Csvg  data-component-id=\u0022front:icon\u0022 class=\u0022icon icon--padlock\u0022\u003E\n  \u003Cuse xlink:href=\u0022\/themes\/custom\/plm\/dist\/assets\/images\/2e871604ef7778ce3dc1.svg#icon-padlock\u0022\u003E\u003C\/use\u003E\n\u003C\/svg\u003E\n\u003C\/span\u003E\n      \u003C\/span\u003E\n          \u003C\/div\u003E\n    \n\u003Cdiv  data-component-id=\u0022front:wysiwyg\u0022 class=\u0022wysiwyg wysiwyg--small\u0022\u003EL\u0027aire paill\u00e9e a laiss\u00e9 sa place \u00e0 70 logettes creuses et la salle de traite, \u00e0 un robot Gea. Une porte de tri envoie les vaches dehors au\u2026\u003C\/div\u003E\n          \u003Cdiv class=\u0022card-article__meta mbs-auto\u0022\u003E\n        \u003Ctime class=\u0022card-article__date\u0022 datetime=\u00222025-12-15T10:59:10+0100\u0022 x-data x-timestamp=\u00222025-12-15T10:59:10+0100\u0022\u003E15 D\u00e9c 2025\u003C\/time\u003E\n              \u003C\/div\u003E\n      \u003C\/div\u003E\n\u003C\/article\u003E\n\n\u003Carticle  data-component-id=\u0022front:card-article\u0022 class=\u0022card-article group\u0022\u003E\n  \u003Cdiv class=\u0022card-article__image\u0022\u003E\n      \t\t\t\t\t\t\u003Cimg  data-component-id=\u0022front:image\u0022 class=\u0022w-full h-full object-contain absolute inset-0\u0022 src=\u0022\/sites\/plm-magazine\/files\/styles\/teaser\/public\/2025-12\/266b3456-e0c5-4816-a01d-52f3cd73fff6.jpg.webp\u0022 alt=\u0022crate DNC zone reglementee decembre 2025\u0022 title=\u0022ddr\u0022 loading=\u0022lazy\u0022 width=\u0022388\u0022 height=\u0022320\u0022\u003E          \u003C\/div\u003E\n  \u003Cdiv class=\u0022card-article__body\u0022\u003E\n        \u003Cdiv class=\u0022text-[1.125em] leading-0 card-title\u0022\u003E\n                    \n      \u003Ca class=\u0022card-article__title\u0022 href=\u0022\/index.php\/actualites\/dnc-la-polemique-enfle-le-ministere-confirme-la-necessite-d-eradiquer-les-foyers\u0022 target=\u0022_self\u0022  title=\u0022DNC. La pol\u00e9mique enfle, le minist\u00e8re confirme la n\u00e9cessit\u00e9 d\u0026#039;\u00e9radiquer les foyers\u0022\u003E\n        \t\n\u003Ch2  data-component-id=\u0022front:title\u0022 class=\u0022title title--small inline\u0022 title=\u0022DNC. La pol\u00e9mique enfle, le minist\u00e8re confirme la n\u00e9cessit\u00e9 d\u0026#039;\u00e9radiquer les foyers\u0022\u003EDNC. La pol\u00e9mique enfle, le minist\u00e8re confirme la n\u00e9cessit\u00e9 d\u0026#039;\u00e9radiquer\u2026\u003C\/h2\u003E\n      \u003C\/a\u003E\n                \u003C\/div\u003E\n    \n\u003Cdiv  data-component-id=\u0022front:wysiwyg\u0022 class=\u0022wysiwyg wysiwyg--small\u0022\u003EApr\u00e8s les r\u00e9cents incidents li\u00e9s au d\u00e9pleupement d\u0027un troupeau en Ari\u00e8ge, \u0022 ce n\u0027est peut-\u00eatre pas le meilleure solution, mais la seule pour prot\u00e9ger\u2026\u003C\/div\u003E\n          \u003Cdiv class=\u0022card-article__meta mbs-auto\u0022\u003E\n        \u003Ctime class=\u0022card-article__date\u0022 datetime=\u00222025-12-12T23:40:00+0100\u0022 x-data x-timestamp=\u00222025-12-12T23:40:00+0100\u0022\u003E12 D\u00e9c 2025\u003C\/time\u003E\n              \u003C\/div\u003E\n      \u003C\/div\u003E\n\u003C\/article\u003E\n  \t\t\t\u003Carticle  data-component-id=\u0022front:card-webinaire-catalog\u0022 class=\u0022card-webinaire-catalog group\u0022 data-campagne=\u0022Webi-ELO_SN_2025-Seenovia_encadre\u0022 data-contentId=\u00223092\u0022 rel=\u0022nofollow\u0022\u003E\n  \u003Cdiv class=\u0022card-webinaire-catalog__image\u0022\u003E\n      \t\t\t\t\t\t\u003Cimg  data-component-id=\u0022front:image\u0022 class=\u0022w-full h-full object-cover absolute inset-0\u0022 src=\u0022\/sites\/plm-magazine\/files\/2026-04\/EVT-EP-ELO_Sante_Nutrition_25-Webi_seenovia-accroche.jpg\u0022 alt=\u0022Webinaire Seenovia\u0022 title=\u0022Webinaire Seenovia\u0022 loading=\u0022eager\u0022 width=\u0022510\u0022 height=\u0022340\u0022\u003E          \u003Cdiv class=\u0022card-webinaire-catalog__duree \u0022\u003E\n        00:30:00\n      \u003C\/div\u003E\n        \u003Cdiv class=\u0022card-webinaire-catalog__badges\u0022\u003E\n      \t\t\n\u003Cspan  data-component-id=\u0022front:button-expand\u0022 class=\u0022button-expand button-expand--shadowed transition-within-parent\u0022 x-data=\u0022buttonExpand\u0022 :style=\u0022{ \u0026quot;--button-expand-label-width\u0026quot;: labelWidth }\u0022\u003E\n  \u003Cspan class=\u0022button-expand__icon\u0022\u003E\n    \n\u003Csvg  data-component-id=\u0022front:icon\u0022 class=\u0022icon icon--webinar\u0022\u003E\n  \u003Cuse xlink:href=\u0022\/themes\/custom\/plm\/dist\/assets\/images\/2e871604ef7778ce3dc1.svg#icon-webinar\u0022\u003E\u003C\/use\u003E\n\u003C\/svg\u003E\n  \u003C\/span\u003E\n  \u003Cspan class=\u0022button-expand__label\u0022 x-ref=\u0022label\u0022\u003Ewebinaire\u003C\/span\u003E\n\u003C\/span\u003E\n    \u003C\/div\u003E\n  \u003C\/div\u003E\n \u003Cdiv class=\u0022card-webinaire-catalog__body\u0022\u003E\n    \u003Cdiv class=\u0022text-[1.125em] leading-0 card-title\u0022\u003E\n            \u003Ca class=\u0022card-webinaire-catalog__title\u0022 href=\u0022\/webinaires\/comment-passer-de-30-a-42kg-de-lait-durablement-en-maitrisant-sa-marge-sur-cout\u0022 target=\u0022_self\u0022  data-campagne=\u0022Webi-ELO_SN_2025-Seenovia_encadre\u0022 data-contentId=\u00223092\u0022 rel=\u0022nofollow\u0022 title=\u0022Comment passer de 30 \u00e0 42kg de lait durablement en maitrisant sa marge sur co\u00fbt alimentaire ?\u0022\u003E\n        \n\u003Ch2  data-component-id=\u0022front:title\u0022 class=\u0022title title--small inline\u0022\u003EComment passer de 30 \u00e0 42kg de lait durablement en maitrisant sa marge sur\u2026\u003C\/h2\u003E\n      \u003C\/a\u003E\n                \u003C\/div\u003E\n\n    \u003Cdiv class=\u0022card-webinaire-catalog__date-info\u0022\u003E\n            \u003Cdiv class=\u0022card-webinaire-catalog__date\u0022\u003EReplay du\u0026nbsp;09\u0026nbsp;d\u00e9cembre\u0026nbsp;2025\u003C\/div\u003E\n                \u003C\/div\u003E\n\n          \u003Cdiv class=\u0022card-webinaire-catalog__organisateur\u0022\u003E\n        Par Seenovia \u0026amp; Eilyps\n      \u003C\/div\u003E\n    \n      \u003Cdiv class=\u0022card-webinaire-catalog__chapo\u0022\u003E\n        \n              \u003C\/div\u003E\n     \u003C\/div\u003E\n  \u003Cdiv class=\u0022card-webinaire-catalog__sponsor\u0022\u003E\n    Contenu sponsoris\u00e9\n  \u003C\/div\u003E\n\u003C\/article\u003E\n\n\u003Carticle  data-component-id=\u0022front:card-article\u0022 class=\u0022card-article group\u0022\u003E\n  \u003Cdiv class=\u0022card-article__image\u0022\u003E\n      \t\t\t\t\t\t\u003Cimg  data-component-id=\u0022front:image\u0022 class=\u0022w-full h-full object-contain absolute inset-0\u0022 src=\u0022\/sites\/plm-magazine\/files\/styles\/teaser\/public\/2025-12\/bbb3b8e4-3c09-49c4-9ff2-27dafca79c69.jpg.webp\u0022 alt=\u0022Gaec des Clairventes brosse\u0022 title=\u0022Marie Defruit\u0022 loading=\u0022lazy\u0022 width=\u0022480\u0022 height=\u0022320\u0022\u003E          \u003C\/div\u003E\n  \u003Cdiv class=\u0022card-article__body\u0022\u003E\n        \u003Cdiv class=\u0022text-[1.125em] leading-0 card-title\u0022\u003E\n                    \n      \u003Ca class=\u0022card-article__title\u0022 href=\u0022\/index.php\/actualites\/quelle-brosse-preferent-les-vaches-voici-ce-que-revele-cette-etude\u0022 target=\u0022_self\u0022  title=\u0022Quelle brosse pr\u00e9f\u00e8rent les vaches ? Voici ce que r\u00e9v\u00e8le cette \u00e9tude...\u0022\u003E\n        \t\n\u003Ch2  data-component-id=\u0022front:title\u0022 class=\u0022title title--small inline\u0022 title=\u0022Quelle brosse pr\u00e9f\u00e8rent les vaches ? Voici ce que r\u00e9v\u00e8le cette \u00e9tude...\u0022\u003EQuelle brosse pr\u00e9f\u00e8rent les vaches ? Voici ce que r\u00e9v\u00e8le cette \u00e9tude...\u003C\/h2\u003E\n      \u003C\/a\u003E\n                \u003C\/div\u003E\n    \n\u003Cdiv  data-component-id=\u0022front:wysiwyg\u0022 class=\u0022wysiwyg wysiwyg--small\u0022\u003EOscillante, rotative ou fixe ? Les vaches choisissent clairement leur brosse et ce choix varie selon leur \u00e2ge, leur physiologie et leurs pr\u00e9f\u00e9rences\u2026\u003C\/div\u003E\n          \u003Cdiv class=\u0022card-article__meta mbs-auto\u0022\u003E\n        \u003Ctime class=\u0022card-article__date\u0022 datetime=\u00222025-12-11T07:00:00+0100\u0022 x-data x-timestamp=\u00222025-12-11T07:00:00+0100\u0022\u003E11 D\u00e9c 2025\u003C\/time\u003E\n              \u003C\/div\u003E\n      \u003C\/div\u003E\n\u003C\/article\u003E\n  \t\t\t\u003Carticle  data-component-id=\u0022front:card-webinaire-catalog\u0022 class=\u0022card-webinaire-catalog group\u0022 data-campagne=\u0022Webi-ELO_GT_2025-bicarz_encadre\u0022 data-contentId=\u00223104\u0022 rel=\u0022nofollow\u0022\u003E\n  \u003Cdiv class=\u0022card-webinaire-catalog__image\u0022\u003E\n      \t\t\t\t\t\t\u003Cimg  data-component-id=\u0022front:image\u0022 class=\u0022w-full h-full object-cover absolute inset-0\u0022 src=\u0022\/sites\/plm-magazine\/files\/2026-04\/EVT-PLM-ELO_Grands_troupeaux_25-Webi_solvay-accroche.jpg\u0022 alt=\u0022Webinaire Solvay Bicar\u00aeZ\u0022 title=\u0022Webinaire Solvay Bicar\u00aeZ\u0022 loading=\u0022eager\u0022 width=\u0022510\u0022 height=\u0022340\u0022\u003E          \u003Cdiv class=\u0022card-webinaire-catalog__duree \u0022\u003E\n        00:30:00\n      \u003C\/div\u003E\n        \u003Cdiv class=\u0022card-webinaire-catalog__badges\u0022\u003E\n      \t\t\n\u003Cspan  data-component-id=\u0022front:button-expand\u0022 class=\u0022button-expand button-expand--shadowed transition-within-parent\u0022 x-data=\u0022buttonExpand\u0022 :style=\u0022{ \u0026quot;--button-expand-label-width\u0026quot;: labelWidth }\u0022\u003E\n  \u003Cspan class=\u0022button-expand__icon\u0022\u003E\n    \n\u003Csvg  data-component-id=\u0022front:icon\u0022 class=\u0022icon icon--webinar\u0022\u003E\n  \u003Cuse xlink:href=\u0022\/themes\/custom\/plm\/dist\/assets\/images\/2e871604ef7778ce3dc1.svg#icon-webinar\u0022\u003E\u003C\/use\u003E\n\u003C\/svg\u003E\n  \u003C\/span\u003E\n  \u003Cspan class=\u0022button-expand__label\u0022 x-ref=\u0022label\u0022\u003Ewebinaire\u003C\/span\u003E\n\u003C\/span\u003E\n    \u003C\/div\u003E\n  \u003C\/div\u003E\n \u003Cdiv class=\u0022card-webinaire-catalog__body\u0022\u003E\n    \u003Cdiv class=\u0022text-[1.125em] leading-0 card-title\u0022\u003E\n            \u003Ca class=\u0022card-webinaire-catalog__title\u0022 href=\u0022\/webinaires\/bicarrz-un-nutriment-cle-pour-les-vaches-en-lactation\u0022 target=\u0022_self\u0022  data-campagne=\u0022Webi-ELO_GT_2025-bicarz_encadre\u0022 data-contentId=\u00223104\u0022 rel=\u0022nofollow\u0022 title=\u0022Bicar\u00aeZ : un nutriment cl\u00e9 pour les vaches en lactation\u0022\u003E\n        \n\u003Ch2  data-component-id=\u0022front:title\u0022 class=\u0022title title--small inline\u0022\u003EBicar\u00aeZ : un nutriment cl\u00e9 pour les vaches en lactation\u003C\/h2\u003E\n      \u003C\/a\u003E\n                \u003C\/div\u003E\n\n    \u003Cdiv class=\u0022card-webinaire-catalog__date-info\u0022\u003E\n            \u003Cdiv class=\u0022card-webinaire-catalog__date\u0022\u003EReplay du\u0026nbsp;19\u0026nbsp;juin\u0026nbsp;2025\u003C\/div\u003E\n                \u003C\/div\u003E\n\n          \u003Cdiv class=\u0022card-webinaire-catalog__organisateur\u0022\u003E\n        Par Bicar\u00aeZ\n      \u003C\/div\u003E\n    \n      \u003Cdiv class=\u0022card-webinaire-catalog__chapo\u0022\u003E\n        \n              \u003C\/div\u003E\n     \u003C\/div\u003E\n  \u003Cdiv class=\u0022card-webinaire-catalog__sponsor\u0022\u003E\n    Contenu sponsoris\u00e9\n  \u003C\/div\u003E\n\u003C\/article\u003E\n\n\u003Carticle  data-component-id=\u0022front:card-article\u0022 class=\u0022card-article group\u0022\u003E\n  \u003Cdiv class=\u0022card-article__image\u0022\u003E\n      \t\t\t\t\t\t\u003Cimg  data-component-id=\u0022front:image\u0022 class=\u0022w-full h-full object-contain absolute inset-0\u0022 src=\u0022\/sites\/plm-magazine\/files\/styles\/teaser\/public\/2025-12\/a0183d42-ec19-4a62-9dd8-371f041e5e60.jpg.webp\u0022 alt=\u0022ma\u00efs analyse\u0022 title=\u0022B\u00e9atrice Colleu\u0022 loading=\u0022lazy\u0022 width=\u0022479\u0022 height=\u0022320\u0022\u003E          \u003C\/div\u003E\n  \u003Cdiv class=\u0022card-article__body\u0022\u003E\n        \u003Cdiv class=\u0022text-[1.125em] leading-0 card-title\u0022\u003E\n                    \n      \u003Ca class=\u0022card-article__title\u0022 href=\u0022\/index.php\/actualites\/mais-2025-une-tres-bonne-valeur-energetique-a-l-echelle-nationale\u0022 target=\u0022_self\u0022  title=\u0022Ma\u00efs 2025. Une tr\u00e8s bonne valeur \u00e9nerg\u00e9tique \u00e0 l\u0026#039;\u00e9chelle nationale\u0022\u003E\n        \t\n\u003Ch2  data-component-id=\u0022front:title\u0022 class=\u0022title title--small inline\u0022 title=\u0022Ma\u00efs 2025. Une tr\u00e8s bonne valeur \u00e9nerg\u00e9tique \u00e0 l\u0026#039;\u00e9chelle nationale\u0022\u003EMa\u00efs 2025. Une tr\u00e8s bonne valeur \u00e9nerg\u00e9tique \u00e0 l\u0026#039;\u00e9chelle nationale\u003C\/h2\u003E\n      \u003C\/a\u003E\n                \u003C\/div\u003E\n    \n\u003Cdiv  data-component-id=\u0022front:wysiwyg\u0022 class=\u0022wysiwyg wysiwyg--small\u0022\u003E\u00c0 l\u0027\u00e9chelle nationale, la teneur en \u00e9nergie du ma\u00efs fourrage, exprim\u00e9e en UFL (INRAE 2018), est en moyenne de 0,96 UFL\/kg MS, sup\u00e9rieure de 0,02 UFL\u2026\u003C\/div\u003E\n          \u003Cdiv class=\u0022card-article__meta mbs-auto\u0022\u003E\n        \u003Ctime class=\u0022card-article__date\u0022 datetime=\u00222025-12-10T09:17:00+0100\u0022 x-data x-timestamp=\u00222025-12-10T09:17:00+0100\u0022\u003E10 D\u00e9c 2025\u003C\/time\u003E\n              \u003C\/div\u003E\n      \u003C\/div\u003E\n\u003C\/article\u003E\n\n\u003Carticle  data-component-id=\u0022front:card-article\u0022 class=\u0022card-article group\u0022\u003E\n  \u003Cdiv class=\u0022card-article__image\u0022\u003E\n      \t\t\t\t\t\t\u003Cimg  data-component-id=\u0022front:image\u0022 class=\u0022w-full h-full object-contain absolute inset-0\u0022 src=\u0022\/sites\/plm-magazine\/files\/styles\/teaser\/public\/2025-12\/8af2d86c-57a5-4412-b416-59ecc8c5031f.jpg.webp\u0022 alt=\u002290 montb\u00e9liardes en ration compl\u00e8te au Gaec des Champey\u0022 title=\u0022B\u00e9atrice Colleu\u0022 loading=\u0022lazy\u0022 width=\u0022480\u0022 height=\u0022270\u0022\u003E          \u003C\/div\u003E\n  \u003Cdiv class=\u0022card-article__body\u0022\u003E\n        \u003Cdiv class=\u0022text-[1.125em] leading-0 card-title\u0022\u003E\n                    \n      \u003Ca class=\u0022card-article__title\u0022 href=\u0022\/index.php\/actualites\/temoignage-voici-trois-signes-qui-alertent-sur-un-defaut-de-valorisation-de-la-ration\u0022 target=\u0022_self\u0022  title=\u0022T\u00e9moignage. Voici trois signes qui alertent sur un d\u00e9faut de valorisation de la ration\u0022\u003E\n        \t\n\u003Ch2  data-component-id=\u0022front:title\u0022 class=\u0022title title--small inline\u0022 title=\u0022T\u00e9moignage. Voici trois signes qui alertent sur un d\u00e9faut de valorisation de la ration\u0022\u003ET\u00e9moignage. Voici trois signes qui alertent sur un d\u00e9faut de valorisation\u2026\u003C\/h2\u003E\n      \u003C\/a\u003E\n                \u003Cspan class=\u0022inline-flex align-middle\u0022\u003E\n        \n\u003Cspan  data-component-id=\u0022front:icon-padlock\u0022 class=\u0022icon-padlock icon-padlock--t1\u0022\u003E\n  \n\u003Csvg  data-component-id=\u0022front:icon\u0022 class=\u0022icon icon--padlock\u0022\u003E\n  \u003Cuse xlink:href=\u0022\/themes\/custom\/plm\/dist\/assets\/images\/2e871604ef7778ce3dc1.svg#icon-padlock\u0022\u003E\u003C\/use\u003E\n\u003C\/svg\u003E\n\u003C\/span\u003E\n      \u003C\/span\u003E\n          \u003C\/div\u003E\n    \n\u003Cdiv  data-component-id=\u0022front:wysiwyg\u0022 class=\u0022wysiwyg wysiwyg--small\u0022\u003EAu Gaec des Champey, l\u0027\u00e9leveur garde \u00e0 l\u0027\u0153il trois crit\u00e8res de suivi pour son troupeau de 90 montb\u00e9liardes.\u00a0\u003C\/div\u003E\n          \u003Cdiv class=\u0022card-article__meta mbs-auto\u0022\u003E\n        \u003Ctime class=\u0022card-article__date\u0022 datetime=\u00222025-12-09T02:55:00+0100\u0022 x-data x-timestamp=\u00222025-12-09T02:55:00+0100\u0022\u003E09 D\u00e9c 2025\u003C\/time\u003E\n              \u003C\/div\u003E\n      \u003C\/div\u003E\n\u003C\/article\u003E\n\n\u003Carticle  data-component-id=\u0022front:card-article\u0022 class=\u0022card-article group\u0022\u003E\n  \u003Cdiv class=\u0022card-article__image\u0022\u003E\n      \t\t\t\t\t\t\u003Cimg  data-component-id=\u0022front:image\u0022 class=\u0022w-full h-full object-contain absolute inset-0\u0022 src=\u0022\/sites\/plm-magazine\/files\/styles\/teaser\/public\/2025-12\/de82b502-8961-418f-99f3-e039ad32c0c5.jpg.webp\u0022 alt=\u0022Option Gea\u0022 title=\u0022Gea\u0022 loading=\u0022lazy\u0022 width=\u0022480\u0022 height=\u0022206\u0022\u003E          \u003C\/div\u003E\n  \u003Cdiv class=\u0022card-article__body\u0022\u003E\n        \u003Cdiv class=\u0022text-[1.125em] leading-0 card-title\u0022\u003E\n                    \n      \u003Ca class=\u0022card-article__title\u0022 href=\u0022\/index.php\/actualites\/jusqu-a-30-d-economie-de-l-eau-pour-le-gea-dairyrotor-t8600-avec-cette-option\u0022 target=\u0022_self\u0022  title=\u0022Jusqu\u0026#039;\u00e0 30 % d\u0026#039;\u00e9conomie de l\u0026#039;eau, pour le Gea DairyRotor T8600, avec cette option\u0022\u003E\n        \t\n\u003Ch2  data-component-id=\u0022front:title\u0022 class=\u0022title title--small inline\u0022 title=\u0022Jusqu\u0026#039;\u00e0 30 % d\u0026#039;\u00e9conomie de l\u0026#039;eau, pour le Gea DairyRotor T8600, avec cette option\u0022\u003EJusqu\u0026#039;\u00e0 30 % d\u0026#039;\u00e9conomie de l\u0026#039;eau, pour le Gea DairyRotor T8600, avec cette\u2026\u003C\/h2\u003E\n      \u003C\/a\u003E\n                \u003C\/div\u003E\n    \n\u003Cdiv  data-component-id=\u0022front:wysiwyg\u0022 class=\u0022wysiwyg wysiwyg--small\u0022\u003EDepuis le mois de novembre, Gea propose une extension cibl\u00e9e sur le processus de nettoyage sur man\u00e8ge de traite DairyRotor T8600. \u0022La solution permet\u2026\u003C\/div\u003E\n          \u003Cdiv class=\u0022card-article__meta mbs-auto\u0022\u003E\n        \u003Ctime class=\u0022card-article__date\u0022 datetime=\u00222025-12-08T17:32:45+0100\u0022 x-data x-timestamp=\u00222025-12-08T17:32:45+0100\u0022\u003E08 D\u00e9c 2025\u003C\/time\u003E\n              \u003C\/div\u003E\n      \u003C\/div\u003E\n\u003C\/article\u003E\n\n\u003Carticle  data-component-id=\u0022front:card-article\u0022 class=\u0022card-article group\u0022\u003E\n  \u003Cdiv class=\u0022card-article__image\u0022\u003E\n      \t\t\t\t\t\t\u003Cimg  data-component-id=\u0022front:image\u0022 class=\u0022w-full h-full object-contain absolute inset-0\u0022 src=\u0022\/sites\/plm-magazine\/files\/styles\/teaser\/public\/2025-12\/b9580e72-bc20-407b-8d51-0f1bad345281.jpg.webp\u0022 alt=\u0022BPGO Romain Lecomte Earl de la Girardi\u00e8re\u0022 title=\u0022BPGO\u0022 loading=\u0022lazy\u0022 width=\u0022469\u0022 height=\u0022320\u0022\u003E          \u003C\/div\u003E\n  \u003Cdiv class=\u0022card-article__body\u0022\u003E\n        \u003Cdiv class=\u0022text-[1.125em] leading-0 card-title\u0022\u003E\n                    \n      \u003Ca class=\u0022card-article__title\u0022 href=\u0022\/index.php\/actualites\/de-salarie-a-230-vl-aujourd-hui-le-parcours-de-romain-lecomte-prime-par-bpgo-dans-la\u0022 target=\u0022_self\u0022  title=\u0022De salari\u00e9 \u00e0 230 VL aujourd\u2019hui, le parcours de Romain Lecomte prim\u00e9 par BPGO, dans la Manche\u0022\u003E\n        \t\n\u003Ch2  data-component-id=\u0022front:title\u0022 class=\u0022title title--small inline\u0022 title=\u0022De salari\u00e9 \u00e0 230 VL aujourd\u2019hui, le parcours de Romain Lecomte prim\u00e9 par BPGO, dans la Manche\u0022\u003EDe salari\u00e9 \u00e0 230 VL aujourd\u2019hui, le parcours de Romain Lecomte prim\u00e9 par\u2026\u003C\/h2\u003E\n      \u003C\/a\u003E\n                \u003C\/div\u003E\n    \n\u003Cdiv  data-component-id=\u0022front:wysiwyg\u0022 class=\u0022wysiwyg wysiwyg--small\u0022\u003E\u00ab\u2009Mes parents n\u2019\u00e9taient pas du m\u00e9tier, mais l\u2019\u00e9levage m\u2019a toujours passionn\u00e9\u2009\u00bb. Arriv\u00e9 comme salari\u00e9, en 2014, Romain Lecomte produit aujourd\u2019hui 3\u2026\u003C\/div\u003E\n          \u003Cdiv class=\u0022card-article__meta mbs-auto\u0022\u003E\n        \u003Ctime class=\u0022card-article__date\u0022 datetime=\u00222025-12-05T19:46:00+0100\u0022 x-data x-timestamp=\u00222025-12-05T19:46:00+0100\u0022\u003E05 D\u00e9c 2025\u003C\/time\u003E\n              \u003C\/div\u003E\n      \u003C\/div\u003E\n\u003C\/article\u003E\n  \t\t\t\u003Carticle  data-component-id=\u0022front:card-webinaire-catalog\u0022 class=\u0022card-webinaire-catalog group\u0022 data-campagne=\u0022Webi-ELO_GT_2026-Phibro_encadre\u0022 data-contentId=\u00223120\u0022 rel=\u0022nofollow\u0022\u003E\n  \u003Cdiv class=\u0022card-webinaire-catalog__image\u0022\u003E\n      \t\t\t\t\t\t\u003Cimg  data-component-id=\u0022front:image\u0022 class=\u0022w-full h-full object-cover absolute inset-0\u0022 src=\u0022\/sites\/plm-magazine\/files\/2026-04\/EVT-PLM-ELO_Grands_troupeaux_26-Webi_phibro-accroche.jpg\u0022 alt=\u0022Mammites\u00a0: comment s\u2019en pr\u00e9munir et diminuer les co\u00fbts\u0022 title=\u0022Mammites\u00a0: comment s\u2019en pr\u00e9munir et diminuer les co\u00fbts\u0022 loading=\u0022eager\u0022 width=\u0022510\u0022 height=\u0022340\u0022\u003E          \u003Cdiv class=\u0022card-webinaire-catalog__duree \u0022\u003E\n        00:30:00\n      \u003C\/div\u003E\n        \u003Cdiv class=\u0022card-webinaire-catalog__badges\u0022\u003E\n      \t\t\n\u003Cspan  data-component-id=\u0022front:button-expand\u0022 class=\u0022button-expand button-expand--shadowed transition-within-parent\u0022 x-data=\u0022buttonExpand\u0022 :style=\u0022{ \u0026quot;--button-expand-label-width\u0026quot;: labelWidth }\u0022\u003E\n  \u003Cspan class=\u0022button-expand__icon\u0022\u003E\n    \n\u003Csvg  data-component-id=\u0022front:icon\u0022 class=\u0022icon icon--webinar\u0022\u003E\n  \u003Cuse xlink:href=\u0022\/themes\/custom\/plm\/dist\/assets\/images\/2e871604ef7778ce3dc1.svg#icon-webinar\u0022\u003E\u003C\/use\u003E\n\u003C\/svg\u003E\n  \u003C\/span\u003E\n  \u003Cspan class=\u0022button-expand__label\u0022 x-ref=\u0022label\u0022\u003Ewebinaire\u003C\/span\u003E\n\u003C\/span\u003E\n    \u003C\/div\u003E\n  \u003C\/div\u003E\n \u003Cdiv class=\u0022card-webinaire-catalog__body\u0022\u003E\n    \u003Cdiv class=\u0022text-[1.125em] leading-0 card-title\u0022\u003E\n            \u003Ca class=\u0022card-webinaire-catalog__title\u0022 href=\u0022\/webinaires\/mammites-comment-s-en-premunir-et-diminuer-les-couts\u0022 target=\u0022_self\u0022  data-campagne=\u0022Webi-ELO_GT_2026-Phibro_encadre\u0022 data-contentId=\u00223120\u0022 rel=\u0022nofollow\u0022 title=\u0022Mammites\u00a0: comment s\u2019en pr\u00e9munir et diminuer les co\u00fbts\u0022\u003E\n        \n\u003Ch2  data-component-id=\u0022front:title\u0022 class=\u0022title title--small inline\u0022\u003EMammites\u00a0: comment s\u2019en pr\u00e9munir et diminuer les co\u00fbts\u003C\/h2\u003E\n      \u003C\/a\u003E\n                \u003C\/div\u003E\n\n    \u003Cdiv class=\u0022card-webinaire-catalog__date-info\u0022\u003E\n            \u003Cdiv class=\u0022card-webinaire-catalog__date\u0022\u003EMardi\u0026nbsp;16\u0026nbsp;juin\u0026nbsp;2026\u003C\/div\u003E\n              \u003Cdiv class=\u0022card-webinaire-catalog__plage-horaire flex items-center gap-2\u0022\u003E\n        \u003Cspan class=\u0022inline-flex text-xl\u0022\u003E\n         \u003Csvg xmlns=\u0022http:\/\/www.w3.org\/2000\/svg\u0022 width=\u002217\u0022 height=\u002217\u0022 viewBox=\u00220 0 17 17\u0022 fill=\u0022none\u0022\u003E\n          \u003Cpath d=\u0022M8.13806 0.100098C12.5773 0.100242 16.1761 3.69895 16.1761 8.13818C16.176 12.5774 12.5772 16.1761 8.13806 16.1763C3.69883 16.1762 0.10012 12.5774 0.0999756 8.13818C0.100044 3.6989 3.69878 0.100167 8.13806 0.100098ZM8.13806 1.6001C4.52721 1.60017 1.60004 4.52733 1.59998 8.13818C1.60012 11.749 4.52725 14.6762 8.13806 14.6763C11.7488 14.6761 14.676 11.7489 14.6761 8.13818C14.6761 4.52738 11.7489 1.60024 8.13806 1.6001ZM8.13806 3.01514C8.55217 3.01526 8.88806 3.351 8.88806 3.76514V7.38818H12.5111C12.9252 7.38837 13.2611 7.72409 13.2611 8.13818C13.261 8.55216 12.9251 8.88799 12.5111 8.88818H8.13806C7.72394 8.88818 7.38821 8.55227 7.38806 8.13818V3.76514C7.38806 3.35092 7.72385 3.01514 8.13806 3.01514Z\u0022 fill=\u0022black\u0022\/\u003E\n          \u003Cpath d=\u0022M8.13806 0.100098L8.13806 9.76548e-05H8.13806L8.13806 0.100098ZM16.1761 8.13818L16.2761 8.13819V8.13818L16.1761 8.13818ZM8.13806 16.1763L8.13806 16.2763H8.13806L8.13806 16.1763ZM0.0999756 8.13818L-2.44156e-05 8.13818V8.13819L0.0999756 8.13818ZM8.13806 1.6001L8.13807 1.5001H8.13806L8.13806 1.6001ZM1.59998 8.13818L1.49998 8.13818V8.13819L1.59998 8.13818ZM8.13806 14.6763L8.13806 14.7763H8.13807L8.13806 14.6763ZM14.6761 8.13818L14.7761 8.13819V8.13818L14.6761 8.13818ZM8.13806 3.01514L8.13809 2.91514H8.13806V3.01514ZM8.88806 3.76514H8.98806V3.76514H8.88806ZM8.88806 7.38818H8.78806C8.78806 7.44341 8.83283 7.48818 8.88806 7.48818V7.38818ZM12.5111 7.38818L12.5112 7.28818H12.5111V7.38818ZM13.2611 8.13818L13.3611 8.13822V8.13818H13.2611ZM12.5111 8.88818V8.98818H12.5112L12.5111 8.88818ZM8.13806 8.88818V8.78818V8.88818ZM7.38806 8.13818H7.28806V8.13822L7.38806 8.13818ZM7.38806 3.76514H7.48806V3.76514H7.38806ZM8.13806 0.100098L8.13806 0.200098C12.5221 0.20024 16.0761 3.75418 16.0761 8.13819L16.1761 8.13818L16.2761 8.13818C16.2761 3.64372 12.6325 0.000244059 8.13806 9.76548e-05L8.13806 0.100098ZM16.1761 8.13818L16.0761 8.13818C16.076 12.5221 12.522 16.0761 8.13806 16.0763L8.13806 16.1763L8.13806 16.2763C12.6325 16.2761 16.276 12.6326 16.2761 8.13819L16.1761 8.13818ZM8.13806 16.1763L8.13806 16.0763C3.75406 16.0762 0.200118 12.5222 0.199976 8.13818L0.0999756 8.13818L-2.44156e-05 8.13819C0.000121988 12.6326 3.6436 16.2762 8.13806 16.2763L8.13806 16.1763ZM0.0999756 8.13818L0.199976 8.13819C0.200044 3.75413 3.75401 0.200166 8.13806 0.200098L8.13806 0.100098L8.13806 9.76548e-05C3.64355 0.000167377 4.53144e-05 3.64367 -2.44156e-05 8.13818L0.0999756 8.13818ZM8.13806 1.6001L8.13806 1.5001C4.47198 1.50017 1.50005 4.4721 1.49998 8.13818L1.59998 8.13818L1.69998 8.13819C1.70004 4.58256 4.58244 1.70017 8.13806 1.7001L8.13806 1.6001ZM1.59998 8.13818L1.49998 8.13819C1.50012 11.8042 4.47202 14.7762 8.13806 14.7763L8.13806 14.6763L8.13806 14.5763C4.58248 14.5762 1.70012 11.6937 1.69998 8.13818L1.59998 8.13818ZM8.13806 14.6763L8.13807 14.7763C11.804 14.7761 14.776 11.8042 14.7761 8.13819L14.6761 8.13818L14.5761 8.13818C14.576 11.6937 11.6936 14.5761 8.13806 14.5763L8.13806 14.6763ZM14.6761 8.13818L14.7761 8.13818C14.7761 4.47214 11.8041 1.50024 8.13807 1.5001L8.13806 1.6001L8.13806 1.7001C11.6936 1.70024 14.5761 4.58261 14.5761 8.13819L14.6761 8.13818ZM8.13806 3.01514L8.13803 3.11514C8.49696 3.11525 8.78806 3.40626 8.78806 3.76514H8.88806H8.98806C8.98806 3.29574 8.60737 2.91528 8.13809 2.91514L8.13806 3.01514ZM8.88806 3.76514H8.78806V7.38818H8.88806H8.98806V3.76514H8.88806ZM8.88806 7.38818V7.48818H12.5111V7.38818V7.28818H8.88806V7.38818ZM12.5111 7.38818L12.5111 7.48818C12.87 7.48835 13.1611 7.77936 13.1611 8.13818H13.2611H13.3611C13.3611 7.66881 12.9804 7.2884 12.5112 7.28818L12.5111 7.38818ZM13.2611 8.13818L13.1611 8.13815C13.161 8.49691 12.8698 8.78802 12.5111 8.78818L12.5111 8.88818L12.5112 8.98818C12.9803 8.98797 13.3609 8.6074 13.3611 8.13822L13.2611 8.13818ZM12.5111 8.88818V8.78818H8.13806V8.88818V8.98818H12.5111V8.88818ZM8.13806 8.88818V8.78818C7.7792 8.78818 7.48819 8.49707 7.48806 8.13815L7.38806 8.13818L7.28806 8.13822C7.28823 8.60747 7.66867 8.98818 8.13806 8.98818V8.88818ZM7.38806 8.13818H7.48806V3.76514H7.38806H7.28806V8.13818H7.38806ZM7.38806 3.76514H7.48806C7.48806 3.40615 7.77908 3.11514 8.13806 3.11514V3.01514V2.91514C7.66862 2.91514 7.28806 3.29569 7.28806 3.76514H7.38806Z\u0022 fill=\u0022black\u0022\/\u003E\n          \u003C\/svg\u003E\n        \u003C\/span\u003E\n          \u003Cspan class=\u0022\u0022\u003E10:30 - 11:00\u003C\/span\u003E\n        \u003C\/div\u003E\n                \u003C\/div\u003E\n\n          \u003Cdiv class=\u0022card-webinaire-catalog__organisateur\u0022\u003E\n        Par Phibro Animal Health\n      \u003C\/div\u003E\n    \n      \u003Cdiv class=\u0022card-webinaire-catalog__chapo\u0022\u003E\n        \n              \u003C\/div\u003E\n     \u003C\/div\u003E\n  \u003Cdiv class=\u0022card-webinaire-catalog__sponsor\u0022\u003E\n    Contenu sponsoris\u00e9\n  \u003C\/div\u003E\n\u003C\/article\u003E\n\n\u003Carticle  data-component-id=\u0022front:card-article\u0022 class=\u0022card-article group\u0022\u003E\n  \u003Cdiv class=\u0022card-article__image\u0022\u003E\n      \t\t\t\t\t\t\u003Cimg  data-component-id=\u0022front:image\u0022 class=\u0022w-full h-full object-contain absolute inset-0\u0022 src=\u0022\/sites\/plm-magazine\/files\/styles\/teaser\/public\/2025-12\/50de6e9e-46cb-4424-a5b1-ed715719bb49.jpg.webp\u0022 alt=\u0022Robot gaec harel\u0022 title=\u0022Marie Defruit\u0022 loading=\u0022lazy\u0022 width=\u0022480\u0022 height=\u0022297\u0022\u003E          \u003C\/div\u003E\n  \u003Cdiv class=\u0022card-article__body\u0022\u003E\n        \u003Cdiv class=\u0022text-[1.125em] leading-0 card-title\u0022\u003E\n                    \n      \u003Ca class=\u0022card-article__title\u0022 href=\u0022\/index.php\/actualites\/ces-reglages-au-robot-aideront-le-troupeau-a-retrouver-la-forme\u0022 target=\u0022_self\u0022  title=\u0022Ces r\u00e9glages, au robot, aideront le troupeau \u00e0 retrouver la forme\u0022\u003E\n        \t\n\u003Ch2  data-component-id=\u0022front:title\u0022 class=\u0022title title--small inline\u0022 title=\u0022Ces r\u00e9glages, au robot, aideront le troupeau \u00e0 retrouver la forme\u0022\u003ECes r\u00e9glages, au robot, aideront le troupeau \u00e0 retrouver la forme\u003C\/h2\u003E\n      \u003C\/a\u003E\n                \u003Cspan class=\u0022inline-flex align-middle\u0022\u003E\n        \n\u003Cspan  data-component-id=\u0022front:icon-padlock\u0022 class=\u0022icon-padlock icon-padlock--t1\u0022\u003E\n  \n\u003Csvg  data-component-id=\u0022front:icon\u0022 class=\u0022icon icon--padlock\u0022\u003E\n  \u003Cuse xlink:href=\u0022\/themes\/custom\/plm\/dist\/assets\/images\/2e871604ef7778ce3dc1.svg#icon-padlock\u0022\u003E\u003C\/use\u003E\n\u003C\/svg\u003E\n\u003C\/span\u003E\n      \u003C\/span\u003E\n          \u003C\/div\u003E\n    \n\u003Cdiv  data-component-id=\u0022front:wysiwyg\u0022 class=\u0022wysiwyg wysiwyg--small\u0022\u003E\u0022 Troupeau en baisse de forme \u0022\u00a0: comment le d\u00e9tecter et comment r\u00e9agir ? Le cabinet-conseil FDS revient sur cette question d\u0027actualit\u00e9, face aux\u2026\u003C\/div\u003E\n          \u003Cdiv class=\u0022card-article__meta mbs-auto\u0022\u003E\n        \u003Ctime class=\u0022card-article__date\u0022 datetime=\u00222025-12-04T15:10:28+0100\u0022 x-data x-timestamp=\u00222025-12-04T15:10:28+0100\u0022\u003E04 D\u00e9c 2025\u003C\/time\u003E\n              \u003C\/div\u003E\n      \u003C\/div\u003E\n\u003C\/article\u003E\n  \t\t\t\u003Carticle  data-component-id=\u0022front:card-webinaire-catalog\u0022 class=\u0022card-webinaire-catalog group\u0022 data-campagne=\u0022Webi-ELO_SN_2025-Novus_encadre\u0022 data-contentId=\u00223090\u0022 rel=\u0022nofollow\u0022\u003E\n  \u003Cdiv class=\u0022card-webinaire-catalog__image\u0022\u003E\n      \t\t\t\t\t\t\u003Cimg  data-component-id=\u0022front:image\u0022 class=\u0022w-full h-full object-cover absolute inset-0\u0022 src=\u0022\/sites\/plm-magazine\/files\/2026-04\/EVT-EP-ELO_Sante_Nutrition_25-Webi_Novus-accroche.jpg\u0022 alt=\u0022Webinaire Novus\u0022 title=\u0022Webinaire Novus\u0022 loading=\u0022eager\u0022 width=\u0022510\u0022 height=\u0022340\u0022\u003E          \u003Cdiv class=\u0022card-webinaire-catalog__duree \u0022\u003E\n        00:30:00\n      \u003C\/div\u003E\n        \u003Cdiv class=\u0022card-webinaire-catalog__badges\u0022\u003E\n      \t\t\n\u003Cspan  data-component-id=\u0022front:button-expand\u0022 class=\u0022button-expand button-expand--shadowed transition-within-parent\u0022 x-data=\u0022buttonExpand\u0022 :style=\u0022{ \u0026quot;--button-expand-label-width\u0026quot;: labelWidth }\u0022\u003E\n  \u003Cspan class=\u0022button-expand__icon\u0022\u003E\n    \n\u003Csvg  data-component-id=\u0022front:icon\u0022 class=\u0022icon icon--webinar\u0022\u003E\n  \u003Cuse xlink:href=\u0022\/themes\/custom\/plm\/dist\/assets\/images\/2e871604ef7778ce3dc1.svg#icon-webinar\u0022\u003E\u003C\/use\u003E\n\u003C\/svg\u003E\n  \u003C\/span\u003E\n  \u003Cspan class=\u0022button-expand__label\u0022 x-ref=\u0022label\u0022\u003Ewebinaire\u003C\/span\u003E\n\u003C\/span\u003E\n    \u003C\/div\u003E\n  \u003C\/div\u003E\n \u003Cdiv class=\u0022card-webinaire-catalog__body\u0022\u003E\n    \u003Cdiv class=\u0022text-[1.125em] leading-0 card-title\u0022\u003E\n            \u003Ca class=\u0022card-webinaire-catalog__title\u0022 href=\u0022\/webinaires\/management-des-boiteries-par-la-micronutrition-et-la-conduite-d-elevage\u0022 target=\u0022_self\u0022  data-campagne=\u0022Webi-ELO_SN_2025-Novus_encadre\u0022 data-contentId=\u00223090\u0022 rel=\u0022nofollow\u0022 title=\u0022Management des boiteries par la micronutrition et la conduite d\u0026#039;\u00e9levage\u0022\u003E\n        \n\u003Ch2  data-component-id=\u0022front:title\u0022 class=\u0022title title--small inline\u0022\u003EManagement des boiteries par la micronutrition et la conduite d\u0026#039;\u00e9levage\u003C\/h2\u003E\n      \u003C\/a\u003E\n                \u003C\/div\u003E\n\n    \u003Cdiv class=\u0022card-webinaire-catalog__date-info\u0022\u003E\n            \u003Cdiv class=\u0022card-webinaire-catalog__date\u0022\u003EReplay du\u0026nbsp;09\u0026nbsp;d\u00e9cembre\u0026nbsp;2025\u003C\/div\u003E\n                \u003C\/div\u003E\n\n          \u003Cdiv class=\u0022card-webinaire-catalog__organisateur\u0022\u003E\n        Par Novus\n      \u003C\/div\u003E\n    \n      \u003Cdiv class=\u0022card-webinaire-catalog__chapo\u0022\u003E\n        \n              \u003C\/div\u003E\n     \u003C\/div\u003E\n  \u003Cdiv class=\u0022card-webinaire-catalog__sponsor\u0022\u003E\n    Contenu sponsoris\u00e9\n  \u003C\/div\u003E\n\u003C\/article\u003E\n\n\u003Carticle  data-component-id=\u0022front:card-article\u0022 class=\u0022card-article group\u0022\u003E\n  \u003Cdiv class=\u0022card-article__image\u0022\u003E\n      \t\t\t\t\t\t\u003Cimg  data-component-id=\u0022front:image\u0022 class=\u0022w-full h-full object-contain absolute inset-0\u0022 src=\u0022\/sites\/plm-magazine\/files\/styles\/teaser\/public\/2025-12\/71f3f1f4-962e-4578-81d6-10a63134d623.jpg.webp\u0022 alt=\u0022Pour m\u00e9moire, les 20 premiers en 2025\u0022 title=\u0022B\u00e9atrice Colleu\u0022 loading=\u0022lazy\u0022 width=\u0022444\u0022 height=\u0022320\u0022\u003E          \u003Cdiv class=\u0022card-article__tags\u0022\u003E\n                  \u003Cspan class=\u0022card-article__badges\u0022\u003E\n                      \t\t\n\u003Cspan  data-component-id=\u0022front:button-expand\u0022 class=\u0022button-expand button-expand--shadowed transition-within-parent\u0022 x-data=\u0022buttonExpand\u0022 :style=\u0022{ \u0026quot;--button-expand-label-width\u0026quot;: labelWidth }\u0022\u003E\n  \u003Cspan class=\u0022button-expand__icon\u0022\u003E\n    \n\u003Csvg  data-component-id=\u0022front:icon\u0022 class=\u0022icon icon--download\u0022\u003E\n  \u003Cuse xlink:href=\u0022\/themes\/custom\/plm\/dist\/assets\/images\/2e871604ef7778ce3dc1.svg#icon-download\u0022\u003E\u003C\/use\u003E\n\u003C\/svg\u003E\n  \u003C\/span\u003E\n  \u003Cspan class=\u0022button-expand__label\u0022 x-ref=\u0022label\u0022\u003ET\u00e9l\u00e9chargement\u003C\/span\u003E\n\u003C\/span\u003E\n                \u003C\/span\u003E\n                      \u003C\/div\u003E\n          \u003C\/div\u003E\n  \u003Cdiv class=\u0022card-article__body\u0022\u003E\n        \u003Cdiv class=\u0022text-[1.125em] leading-0 card-title\u0022\u003E\n                    \n      \u003Ca class=\u0022card-article__title\u0022 href=\u0022\/index.php\/a-telecharger\/top-liste-plm-2026-les-seuils-minimaux-de-matiere-utile-sont-releves\u0022 target=\u0022_self\u0022  title=\u0022Top Liste PLM 2026. Les seuils minimaux de mati\u00e8re utile sont relev\u00e9s\u0022\u003E\n        \t\n\u003Ch2  data-component-id=\u0022front:title\u0022 class=\u0022title title--small inline\u0022 title=\u0022Top Liste PLM 2026. Les seuils minimaux de mati\u00e8re utile sont relev\u00e9s\u0022\u003ETop Liste PLM 2026. Les seuils minimaux de mati\u00e8re utile sont relev\u00e9s\u003C\/h2\u003E\n      \u003C\/a\u003E\n                \u003C\/div\u003E\n    \n\u003Cdiv  data-component-id=\u0022front:wysiwyg\u0022 class=\u0022wysiwyg wysiwyg--small\u0022\u003ELa Top Liste PLM propose plusieurs classements, sur la mati\u00e8re utile produite : par race, par syst\u00e8me de traite, en conventionnel et en agriculture\u2026\u003C\/div\u003E\n          \u003Cdiv class=\u0022card-article__meta mbs-auto\u0022\u003E\n        \u003Ctime class=\u0022card-article__date\u0022 datetime=\u00222025-12-03T05:00:00+0100\u0022 x-data x-timestamp=\u00222025-12-03T05:00:00+0100\u0022\u003E03 D\u00e9c 2025\u003C\/time\u003E\n              \u003C\/div\u003E\n      \u003C\/div\u003E\n\u003C\/article\u003E\n\n\u003Carticle  data-component-id=\u0022front:card-article\u0022 class=\u0022card-article group\u0022\u003E\n  \u003Cdiv class=\u0022card-article__image\u0022\u003E\n      \t\t\t\t\t\t\u003Cimg  data-component-id=\u0022front:image\u0022 class=\u0022w-full h-full object-contain absolute inset-0\u0022 src=\u0022\/sites\/plm-magazine\/files\/styles\/teaser\/public\/2025-12\/fc4e2f17-2a6d-4f65-9841-b95d3f3cfa45.jpg.webp\u0022 alt=\u0022Nouvelle chargeuse New Holland, con\u00e7ue pour les chantiers d\u0026#039;ensilage\u0022 title=\u0022New Holland\u0022 loading=\u0022lazy\u0022 width=\u0022480\u0022 height=\u0022320\u0022\u003E          \u003C\/div\u003E\n  \u003Cdiv class=\u0022card-article__body\u0022\u003E\n        \u003Cdiv class=\u0022text-[1.125em] leading-0 card-title\u0022\u003E\n                    \n      \u003Ca class=\u0022card-article__title\u0022 href=\u0022\/index.php\/actualites\/new-holland-lance-une-chargeuse-dediee-aux-chantiers-d-ensilage\u0022 target=\u0022_self\u0022  title=\u0022New Holland lance une chargeuse d\u00e9di\u00e9e aux chantiers d\u0026#039;ensilage\u0022\u003E\n        \t\n\u003Ch2  data-component-id=\u0022front:title\u0022 class=\u0022title title--small inline\u0022 title=\u0022New Holland lance une chargeuse d\u00e9di\u00e9e aux chantiers d\u0026#039;ensilage\u0022\u003ENew Holland lance une chargeuse d\u00e9di\u00e9e aux chantiers d\u0026#039;ensilage\u003C\/h2\u003E\n      \u003C\/a\u003E\n                \u003C\/div\u003E\n    \n\u003Cdiv  data-component-id=\u0022front:wysiwyg\u0022 class=\u0022wysiwyg wysiwyg--small\u0022\u003ENew Holland a d\u00e9voil\u00e9 \u00e0 Agritechnica la W170D+ Forage Power. Cette nouvelle chargeuse sur pneus est sp\u00e9cialement con\u00e7ue pour la gestion des chantiers\u2026\u003C\/div\u003E\n          \u003Cdiv class=\u0022card-article__meta mbs-auto\u0022\u003E\n        \u003Ctime class=\u0022card-article__date\u0022 datetime=\u00222025-12-02T02:35:00+0100\u0022 x-data x-timestamp=\u00222025-12-02T02:35:00+0100\u0022\u003E02 D\u00e9c 2025\u003C\/time\u003E\n              \u003C\/div\u003E\n      \u003C\/div\u003E\n\u003C\/article\u003E\n\n\u003Carticle  data-component-id=\u0022front:card-article\u0022 class=\u0022card-article group\u0022\u003E\n  \u003Cdiv class=\u0022card-article__image\u0022\u003E\n      \t\t\t\t\t\t\u003Cimg  data-component-id=\u0022front:image\u0022 class=\u0022w-full h-full object-contain absolute inset-0\u0022 src=\u0022\/sites\/plm-magazine\/files\/styles\/teaser\/public\/2025-12\/4fb2627f-85b9-44ca-9b29-bfffeea9edf5.jpg.webp\u0022 alt=\u0022grande menu\u00e8re ancien b\u00e2timent\u0022 title=\u0022Marie Defruit\u0022 loading=\u0022lazy\u0022 width=\u0022480\u0022 height=\u0022320\u0022\u003E          \u003Cdiv class=\u0022card-article__tags\u0022\u003E\n                  \u003Cspan class=\u0022card-article__badges\u0022\u003E\n                      \t\t\n\u003Cspan  data-component-id=\u0022front:button-expand\u0022 class=\u0022button-expand button-expand--shadowed transition-within-parent\u0022 x-data=\u0022buttonExpand\u0022 :style=\u0022{ \u0026quot;--button-expand-label-width\u0026quot;: labelWidth }\u0022\u003E\n  \u003Cspan class=\u0022button-expand__icon\u0022\u003E\n    \n\u003Csvg  data-component-id=\u0022front:icon\u0022 class=\u0022icon icon--video\u0022\u003E\n  \u003Cuse xlink:href=\u0022\/themes\/custom\/plm\/dist\/assets\/images\/2e871604ef7778ce3dc1.svg#icon-video\u0022\u003E\u003C\/use\u003E\n\u003C\/svg\u003E\n  \u003C\/span\u003E\n  \u003Cspan class=\u0022button-expand__label\u0022 x-ref=\u0022label\u0022\u003EVid\u00e9o\u003C\/span\u003E\n\u003C\/span\u003E\n                \u003C\/span\u003E\n                      \u003C\/div\u003E\n          \u003C\/div\u003E\n  \u003Cdiv class=\u0022card-article__body\u0022\u003E\n        \u003Cdiv class=\u0022text-[1.125em] leading-0 card-title\u0022\u003E\n                    \n      \u003Ca class=\u0022card-article__title\u0022 href=\u0022\/index.php\/video-vache\/arrivee-d-un-nouveau-robot-comment-ont-ils-reamenage-l-espace-0\u0022 target=\u0022_self\u0022  title=\u0022Arriv\u00e9e d\u0026#039;un nouveau robot. Comment ont-ils r\u00e9am\u00e9nag\u00e9 l\u0026#039;espace ?\u0022\u003E\n        \t\n\u003Ch2  data-component-id=\u0022front:title\u0022 class=\u0022title title--small inline\u0022 title=\u0022Arriv\u00e9e d\u0026#039;un nouveau robot. Comment ont-ils r\u00e9am\u00e9nag\u00e9 l\u0026#039;espace ?\u0022\u003EArriv\u00e9e d\u0026#039;un nouveau robot. Comment ont-ils r\u00e9am\u00e9nag\u00e9 l\u0026#039;espace ?\u003C\/h2\u003E\n      \u003C\/a\u003E\n                \u003Cspan class=\u0022inline-flex align-middle\u0022\u003E\n        \n\u003Cspan  data-component-id=\u0022front:icon-padlock\u0022 class=\u0022icon-padlock icon-padlock--t1\u0022\u003E\n  \n\u003Csvg  data-component-id=\u0022front:icon\u0022 class=\u0022icon icon--padlock\u0022\u003E\n  \u003Cuse xlink:href=\u0022\/themes\/custom\/plm\/dist\/assets\/images\/2e871604ef7778ce3dc1.svg#icon-padlock\u0022\u003E\u003C\/use\u003E\n\u003C\/svg\u003E\n\u003C\/span\u003E\n      \u003C\/span\u003E\n          \u003C\/div\u003E\n    \n\u003Cdiv  data-component-id=\u0022front:wysiwyg\u0022 class=\u0022wysiwyg wysiwyg--small\u0022\u003ECharles Gautier, associ\u00e9 de la Scea de la Grande Menu\u00e8re, vous raconte comment ils ont r\u00e9organis\u00e9 l\u0027espace, autour des robots, dans leur ancien\u2026\u003C\/div\u003E\n          \u003Cdiv class=\u0022card-article__meta mbs-auto\u0022\u003E\n        \u003Ctime class=\u0022card-article__date\u0022 datetime=\u00222025-12-01T15:31:10+0100\u0022 x-data x-timestamp=\u00222025-12-01T15:31:10+0100\u0022\u003E01 D\u00e9c 2025\u003C\/time\u003E\n              \u003C\/div\u003E\n      \u003C\/div\u003E\n\u003C\/article\u003E\n\n\u003Carticle  data-component-id=\u0022front:card-article\u0022 class=\u0022card-article group\u0022\u003E\n  \u003Cdiv class=\u0022card-article__image\u0022\u003E\n      \t\t\t\t\t\t\u003Cimg  data-component-id=\u0022front:image\u0022 class=\u0022w-full h-full object-contain absolute inset-0\u0022 src=\u0022\/sites\/plm-magazine\/files\/styles\/teaser\/public\/2025-11\/2f81648e-4565-4c4b-a962-cec53d4210df.jpg.webp\u0022 alt=\u0022La nouvelle Disco 1100 Direct Swather offre une largeur de travail allant de 9,70 \u00e0 10,70 m.\u0022 title=\u0022Claas\u0022 loading=\u0022lazy\u0022 width=\u0022428\u0022 height=\u0022320\u0022\u003E          \u003C\/div\u003E\n  \u003Cdiv class=\u0022card-article__body\u0022\u003E\n        \u003Cdiv class=\u0022text-[1.125em] leading-0 card-title\u0022\u003E\n                    \n      \u003Ca class=\u0022card-article__title\u0022 href=\u0022\/index.php\/actualites\/claas-nouvelle-faucheuse-disco-1100-a-vis-d-andainage-coniques\u0022 target=\u0022_self\u0022  title=\u0022Claas. Nouvelle faucheuse Disco 1100 \u00e0 vis d\u0026#039;andainage coniques\u0022\u003E\n        \t\n\u003Ch2  data-component-id=\u0022front:title\u0022 class=\u0022title title--small inline\u0022 title=\u0022Claas. Nouvelle faucheuse Disco 1100 \u00e0 vis d\u0026#039;andainage coniques\u0022\u003EClaas. Nouvelle faucheuse Disco 1100 \u00e0 vis d\u0026#039;andainage coniques\u003C\/h2\u003E\n      \u003C\/a\u003E\n                \u003C\/div\u003E\n    \n\u003Cdiv  data-component-id=\u0022front:wysiwyg\u0022 class=\u0022wysiwyg wysiwyg--small\u0022\u003EAvec la nouvelle Disco 1100 Direct Swather, Claas \u00e9largit sa gamme de faucheuses grande largeur \u0022 avec un nouveau mod\u00e8le \u00e0 andainage variable \u0022.\u003C\/div\u003E\n          \u003Cdiv class=\u0022card-article__meta mbs-auto\u0022\u003E\n        \u003Ctime class=\u0022card-article__date\u0022 datetime=\u00222025-11-29T06:40:00+0100\u0022 x-data x-timestamp=\u00222025-11-29T06:40:00+0100\u0022\u003E29 Nov 2025\u003C\/time\u003E\n              \u003C\/div\u003E\n      \u003C\/div\u003E\n\u003C\/article\u003E\n\n\u003Carticle  data-component-id=\u0022front:card-article\u0022 class=\u0022card-article group\u0022\u003E\n  \u003Cdiv class=\u0022card-article__image\u0022\u003E\n      \t\t\t\t\t\t\u003Cimg  data-component-id=\u0022front:image\u0022 class=\u0022w-full h-full object-contain absolute inset-0\u0022 src=\u0022\/sites\/plm-magazine\/files\/styles\/teaser\/public\/2025-11\/5971c9dd-8717-44fc-a2ad-ebb2a188d543.jpg.webp\u0022 alt=\u0022Poudre de lait, cr^\u00e8me, beurres et fromages s\u0026#039;exportent vers la Chine\u0022 title=\u0022NguyenThi - stock.adobe.com\u0022 loading=\u0022lazy\u0022 width=\u0022480\u0022 height=\u0022270\u0022\u003E          \u003C\/div\u003E\n  \u003Cdiv class=\u0022card-article__body\u0022\u003E\n        \u003Cdiv class=\u0022text-[1.125em] leading-0 card-title\u0022\u003E\n                    \n      \u003Ca class=\u0022card-article__title\u0022 href=\u0022\/index.php\/actualites\/le-cniel-encourage-a-preserver-l-acces-au-marche-chinois\u0022 target=\u0022_self\u0022  title=\u0022Le Cniel encourage \u00e0 pr\u00e9server l\u0026#039;acc\u00e8s au march\u00e9 chinois\u0022\u003E\n        \t\n\u003Ch2  data-component-id=\u0022front:title\u0022 class=\u0022title title--small inline\u0022 title=\u0022Le Cniel encourage \u00e0 pr\u00e9server l\u0026#039;acc\u00e8s au march\u00e9 chinois\u0022\u003ELe Cniel encourage \u00e0 pr\u00e9server l\u0026#039;acc\u00e8s au march\u00e9 chinois\u003C\/h2\u003E\n      \u003C\/a\u003E\n                \u003C\/div\u003E\n    \n\u003Cdiv  data-component-id=\u0022front:wysiwyg\u0022 class=\u0022wysiwyg wysiwyg--small\u0022\u003ELa fili\u00e8re laiti\u00e8re fran\u00e7aise soutient pleinement l\u0027action diplomatique engag\u00e9e par la France pour pr\u00e9server l\u0027acc\u00e8s au march\u00e9 chinois, a indiqu\u00e9 le\u2026\u003C\/div\u003E\n          \u003Cdiv class=\u0022card-article__meta mbs-auto\u0022\u003E\n        \u003Ctime class=\u0022card-article__date\u0022 datetime=\u00222025-11-28T14:52:00+0100\u0022 x-data x-timestamp=\u00222025-11-28T14:52:00+0100\u0022\u003E28 Nov 2025\u003C\/time\u003E\n              \u003C\/div\u003E\n      \u003C\/div\u003E\n\u003C\/article\u003E\n\n\u003Carticle  data-component-id=\u0022front:card-article\u0022 class=\u0022card-article group\u0022\u003E\n  \u003Cdiv class=\u0022card-article__image\u0022\u003E\n      \t\t\t\t\t\t\u003Cimg  data-component-id=\u0022front:image\u0022 class=\u0022w-full h-full object-contain absolute inset-0\u0022 src=\u0022\/sites\/plm-magazine\/files\/styles\/teaser\/public\/2018-11\/6ca1d29a-b34b-43d2-9056-aa0b912bbf11.jpg.webp\u0022 alt=\u0022Parc roulante grande menu\u00e8re\u0022 title=\u0022Marie Defruit\u0022 loading=\u0022lazy\u0022 width=\u0022480\u0022 height=\u0022320\u0022\u003E          \u003Cdiv class=\u0022card-article__tags\u0022\u003E\n                  \u003Cspan class=\u0022card-article__badges\u0022\u003E\n                      \t\t\n\u003Cspan  data-component-id=\u0022front:button-expand\u0022 class=\u0022button-expand button-expand--shadowed transition-within-parent\u0022 x-data=\u0022buttonExpand\u0022 :style=\u0022{ \u0026quot;--button-expand-label-width\u0026quot;: labelWidth }\u0022\u003E\n  \u003Cspan class=\u0022button-expand__icon\u0022\u003E\n    \n\u003Csvg  data-component-id=\u0022front:icon\u0022 class=\u0022icon icon--video\u0022\u003E\n  \u003Cuse xlink:href=\u0022\/themes\/custom\/plm\/dist\/assets\/images\/2e871604ef7778ce3dc1.svg#icon-video\u0022\u003E\u003C\/use\u003E\n\u003C\/svg\u003E\n  \u003C\/span\u003E\n  \u003Cspan class=\u0022button-expand__label\u0022 x-ref=\u0022label\u0022\u003EVid\u00e9o\u003C\/span\u003E\n\u003C\/span\u003E\n                \u003C\/span\u003E\n                      \u003C\/div\u003E\n          \u003C\/div\u003E\n  \u003Cdiv class=\u0022card-article__body\u0022\u003E\n        \u003Cdiv class=\u0022text-[1.125em] leading-0 card-title\u0022\u003E\n                    \n      \u003Ca class=\u0022card-article__title\u0022 href=\u0022\/index.php\/video-vache\/en-action-un-parc-mobile-fait-sur-mesure\u0022 target=\u0022_self\u0022  title=\u0022En action. Un parc mobile fait sur-mesure\u0022\u003E\n        \t\n\u003Ch2  data-component-id=\u0022front:title\u0022 class=\u0022title title--small inline\u0022 title=\u0022En action. Un parc mobile fait sur-mesure\u0022\u003EEn action. Un parc mobile fait sur-mesure\u003C\/h2\u003E\n      \u003C\/a\u003E\n                \u003Cspan class=\u0022inline-flex align-middle\u0022\u003E\n        \n\u003Cspan  data-component-id=\u0022front:icon-padlock\u0022 class=\u0022icon-padlock icon-padlock--t1\u0022\u003E\n  \n\u003Csvg  data-component-id=\u0022front:icon\u0022 class=\u0022icon icon--padlock\u0022\u003E\n  \u003Cuse xlink:href=\u0022\/themes\/custom\/plm\/dist\/assets\/images\/2e871604ef7778ce3dc1.svg#icon-padlock\u0022\u003E\u003C\/use\u003E\n\u003C\/svg\u003E\n\u003C\/span\u003E\n      \u003C\/span\u003E\n          \u003C\/div\u003E\n    \n\u003Cdiv  data-component-id=\u0022front:wysiwyg\u0022 class=\u0022wysiwyg wysiwyg--small\u0022\u003EVoici une id\u00e9e astucieuse d\u0027\u00e9leveur, pour d\u00e9placer les groupes d\u0027animaux sur la ferme en \u00e9tant tout seul.\r\nIci, pas de fils tendus ni de b\u00e9taill\u00e8re,\u2026\u003C\/div\u003E\n          \u003Cdiv class=\u0022card-article__meta mbs-auto\u0022\u003E\n        \u003Ctime class=\u0022card-article__date\u0022 datetime=\u00222025-11-27T10:02:43+0100\u0022 x-data x-timestamp=\u00222025-11-27T10:02:43+0100\u0022\u003E27 Nov 2025\u003C\/time\u003E\n              \u003C\/div\u003E\n      \u003C\/div\u003E\n\u003C\/article\u003E\n  \t\t\t\u003Carticle  data-component-id=\u0022front:card-webinaire-catalog\u0022 class=\u0022card-webinaire-catalog group\u0022 data-campagne=\u0022Webi-ELO_SN_2025-Ceva_encadre\u0022 data-contentId=\u00223091\u0022 rel=\u0022nofollow\u0022\u003E\n  \u003Cdiv class=\u0022card-webinaire-catalog__image\u0022\u003E\n      \t\t\t\t\t\t\u003Cimg  data-component-id=\u0022front:image\u0022 class=\u0022w-full h-full object-cover absolute inset-0\u0022 src=\u0022\/sites\/plm-magazine\/files\/2026-04\/EVT-EP-ELO_Sante_Nutrition_25-Webi_ceva-accroche.jpg\u0022 alt=\u0022Webinaire Ceva\u0022 title=\u0022Webinaire Ceva\u0022 loading=\u0022eager\u0022 width=\u0022510\u0022 height=\u0022340\u0022\u003E          \u003Cdiv class=\u0022card-webinaire-catalog__duree \u0022\u003E\n        00:30:00\n      \u003C\/div\u003E\n        \u003Cdiv class=\u0022card-webinaire-catalog__badges\u0022\u003E\n      \t\t\n\u003Cspan  data-component-id=\u0022front:button-expand\u0022 class=\u0022button-expand button-expand--shadowed transition-within-parent\u0022 x-data=\u0022buttonExpand\u0022 :style=\u0022{ \u0026quot;--button-expand-label-width\u0026quot;: labelWidth }\u0022\u003E\n  \u003Cspan class=\u0022button-expand__icon\u0022\u003E\n    \n\u003Csvg  data-component-id=\u0022front:icon\u0022 class=\u0022icon icon--webinar\u0022\u003E\n  \u003Cuse xlink:href=\u0022\/themes\/custom\/plm\/dist\/assets\/images\/2e871604ef7778ce3dc1.svg#icon-webinar\u0022\u003E\u003C\/use\u003E\n\u003C\/svg\u003E\n  \u003C\/span\u003E\n  \u003Cspan class=\u0022button-expand__label\u0022 x-ref=\u0022label\u0022\u003Ewebinaire\u003C\/span\u003E\n\u003C\/span\u003E\n    \u003C\/div\u003E\n  \u003C\/div\u003E\n \u003Cdiv class=\u0022card-webinaire-catalog__body\u0022\u003E\n    \u003Cdiv class=\u0022text-[1.125em] leading-0 card-title\u0022\u003E\n            \u003Ca class=\u0022card-webinaire-catalog__title\u0022 href=\u0022\/webinaires\/proteger-le-troupeau-laitier-prevention-et-rentabilite-face-aux-maladies-vectorielles\u0022 target=\u0022_self\u0022  data-campagne=\u0022Webi-ELO_SN_2025-Ceva_encadre\u0022 data-contentId=\u00223091\u0022 rel=\u0022nofollow\u0022 title=\u0022Prot\u00e9ger le troupeau laitier : pr\u00e9vention et rentabilit\u00e9 face aux maladies vectorielles\u0022\u003E\n        \n\u003Ch2  data-component-id=\u0022front:title\u0022 class=\u0022title title--small inline\u0022\u003EProt\u00e9ger le troupeau laitier : pr\u00e9vention et rentabilit\u00e9 face aux maladies\u2026\u003C\/h2\u003E\n      \u003C\/a\u003E\n                \u003C\/div\u003E\n\n    \u003Cdiv class=\u0022card-webinaire-catalog__date-info\u0022\u003E\n            \u003Cdiv class=\u0022card-webinaire-catalog__date\u0022\u003EReplay du\u0026nbsp;09\u0026nbsp;d\u00e9cembre\u0026nbsp;2025\u003C\/div\u003E\n                \u003C\/div\u003E\n\n          \u003Cdiv class=\u0022card-webinaire-catalog__organisateur\u0022\u003E\n        Par Ceva Sant\u00e9 Animale\n      \u003C\/div\u003E\n    \n      \u003Cdiv class=\u0022card-webinaire-catalog__chapo\u0022\u003E\n        \n              \u003C\/div\u003E\n     \u003C\/div\u003E\n  \u003Cdiv class=\u0022card-webinaire-catalog__sponsor\u0022\u003E\n    Contenu sponsoris\u00e9\n  \u003C\/div\u003E\n\u003C\/article\u003E\n\n          \u003C\/div\u003E\n                      \u003Cdiv class=\u0022flex justify-center mbs-8\u0022\u003E    \u003Cnav class=\u0022pager\u0022 aria-labelledby=\u0022pager-681023916\u0022\u003E\n    \u003Ch2 class=\u0022sr-only\u0022 id=\u0022pager-681023916\u0022\u003EPagination\u003C\/h2\u003E\n          \t\t\t\t\n\u003Ca  data-component-id=\u0022front:button-icon\u0022 class=\u0022button-icon button-icon--primary\u0022 href=\u0022\/index.php\/recherche-ajax?page=2\u0022 title=\u0022Aller \u00e0 la page pr\u00e9c\u00e9dente\u0022 rel=\u0022prev\u0022 aria-label=\u0022Page pr\u00e9c\u00e9dente\u0022\u003E\n  \n\u003Csvg  data-component-id=\u0022front:icon\u0022 class=\u0022icon icon--arrow-left\u0022\u003E\n  \u003Cuse xlink:href=\u0022\/themes\/custom\/plm\/dist\/assets\/images\/2e871604ef7778ce3dc1.svg#icon-arrow-left\u0022\u003E\u003C\/use\u003E\n\u003C\/svg\u003E\n\u003C\/a\u003E\n    \u003Cul class=\u0022pager__items\u0022\u003E\n                    \u003Cli class=\u0022leading-0\u0022\u003E\n          \u003Ca\n            class=\u0022pager-item pager-item--first\u0022\n            href=\u0022\/index.php\/recherche-ajax?\u0022\n            title=\u0022Aller \u00e0 la premi\u00e8re page\u0022\n            \n          \u003E\n            \u003Cspan class=\u0022sr-only\u0022\u003EPremi\u00e8re page\u003C\/span\u003E\n            \u003Cspan aria-hidden=\u0022true\u0022\u003E1\u003C\/span\u003E\n          \u003C\/a\u003E\n        \u003C\/li\u003E\n        \u003Cli class=\u0022leading-0\u0022\u003E\n          \u003Cspan class=\u0022pager-item pager-item--ellipsis\u0022\u003E\u0026hellip;\u003C\/span\u003E\n        \u003C\/li\u003E\n                          \u003Cli class=\u0022leading-0\u0022\u003E\n                                                    \u003Ca\n            class=\u0022pager-item\u0022\n            href=\u0022\/index.php\/recherche-ajax?page=1\u0022\n            title=\u0022Aller \u00e0 la page 2\u0022\n            \n          \u003E\n            \u003Cspan class=\u0022sr-only\u0022\u003EPage\u003C\/span\u003E2\u003C\/a\u003E\n        \u003C\/li\u003E\n              \u003Cli class=\u0022leading-0\u0022\u003E\n                                                    \u003Ca\n            class=\u0022pager-item\u0022\n            href=\u0022\/index.php\/recherche-ajax?page=2\u0022\n            title=\u0022Aller \u00e0 la page 3\u0022\n            \n          \u003E\n            \u003Cspan class=\u0022sr-only\u0022\u003EPage\u003C\/span\u003E3\u003C\/a\u003E\n        \u003C\/li\u003E\n              \u003Cli class=\u0022leading-0\u0022\u003E\n                                                                \u003Ca\n            class=\u0022pager-item is-active\u0022\n            href=\u0022\/index.php\/recherche-ajax?page=3\u0022\n            title=\u0022Page courante\u0022\n             aria-current=\u0022page\u0022\n          \u003E\n            \u003Cspan class=\u0022sr-only\u0022\u003EPage\u003C\/span\u003E4\u003C\/a\u003E\n        \u003C\/li\u003E\n              \u003Cli class=\u0022leading-0\u0022\u003E\n                                                    \u003Ca\n            class=\u0022pager-item\u0022\n            href=\u0022\/index.php\/recherche-ajax?page=4\u0022\n            title=\u0022Aller \u00e0 la page 5\u0022\n            \n          \u003E\n            \u003Cspan class=\u0022sr-only\u0022\u003EPage\u003C\/span\u003E5\u003C\/a\u003E\n        \u003C\/li\u003E\n              \u003Cli class=\u0022leading-0\u0022\u003E\n                                                    \u003Ca\n            class=\u0022pager-item\u0022\n            href=\u0022\/index.php\/recherche-ajax?page=5\u0022\n            title=\u0022Aller \u00e0 la page 6\u0022\n            \n          \u003E\n            \u003Cspan class=\u0022sr-only\u0022\u003EPage\u003C\/span\u003E6\u003C\/a\u003E\n        \u003C\/li\u003E\n                          \u003Cli class=\u0022leading-0\u0022\u003E\n          \u003Cspan class=\u0022pager-item pager-item--ellipsis\u0022\u003E\u0026hellip;\u003C\/span\u003E\n        \u003C\/li\u003E\n        \u003Cli class=\u0022leading-0\u0022\u003E\n          \u003Ca\n            class=\u0022pager-item pager-item--last\u0022\n            href=\u0022\/index.php\/recherche-ajax?page=79\u0022\n            title=\u0022Aller \u00e0 la derni\u00e8re page\u0022\n            \n          \u003E\n            \u003Cspan class=\u0022sr-only\u0022\u003EDerni\u00e8re page\u003C\/span\u003E\n            \u003Cspan aria-hidden=\u0022true\u0022\u003E80\u003C\/span\u003E\n          \u003C\/a\u003E\n        \u003C\/li\u003E\n          \u003C\/ul\u003E\n          \t\t\t\t\n\u003Ca  data-component-id=\u0022front:button-icon\u0022 class=\u0022button-icon button-icon--primary\u0022 href=\u0022\/index.php\/recherche-ajax?page=4\u0022 title=\u0022Aller \u00e0 la page suivante\u0022 rel=\u0022next\u0022 aria-label=\u0022Page suivante\u0022\u003E\n  \n\u003Csvg  data-component-id=\u0022front:icon\u0022 class=\u0022icon icon--arrow-right\u0022\u003E\n  \u003Cuse xlink:href=\u0022\/themes\/custom\/plm\/dist\/assets\/images\/2e871604ef7778ce3dc1.svg#icon-arrow-right\u0022\u003E\u003C\/use\u003E\n\u003C\/svg\u003E\n\u003C\/a\u003E\n  \u003C\/nav\u003E\n\u003C\/div\u003E\n                  \u003C\/div\u003E\n      \u003C\/div\u003E\n    \n"}