{"data":"    \n          \u003Cdiv class=\u0022th-section-gray-lighter\u0022\u003E\n        \u003Cdiv class=\u0022th-container pbe-8 sm:pbe-10\u0022\u003E\n          \u003Cdiv class=\u0022flex items-center justify-end pt-3 lg:pt-5 gap-2\u0022\u003E\n            \u003Cspan class=\u0022search-results-number flex-grow text-secondary\u0022\u003E2863 r\u00e9sultats\u003Cspan class=\u0022mobile-hidden\u0022\u003E\u0026nbsp;trouv\u00e9s\u003C\/span\u003E\u003C\/span\u003E\n            \u003Cdiv class=\u0022mobile-hidden\u0022\u003E\u003Cdiv class=\u0022form-item form-item--type-select form-item--name-order js-form-item js-form-type-select js-form-item-order\u0022\u003E\n      \u003Clabel for=\u0022edit-order\u0022\u003E\u003Cspan class=\u0022label-title\u0022\u003ETrier par\u003C\/span\u003E\u003C\/label\u003E\n            \u003Cdiv class=\u0022form-item__input-wrapper\u0022\u003E\n      \u003Cselect form=\u0022main-catalog-offer\u0022 data-drupal-selector=\u0022edit-order\u0022 id=\u0022edit-order\u0022 name=\u0022order\u0022 class=\u0022form-select\u0022 x-data x-select\u003E\n            \u003Coption value=\u0022score\u0022 selected=\u0022selected\u0022\u003EPertinence\u003C\/option\u003E\n                \u003Coption value=\u0022date-desc\u0022\u003ELes plus r\u00e9cents\u003C\/option\u003E\n                \u003Coption value=\u0022date-asc\u0022\u003ELes plus anciens\u003C\/option\u003E\n      \u003C\/select\u003E\n\n    \u003C\/div\u003E\n          \u003C\/div\u003E\n\u003C\/div\u003E\n            \u003Cfieldset form=\u0022main-catalog-offer\u0022 data-drupal-selector=\u0022edit-view\u0022 id=\u0022edit-view--wrapper\u0022 class=\u0022fieldgroup form-composite form-wrapper js-form-wrapper\u0022\u003E\n      \u003Clegend class=\u0022fieldset-legend\u0022\u003E\n    \u003Cspan\u003EAffichage: \u003C\/span\u003E\n  \u003C\/legend\u003E\n  \u003Cdiv class=\u0022fieldset-wrapper\u0022\u003E\n                \u003Cdiv id=\u0022edit-view\u0022 class=\u0022form-boxes\u0022\u003E\u003Cdiv class=\u0022form-item form-item--type-radio form-item--name-view js-form-item js-form-type-radio js-form-item-view\u0022\u003E\n            \u003Cinput form=\u0022main-catalog-offer\u0022 data-drupal-selector=\u0022edit-view-card\u0022 type=\u0022radio\u0022 id=\u0022edit-view-card\u0022 name=\u0022view\u0022 value=\u0022card\u0022 checked=\u0022checked\u0022 class=\u0022form-radio\u0022 \/\u003E\n\n          \u003Clabel for=\u0022edit-view-card\u0022 class=\u0022option\u0022\u003E\u003Cspan class=\u0022label-title\u0022\u003ECarte\u003C\/span\u003E\u003C\/label\u003E\n      \u003C\/div\u003E\n\u003Cdiv class=\u0022form-item form-item--type-radio form-item--name-view js-form-item js-form-type-radio js-form-item-view\u0022\u003E\n            \u003Cinput form=\u0022main-catalog-offer\u0022 data-drupal-selector=\u0022edit-view-ligne\u0022 type=\u0022radio\u0022 id=\u0022edit-view-ligne\u0022 name=\u0022view\u0022 value=\u0022ligne\u0022 class=\u0022form-radio\u0022 \/\u003E\n\n          \u003Clabel for=\u0022edit-view-ligne\u0022 class=\u0022option\u0022\u003E\u003Cspan class=\u0022label-title\u0022\u003ELigne\u003C\/span\u003E\u003C\/label\u003E\n      \u003C\/div\u003E\n\u003C\/div\u003E\n\n          \u003C\/div\u003E\n\u003C\/fieldset\u003E\n\n          \u003C\/div\u003E\n          \u003Cdiv class=\u0022search-header pt-3 lg:pt-5\u0022  x-data :class=\u0022{ \u0027with-menu-visible\u0027: $store.header.scrollDir !== \u0027down\u0027  }\u0022\u003E\n            \u003Cdiv class=\u0022secondary-filters flex gap-2\u0022\u003E\n              \t\n\u003Cbutton  data-component-id=\u0022front:button\u0022 class=\u0022button button--primary\u0022 id=\u0022open-filters\u0022\u003E\n      \u003Cspan class=\u0022button__icon\u0022\u003E\n      \n\u003Csvg  data-component-id=\u0022front:icon\u0022 class=\u0022icon icon--Union\u0022\u003E\n  \u003Cuse xlink:href=\u0022\/themes\/custom\/plm\/dist\/assets\/images\/2e871604ef7778ce3dc1.svg#icon-Union\u0022\u003E\u003C\/use\u003E\n\u003C\/svg\u003E\n    \u003C\/span\u003E\n    Filtres (0)\n\u003C\/button\u003E\n                                          \u003Cdiv class=\u0022moblie-only\u0022\u003E\n                \u003Cdiv class=\u0022form-item form-item--type-select form-item--name-order js-form-item js-form-type-select js-form-item-order\u0022\u003E\n      \u003Clabel for=\u0022edit-order\u0022\u003E\u003Cspan class=\u0022label-title\u0022\u003ETrier par\u003C\/span\u003E\u003C\/label\u003E\n            \u003Cdiv class=\u0022form-item__input-wrapper\u0022\u003E\n      \u003Cselect form=\u0022main-catalog-offer\u0022 data-drupal-selector=\u0022edit-order\u0022 id=\u0022edit-order\u0022 name=\u0022order\u0022 class=\u0022form-select\u0022 x-data x-select\u003E\n            \u003Coption value=\u0022score\u0022 selected=\u0022selected\u0022\u003EPertinence\u003C\/option\u003E\n                \u003Coption value=\u0022date-desc\u0022\u003ELes plus r\u00e9cents\u003C\/option\u003E\n                \u003Coption value=\u0022date-asc\u0022\u003ELes plus anciens\u003C\/option\u003E\n      \u003C\/select\u003E\n\n    \u003C\/div\u003E\n          \u003C\/div\u003E\n\n              \u003C\/div\u003E\n            \u003C\/div\u003E\n          \u003C\/div\u003E\n          \u003Cdiv class=\u0022search-list search-list-card search-list-column-4 gap-2\u0022\u003E\n            \n\u003Carticle  data-component-id=\u0022front:card-article\u0022 class=\u0022card-article group\u0022\u003E\n  \u003Cdiv class=\u0022card-article__image\u0022\u003E\n      \t\t\t\t\t\t\u003Cimg  data-component-id=\u0022front:image\u0022 class=\u0022w-full h-full object-contain absolute inset-0\u0022 src=\u0022\/sites\/plm-magazine\/files\/styles\/teaser\/public\/2026-04\/4ce90931-fa49-426f-9020-1944c4f51ece.jpg.webp\u0022 alt=\u0022Top Liste\u0022 title=\u0022Thierry Anceaux\u0022 loading=\u0022lazy\u0022 width=\u0022480\u0022 height=\u0022320\u0022\u003E          \u003C\/div\u003E\n  \u003Cdiv class=\u0022card-article__body\u0022\u003E\n        \u003Cdiv class=\u0022text-[1.125em] leading-0 card-title\u0022\u003E\n                    \n      \u003Ca class=\u0022card-article__title\u0022 href=\u0022\/index.php\/a-telecharger\/nouveaute-2026-ouverture-d-une-top-liste-robot-hors-controle-de-performance\u0022 target=\u0022_self\u0022  title=\u0022Nouveaut\u00e9 2026. Ouverture d\u0026#039;une Top Liste Robot, hors contr\u00f4le de performance\u0022\u003E\n        \t\n\u003Ch2  data-component-id=\u0022front:title\u0022 class=\u0022title title--small inline\u0022 title=\u0022Nouveaut\u00e9 2026. Ouverture d\u0026#039;une Top Liste Robot, hors contr\u00f4le de performance\u0022\u003ENouveaut\u00e9 2026. Ouverture d\u0026#039;une Top Liste Robot, hors contr\u00f4le de\u2026\u003C\/h2\u003E\n      \u003C\/a\u003E\n                \u003C\/div\u003E\n    \n\u003Cdiv  data-component-id=\u0022front:wysiwyg\u0022 class=\u0022wysiwyg wysiwyg--small\u0022\u003EVous avez \u00e9t\u00e9 nombreux \u00e0 nous la demander. En marge des Top Liste PLM habituelles, il est d\u00e9sormais possible de postuler \u00e0 une Top Liste PLM Robot-\u2026\u003C\/div\u003E\n          \u003Cdiv class=\u0022card-article__meta mbs-auto\u0022\u003E\n        \u003Ctime class=\u0022card-article__date\u0022 datetime=\u00222025-11-26T07:10:00+0100\u0022 x-data x-timestamp=\u00222025-11-26T07:10:00+0100\u0022\u003E26 Nov 2025\u003C\/time\u003E\n              \u003C\/div\u003E\n      \u003C\/div\u003E\n\u003C\/article\u003E\n  \t\t\t\u003Carticle  data-component-id=\u0022front:card-webinaire-catalog\u0022 class=\u0022card-webinaire-catalog group\u0022 data-campagne=\u0022Webi-ELO_GT_2026-Trouw_nutrition_encadre\u0022 data-contentId=\u00223123\u0022 rel=\u0022nofollow\u0022\u003E\n  \u003Cdiv class=\u0022card-webinaire-catalog__image\u0022\u003E\n      \t\t\t\t\t\t\u003Cimg  data-component-id=\u0022front:image\u0022 class=\u0022w-full h-full object-cover absolute inset-0\u0022 src=\u0022\/sites\/plm-magazine\/files\/2026-04\/EVT-PLM-ELO_Grands_troupeaux_26-Webi_trouw-nutrition-accroche.jpg\u0022 alt=\u0022Alimentation des veaux\u00a0: et si on faisait fausse route\u00a0?\u0022 title=\u0022Alimentation des veaux\u00a0: et si on faisait fausse route\u00a0?\u0022 loading=\u0022eager\u0022 width=\u0022510\u0022 height=\u0022340\u0022\u003E          \u003Cdiv class=\u0022card-webinaire-catalog__duree \u0022\u003E\n        00:30:00\n      \u003C\/div\u003E\n        \u003Cdiv class=\u0022card-webinaire-catalog__badges\u0022\u003E\n      \t\t\n\u003Cspan  data-component-id=\u0022front:button-expand\u0022 class=\u0022button-expand button-expand--shadowed transition-within-parent\u0022 x-data=\u0022buttonExpand\u0022 :style=\u0022{ \u0026quot;--button-expand-label-width\u0026quot;: labelWidth }\u0022\u003E\n  \u003Cspan class=\u0022button-expand__icon\u0022\u003E\n    \n\u003Csvg  data-component-id=\u0022front:icon\u0022 class=\u0022icon icon--webinar\u0022\u003E\n  \u003Cuse xlink:href=\u0022\/themes\/custom\/plm\/dist\/assets\/images\/2e871604ef7778ce3dc1.svg#icon-webinar\u0022\u003E\u003C\/use\u003E\n\u003C\/svg\u003E\n  \u003C\/span\u003E\n  \u003Cspan class=\u0022button-expand__label\u0022 x-ref=\u0022label\u0022\u003Ewebinaire\u003C\/span\u003E\n\u003C\/span\u003E\n    \u003C\/div\u003E\n  \u003C\/div\u003E\n \u003Cdiv class=\u0022card-webinaire-catalog__body\u0022\u003E\n    \u003Cdiv class=\u0022text-[1.125em] leading-0 card-title\u0022\u003E\n            \u003Ca class=\u0022card-webinaire-catalog__title\u0022 href=\u0022\/webinaires\/alimentation-des-veaux-et-si-faisait-fausse-route\u0022 target=\u0022_self\u0022  data-campagne=\u0022Webi-ELO_GT_2026-Trouw_nutrition_encadre\u0022 data-contentId=\u00223123\u0022 rel=\u0022nofollow\u0022 title=\u0022Alimentation des veaux\u00a0: et si on faisait fausse route ?\u0022\u003E\n        \n\u003Ch2  data-component-id=\u0022front:title\u0022 class=\u0022title title--small inline\u0022\u003EAlimentation des veaux\u00a0: et si on faisait fausse route ?\u003C\/h2\u003E\n      \u003C\/a\u003E\n                \u003C\/div\u003E\n\n    \u003Cdiv class=\u0022card-webinaire-catalog__date-info\u0022\u003E\n            \u003Cdiv class=\u0022card-webinaire-catalog__date\u0022\u003EMardi\u0026nbsp;16\u0026nbsp;juin\u0026nbsp;2026\u003C\/div\u003E\n              \u003Cdiv class=\u0022card-webinaire-catalog__plage-horaire flex items-center gap-2\u0022\u003E\n        \u003Cspan class=\u0022inline-flex text-xl\u0022\u003E\n         \u003Csvg xmlns=\u0022http:\/\/www.w3.org\/2000\/svg\u0022 width=\u002217\u0022 height=\u002217\u0022 viewBox=\u00220 0 17 17\u0022 fill=\u0022none\u0022\u003E\n          \u003Cpath d=\u0022M8.13806 0.100098C12.5773 0.100242 16.1761 3.69895 16.1761 8.13818C16.176 12.5774 12.5772 16.1761 8.13806 16.1763C3.69883 16.1762 0.10012 12.5774 0.0999756 8.13818C0.100044 3.6989 3.69878 0.100167 8.13806 0.100098ZM8.13806 1.6001C4.52721 1.60017 1.60004 4.52733 1.59998 8.13818C1.60012 11.749 4.52725 14.6762 8.13806 14.6763C11.7488 14.6761 14.676 11.7489 14.6761 8.13818C14.6761 4.52738 11.7489 1.60024 8.13806 1.6001ZM8.13806 3.01514C8.55217 3.01526 8.88806 3.351 8.88806 3.76514V7.38818H12.5111C12.9252 7.38837 13.2611 7.72409 13.2611 8.13818C13.261 8.55216 12.9251 8.88799 12.5111 8.88818H8.13806C7.72394 8.88818 7.38821 8.55227 7.38806 8.13818V3.76514C7.38806 3.35092 7.72385 3.01514 8.13806 3.01514Z\u0022 fill=\u0022black\u0022\/\u003E\n          \u003Cpath d=\u0022M8.13806 0.100098L8.13806 9.76548e-05H8.13806L8.13806 0.100098ZM16.1761 8.13818L16.2761 8.13819V8.13818L16.1761 8.13818ZM8.13806 16.1763L8.13806 16.2763H8.13806L8.13806 16.1763ZM0.0999756 8.13818L-2.44156e-05 8.13818V8.13819L0.0999756 8.13818ZM8.13806 1.6001L8.13807 1.5001H8.13806L8.13806 1.6001ZM1.59998 8.13818L1.49998 8.13818V8.13819L1.59998 8.13818ZM8.13806 14.6763L8.13806 14.7763H8.13807L8.13806 14.6763ZM14.6761 8.13818L14.7761 8.13819V8.13818L14.6761 8.13818ZM8.13806 3.01514L8.13809 2.91514H8.13806V3.01514ZM8.88806 3.76514H8.98806V3.76514H8.88806ZM8.88806 7.38818H8.78806C8.78806 7.44341 8.83283 7.48818 8.88806 7.48818V7.38818ZM12.5111 7.38818L12.5112 7.28818H12.5111V7.38818ZM13.2611 8.13818L13.3611 8.13822V8.13818H13.2611ZM12.5111 8.88818V8.98818H12.5112L12.5111 8.88818ZM8.13806 8.88818V8.78818V8.88818ZM7.38806 8.13818H7.28806V8.13822L7.38806 8.13818ZM7.38806 3.76514H7.48806V3.76514H7.38806ZM8.13806 0.100098L8.13806 0.200098C12.5221 0.20024 16.0761 3.75418 16.0761 8.13819L16.1761 8.13818L16.2761 8.13818C16.2761 3.64372 12.6325 0.000244059 8.13806 9.76548e-05L8.13806 0.100098ZM16.1761 8.13818L16.0761 8.13818C16.076 12.5221 12.522 16.0761 8.13806 16.0763L8.13806 16.1763L8.13806 16.2763C12.6325 16.2761 16.276 12.6326 16.2761 8.13819L16.1761 8.13818ZM8.13806 16.1763L8.13806 16.0763C3.75406 16.0762 0.200118 12.5222 0.199976 8.13818L0.0999756 8.13818L-2.44156e-05 8.13819C0.000121988 12.6326 3.6436 16.2762 8.13806 16.2763L8.13806 16.1763ZM0.0999756 8.13818L0.199976 8.13819C0.200044 3.75413 3.75401 0.200166 8.13806 0.200098L8.13806 0.100098L8.13806 9.76548e-05C3.64355 0.000167377 4.53144e-05 3.64367 -2.44156e-05 8.13818L0.0999756 8.13818ZM8.13806 1.6001L8.13806 1.5001C4.47198 1.50017 1.50005 4.4721 1.49998 8.13818L1.59998 8.13818L1.69998 8.13819C1.70004 4.58256 4.58244 1.70017 8.13806 1.7001L8.13806 1.6001ZM1.59998 8.13818L1.49998 8.13819C1.50012 11.8042 4.47202 14.7762 8.13806 14.7763L8.13806 14.6763L8.13806 14.5763C4.58248 14.5762 1.70012 11.6937 1.69998 8.13818L1.59998 8.13818ZM8.13806 14.6763L8.13807 14.7763C11.804 14.7761 14.776 11.8042 14.7761 8.13819L14.6761 8.13818L14.5761 8.13818C14.576 11.6937 11.6936 14.5761 8.13806 14.5763L8.13806 14.6763ZM14.6761 8.13818L14.7761 8.13818C14.7761 4.47214 11.8041 1.50024 8.13807 1.5001L8.13806 1.6001L8.13806 1.7001C11.6936 1.70024 14.5761 4.58261 14.5761 8.13819L14.6761 8.13818ZM8.13806 3.01514L8.13803 3.11514C8.49696 3.11525 8.78806 3.40626 8.78806 3.76514H8.88806H8.98806C8.98806 3.29574 8.60737 2.91528 8.13809 2.91514L8.13806 3.01514ZM8.88806 3.76514H8.78806V7.38818H8.88806H8.98806V3.76514H8.88806ZM8.88806 7.38818V7.48818H12.5111V7.38818V7.28818H8.88806V7.38818ZM12.5111 7.38818L12.5111 7.48818C12.87 7.48835 13.1611 7.77936 13.1611 8.13818H13.2611H13.3611C13.3611 7.66881 12.9804 7.2884 12.5112 7.28818L12.5111 7.38818ZM13.2611 8.13818L13.1611 8.13815C13.161 8.49691 12.8698 8.78802 12.5111 8.78818L12.5111 8.88818L12.5112 8.98818C12.9803 8.98797 13.3609 8.6074 13.3611 8.13822L13.2611 8.13818ZM12.5111 8.88818V8.78818H8.13806V8.88818V8.98818H12.5111V8.88818ZM8.13806 8.88818V8.78818C7.7792 8.78818 7.48819 8.49707 7.48806 8.13815L7.38806 8.13818L7.28806 8.13822C7.28823 8.60747 7.66867 8.98818 8.13806 8.98818V8.88818ZM7.38806 8.13818H7.48806V3.76514H7.38806H7.28806V8.13818H7.38806ZM7.38806 3.76514H7.48806C7.48806 3.40615 7.77908 3.11514 8.13806 3.11514V3.01514V2.91514C7.66862 2.91514 7.28806 3.29569 7.28806 3.76514H7.38806Z\u0022 fill=\u0022black\u0022\/\u003E\n          \u003C\/svg\u003E\n        \u003C\/span\u003E\n          \u003Cspan class=\u0022\u0022\u003E15:00 - 15:30\u003C\/span\u003E\n        \u003C\/div\u003E\n                \u003C\/div\u003E\n\n          \u003Cdiv class=\u0022card-webinaire-catalog__organisateur\u0022\u003E\n        Par Trouw Nutrition\n      \u003C\/div\u003E\n    \n      \u003Cdiv class=\u0022card-webinaire-catalog__chapo\u0022\u003E\n        \n              \u003C\/div\u003E\n     \u003C\/div\u003E\n  \u003Cdiv class=\u0022card-webinaire-catalog__sponsor\u0022\u003E\n    Contenu sponsoris\u00e9\n  \u003C\/div\u003E\n\u003C\/article\u003E\n\n\u003Carticle  data-component-id=\u0022front:card-article\u0022 class=\u0022card-article group\u0022\u003E\n  \u003Cdiv class=\u0022card-article__image\u0022\u003E\n      \t\t\t\t\t\t\u003Cimg  data-component-id=\u0022front:image\u0022 class=\u0022w-full h-full object-contain absolute inset-0\u0022 src=\u0022\/sites\/plm-magazine\/files\/styles\/teaser\/public\/2011-11\/4ffce25e-fb3e-464e-a875-677401a1e682.jpg.webp\u0022 alt=\u0022Gaec des Champey, etable\u0022 title=\u0022B\u00e9atrice Colleu\u0022 loading=\u0022lazy\u0022 width=\u0022480\u0022 height=\u0022270\u0022\u003E          \u003Cdiv class=\u0022card-article__tags\u0022\u003E\n                  \u003Cspan class=\u0022card-article__badges\u0022\u003E\n                      \t\t\n\u003Cspan  data-component-id=\u0022front:button-expand\u0022 class=\u0022button-expand button-expand--shadowed transition-within-parent\u0022 x-data=\u0022buttonExpand\u0022 :style=\u0022{ \u0026quot;--button-expand-label-width\u0026quot;: labelWidth }\u0022\u003E\n  \u003Cspan class=\u0022button-expand__icon\u0022\u003E\n    \n\u003Csvg  data-component-id=\u0022front:icon\u0022 class=\u0022icon icon--360\u0022\u003E\n  \u003Cuse xlink:href=\u0022\/themes\/custom\/plm\/dist\/assets\/images\/2e871604ef7778ce3dc1.svg#icon-360\u0022\u003E\u003C\/use\u003E\n\u003C\/svg\u003E\n  \u003C\/span\u003E\n  \u003Cspan class=\u0022button-expand__label\u0022 x-ref=\u0022label\u0022\u003E360\u003C\/span\u003E\n\u003C\/span\u003E\n                \u003C\/span\u003E\n                      \u003C\/div\u003E\n          \u003C\/div\u003E\n  \u003Cdiv class=\u0022card-article__body\u0022\u003E\n        \u003Cdiv class=\u0022text-[1.125em] leading-0 card-title\u0022\u003E\n                    \n      \u003Ca class=\u0022card-article__title\u0022 href=\u0022\/visites-360\/aires-paillees-et-salle-de-traite-tandem-au-gaec-des-champey\u0022 target=\u0022_self\u0022  title=\u0022Aires paill\u00e9es et salle de traite tandem au Gaec des Champey\u0022\u003E\n        \t\n\u003Ch2  data-component-id=\u0022front:title\u0022 class=\u0022title title--small inline\u0022 title=\u0022Aires paill\u00e9es et salle de traite tandem au Gaec des Champey\u0022\u003EAires paill\u00e9es et salle de traite tandem au Gaec des Champey\u003C\/h2\u003E\n      \u003C\/a\u003E\n                \u003Cspan class=\u0022inline-flex align-middle\u0022\u003E\n        \n\u003Cspan  data-component-id=\u0022front:icon-padlock\u0022 class=\u0022icon-padlock icon-padlock--t1\u0022\u003E\n  \n\u003Csvg  data-component-id=\u0022front:icon\u0022 class=\u0022icon icon--padlock\u0022\u003E\n  \u003Cuse xlink:href=\u0022\/themes\/custom\/plm\/dist\/assets\/images\/2e871604ef7778ce3dc1.svg#icon-padlock\u0022\u003E\u003C\/use\u003E\n\u003C\/svg\u003E\n\u003C\/span\u003E\n      \u003C\/span\u003E\n          \u003C\/div\u003E\n    \n\u003Cdiv  data-component-id=\u0022front:wysiwyg\u0022 class=\u0022wysiwyg wysiwyg--small\u0022\u003EPour 90 montb\u00e9liardes, la suite et une soixantaine de g\u00e9nisses vendues \u00e0 l\u0027export. Deux \u00e9tables sur aires paill\u00e9es: l\u0027une pour les vaches l\u0027autre\u2026\u003C\/div\u003E\n          \u003Cdiv class=\u0022card-article__meta mbs-auto\u0022\u003E\n        \u003Ctime class=\u0022card-article__date\u0022 datetime=\u00222025-11-25T08:55:00+0100\u0022 x-data x-timestamp=\u00222025-11-25T08:55:00+0100\u0022\u003E25 Nov 2025\u003C\/time\u003E\n              \u003C\/div\u003E\n      \u003C\/div\u003E\n\u003C\/article\u003E\n\n\u003Carticle  data-component-id=\u0022front:card-article\u0022 class=\u0022card-article group\u0022\u003E\n  \u003Cdiv class=\u0022card-article__image\u0022\u003E\n      \t\t\t\t\t\t\u003Cimg  data-component-id=\u0022front:image\u0022 class=\u0022w-full h-full object-contain absolute inset-0\u0022 src=\u0022\/sites\/plm-magazine\/files\/styles\/teaser\/public\/2025-11\/768908dd-11e1-48f3-b108-b0b6cfeae822.jpg.webp\u0022 alt=\u0022Report du National Montb\u00e9liard \u00e0 2027, en raison du risque sanitaire li\u00e9 \u00e0 la DNC\u0022 title=\u0022dr\u0022 loading=\u0022lazy\u0022 width=\u0022480\u0022 height=\u0022264\u0022\u003E          \u003C\/div\u003E\n  \u003Cdiv class=\u0022card-article__body\u0022\u003E\n        \u003Cdiv class=\u0022text-[1.125em] leading-0 card-title\u0022\u003E\n                    \n      \u003Ca class=\u0022card-article__title\u0022 href=\u0022\/index.php\/actualites\/le-national-montbeliard-est-reporte-en-2027\u0022 target=\u0022_self\u0022  title=\u0022Le National Montb\u00e9liard est report\u00e9 en 2027\u0022\u003E\n        \t\n\u003Ch2  data-component-id=\u0022front:title\u0022 class=\u0022title title--small inline\u0022 title=\u0022Le National Montb\u00e9liard est report\u00e9 en 2027\u0022\u003ELe National Montb\u00e9liard est report\u00e9 en 2027\u003C\/h2\u003E\n      \u003C\/a\u003E\n                \u003C\/div\u003E\n    \n\u003Cdiv  data-component-id=\u0022front:wysiwyg\u0022 class=\u0022wysiwyg wysiwyg--small\u0022\u003EEn raison des incertitudes sanitaires li\u00e9es \u00e0 la Dermatose Nodulaire Contagieuse (DNC) des bovins qui p\u00e8sent toujours dans plusieurs r\u00e9gions, les\u2026\u003C\/div\u003E\n          \u003Cdiv class=\u0022card-article__meta mbs-auto\u0022\u003E\n        \u003Ctime class=\u0022card-article__date\u0022 datetime=\u00222025-11-24T23:30:00+0100\u0022 x-data x-timestamp=\u00222025-11-24T23:30:00+0100\u0022\u003E24 Nov 2025\u003C\/time\u003E\n              \u003C\/div\u003E\n      \u003C\/div\u003E\n\u003C\/article\u003E\n\n\u003Carticle  data-component-id=\u0022front:card-article\u0022 class=\u0022card-article group\u0022\u003E\n  \u003Cdiv class=\u0022card-article__image\u0022\u003E\n      \t\t\t\t\t\t\u003Cimg  data-component-id=\u0022front:image\u0022 class=\u0022w-full h-full object-contain absolute inset-0\u0022 src=\u0022\/sites\/plm-magazine\/files\/styles\/teaser\/public\/2018-11\/f5e5b793-699b-43fb-b13f-d873c287c2b7.jpg.webp\u0022 alt=\u0022grande menu\u00e8re\u0022 title=\u0022Marie Defruit\u0022 loading=\u0022lazy\u0022 width=\u0022480\u0022 height=\u0022270\u0022\u003E          \u003Cdiv class=\u0022card-article__tags\u0022\u003E\n                  \u003Cspan class=\u0022card-article__badges\u0022\u003E\n                      \t\t\n\u003Cspan  data-component-id=\u0022front:button-expand\u0022 class=\u0022button-expand button-expand--shadowed transition-within-parent\u0022 x-data=\u0022buttonExpand\u0022 :style=\u0022{ \u0026quot;--button-expand-label-width\u0026quot;: labelWidth }\u0022\u003E\n  \u003Cspan class=\u0022button-expand__icon\u0022\u003E\n    \n\u003Csvg  data-component-id=\u0022front:icon\u0022 class=\u0022icon icon--video\u0022\u003E\n  \u003Cuse xlink:href=\u0022\/themes\/custom\/plm\/dist\/assets\/images\/2e871604ef7778ce3dc1.svg#icon-video\u0022\u003E\u003C\/use\u003E\n\u003C\/svg\u003E\n  \u003C\/span\u003E\n  \u003Cspan class=\u0022button-expand__label\u0022 x-ref=\u0022label\u0022\u003EVid\u00e9o\u003C\/span\u003E\n\u003C\/span\u003E\n                \u003C\/span\u003E\n                      \u003C\/div\u003E\n          \u003C\/div\u003E\n  \u003Cdiv class=\u0022card-article__body\u0022\u003E\n        \u003Cdiv class=\u0022text-[1.125em] leading-0 card-title\u0022\u003E\n                    \n      \u003Ca class=\u0022card-article__title\u0022 href=\u0022\/video-vache\/ventilation-naturelle-quel-etait-leur-cahier-des-charges\u0022 target=\u0022_self\u0022  title=\u0022Ventilation naturelle. Quel \u00e9tait leur cahier des charges ?\u0022\u003E\n        \t\n\u003Ch2  data-component-id=\u0022front:title\u0022 class=\u0022title title--small inline\u0022 title=\u0022Ventilation naturelle. Quel \u00e9tait leur cahier des charges ?\u0022\u003EVentilation naturelle. Quel \u00e9tait leur cahier des charges ?\u003C\/h2\u003E\n      \u003C\/a\u003E\n                \u003Cspan class=\u0022inline-flex align-middle\u0022\u003E\n        \n\u003Cspan  data-component-id=\u0022front:icon-padlock\u0022 class=\u0022icon-padlock icon-padlock--t1\u0022\u003E\n  \n\u003Csvg  data-component-id=\u0022front:icon\u0022 class=\u0022icon icon--padlock\u0022\u003E\n  \u003Cuse xlink:href=\u0022\/themes\/custom\/plm\/dist\/assets\/images\/2e871604ef7778ce3dc1.svg#icon-padlock\u0022\u003E\u003C\/use\u003E\n\u003C\/svg\u003E\n\u003C\/span\u003E\n      \u003C\/span\u003E\n          \u003C\/div\u003E\n    \n\u003Cdiv  data-component-id=\u0022front:wysiwyg\u0022 class=\u0022wysiwyg wysiwyg--small\u0022\u003EDans cette interview, Jean-Charles Besnard, responsable du troupeau et associ\u00e9 \u00e0 la Scea de la Grande Menu\u00e8re (44) vous raconte l\u0027historique de la\u2026\u003C\/div\u003E\n          \u003Cdiv class=\u0022card-article__meta mbs-auto\u0022\u003E\n        \u003Ctime class=\u0022card-article__date\u0022 datetime=\u00222025-11-24T09:28:21+0100\u0022 x-data x-timestamp=\u00222025-11-24T09:28:21+0100\u0022\u003E24 Nov 2025\u003C\/time\u003E\n              \u003C\/div\u003E\n      \u003C\/div\u003E\n\u003C\/article\u003E\n\n\u003Carticle  data-component-id=\u0022front:card-article\u0022 class=\u0022card-article group\u0022\u003E\n  \u003Cdiv class=\u0022card-article__image\u0022\u003E\n      \t\t\t\t\t\t\u003Cimg  data-component-id=\u0022front:image\u0022 class=\u0022w-full h-full object-contain absolute inset-0\u0022 src=\u0022\/sites\/plm-magazine\/files\/styles\/teaser\/public\/2025-11\/dc9e2859-e69e-49c8-a3b9-a502ce387fef.jpg.webp\u0022 alt=\u0022Sac et BouMatic fusionent leurs marques\u0022 title=\u0022DR\u0022 loading=\u0022lazy\u0022 width=\u0022430\u0022 height=\u0022320\u0022\u003E          \u003C\/div\u003E\n  \u003Cdiv class=\u0022card-article__body\u0022\u003E\n        \u003Cdiv class=\u0022text-[1.125em] leading-0 card-title\u0022\u003E\n                    \n      \u003Ca class=\u0022card-article__title\u0022 href=\u0022\/index.php\/actualites\/traite-la-marque-sac-s-efface-au-profit-de-boumatic\u0022 target=\u0022_self\u0022  title=\u0022Traite. La marque Sac s\u0026#039;efface au profit de BouMatic \u0022\u003E\n        \t\n\u003Ch2  data-component-id=\u0022front:title\u0022 class=\u0022title title--small inline\u0022 title=\u0022Traite. La marque Sac s\u0026#039;efface au profit de BouMatic \u0022\u003ETraite. La marque Sac s\u0026#039;efface au profit de BouMatic \u003C\/h2\u003E\n      \u003C\/a\u003E\n                \u003C\/div\u003E\n    \n\u003Cdiv  data-component-id=\u0022front:wysiwyg\u0022 class=\u0022wysiwyg wysiwyg--small\u0022\u003EL\u0027acquisition du groupe danois Sac par BouMatic date de 2021. Cet \u00e9t\u00e9, les deux marques ont annonc\u00e9es leur fusion, pour continuer sous la marque\u2026\u003C\/div\u003E\n          \u003Cdiv class=\u0022card-article__meta mbs-auto\u0022\u003E\n        \u003Ctime class=\u0022card-article__date\u0022 datetime=\u00222025-11-23T09:06:00+0100\u0022 x-data x-timestamp=\u00222025-11-23T09:06:00+0100\u0022\u003E23 Nov 2025\u003C\/time\u003E\n              \u003C\/div\u003E\n      \u003C\/div\u003E\n\u003C\/article\u003E\n  \t\t\t\u003Carticle  data-component-id=\u0022front:card-webinaire-catalog\u0022 class=\u0022card-webinaire-catalog group\u0022 data-campagne=\u0022Webi-ELO_GT_2026-CCPA_encadre\u0022 data-contentId=\u00223124\u0022 rel=\u0022nofollow\u0022\u003E\n  \u003Cdiv class=\u0022card-webinaire-catalog__image\u0022\u003E\n      \t\t\t\t\t\t\u003Cimg  data-component-id=\u0022front:image\u0022 class=\u0022w-full h-full object-cover absolute inset-0\u0022 src=\u0022\/sites\/plm-magazine\/files\/2026-04\/EVT-PLM-ELO_Grands_troupeaux_26-Webi_ccpa-accroche.jpg\u0022 alt=\u0022Objectif lait : pourquoi la pr\u00e9pa-v\u00ealage fait la diff\u00e9rence\u0022 title=\u0022Objectif lait : pourquoi la pr\u00e9pa-v\u00ealage fait la diff\u00e9rence\u0022 loading=\u0022eager\u0022 width=\u0022510\u0022 height=\u0022340\u0022\u003E          \u003Cdiv class=\u0022card-webinaire-catalog__duree \u0022\u003E\n        00:30:00\n      \u003C\/div\u003E\n        \u003Cdiv class=\u0022card-webinaire-catalog__badges\u0022\u003E\n      \t\t\n\u003Cspan  data-component-id=\u0022front:button-expand\u0022 class=\u0022button-expand button-expand--shadowed transition-within-parent\u0022 x-data=\u0022buttonExpand\u0022 :style=\u0022{ \u0026quot;--button-expand-label-width\u0026quot;: labelWidth }\u0022\u003E\n  \u003Cspan class=\u0022button-expand__icon\u0022\u003E\n    \n\u003Csvg  data-component-id=\u0022front:icon\u0022 class=\u0022icon icon--webinar\u0022\u003E\n  \u003Cuse xlink:href=\u0022\/themes\/custom\/plm\/dist\/assets\/images\/2e871604ef7778ce3dc1.svg#icon-webinar\u0022\u003E\u003C\/use\u003E\n\u003C\/svg\u003E\n  \u003C\/span\u003E\n  \u003Cspan class=\u0022button-expand__label\u0022 x-ref=\u0022label\u0022\u003Ewebinaire\u003C\/span\u003E\n\u003C\/span\u003E\n    \u003C\/div\u003E\n  \u003C\/div\u003E\n \u003Cdiv class=\u0022card-webinaire-catalog__body\u0022\u003E\n    \u003Cdiv class=\u0022text-[1.125em] leading-0 card-title\u0022\u003E\n            \u003Ca class=\u0022card-webinaire-catalog__title\u0022 href=\u0022\/webinaires\/objectif-lait-pourquoi-la-prepa-velage-fait-la-difference\u0022 target=\u0022_self\u0022  data-campagne=\u0022Webi-ELO_GT_2026-CCPA_encadre\u0022 data-contentId=\u00223124\u0022 rel=\u0022nofollow\u0022 title=\u0022Objectif lait : pourquoi la pr\u00e9pa-v\u00ealage fait la diff\u00e9rence\u0022\u003E\n        \n\u003Ch2  data-component-id=\u0022front:title\u0022 class=\u0022title title--small inline\u0022\u003EObjectif lait : pourquoi la pr\u00e9pa-v\u00ealage fait la diff\u00e9rence\u003C\/h2\u003E\n      \u003C\/a\u003E\n                \u003C\/div\u003E\n\n    \u003Cdiv class=\u0022card-webinaire-catalog__date-info\u0022\u003E\n            \u003Cdiv class=\u0022card-webinaire-catalog__date\u0022\u003EMardi\u0026nbsp;16\u0026nbsp;juin\u0026nbsp;2026\u003C\/div\u003E\n              \u003Cdiv class=\u0022card-webinaire-catalog__plage-horaire flex items-center gap-2\u0022\u003E\n        \u003Cspan class=\u0022inline-flex text-xl\u0022\u003E\n         \u003Csvg xmlns=\u0022http:\/\/www.w3.org\/2000\/svg\u0022 width=\u002217\u0022 height=\u002217\u0022 viewBox=\u00220 0 17 17\u0022 fill=\u0022none\u0022\u003E\n          \u003Cpath d=\u0022M8.13806 0.100098C12.5773 0.100242 16.1761 3.69895 16.1761 8.13818C16.176 12.5774 12.5772 16.1761 8.13806 16.1763C3.69883 16.1762 0.10012 12.5774 0.0999756 8.13818C0.100044 3.6989 3.69878 0.100167 8.13806 0.100098ZM8.13806 1.6001C4.52721 1.60017 1.60004 4.52733 1.59998 8.13818C1.60012 11.749 4.52725 14.6762 8.13806 14.6763C11.7488 14.6761 14.676 11.7489 14.6761 8.13818C14.6761 4.52738 11.7489 1.60024 8.13806 1.6001ZM8.13806 3.01514C8.55217 3.01526 8.88806 3.351 8.88806 3.76514V7.38818H12.5111C12.9252 7.38837 13.2611 7.72409 13.2611 8.13818C13.261 8.55216 12.9251 8.88799 12.5111 8.88818H8.13806C7.72394 8.88818 7.38821 8.55227 7.38806 8.13818V3.76514C7.38806 3.35092 7.72385 3.01514 8.13806 3.01514Z\u0022 fill=\u0022black\u0022\/\u003E\n          \u003Cpath d=\u0022M8.13806 0.100098L8.13806 9.76548e-05H8.13806L8.13806 0.100098ZM16.1761 8.13818L16.2761 8.13819V8.13818L16.1761 8.13818ZM8.13806 16.1763L8.13806 16.2763H8.13806L8.13806 16.1763ZM0.0999756 8.13818L-2.44156e-05 8.13818V8.13819L0.0999756 8.13818ZM8.13806 1.6001L8.13807 1.5001H8.13806L8.13806 1.6001ZM1.59998 8.13818L1.49998 8.13818V8.13819L1.59998 8.13818ZM8.13806 14.6763L8.13806 14.7763H8.13807L8.13806 14.6763ZM14.6761 8.13818L14.7761 8.13819V8.13818L14.6761 8.13818ZM8.13806 3.01514L8.13809 2.91514H8.13806V3.01514ZM8.88806 3.76514H8.98806V3.76514H8.88806ZM8.88806 7.38818H8.78806C8.78806 7.44341 8.83283 7.48818 8.88806 7.48818V7.38818ZM12.5111 7.38818L12.5112 7.28818H12.5111V7.38818ZM13.2611 8.13818L13.3611 8.13822V8.13818H13.2611ZM12.5111 8.88818V8.98818H12.5112L12.5111 8.88818ZM8.13806 8.88818V8.78818V8.88818ZM7.38806 8.13818H7.28806V8.13822L7.38806 8.13818ZM7.38806 3.76514H7.48806V3.76514H7.38806ZM8.13806 0.100098L8.13806 0.200098C12.5221 0.20024 16.0761 3.75418 16.0761 8.13819L16.1761 8.13818L16.2761 8.13818C16.2761 3.64372 12.6325 0.000244059 8.13806 9.76548e-05L8.13806 0.100098ZM16.1761 8.13818L16.0761 8.13818C16.076 12.5221 12.522 16.0761 8.13806 16.0763L8.13806 16.1763L8.13806 16.2763C12.6325 16.2761 16.276 12.6326 16.2761 8.13819L16.1761 8.13818ZM8.13806 16.1763L8.13806 16.0763C3.75406 16.0762 0.200118 12.5222 0.199976 8.13818L0.0999756 8.13818L-2.44156e-05 8.13819C0.000121988 12.6326 3.6436 16.2762 8.13806 16.2763L8.13806 16.1763ZM0.0999756 8.13818L0.199976 8.13819C0.200044 3.75413 3.75401 0.200166 8.13806 0.200098L8.13806 0.100098L8.13806 9.76548e-05C3.64355 0.000167377 4.53144e-05 3.64367 -2.44156e-05 8.13818L0.0999756 8.13818ZM8.13806 1.6001L8.13806 1.5001C4.47198 1.50017 1.50005 4.4721 1.49998 8.13818L1.59998 8.13818L1.69998 8.13819C1.70004 4.58256 4.58244 1.70017 8.13806 1.7001L8.13806 1.6001ZM1.59998 8.13818L1.49998 8.13819C1.50012 11.8042 4.47202 14.7762 8.13806 14.7763L8.13806 14.6763L8.13806 14.5763C4.58248 14.5762 1.70012 11.6937 1.69998 8.13818L1.59998 8.13818ZM8.13806 14.6763L8.13807 14.7763C11.804 14.7761 14.776 11.8042 14.7761 8.13819L14.6761 8.13818L14.5761 8.13818C14.576 11.6937 11.6936 14.5761 8.13806 14.5763L8.13806 14.6763ZM14.6761 8.13818L14.7761 8.13818C14.7761 4.47214 11.8041 1.50024 8.13807 1.5001L8.13806 1.6001L8.13806 1.7001C11.6936 1.70024 14.5761 4.58261 14.5761 8.13819L14.6761 8.13818ZM8.13806 3.01514L8.13803 3.11514C8.49696 3.11525 8.78806 3.40626 8.78806 3.76514H8.88806H8.98806C8.98806 3.29574 8.60737 2.91528 8.13809 2.91514L8.13806 3.01514ZM8.88806 3.76514H8.78806V7.38818H8.88806H8.98806V3.76514H8.88806ZM8.88806 7.38818V7.48818H12.5111V7.38818V7.28818H8.88806V7.38818ZM12.5111 7.38818L12.5111 7.48818C12.87 7.48835 13.1611 7.77936 13.1611 8.13818H13.2611H13.3611C13.3611 7.66881 12.9804 7.2884 12.5112 7.28818L12.5111 7.38818ZM13.2611 8.13818L13.1611 8.13815C13.161 8.49691 12.8698 8.78802 12.5111 8.78818L12.5111 8.88818L12.5112 8.98818C12.9803 8.98797 13.3609 8.6074 13.3611 8.13822L13.2611 8.13818ZM12.5111 8.88818V8.78818H8.13806V8.88818V8.98818H12.5111V8.88818ZM8.13806 8.88818V8.78818C7.7792 8.78818 7.48819 8.49707 7.48806 8.13815L7.38806 8.13818L7.28806 8.13822C7.28823 8.60747 7.66867 8.98818 8.13806 8.98818V8.88818ZM7.38806 8.13818H7.48806V3.76514H7.38806H7.28806V8.13818H7.38806ZM7.38806 3.76514H7.48806C7.48806 3.40615 7.77908 3.11514 8.13806 3.11514V3.01514V2.91514C7.66862 2.91514 7.28806 3.29569 7.28806 3.76514H7.38806Z\u0022 fill=\u0022black\u0022\/\u003E\n          \u003C\/svg\u003E\n        \u003C\/span\u003E\n          \u003Cspan class=\u0022\u0022\u003E16:00 - 16:30\u003C\/span\u003E\n        \u003C\/div\u003E\n                \u003C\/div\u003E\n\n          \u003Cdiv class=\u0022card-webinaire-catalog__organisateur\u0022\u003E\n        Par CCPA\n      \u003C\/div\u003E\n    \n      \u003Cdiv class=\u0022card-webinaire-catalog__chapo\u0022\u003E\n        \n              \u003C\/div\u003E\n     \u003C\/div\u003E\n  \u003Cdiv class=\u0022card-webinaire-catalog__sponsor\u0022\u003E\n    Contenu sponsoris\u00e9\n  \u003C\/div\u003E\n\u003C\/article\u003E\n\n\u003Carticle  data-component-id=\u0022front:card-article\u0022 class=\u0022card-article group\u0022\u003E\n  \u003Cdiv class=\u0022card-article__image\u0022\u003E\n      \t\t\t\t\t\t\u003Cimg  data-component-id=\u0022front:image\u0022 class=\u0022w-full h-full object-contain absolute inset-0\u0022 src=\u0022\/sites\/plm-magazine\/files\/styles\/teaser\/public\/2025-11\/e419b683-c3f6-4426-988a-0fcae434e8f6.jpg.webp\u0022 alt=\u0022Pieds\u0022 title=\u0022Novus\u0022 loading=\u0022lazy\u0022 width=\u0022480\u0022 height=\u0022320\u0022\u003E          \u003C\/div\u003E\n  \u003Cdiv class=\u0022card-article__body\u0022\u003E\n        \u003Cdiv class=\u0022text-[1.125em] leading-0 card-title\u0022\u003E\n                    \n      \u003Ca class=\u0022card-article__title\u0022 href=\u0022\/index.php\/actualites\/voila-pourquoi-le-taux-de-boiterie-est-largement-sous-estime\u0022 target=\u0022_self\u0022  title=\u0022Voil\u00e0 pourquoi le taux de boiterie est largement sous-estim\u00e9\u0022\u003E\n        \t\n\u003Ch2  data-component-id=\u0022front:title\u0022 class=\u0022title title--small inline\u0022 title=\u0022Voil\u00e0 pourquoi le taux de boiterie est largement sous-estim\u00e9\u0022\u003EVoil\u00e0 pourquoi le taux de boiterie est largement sous-estim\u00e9\u003C\/h2\u003E\n      \u003C\/a\u003E\n                \u003C\/div\u003E\n    \n\u003Cdiv  data-component-id=\u0022front:wysiwyg\u0022 class=\u0022wysiwyg wysiwyg--small\u0022\u003EElle bouge, mange et produit du lait\u2026 \u00ab\u2009Mais, la vache l\u00e9g\u00e8rement boiteuse ressent d\u00e9j\u00e0 de l\u2019inconfort et de la douleur\u2009\u00bb, souligne Cl\u00e9mence Nash,\u2026\u003C\/div\u003E\n          \u003Cdiv class=\u0022card-article__meta mbs-auto\u0022\u003E\n        \u003Ctime class=\u0022card-article__date\u0022 datetime=\u00222025-11-21T15:30:00+0100\u0022 x-data x-timestamp=\u00222025-11-21T15:30:00+0100\u0022\u003E21 Nov 2025\u003C\/time\u003E\n              \u003C\/div\u003E\n      \u003C\/div\u003E\n\u003C\/article\u003E\n  \t\t\t\u003Carticle  data-component-id=\u0022front:card-webinaire-catalog\u0022 class=\u0022card-webinaire-catalog group\u0022 data-campagne=\u0022Webi-ELO_GT_2026-Vetoquinol_encadre\u0022 data-contentId=\u00223122\u0022 rel=\u0022nofollow\u0022\u003E\n  \u003Cdiv class=\u0022card-webinaire-catalog__image\u0022\u003E\n      \t\t\t\t\t\t\u003Cimg  data-component-id=\u0022front:image\u0022 class=\u0022w-full h-full object-cover absolute inset-0\u0022 src=\u0022\/sites\/plm-magazine\/files\/2026-04\/EVT-PLM-ELO_Grands_troupeaux_26-Webi_vetoquinol-accroche.jpg\u0022 alt=\u0022Mammites : quels b\u00e9n\u00e9fices \u00e0 agir d\u00e8s les premiers signes ?\u0022 title=\u0022Mammites : quels b\u00e9n\u00e9fices \u00e0 agir d\u00e8s les premiers signes ?\u0022 loading=\u0022eager\u0022 width=\u0022510\u0022 height=\u0022340\u0022\u003E          \u003Cdiv class=\u0022card-webinaire-catalog__duree \u0022\u003E\n        00:30:00\n      \u003C\/div\u003E\n        \u003Cdiv class=\u0022card-webinaire-catalog__badges\u0022\u003E\n      \t\t\n\u003Cspan  data-component-id=\u0022front:button-expand\u0022 class=\u0022button-expand button-expand--shadowed transition-within-parent\u0022 x-data=\u0022buttonExpand\u0022 :style=\u0022{ \u0026quot;--button-expand-label-width\u0026quot;: labelWidth }\u0022\u003E\n  \u003Cspan class=\u0022button-expand__icon\u0022\u003E\n    \n\u003Csvg  data-component-id=\u0022front:icon\u0022 class=\u0022icon icon--webinar\u0022\u003E\n  \u003Cuse xlink:href=\u0022\/themes\/custom\/plm\/dist\/assets\/images\/2e871604ef7778ce3dc1.svg#icon-webinar\u0022\u003E\u003C\/use\u003E\n\u003C\/svg\u003E\n  \u003C\/span\u003E\n  \u003Cspan class=\u0022button-expand__label\u0022 x-ref=\u0022label\u0022\u003Ewebinaire\u003C\/span\u003E\n\u003C\/span\u003E\n    \u003C\/div\u003E\n  \u003C\/div\u003E\n \u003Cdiv class=\u0022card-webinaire-catalog__body\u0022\u003E\n    \u003Cdiv class=\u0022text-[1.125em] leading-0 card-title\u0022\u003E\n            \u003Ca class=\u0022card-webinaire-catalog__title\u0022 href=\u0022\/webinaires\/mammites-quels-benefices-a-agir-des-les-premiers-signes\u0022 target=\u0022_self\u0022  data-campagne=\u0022Webi-ELO_GT_2026-Vetoquinol_encadre\u0022 data-contentId=\u00223122\u0022 rel=\u0022nofollow\u0022 title=\u0022Mammites : quels b\u00e9n\u00e9fices \u00e0 agir d\u00e8s les premiers signes ?\u0022\u003E\n        \n\u003Ch2  data-component-id=\u0022front:title\u0022 class=\u0022title title--small inline\u0022\u003EMammites : quels b\u00e9n\u00e9fices \u00e0 agir d\u00e8s les premiers signes ?\u003C\/h2\u003E\n      \u003C\/a\u003E\n                \u003C\/div\u003E\n\n    \u003Cdiv class=\u0022card-webinaire-catalog__date-info\u0022\u003E\n            \u003Cdiv class=\u0022card-webinaire-catalog__date\u0022\u003EMardi\u0026nbsp;16\u0026nbsp;juin\u0026nbsp;2026\u003C\/div\u003E\n              \u003Cdiv class=\u0022card-webinaire-catalog__plage-horaire flex items-center gap-2\u0022\u003E\n        \u003Cspan class=\u0022inline-flex text-xl\u0022\u003E\n         \u003Csvg xmlns=\u0022http:\/\/www.w3.org\/2000\/svg\u0022 width=\u002217\u0022 height=\u002217\u0022 viewBox=\u00220 0 17 17\u0022 fill=\u0022none\u0022\u003E\n          \u003Cpath d=\u0022M8.13806 0.100098C12.5773 0.100242 16.1761 3.69895 16.1761 8.13818C16.176 12.5774 12.5772 16.1761 8.13806 16.1763C3.69883 16.1762 0.10012 12.5774 0.0999756 8.13818C0.100044 3.6989 3.69878 0.100167 8.13806 0.100098ZM8.13806 1.6001C4.52721 1.60017 1.60004 4.52733 1.59998 8.13818C1.60012 11.749 4.52725 14.6762 8.13806 14.6763C11.7488 14.6761 14.676 11.7489 14.6761 8.13818C14.6761 4.52738 11.7489 1.60024 8.13806 1.6001ZM8.13806 3.01514C8.55217 3.01526 8.88806 3.351 8.88806 3.76514V7.38818H12.5111C12.9252 7.38837 13.2611 7.72409 13.2611 8.13818C13.261 8.55216 12.9251 8.88799 12.5111 8.88818H8.13806C7.72394 8.88818 7.38821 8.55227 7.38806 8.13818V3.76514C7.38806 3.35092 7.72385 3.01514 8.13806 3.01514Z\u0022 fill=\u0022black\u0022\/\u003E\n          \u003Cpath d=\u0022M8.13806 0.100098L8.13806 9.76548e-05H8.13806L8.13806 0.100098ZM16.1761 8.13818L16.2761 8.13819V8.13818L16.1761 8.13818ZM8.13806 16.1763L8.13806 16.2763H8.13806L8.13806 16.1763ZM0.0999756 8.13818L-2.44156e-05 8.13818V8.13819L0.0999756 8.13818ZM8.13806 1.6001L8.13807 1.5001H8.13806L8.13806 1.6001ZM1.59998 8.13818L1.49998 8.13818V8.13819L1.59998 8.13818ZM8.13806 14.6763L8.13806 14.7763H8.13807L8.13806 14.6763ZM14.6761 8.13818L14.7761 8.13819V8.13818L14.6761 8.13818ZM8.13806 3.01514L8.13809 2.91514H8.13806V3.01514ZM8.88806 3.76514H8.98806V3.76514H8.88806ZM8.88806 7.38818H8.78806C8.78806 7.44341 8.83283 7.48818 8.88806 7.48818V7.38818ZM12.5111 7.38818L12.5112 7.28818H12.5111V7.38818ZM13.2611 8.13818L13.3611 8.13822V8.13818H13.2611ZM12.5111 8.88818V8.98818H12.5112L12.5111 8.88818ZM8.13806 8.88818V8.78818V8.88818ZM7.38806 8.13818H7.28806V8.13822L7.38806 8.13818ZM7.38806 3.76514H7.48806V3.76514H7.38806ZM8.13806 0.100098L8.13806 0.200098C12.5221 0.20024 16.0761 3.75418 16.0761 8.13819L16.1761 8.13818L16.2761 8.13818C16.2761 3.64372 12.6325 0.000244059 8.13806 9.76548e-05L8.13806 0.100098ZM16.1761 8.13818L16.0761 8.13818C16.076 12.5221 12.522 16.0761 8.13806 16.0763L8.13806 16.1763L8.13806 16.2763C12.6325 16.2761 16.276 12.6326 16.2761 8.13819L16.1761 8.13818ZM8.13806 16.1763L8.13806 16.0763C3.75406 16.0762 0.200118 12.5222 0.199976 8.13818L0.0999756 8.13818L-2.44156e-05 8.13819C0.000121988 12.6326 3.6436 16.2762 8.13806 16.2763L8.13806 16.1763ZM0.0999756 8.13818L0.199976 8.13819C0.200044 3.75413 3.75401 0.200166 8.13806 0.200098L8.13806 0.100098L8.13806 9.76548e-05C3.64355 0.000167377 4.53144e-05 3.64367 -2.44156e-05 8.13818L0.0999756 8.13818ZM8.13806 1.6001L8.13806 1.5001C4.47198 1.50017 1.50005 4.4721 1.49998 8.13818L1.59998 8.13818L1.69998 8.13819C1.70004 4.58256 4.58244 1.70017 8.13806 1.7001L8.13806 1.6001ZM1.59998 8.13818L1.49998 8.13819C1.50012 11.8042 4.47202 14.7762 8.13806 14.7763L8.13806 14.6763L8.13806 14.5763C4.58248 14.5762 1.70012 11.6937 1.69998 8.13818L1.59998 8.13818ZM8.13806 14.6763L8.13807 14.7763C11.804 14.7761 14.776 11.8042 14.7761 8.13819L14.6761 8.13818L14.5761 8.13818C14.576 11.6937 11.6936 14.5761 8.13806 14.5763L8.13806 14.6763ZM14.6761 8.13818L14.7761 8.13818C14.7761 4.47214 11.8041 1.50024 8.13807 1.5001L8.13806 1.6001L8.13806 1.7001C11.6936 1.70024 14.5761 4.58261 14.5761 8.13819L14.6761 8.13818ZM8.13806 3.01514L8.13803 3.11514C8.49696 3.11525 8.78806 3.40626 8.78806 3.76514H8.88806H8.98806C8.98806 3.29574 8.60737 2.91528 8.13809 2.91514L8.13806 3.01514ZM8.88806 3.76514H8.78806V7.38818H8.88806H8.98806V3.76514H8.88806ZM8.88806 7.38818V7.48818H12.5111V7.38818V7.28818H8.88806V7.38818ZM12.5111 7.38818L12.5111 7.48818C12.87 7.48835 13.1611 7.77936 13.1611 8.13818H13.2611H13.3611C13.3611 7.66881 12.9804 7.2884 12.5112 7.28818L12.5111 7.38818ZM13.2611 8.13818L13.1611 8.13815C13.161 8.49691 12.8698 8.78802 12.5111 8.78818L12.5111 8.88818L12.5112 8.98818C12.9803 8.98797 13.3609 8.6074 13.3611 8.13822L13.2611 8.13818ZM12.5111 8.88818V8.78818H8.13806V8.88818V8.98818H12.5111V8.88818ZM8.13806 8.88818V8.78818C7.7792 8.78818 7.48819 8.49707 7.48806 8.13815L7.38806 8.13818L7.28806 8.13822C7.28823 8.60747 7.66867 8.98818 8.13806 8.98818V8.88818ZM7.38806 8.13818H7.48806V3.76514H7.38806H7.28806V8.13818H7.38806ZM7.38806 3.76514H7.48806C7.48806 3.40615 7.77908 3.11514 8.13806 3.11514V3.01514V2.91514C7.66862 2.91514 7.28806 3.29569 7.28806 3.76514H7.38806Z\u0022 fill=\u0022black\u0022\/\u003E\n          \u003C\/svg\u003E\n        \u003C\/span\u003E\n          \u003Cspan class=\u0022\u0022\u003E14:00 - 14:30\u003C\/span\u003E\n        \u003C\/div\u003E\n                \u003C\/div\u003E\n\n          \u003Cdiv class=\u0022card-webinaire-catalog__organisateur\u0022\u003E\n        Par Vetoquinol\n      \u003C\/div\u003E\n    \n      \u003Cdiv class=\u0022card-webinaire-catalog__chapo\u0022\u003E\n        \n              \u003C\/div\u003E\n     \u003C\/div\u003E\n  \u003Cdiv class=\u0022card-webinaire-catalog__sponsor\u0022\u003E\n    Contenu sponsoris\u00e9\n  \u003C\/div\u003E\n\u003C\/article\u003E\n\n\u003Carticle  data-component-id=\u0022front:card-article\u0022 class=\u0022card-article group\u0022\u003E\n  \u003Cdiv class=\u0022card-article__image\u0022\u003E\n      \t\t\t\t\t\t\u003Cimg  data-component-id=\u0022front:image\u0022 class=\u0022w-full h-full object-contain absolute inset-0\u0022 src=\u0022\/sites\/plm-magazine\/files\/styles\/teaser\/public\/2025-11\/c8be0029-f239-4ec3-915e-cea5614ed3ba.jpg.webp\u0022 alt=\u0022B\u00e2timent scea de la grande menu\u00e8re\u0022 title=\u0022Marie Defruit\u0022 loading=\u0022lazy\u0022 width=\u0022480\u0022 height=\u0022320\u0022\u003E          \u003Cdiv class=\u0022card-article__tags\u0022\u003E\n                  \u003Cspan class=\u0022card-article__badges\u0022\u003E\n                      \t\t\n\u003Cspan  data-component-id=\u0022front:button-expand\u0022 class=\u0022button-expand button-expand--shadowed transition-within-parent\u0022 x-data=\u0022buttonExpand\u0022 :style=\u0022{ \u0026quot;--button-expand-label-width\u0026quot;: labelWidth }\u0022\u003E\n  \u003Cspan class=\u0022button-expand__icon\u0022\u003E\n    \n\u003Csvg  data-component-id=\u0022front:icon\u0022 class=\u0022icon icon--360\u0022\u003E\n  \u003Cuse xlink:href=\u0022\/themes\/custom\/plm\/dist\/assets\/images\/2e871604ef7778ce3dc1.svg#icon-360\u0022\u003E\u003C\/use\u003E\n\u003C\/svg\u003E\n  \u003C\/span\u003E\n  \u003Cspan class=\u0022button-expand__label\u0022 x-ref=\u0022label\u0022\u003E360\u003C\/span\u003E\n\u003C\/span\u003E\n                \u003C\/span\u003E\n                      \u003C\/div\u003E\n          \u003C\/div\u003E\n  \u003Cdiv class=\u0022card-article__body\u0022\u003E\n        \u003Cdiv class=\u0022text-[1.125em] leading-0 card-title\u0022\u003E\n                    \n      \u003Ca class=\u0022card-article__title\u0022 href=\u0022\/visites-360\/visitez-l-etable-des-1ers-de-la-top-liste-plm-2025\u0022 target=\u0022_self\u0022  title=\u0022Visitez l\u0026#039;\u00e9table des 1ers de la Top Liste PLM 2025\u0022\u003E\n        \t\n\u003Ch2  data-component-id=\u0022front:title\u0022 class=\u0022title title--small inline\u0022 title=\u0022Visitez l\u0026#039;\u00e9table des 1ers de la Top Liste PLM 2025\u0022\u003EVisitez l\u0026#039;\u00e9table des 1ers de la Top Liste PLM 2025\u003C\/h2\u003E\n      \u003C\/a\u003E\n                \u003Cspan class=\u0022inline-flex align-middle\u0022\u003E\n        \n\u003Cspan  data-component-id=\u0022front:icon-padlock\u0022 class=\u0022icon-padlock icon-padlock--t1\u0022\u003E\n  \n\u003Csvg  data-component-id=\u0022front:icon\u0022 class=\u0022icon icon--padlock\u0022\u003E\n  \u003Cuse xlink:href=\u0022\/themes\/custom\/plm\/dist\/assets\/images\/2e871604ef7778ce3dc1.svg#icon-padlock\u0022\u003E\u003C\/use\u003E\n\u003C\/svg\u003E\n\u003C\/span\u003E\n      \u003C\/span\u003E\n          \u003C\/div\u003E\n    \n\u003Cdiv  data-component-id=\u0022front:wysiwyg\u0022 class=\u0022wysiwyg wysiwyg--small\u0022\u003EPoussez les portes de l\u0027\u00e9table de la Scea de la Grande Menu\u00e8re. Arriv\u00e9s 1ers de la Top Liste PLM 2025, les \u00e9leveurs Jean-Charles, Micka\u00ebl, Charles et\u2026\u003C\/div\u003E\n          \u003Cdiv class=\u0022card-article__meta mbs-auto\u0022\u003E\n        \u003Ctime class=\u0022card-article__date\u0022 datetime=\u00222025-11-20T11:01:36+0100\u0022 x-data x-timestamp=\u00222025-11-20T11:01:36+0100\u0022\u003E20 Nov 2025\u003C\/time\u003E\n              \u003C\/div\u003E\n      \u003C\/div\u003E\n\u003C\/article\u003E\n\n\u003Carticle  data-component-id=\u0022front:card-article\u0022 class=\u0022card-article group\u0022\u003E\n  \u003Cdiv class=\u0022card-article__image\u0022\u003E\n      \t\t\t\t\t\t\u003Cimg  data-component-id=\u0022front:image\u0022 class=\u0022w-full h-full object-contain absolute inset-0\u0022 src=\u0022\/sites\/plm-magazine\/files\/styles\/teaser\/public\/2025-11\/d4737b14-9ab3-4b09-8e16-7042ea2aee39.jpg.webp\u0022 alt=\u0022Observatoire des mycotoxines\u0022 title=\u0022dr\u0022 loading=\u0022lazy\u0022 width=\u0022480\u0022 height=\u0022259\u0022\u003E          \u003C\/div\u003E\n  \u003Cdiv class=\u0022card-article__body\u0022\u003E\n        \u003Cdiv class=\u0022text-[1.125em] leading-0 card-title\u0022\u003E\n                    \n      \u003Ca class=\u0022card-article__title\u0022 href=\u0022\/index.php\/actualites\/mais-2025-la-pression-mycotoxines-plus-faible-qu-en-2024-se-confirme\u0022 target=\u0022_self\u0022  title=\u0022Ma\u00efs 2025. La pression mycotoxines plus faible qu\u0026#039;en 2024 se confirme\u0022\u003E\n        \t\n\u003Ch2  data-component-id=\u0022front:title\u0022 class=\u0022title title--small inline\u0022 title=\u0022Ma\u00efs 2025. La pression mycotoxines plus faible qu\u0026#039;en 2024 se confirme\u0022\u003EMa\u00efs 2025. La pression mycotoxines plus faible qu\u0026#039;en 2024 se confirme\u003C\/h2\u003E\n      \u003C\/a\u003E\n                \u003C\/div\u003E\n    \n\u003Cdiv  data-component-id=\u0022front:wysiwyg\u0022 class=\u0022wysiwyg wysiwyg--small\u0022\u003EFin octobre, les 90 premi\u00e8res analyses montraient peu de teneurs probl\u00e9matiques. Avec une centaine d\u0027analyses int\u00e9gr\u00e9es en plus dans l\u0027observatoire\u2026\u003C\/div\u003E\n          \u003Cdiv class=\u0022card-article__meta mbs-auto\u0022\u003E\n        \u003Ctime class=\u0022card-article__date\u0022 datetime=\u00222025-11-19T07:20:00+0100\u0022 x-data x-timestamp=\u00222025-11-19T07:20:00+0100\u0022\u003E19 Nov 2025\u003C\/time\u003E\n              \u003C\/div\u003E\n      \u003C\/div\u003E\n\u003C\/article\u003E\n\n\u003Carticle  data-component-id=\u0022front:card-article\u0022 class=\u0022card-article group\u0022\u003E\n  \u003Cdiv class=\u0022card-article__image\u0022\u003E\n      \t\t\t\t\t\t\u003Cimg  data-component-id=\u0022front:image\u0022 class=\u0022w-full h-full object-contain absolute inset-0\u0022 src=\u0022\/sites\/plm-magazine\/files\/styles\/teaser\/public\/2010-11\/15ab125a-7ab9-4103-abd2-2e94be1e36bc.jpg.webp\u0022 alt=\u0022D\u00e9rouleuse-pailleuse Warzee\u0022 title=\u0022B\u00e9atrice Colleu\u0022 loading=\u0022lazy\u0022 width=\u0022480\u0022 height=\u0022270\u0022\u003E          \u003Cdiv class=\u0022card-article__tags\u0022\u003E\n                  \u003Cspan class=\u0022card-article__badges\u0022\u003E\n                      \t\t\n\u003Cspan  data-component-id=\u0022front:button-expand\u0022 class=\u0022button-expand button-expand--shadowed transition-within-parent\u0022 x-data=\u0022buttonExpand\u0022 :style=\u0022{ \u0026quot;--button-expand-label-width\u0026quot;: labelWidth }\u0022\u003E\n  \u003Cspan class=\u0022button-expand__icon\u0022\u003E\n    \n\u003Csvg  data-component-id=\u0022front:icon\u0022 class=\u0022icon icon--video\u0022\u003E\n  \u003Cuse xlink:href=\u0022\/themes\/custom\/plm\/dist\/assets\/images\/2e871604ef7778ce3dc1.svg#icon-video\u0022\u003E\u003C\/use\u003E\n\u003C\/svg\u003E\n  \u003C\/span\u003E\n  \u003Cspan class=\u0022button-expand__label\u0022 x-ref=\u0022label\u0022\u003EVid\u00e9o\u003C\/span\u003E\n\u003C\/span\u003E\n                \u003C\/span\u003E\n                      \u003C\/div\u003E\n          \u003C\/div\u003E\n  \u003Cdiv class=\u0022card-article__body\u0022\u003E\n        \u003Cdiv class=\u0022text-[1.125em] leading-0 card-title\u0022\u003E\n                    \n      \u003Ca class=\u0022card-article__title\u0022 href=\u0022\/video-vache\/paillage-des-aires-paillees-avec-derouleuse-pailleuse\u0022 target=\u0022_self\u0022  title=\u0022Paillage des aires paill\u00e9es avec d\u00e9rouleuse-pailleuse\u0022\u003E\n        \t\n\u003Ch2  data-component-id=\u0022front:title\u0022 class=\u0022title title--small inline\u0022 title=\u0022Paillage des aires paill\u00e9es avec d\u00e9rouleuse-pailleuse\u0022\u003EPaillage des aires paill\u00e9es avec d\u00e9rouleuse-pailleuse\u003C\/h2\u003E\n      \u003C\/a\u003E\n                \u003Cspan class=\u0022inline-flex align-middle\u0022\u003E\n        \n\u003Cspan  data-component-id=\u0022front:icon-padlock\u0022 class=\u0022icon-padlock icon-padlock--t1\u0022\u003E\n  \n\u003Csvg  data-component-id=\u0022front:icon\u0022 class=\u0022icon icon--padlock\u0022\u003E\n  \u003Cuse xlink:href=\u0022\/themes\/custom\/plm\/dist\/assets\/images\/2e871604ef7778ce3dc1.svg#icon-padlock\u0022\u003E\u003C\/use\u003E\n\u003C\/svg\u003E\n\u003C\/span\u003E\n      \u003C\/span\u003E\n          \u003C\/div\u003E\n    \n\u003Cdiv  data-component-id=\u0022front:wysiwyg\u0022 class=\u0022wysiwyg wysiwyg--small\u0022\u003EAu Gaec des Champey, les \u00e9leveurs ont r\u00e9duit le temps de paillage avec leur nouvelle d\u00e9rouleuse-pailleuse. Compacte, elle s\u0027attelle au chargeur. A\u2026\u003C\/div\u003E\n          \u003Cdiv class=\u0022card-article__meta mbs-auto\u0022\u003E\n        \u003Ctime class=\u0022card-article__date\u0022 datetime=\u00222025-11-18T08:47:00+0100\u0022 x-data x-timestamp=\u00222025-11-18T08:47:00+0100\u0022\u003E18 Nov 2025\u003C\/time\u003E\n              \u003C\/div\u003E\n      \u003C\/div\u003E\n\u003C\/article\u003E\n\n\u003Carticle  data-component-id=\u0022front:card-article\u0022 class=\u0022card-article group\u0022\u003E\n  \u003Cdiv class=\u0022card-article__image\u0022\u003E\n      \t\t\t\t\t\t\u003Cimg  data-component-id=\u0022front:image\u0022 class=\u0022w-full h-full object-contain absolute inset-0\u0022 src=\u0022\/sites\/plm-magazine\/files\/styles\/teaser\/public\/2025-11\/9baa24ae-fa50-43b7-8d1f-2017f3077151.jpg.webp\u0022 alt=\u0022C\u00f4t\u00e9 b\u00e2timent gaec du dauphin\u0022 title=\u0022Marie Defruit\u0022 loading=\u0022lazy\u0022 width=\u0022480\u0022 height=\u0022320\u0022\u003E          \u003Cdiv class=\u0022card-article__tags\u0022\u003E\n                  \u003Cspan class=\u0022card-article__badges\u0022\u003E\n                      \t\t\n\u003Cspan  data-component-id=\u0022front:button-expand\u0022 class=\u0022button-expand button-expand--shadowed transition-within-parent\u0022 x-data=\u0022buttonExpand\u0022 :style=\u0022{ \u0026quot;--button-expand-label-width\u0026quot;: labelWidth }\u0022\u003E\n  \u003Cspan class=\u0022button-expand__icon\u0022\u003E\n    \n\u003Csvg  data-component-id=\u0022front:icon\u0022 class=\u0022icon icon--360\u0022\u003E\n  \u003Cuse xlink:href=\u0022\/themes\/custom\/plm\/dist\/assets\/images\/2e871604ef7778ce3dc1.svg#icon-360\u0022\u003E\u003C\/use\u003E\n\u003C\/svg\u003E\n  \u003C\/span\u003E\n  \u003Cspan class=\u0022button-expand__label\u0022 x-ref=\u0022label\u0022\u003E360\u003C\/span\u003E\n\u003C\/span\u003E\n                \u003C\/span\u003E\n                      \u003C\/div\u003E\n          \u003C\/div\u003E\n  \u003Cdiv class=\u0022card-article__body\u0022\u003E\n        \u003Cdiv class=\u0022text-[1.125em] leading-0 card-title\u0022\u003E\n                    \n      \u003Ca class=\u0022card-article__title\u0022 href=\u0022\/visites-360\/que-renferme-l-etable-gagnante-du-concours-batiment-plm-2025\u0022 target=\u0022_self\u0022  title=\u0022Que renferme l\u0026#039;\u00e9table gagnante du concours b\u00e2timent PLM 2025 ?\u0022\u003E\n        \t\n\u003Ch2  data-component-id=\u0022front:title\u0022 class=\u0022title title--small inline\u0022 title=\u0022Que renferme l\u0026#039;\u00e9table gagnante du concours b\u00e2timent PLM 2025 ?\u0022\u003EQue renferme l\u0026#039;\u00e9table gagnante du concours b\u00e2timent PLM 2025 ?\u003C\/h2\u003E\n      \u003C\/a\u003E\n                \u003Cspan class=\u0022inline-flex align-middle\u0022\u003E\n        \n\u003Cspan  data-component-id=\u0022front:icon-padlock\u0022 class=\u0022icon-padlock icon-padlock--t1\u0022\u003E\n  \n\u003Csvg  data-component-id=\u0022front:icon\u0022 class=\u0022icon icon--padlock\u0022\u003E\n  \u003Cuse xlink:href=\u0022\/themes\/custom\/plm\/dist\/assets\/images\/2e871604ef7778ce3dc1.svg#icon-padlock\u0022\u003E\u003C\/use\u003E\n\u003C\/svg\u003E\n\u003C\/span\u003E\n      \u003C\/span\u003E\n          \u003C\/div\u003E\n    \n\u003Cdiv  data-component-id=\u0022front:wysiwyg\u0022 class=\u0022wysiwyg wysiwyg--small\u0022\u003EDans la Manche, suite \u00e0 l\u0027installation de Simon Deladune, avec Philippe, son papa, une nouvelle \u00e9table est sortie de terre. Elle a \u00e9t\u00e9 \u00e9lue gagnante\u2026\u003C\/div\u003E\n          \u003Cdiv class=\u0022card-article__meta mbs-auto\u0022\u003E\n        \u003Ctime class=\u0022card-article__date\u0022 datetime=\u00222025-11-17T16:11:55+0100\u0022 x-data x-timestamp=\u00222025-11-17T16:11:55+0100\u0022\u003E17 Nov 2025\u003C\/time\u003E\n              \u003C\/div\u003E\n      \u003C\/div\u003E\n\u003C\/article\u003E\n\n\u003Carticle  data-component-id=\u0022front:card-article\u0022 class=\u0022card-article group\u0022\u003E\n  \u003Cdiv class=\u0022card-article__image\u0022\u003E\n      \t\t\t\t\t\t\u003Cimg  data-component-id=\u0022front:image\u0022 class=\u0022w-full h-full object-contain absolute inset-0\u0022 src=\u0022\/sites\/plm-magazine\/files\/styles\/teaser\/public\/2025-11\/384d4def-06c4-418f-98de-63c4eb49d00e.jpg.webp\u0022 alt=\u0022P\u00e9diluve usa\u0022 title=\u0022Marie Defruit\u0022 loading=\u0022lazy\u0022 width=\u0022470\u0022 height=\u0022320\u0022\u003E          \u003C\/div\u003E\n  \u003Cdiv class=\u0022card-article__body\u0022\u003E\n        \u003Cdiv class=\u0022text-[1.125em] leading-0 card-title\u0022\u003E\n                    \n      \u003Ca class=\u0022card-article__title\u0022 href=\u0022\/index.php\/actualites\/pourquoi-une-vache-stressee-boite-t-elle-plus\u0022 target=\u0022_self\u0022  title=\u0022Pourquoi une vache stress\u00e9e boite-t-elle plus ?\u0022\u003E\n        \t\n\u003Ch2  data-component-id=\u0022front:title\u0022 class=\u0022title title--small inline\u0022 title=\u0022Pourquoi une vache stress\u00e9e boite-t-elle plus ?\u0022\u003EPourquoi une vache stress\u00e9e boite-t-elle plus ?\u003C\/h2\u003E\n      \u003C\/a\u003E\n                \u003Cspan class=\u0022inline-flex align-middle\u0022\u003E\n        \n\u003Cspan  data-component-id=\u0022front:icon-padlock\u0022 class=\u0022icon-padlock icon-padlock--t1\u0022\u003E\n  \n\u003Csvg  data-component-id=\u0022front:icon\u0022 class=\u0022icon icon--padlock\u0022\u003E\n  \u003Cuse xlink:href=\u0022\/themes\/custom\/plm\/dist\/assets\/images\/2e871604ef7778ce3dc1.svg#icon-padlock\u0022\u003E\u003C\/use\u003E\n\u003C\/svg\u003E\n\u003C\/span\u003E\n      \u003C\/span\u003E\n          \u003C\/div\u003E\n    \n\u003Cdiv  data-component-id=\u0022front:wysiwyg\u0022 class=\u0022wysiwyg wysiwyg--small\u0022\u003EBoiterie, baisse de production ou encore mauvaise performance de repro\u2026 et si le stress en \u00e9tait le d\u00e9nominateur commun\u2009? Le Dr Bruno Dalez nous\u2026\u003C\/div\u003E\n          \u003Cdiv class=\u0022card-article__meta mbs-auto\u0022\u003E\n        \u003Ctime class=\u0022card-article__date\u0022 datetime=\u00222025-11-17T11:14:55+0100\u0022 x-data x-timestamp=\u00222025-11-17T11:14:55+0100\u0022\u003E17 Nov 2025\u003C\/time\u003E\n              \u003C\/div\u003E\n      \u003C\/div\u003E\n\u003C\/article\u003E\n\n\u003Carticle  data-component-id=\u0022front:card-article\u0022 class=\u0022card-article group\u0022\u003E\n  \u003Cdiv class=\u0022card-article__image\u0022\u003E\n      \t\t\t\t\t\t\u003Cimg  data-component-id=\u0022front:image\u0022 class=\u0022w-full h-full object-contain absolute inset-0\u0022 src=\u0022\/sites\/plm-magazine\/files\/styles\/teaser\/public\/2025-11\/2bd1a752-f16b-48bf-b305-dbae117f408a.jpg.webp\u0022 alt=\u0022Logo Elo\u0022 title=\u0022DR\u0022 loading=\u0022lazy\u0022 width=\u0022480\u0022 height=\u0022278\u0022\u003E          \u003C\/div\u003E\n  \u003Cdiv class=\u0022card-article__body\u0022\u003E\n        \u003Cdiv class=\u0022text-[1.125em] leading-0 card-title\u0022\u003E\n                    \n      \u003Ca class=\u0022card-article__title\u0022 href=\u0022\/index.php\/actualites\/rendez-vous-le-9-decembre-prochain-en-direct-pour-l-evenement-elo-sante-nutrition-avec\u0022 target=\u0022_self\u0022  title=\u0022Rendez-vous le 9 d\u00e9cembre prochain, en direct, pour l\u2019\u00e9v\u00e8nement ELO Sant\u00e9 Nutrition avec PLM\u0022\u003E\n        \t\n\u003Ch2  data-component-id=\u0022front:title\u0022 class=\u0022title title--small inline\u0022 title=\u0022Rendez-vous le 9 d\u00e9cembre prochain, en direct, pour l\u2019\u00e9v\u00e8nement ELO Sant\u00e9 Nutrition avec PLM\u0022\u003ERendez-vous le 9 d\u00e9cembre prochain, en direct, pour l\u2019\u00e9v\u00e8nement ELO Sant\u00e9\u2026\u003C\/h2\u003E\n      \u003C\/a\u003E\n                \u003C\/div\u003E\n    \n\u003Cdiv  data-component-id=\u0022front:wysiwyg\u0022 class=\u0022wysiwyg wysiwyg--small\u0022\u003EPour cette 5e\u00a0\u00e9dition d\u0027Elo Sant\u00e9 Nutrition, les r\u00e9dactions de PLM, Fili\u00e8res Avicoles, Porcmag et leurs partenaires vous proposent 7\u00a0webinaires\u2026\u003C\/div\u003E\n          \u003Cdiv class=\u0022card-article__meta mbs-auto\u0022\u003E\n        \u003Ctime class=\u0022card-article__date\u0022 datetime=\u00222025-11-14T18:03:00+0100\u0022 x-data x-timestamp=\u00222025-11-14T18:03:00+0100\u0022\u003E14 Nov 2025\u003C\/time\u003E\n              \u003C\/div\u003E\n      \u003C\/div\u003E\n\u003C\/article\u003E\n  \t\t\t\u003Carticle  data-component-id=\u0022front:card-webinaire-catalog\u0022 class=\u0022card-webinaire-catalog group\u0022 data-campagne=\u0022Webi-ELO_SN_2025-Novus_encadre\u0022 data-contentId=\u00223090\u0022 rel=\u0022nofollow\u0022\u003E\n  \u003Cdiv class=\u0022card-webinaire-catalog__image\u0022\u003E\n      \t\t\t\t\t\t\u003Cimg  data-component-id=\u0022front:image\u0022 class=\u0022w-full h-full object-cover absolute inset-0\u0022 src=\u0022\/sites\/plm-magazine\/files\/2026-04\/EVT-EP-ELO_Sante_Nutrition_25-Webi_Novus-accroche.jpg\u0022 alt=\u0022Webinaire Novus\u0022 title=\u0022Webinaire Novus\u0022 loading=\u0022eager\u0022 width=\u0022510\u0022 height=\u0022340\u0022\u003E          \u003Cdiv class=\u0022card-webinaire-catalog__duree \u0022\u003E\n        00:30:00\n      \u003C\/div\u003E\n        \u003Cdiv class=\u0022card-webinaire-catalog__badges\u0022\u003E\n      \t\t\n\u003Cspan  data-component-id=\u0022front:button-expand\u0022 class=\u0022button-expand button-expand--shadowed transition-within-parent\u0022 x-data=\u0022buttonExpand\u0022 :style=\u0022{ \u0026quot;--button-expand-label-width\u0026quot;: labelWidth }\u0022\u003E\n  \u003Cspan class=\u0022button-expand__icon\u0022\u003E\n    \n\u003Csvg  data-component-id=\u0022front:icon\u0022 class=\u0022icon icon--webinar\u0022\u003E\n  \u003Cuse xlink:href=\u0022\/themes\/custom\/plm\/dist\/assets\/images\/2e871604ef7778ce3dc1.svg#icon-webinar\u0022\u003E\u003C\/use\u003E\n\u003C\/svg\u003E\n  \u003C\/span\u003E\n  \u003Cspan class=\u0022button-expand__label\u0022 x-ref=\u0022label\u0022\u003Ewebinaire\u003C\/span\u003E\n\u003C\/span\u003E\n    \u003C\/div\u003E\n  \u003C\/div\u003E\n \u003Cdiv class=\u0022card-webinaire-catalog__body\u0022\u003E\n    \u003Cdiv class=\u0022text-[1.125em] leading-0 card-title\u0022\u003E\n            \u003Ca class=\u0022card-webinaire-catalog__title\u0022 href=\u0022\/webinaires\/management-des-boiteries-par-la-micronutrition-et-la-conduite-d-elevage\u0022 target=\u0022_self\u0022  data-campagne=\u0022Webi-ELO_SN_2025-Novus_encadre\u0022 data-contentId=\u00223090\u0022 rel=\u0022nofollow\u0022 title=\u0022Management des boiteries par la micronutrition et la conduite d\u0026#039;\u00e9levage\u0022\u003E\n        \n\u003Ch2  data-component-id=\u0022front:title\u0022 class=\u0022title title--small inline\u0022\u003EManagement des boiteries par la micronutrition et la conduite d\u0026#039;\u00e9levage\u003C\/h2\u003E\n      \u003C\/a\u003E\n                \u003C\/div\u003E\n\n    \u003Cdiv class=\u0022card-webinaire-catalog__date-info\u0022\u003E\n            \u003Cdiv class=\u0022card-webinaire-catalog__date\u0022\u003EReplay du\u0026nbsp;09\u0026nbsp;d\u00e9cembre\u0026nbsp;2025\u003C\/div\u003E\n                \u003C\/div\u003E\n\n          \u003Cdiv class=\u0022card-webinaire-catalog__organisateur\u0022\u003E\n        Par Novus\n      \u003C\/div\u003E\n    \n      \u003Cdiv class=\u0022card-webinaire-catalog__chapo\u0022\u003E\n        \n              \u003C\/div\u003E\n     \u003C\/div\u003E\n  \u003Cdiv class=\u0022card-webinaire-catalog__sponsor\u0022\u003E\n    Contenu sponsoris\u00e9\n  \u003C\/div\u003E\n\u003C\/article\u003E\n\n\u003Carticle  data-component-id=\u0022front:card-article\u0022 class=\u0022card-article group\u0022\u003E\n  \u003Cdiv class=\u0022card-article__image\u0022\u003E\n      \t\t\t\t\t\t\u003Cimg  data-component-id=\u0022front:image\u0022 class=\u0022w-full h-full object-contain absolute inset-0\u0022 src=\u0022\/sites\/plm-magazine\/files\/styles\/teaser\/public\/2025-10\/74bbf5e0-5297-4714-b8b9-f5377ce5ccde.jpg.webp\u0022 alt=\u0022Les logettes creuses se remplissent de sable (sur la photo), m\u00e9lange paille-chaux, paille, compost\u0022 title=\u0022B\u00e9atrice Colleu\u0022 loading=\u0022lazy\u0022 width=\u0022480\u0022 height=\u0022270\u0022\u003E          \u003C\/div\u003E\n  \u003Cdiv class=\u0022card-article__body\u0022\u003E\n        \u003Cdiv class=\u0022text-[1.125em] leading-0 card-title\u0022\u003E\n                    \n      \u003Ca class=\u0022card-article__title\u0022 href=\u0022\/index.php\/actualites\/voici-la-liste-des-facteurs-de-stress-evitables-pour-preserver-la-production\u0022 target=\u0022_self\u0022  title=\u0022Voici la liste des facteurs de stress \u00e9vitables pour pr\u00e9server la production\u0022\u003E\n        \t\n\u003Ch2  data-component-id=\u0022front:title\u0022 class=\u0022title title--small inline\u0022 title=\u0022Voici la liste des facteurs de stress \u00e9vitables pour pr\u00e9server la production\u0022\u003EVoici la liste des facteurs de stress \u00e9vitables pour pr\u00e9server la\u2026\u003C\/h2\u003E\n      \u003C\/a\u003E\n                \u003Cspan class=\u0022inline-flex align-middle\u0022\u003E\n        \n\u003Cspan  data-component-id=\u0022front:icon-padlock\u0022 class=\u0022icon-padlock icon-padlock--t1\u0022\u003E\n  \n\u003Csvg  data-component-id=\u0022front:icon\u0022 class=\u0022icon icon--padlock\u0022\u003E\n  \u003Cuse xlink:href=\u0022\/themes\/custom\/plm\/dist\/assets\/images\/2e871604ef7778ce3dc1.svg#icon-padlock\u0022\u003E\u003C\/use\u003E\n\u003C\/svg\u003E\n\u003C\/span\u003E\n      \u003C\/span\u003E\n          \u003C\/div\u003E\n    \n\u003Cdiv  data-component-id=\u0022front:wysiwyg\u0022 class=\u0022wysiwyg wysiwyg--small\u0022\u003ELa pr\u00e9vention du stress conditionne la rentabilit\u00e9 de nos troupeaux. Le Dr Bruno Dalez vous donne sa liste des causes de stress \u00e0 \u00e9viter. Certaines\u2026\u003C\/div\u003E\n          \u003Cdiv class=\u0022card-article__meta mbs-auto\u0022\u003E\n        \u003Ctime class=\u0022card-article__date\u0022 datetime=\u00222025-11-13T15:11:00+0100\u0022 x-data x-timestamp=\u00222025-11-13T15:11:00+0100\u0022\u003E13 Nov 2025\u003C\/time\u003E\n              \u003C\/div\u003E\n      \u003C\/div\u003E\n\u003C\/article\u003E\n  \t\t\t\u003Carticle  data-component-id=\u0022front:card-webinaire-catalog\u0022 class=\u0022card-webinaire-catalog group\u0022 data-campagne=\u0022Webi-ELO_SN_2025-Ceva_encadre\u0022 data-contentId=\u00223091\u0022 rel=\u0022nofollow\u0022\u003E\n  \u003Cdiv class=\u0022card-webinaire-catalog__image\u0022\u003E\n      \t\t\t\t\t\t\u003Cimg  data-component-id=\u0022front:image\u0022 class=\u0022w-full h-full object-cover absolute inset-0\u0022 src=\u0022\/sites\/plm-magazine\/files\/2026-04\/EVT-EP-ELO_Sante_Nutrition_25-Webi_ceva-accroche.jpg\u0022 alt=\u0022Webinaire Ceva\u0022 title=\u0022Webinaire Ceva\u0022 loading=\u0022eager\u0022 width=\u0022510\u0022 height=\u0022340\u0022\u003E          \u003Cdiv class=\u0022card-webinaire-catalog__duree \u0022\u003E\n        00:30:00\n      \u003C\/div\u003E\n        \u003Cdiv class=\u0022card-webinaire-catalog__badges\u0022\u003E\n      \t\t\n\u003Cspan  data-component-id=\u0022front:button-expand\u0022 class=\u0022button-expand button-expand--shadowed transition-within-parent\u0022 x-data=\u0022buttonExpand\u0022 :style=\u0022{ \u0026quot;--button-expand-label-width\u0026quot;: labelWidth }\u0022\u003E\n  \u003Cspan class=\u0022button-expand__icon\u0022\u003E\n    \n\u003Csvg  data-component-id=\u0022front:icon\u0022 class=\u0022icon icon--webinar\u0022\u003E\n  \u003Cuse xlink:href=\u0022\/themes\/custom\/plm\/dist\/assets\/images\/2e871604ef7778ce3dc1.svg#icon-webinar\u0022\u003E\u003C\/use\u003E\n\u003C\/svg\u003E\n  \u003C\/span\u003E\n  \u003Cspan class=\u0022button-expand__label\u0022 x-ref=\u0022label\u0022\u003Ewebinaire\u003C\/span\u003E\n\u003C\/span\u003E\n    \u003C\/div\u003E\n  \u003C\/div\u003E\n \u003Cdiv class=\u0022card-webinaire-catalog__body\u0022\u003E\n    \u003Cdiv class=\u0022text-[1.125em] leading-0 card-title\u0022\u003E\n            \u003Ca class=\u0022card-webinaire-catalog__title\u0022 href=\u0022\/webinaires\/proteger-le-troupeau-laitier-prevention-et-rentabilite-face-aux-maladies-vectorielles\u0022 target=\u0022_self\u0022  data-campagne=\u0022Webi-ELO_SN_2025-Ceva_encadre\u0022 data-contentId=\u00223091\u0022 rel=\u0022nofollow\u0022 title=\u0022Prot\u00e9ger le troupeau laitier : pr\u00e9vention et rentabilit\u00e9 face aux maladies vectorielles\u0022\u003E\n        \n\u003Ch2  data-component-id=\u0022front:title\u0022 class=\u0022title title--small inline\u0022\u003EProt\u00e9ger le troupeau laitier : pr\u00e9vention et rentabilit\u00e9 face aux maladies\u2026\u003C\/h2\u003E\n      \u003C\/a\u003E\n                \u003C\/div\u003E\n\n    \u003Cdiv class=\u0022card-webinaire-catalog__date-info\u0022\u003E\n            \u003Cdiv class=\u0022card-webinaire-catalog__date\u0022\u003EReplay du\u0026nbsp;09\u0026nbsp;d\u00e9cembre\u0026nbsp;2025\u003C\/div\u003E\n                \u003C\/div\u003E\n\n          \u003Cdiv class=\u0022card-webinaire-catalog__organisateur\u0022\u003E\n        Par Ceva Sant\u00e9 Animale\n      \u003C\/div\u003E\n    \n      \u003Cdiv class=\u0022card-webinaire-catalog__chapo\u0022\u003E\n        \n              \u003C\/div\u003E\n     \u003C\/div\u003E\n  \u003Cdiv class=\u0022card-webinaire-catalog__sponsor\u0022\u003E\n    Contenu sponsoris\u00e9\n  \u003C\/div\u003E\n\u003C\/article\u003E\n\n\u003Carticle  data-component-id=\u0022front:card-article\u0022 class=\u0022card-article group\u0022\u003E\n  \u003Cdiv class=\u0022card-article__image\u0022\u003E\n      \t\t\t\t\t\t\u003Cimg  data-component-id=\u0022front:image\u0022 class=\u0022w-full h-full object-contain absolute inset-0\u0022 src=\u0022\/sites\/plm-magazine\/files\/styles\/teaser\/public\/2025-11\/2e02efc2-ae1c-4d7a-9b7c-885ac4926164.jpg.webp\u0022 alt=\u0022Gr\u00e2ce \u00e0 la d\u00e9pose automatis\u00e9e des andains, le fourrage est toujours d\u00e9pos\u00e9 correctement\u0022 title=\u0022P\u00f4ttinger\u0022 loading=\u0022lazy\u0022 width=\u0022400\u0022 height=\u0022320\u0022\u003E          \u003C\/div\u003E\n  \u003Cdiv class=\u0022card-article__body\u0022\u003E\n        \u003Cdiv class=\u0022text-[1.125em] leading-0 card-title\u0022\u003E\n                    \n      \u003Ca class=\u0022card-article__title\u0022 href=\u0022\/index.php\/actualites\/pottinger-automatise-la-depose-d-andains\u0022 target=\u0022_self\u0022  title=\u0022P\u00f6ttinger automatise la d\u00e9pose d\u0026#039;andains \u0022\u003E\n        \t\n\u003Ch2  data-component-id=\u0022front:title\u0022 class=\u0022title title--small inline\u0022 title=\u0022P\u00f6ttinger automatise la d\u00e9pose d\u0026#039;andains \u0022\u003EP\u00f6ttinger automatise la d\u00e9pose d\u0026#039;andains \u003C\/h2\u003E\n      \u003C\/a\u003E\n                \u003C\/div\u003E\n    \n\u003Cdiv  data-component-id=\u0022front:wysiwyg\u0022 class=\u0022wysiwyg wysiwyg--small\u0022\u003EPour faciliter le fauchage en aller-retour, les combinaisons de fauche \u00e0 articulation centrale Novacat V 10 000 b\u00e9n\u00e9ficient de la d\u00e9pose d\u0027andains\u2026\u003C\/div\u003E\n          \u003Cdiv class=\u0022card-article__meta mbs-auto\u0022\u003E\n        \u003Ctime class=\u0022card-article__date\u0022 datetime=\u00222025-11-12T07:20:00+0100\u0022 x-data x-timestamp=\u00222025-11-12T07:20:00+0100\u0022\u003E12 Nov 2025\u003C\/time\u003E\n              \u003C\/div\u003E\n      \u003C\/div\u003E\n\u003C\/article\u003E\n\n\u003Carticle  data-component-id=\u0022front:card-article\u0022 class=\u0022card-article group\u0022\u003E\n  \u003Cdiv class=\u0022card-article__image\u0022\u003E\n      \t\t\t\t\t\t\u003Cimg  data-component-id=\u0022front:image\u0022 class=\u0022w-full h-full object-contain absolute inset-0\u0022 src=\u0022\/sites\/plm-magazine\/files\/styles\/teaser\/public\/2025-11\/9869cbc3-c108-45bb-aa03-b4d8344d0629.jpg.webp\u0022 alt=\u0022Signature le 4 novembre 2025 dans le cadre du s\u00e9minaire Bovec \u00e0 Tours par (de gauche \u00e0 droite) : Jim LOW, Chief Operating Officer d\u0026#039;ABS Global, Mic\u0022 title=\u0022Bovec\u0022 loading=\u0022lazy\u0022 width=\u0022456\u0022 height=\u0022320\u0022\u003E          \u003C\/div\u003E\n  \u003Cdiv class=\u0022card-article__body\u0022\u003E\n        \u003Cdiv class=\u0022text-[1.125em] leading-0 card-title\u0022\u003E\n                    \n      \u003Ca class=\u0022card-article__title\u0022 href=\u0022\/index.php\/actualites\/world-wide-sires-wws-et-bovec-poursuivent-leur-partenariat-strategique\u0022 target=\u0022_self\u0022  title=\u0022World Wide Sires (WWS) et Bovec poursuivent leur partenariat strat\u00e9gique \u0022\u003E\n        \t\n\u003Ch2  data-component-id=\u0022front:title\u0022 class=\u0022title title--small inline\u0022 title=\u0022World Wide Sires (WWS) et Bovec poursuivent leur partenariat strat\u00e9gique \u0022\u003EWorld Wide Sires (WWS) et Bovec poursuivent leur partenariat strat\u00e9gique \u003C\/h2\u003E\n      \u003C\/a\u003E\n                \u003C\/div\u003E\n    \n\u003Cdiv  data-component-id=\u0022front:wysiwyg\u0022 class=\u0022wysiwyg wysiwyg--small\u0022\u003ELes \u00e9quipes de World Wide Sires et Bovec viennent d\u0027annoncer le renouvellement, avec effet imm\u00e9diat, du contrat de distribution exclusive de la\u2026\u003C\/div\u003E\n          \u003Cdiv class=\u0022card-article__meta mbs-auto\u0022\u003E\n        \u003Ctime class=\u0022card-article__date\u0022 datetime=\u00222025-11-11T08:10:00+0100\u0022 x-data x-timestamp=\u00222025-11-11T08:10:00+0100\u0022\u003E11 Nov 2025\u003C\/time\u003E\n              \u003C\/div\u003E\n      \u003C\/div\u003E\n\u003C\/article\u003E\n\n\u003Carticle  data-component-id=\u0022front:card-article\u0022 class=\u0022card-article group\u0022\u003E\n  \u003Cdiv class=\u0022card-article__image\u0022\u003E\n      \t\t\t\t\t\t\u003Cimg  data-component-id=\u0022front:image\u0022 class=\u0022w-full h-full object-contain absolute inset-0\u0022 src=\u0022\/sites\/plm-magazine\/files\/styles\/teaser\/public\/2025-11\/95286ca8-de28-467d-8da0-66f2fc3c7a50.jpg.webp\u0022 alt=\u0022Zone r\u00e9glement\u00e9e lev\u00e9e autour du foyer dans le Rh\u00f4ne\u0022 title=\u0022dr\u0022 loading=\u0022lazy\u0022 width=\u0022478\u0022 height=\u0022320\u0022\u003E          \u003C\/div\u003E\n  \u003Cdiv class=\u0022card-article__body\u0022\u003E\n        \u003Cdiv class=\u0022text-[1.125em] leading-0 card-title\u0022\u003E\n                    \n      \u003Ca class=\u0022card-article__title\u0022 href=\u0022\/index.php\/actualites\/dnc-une-2e-zone-reglementee-levee-et-les-rassemblements-autorises\u0022 target=\u0022_self\u0022  title=\u0022DNC. Une 2e zone r\u00e9glement\u00e9e lev\u00e9e et les rassemblements autoris\u00e9s\u0022\u003E\n        \t\n\u003Ch2  data-component-id=\u0022front:title\u0022 class=\u0022title title--small inline\u0022 title=\u0022DNC. Une 2e zone r\u00e9glement\u00e9e lev\u00e9e et les rassemblements autoris\u00e9s\u0022\u003EDNC. Une 2e zone r\u00e9glement\u00e9e lev\u00e9e et les rassemblements autoris\u00e9s\u003C\/h2\u003E\n      \u003C\/a\u003E\n                \u003C\/div\u003E\n    \n\u003Cdiv  data-component-id=\u0022front:wysiwyg\u0022 class=\u0022wysiwyg wysiwyg--small\u0022\u003ELe 5 novembre, deux \u00e9volutions notables dans les mesures instaur\u00e9es pour \u00e9radiquer la dermatose nodulaire contagieuse (DNC) sont entr\u00e9es en vigueur.\u00a0\u003C\/div\u003E\n          \u003Cdiv class=\u0022card-article__meta mbs-auto\u0022\u003E\n        \u003Ctime class=\u0022card-article__date\u0022 datetime=\u00222025-11-09T07:50:00+0100\u0022 x-data x-timestamp=\u00222025-11-09T07:50:00+0100\u0022\u003E09 Nov 2025\u003C\/time\u003E\n              \u003C\/div\u003E\n      \u003C\/div\u003E\n\u003C\/article\u003E\n\n\u003Carticle  data-component-id=\u0022front:card-article\u0022 class=\u0022card-article group\u0022\u003E\n  \u003Cdiv class=\u0022card-article__image\u0022\u003E\n      \t\t\t\t\t\t\u003Cimg  data-component-id=\u0022front:image\u0022 class=\u0022w-full h-full object-contain absolute inset-0\u0022 src=\u0022\/sites\/plm-magazine\/files\/styles\/teaser\/public\/2025-11\/2d33a8a6-64d6-488d-94a6-23a6c1284363.jpg.webp\u0022 alt=\u0022pailleuse port\u00e9e Lucas G Raptor Compact\u0022 title=\u0022copyright franck GALLEN \/ PIX MACHINE\u0022 loading=\u0022lazy\u0022 width=\u0022480\u0022 height=\u0022316\u0022\u003E          \u003C\/div\u003E\n  \u003Cdiv class=\u0022card-article__body\u0022\u003E\n        \u003Cdiv class=\u0022text-[1.125em] leading-0 card-title\u0022\u003E\n                    \n      \u003Ca class=\u0022card-article__title\u0022 href=\u0022\/index.php\/actualites\/chez-lucas-g-une-pailleuse-portee-pour-les-chargeuses-legeres-et-une-derouleuse-biplace\u0022 target=\u0022_self\u0022  title=\u0022Chez Lucas G, une pailleuse port\u00e9e pour les chargeuses l\u00e9g\u00e8res et une d\u00e9rouleuse biplace\u0022\u003E\n        \t\n\u003Ch2  data-component-id=\u0022front:title\u0022 class=\u0022title title--small inline\u0022 title=\u0022Chez Lucas G, une pailleuse port\u00e9e pour les chargeuses l\u00e9g\u00e8res et une d\u00e9rouleuse biplace\u0022\u003EChez Lucas G, une pailleuse port\u00e9e pour les chargeuses l\u00e9g\u00e8res et une\u2026\u003C\/h2\u003E\n      \u003C\/a\u003E\n                \u003C\/div\u003E\n    \n\u003Cdiv  data-component-id=\u0022front:wysiwyg\u0022 class=\u0022wysiwyg wysiwyg--small\u0022\u003EPasse-partout, la Raptor Compact, compl\u00e8te la gamme des pailleuses Lucas G. Le constructeur vend\u00e9en lance aussi la d\u00e9rouleuse Ubi Plus, capable de\u2026\u003C\/div\u003E\n          \u003Cdiv class=\u0022card-article__meta mbs-auto\u0022\u003E\n        \u003Ctime class=\u0022card-article__date\u0022 datetime=\u00222025-11-07T21:36:00+0100\u0022 x-data x-timestamp=\u00222025-11-07T21:36:00+0100\u0022\u003E07 Nov 2025\u003C\/time\u003E\n              \u003C\/div\u003E\n      \u003C\/div\u003E\n\u003C\/article\u003E\n  \t\t\t\u003Carticle  data-component-id=\u0022front:card-webinaire-catalog\u0022 class=\u0022card-webinaire-catalog group\u0022 data-campagne=\u0022Webi-ELO_SN_2025-Seenovia_encadre\u0022 data-contentId=\u00223092\u0022 rel=\u0022nofollow\u0022\u003E\n  \u003Cdiv class=\u0022card-webinaire-catalog__image\u0022\u003E\n      \t\t\t\t\t\t\u003Cimg  data-component-id=\u0022front:image\u0022 class=\u0022w-full h-full object-cover absolute inset-0\u0022 src=\u0022\/sites\/plm-magazine\/files\/2026-04\/EVT-EP-ELO_Sante_Nutrition_25-Webi_seenovia-accroche.jpg\u0022 alt=\u0022Webinaire Seenovia\u0022 title=\u0022Webinaire Seenovia\u0022 loading=\u0022eager\u0022 width=\u0022510\u0022 height=\u0022340\u0022\u003E          \u003Cdiv class=\u0022card-webinaire-catalog__duree \u0022\u003E\n        00:30:00\n      \u003C\/div\u003E\n        \u003Cdiv class=\u0022card-webinaire-catalog__badges\u0022\u003E\n      \t\t\n\u003Cspan  data-component-id=\u0022front:button-expand\u0022 class=\u0022button-expand button-expand--shadowed transition-within-parent\u0022 x-data=\u0022buttonExpand\u0022 :style=\u0022{ \u0026quot;--button-expand-label-width\u0026quot;: labelWidth }\u0022\u003E\n  \u003Cspan class=\u0022button-expand__icon\u0022\u003E\n    \n\u003Csvg  data-component-id=\u0022front:icon\u0022 class=\u0022icon icon--webinar\u0022\u003E\n  \u003Cuse xlink:href=\u0022\/themes\/custom\/plm\/dist\/assets\/images\/2e871604ef7778ce3dc1.svg#icon-webinar\u0022\u003E\u003C\/use\u003E\n\u003C\/svg\u003E\n  \u003C\/span\u003E\n  \u003Cspan class=\u0022button-expand__label\u0022 x-ref=\u0022label\u0022\u003Ewebinaire\u003C\/span\u003E\n\u003C\/span\u003E\n    \u003C\/div\u003E\n  \u003C\/div\u003E\n \u003Cdiv class=\u0022card-webinaire-catalog__body\u0022\u003E\n    \u003Cdiv class=\u0022text-[1.125em] leading-0 card-title\u0022\u003E\n            \u003Ca class=\u0022card-webinaire-catalog__title\u0022 href=\u0022\/webinaires\/comment-passer-de-30-a-42kg-de-lait-durablement-en-maitrisant-sa-marge-sur-cout\u0022 target=\u0022_self\u0022  data-campagne=\u0022Webi-ELO_SN_2025-Seenovia_encadre\u0022 data-contentId=\u00223092\u0022 rel=\u0022nofollow\u0022 title=\u0022Comment passer de 30 \u00e0 42kg de lait durablement en maitrisant sa marge sur co\u00fbt alimentaire ?\u0022\u003E\n        \n\u003Ch2  data-component-id=\u0022front:title\u0022 class=\u0022title title--small inline\u0022\u003EComment passer de 30 \u00e0 42kg de lait durablement en maitrisant sa marge sur\u2026\u003C\/h2\u003E\n      \u003C\/a\u003E\n                \u003C\/div\u003E\n\n    \u003Cdiv class=\u0022card-webinaire-catalog__date-info\u0022\u003E\n            \u003Cdiv class=\u0022card-webinaire-catalog__date\u0022\u003EReplay du\u0026nbsp;09\u0026nbsp;d\u00e9cembre\u0026nbsp;2025\u003C\/div\u003E\n                \u003C\/div\u003E\n\n          \u003Cdiv class=\u0022card-webinaire-catalog__organisateur\u0022\u003E\n        Par Seenovia \u0026amp; Eilyps\n      \u003C\/div\u003E\n    \n      \u003Cdiv class=\u0022card-webinaire-catalog__chapo\u0022\u003E\n        \n              \u003C\/div\u003E\n     \u003C\/div\u003E\n  \u003Cdiv class=\u0022card-webinaire-catalog__sponsor\u0022\u003E\n    Contenu sponsoris\u00e9\n  \u003C\/div\u003E\n\u003C\/article\u003E\n\n\u003Carticle  data-component-id=\u0022front:card-article\u0022 class=\u0022card-article group\u0022\u003E\n  \u003Cdiv class=\u0022card-article__image\u0022\u003E\n      \t\t\t\t\t\t\u003Cimg  data-component-id=\u0022front:image\u0022 class=\u0022w-full h-full object-contain absolute inset-0\u0022 src=\u0022\/sites\/plm-magazine\/files\/styles\/teaser\/public\/2025-11\/e4ba59f1-33e9-4eb6-8b87-4c204c9f3ff7.jpg.webp\u0022 alt=\u0022Vaches en forme\u0022 title=\u0022Marie Defruit\u0022 loading=\u0022lazy\u0022 width=\u0022480\u0022 height=\u0022320\u0022\u003E          \u003C\/div\u003E\n  \u003Cdiv class=\u0022card-article__body\u0022\u003E\n        \u003Cdiv class=\u0022text-[1.125em] leading-0 card-title\u0022\u003E\n                    \n      \u003Ca class=\u0022card-article__title\u0022 href=\u0022\/index.php\/actualites\/quel-est-le-taux-de-mortalite-dans-votre-elevage\u0022 target=\u0022_self\u0022  title=\u0022Quel est le taux de mortalit\u00e9, dans votre \u00e9levage ?\u0022\u003E\n        \t\n\u003Ch2  data-component-id=\u0022front:title\u0022 class=\u0022title title--small inline\u0022 title=\u0022Quel est le taux de mortalit\u00e9, dans votre \u00e9levage ?\u0022\u003EQuel est le taux de mortalit\u00e9, dans votre \u00e9levage ?\u003C\/h2\u003E\n      \u003C\/a\u003E\n                \u003Cspan class=\u0022inline-flex align-middle\u0022\u003E\n        \n\u003Cspan  data-component-id=\u0022front:icon-padlock\u0022 class=\u0022icon-padlock icon-padlock--t1\u0022\u003E\n  \n\u003Csvg  data-component-id=\u0022front:icon\u0022 class=\u0022icon icon--padlock\u0022\u003E\n  \u003Cuse xlink:href=\u0022\/themes\/custom\/plm\/dist\/assets\/images\/2e871604ef7778ce3dc1.svg#icon-padlock\u0022\u003E\u003C\/use\u003E\n\u003C\/svg\u003E\n\u003C\/span\u003E\n      \u003C\/span\u003E\n          \u003C\/div\u003E\n    \n\u003Cdiv  data-component-id=\u0022front:wysiwyg\u0022 class=\u0022wysiwyg wysiwyg--small\u0022\u003E\u00ab\u2009On ne devrait pas d\u00e9passer 5\u00a0%\u2009\u00bb. Jean-Marc H\u00e9liez aborde la question de la mortalit\u00e9 des vaches, en \u00e9levage. On en parle peu. Et pourtant, bien de\u2026\u003C\/div\u003E\n          \u003Cdiv class=\u0022card-article__meta mbs-auto\u0022\u003E\n        \u003Ctime class=\u0022card-article__date\u0022 datetime=\u00222025-11-06T18:46:33+0100\u0022 x-data x-timestamp=\u00222025-11-06T18:46:33+0100\u0022\u003E06 Nov 2025\u003C\/time\u003E\n              \u003C\/div\u003E\n      \u003C\/div\u003E\n\u003C\/article\u003E\n  \t\t\t\u003Carticle  data-component-id=\u0022front:card-webinaire-catalog\u0022 class=\u0022card-webinaire-catalog group\u0022 data-campagne=\u0022Webi-ELO_GT_2025-Ceva_encadre\u0022 data-contentId=\u00223101\u0022 rel=\u0022nofollow\u0022\u003E\n  \u003Cdiv class=\u0022card-webinaire-catalog__image\u0022\u003E\n      \t\t\t\t\t\t\u003Cimg  data-component-id=\u0022front:image\u0022 class=\u0022w-full h-full object-cover absolute inset-0\u0022 src=\u0022\/sites\/plm-magazine\/files\/2026-04\/EVT-PLM-ELO_Grands_troupeaux_25-Webi_ceva-accroche.jpg\u0022 alt=\u0022Webinaire Ceva\u0022 title=\u0022Webinaire Ceva\u0022 loading=\u0022eager\u0022 width=\u0022510\u0022 height=\u0022340\u0022\u003E          \u003Cdiv class=\u0022card-webinaire-catalog__duree \u0022\u003E\n        00:30:00\n      \u003C\/div\u003E\n        \u003Cdiv class=\u0022card-webinaire-catalog__badges\u0022\u003E\n      \t\t\n\u003Cspan  data-component-id=\u0022front:button-expand\u0022 class=\u0022button-expand button-expand--shadowed transition-within-parent\u0022 x-data=\u0022buttonExpand\u0022 :style=\u0022{ \u0026quot;--button-expand-label-width\u0026quot;: labelWidth }\u0022\u003E\n  \u003Cspan class=\u0022button-expand__icon\u0022\u003E\n    \n\u003Csvg  data-component-id=\u0022front:icon\u0022 class=\u0022icon icon--webinar\u0022\u003E\n  \u003Cuse xlink:href=\u0022\/themes\/custom\/plm\/dist\/assets\/images\/2e871604ef7778ce3dc1.svg#icon-webinar\u0022\u003E\u003C\/use\u003E\n\u003C\/svg\u003E\n  \u003C\/span\u003E\n  \u003Cspan class=\u0022button-expand__label\u0022 x-ref=\u0022label\u0022\u003Ewebinaire\u003C\/span\u003E\n\u003C\/span\u003E\n    \u003C\/div\u003E\n  \u003C\/div\u003E\n \u003Cdiv class=\u0022card-webinaire-catalog__body\u0022\u003E\n    \u003Cdiv class=\u0022text-[1.125em] leading-0 card-title\u0022\u003E\n            \u003Ca class=\u0022card-webinaire-catalog__title\u0022 href=\u0022\/webinaires\/performances-de-reproduction-degradees-c-etait-la-fievre-q\u0022 target=\u0022_self\u0022  data-campagne=\u0022Webi-ELO_GT_2025-Ceva_encadre\u0022 data-contentId=\u00223101\u0022 rel=\u0022nofollow\u0022 title=\u0022Performances de reproduction d\u00e9grad\u00e9es : c\u2019\u00e9tait la fi\u00e8vre Q !\u0022\u003E\n        \n\u003Ch2  data-component-id=\u0022front:title\u0022 class=\u0022title title--small inline\u0022\u003EPerformances de reproduction d\u00e9grad\u00e9es : c\u2019\u00e9tait la fi\u00e8vre Q !\u003C\/h2\u003E\n      \u003C\/a\u003E\n                \u003C\/div\u003E\n\n    \u003Cdiv class=\u0022card-webinaire-catalog__date-info\u0022\u003E\n            \u003Cdiv class=\u0022card-webinaire-catalog__date\u0022\u003EReplay du\u0026nbsp;19\u0026nbsp;juin\u0026nbsp;2025\u003C\/div\u003E\n                \u003C\/div\u003E\n\n          \u003Cdiv class=\u0022card-webinaire-catalog__organisateur\u0022\u003E\n        Par Ceva Sant\u00e9 Animale\n      \u003C\/div\u003E\n    \n      \u003Cdiv class=\u0022card-webinaire-catalog__chapo\u0022\u003E\n        \n              \u003C\/div\u003E\n     \u003C\/div\u003E\n  \u003Cdiv class=\u0022card-webinaire-catalog__sponsor\u0022\u003E\n    Contenu sponsoris\u00e9\n  \u003C\/div\u003E\n\u003C\/article\u003E\n\n\u003Carticle  data-component-id=\u0022front:card-article\u0022 class=\u0022card-article group\u0022\u003E\n  \u003Cdiv class=\u0022card-article__image\u0022\u003E\n      \t\t\t\t\t\t\u003Cimg  data-component-id=\u0022front:image\u0022 class=\u0022w-full h-full object-contain absolute inset-0\u0022 src=\u0022\/sites\/plm-magazine\/files\/styles\/teaser\/public\/2025-11\/c036ed47-568f-4355-a684-a205e654321d.jpg.webp\u0022 alt=\u0022Smart-Hill sur bineuses Einbock, m\u00e9daille d\u0026#039;argent Agritechnica\u0022 title=\u0022dr\u0022 loading=\u0022lazy\u0022 width=\u0022478\u0022 height=\u0022320\u0022\u003E          \u003C\/div\u003E\n  \u003Cdiv class=\u0022card-article__body\u0022\u003E\n        \u003Cdiv class=\u0022text-[1.125em] leading-0 card-title\u0022\u003E\n                    \n      \u003Ca class=\u0022card-article__title\u0022 href=\u0022\/index.php\/actualites\/einbock-gmbh-recompense-a-agritechnica-pour-du-binage-de-precision-en-devers\u0022 target=\u0022_self\u0022  title=\u0022Einb\u00f6ck GmbH r\u00e9compens\u00e9 \u00e0 Agritechnica pour du binage de pr\u00e9cision en devers\u0022\u003E\n        \t\n\u003Ch2  data-component-id=\u0022front:title\u0022 class=\u0022title title--small inline\u0022 title=\u0022Einb\u00f6ck GmbH r\u00e9compens\u00e9 \u00e0 Agritechnica pour du binage de pr\u00e9cision en devers\u0022\u003EEinb\u00f6ck GmbH r\u00e9compens\u00e9 \u00e0 Agritechnica pour du binage de pr\u00e9cision en\u2026\u003C\/h2\u003E\n      \u003C\/a\u003E\n                \u003C\/div\u003E\n    \n\u003Cdiv  data-component-id=\u0022front:wysiwyg\u0022 class=\u0022wysiwyg wysiwyg--small\u0022\u003EPour \u00e9viter de biner les plantes cultiv\u00e9es en plus des mauvaises herbes dans les courbes et les terrains accident\u00e9s, Einb\u00f6ck a d\u00e9velopp\u00e9 en\u2026\u003C\/div\u003E\n          \u003Cdiv class=\u0022card-article__meta mbs-auto\u0022\u003E\n        \u003Ctime class=\u0022card-article__date\u0022 datetime=\u00222025-11-05T06:55:00+0100\u0022 x-data x-timestamp=\u00222025-11-05T06:55:00+0100\u0022\u003E05 Nov 2025\u003C\/time\u003E\n              \u003C\/div\u003E\n      \u003C\/div\u003E\n\u003C\/article\u003E\n\n\u003Carticle  data-component-id=\u0022front:card-article\u0022 class=\u0022card-article group\u0022\u003E\n  \u003Cdiv class=\u0022card-article__image\u0022\u003E\n      \t\t\t\t\t\t\u003Cimg  data-component-id=\u0022front:image\u0022 class=\u0022w-full h-full object-contain absolute inset-0\u0022 src=\u0022\/sites\/plm-magazine\/files\/styles\/teaser\/public\/2025-11\/a6e6e216-05d3-448a-ae37-f147bc339af9.jpg.webp\u0022 alt=\u0022Le syst\u00e8me Krone OptiSet est parfaitement adapt\u00e9 pour travailler avec le V\u00e9hicule Agricole Autonome Krone-Lemken.\u0022 title=\u0022Krone\u0022 loading=\u0022lazy\u0022 width=\u0022480\u0022 height=\u0022248\u0022\u003E          \u003C\/div\u003E\n  \u003Cdiv class=\u0022card-article__body\u0022\u003E\n        \u003Cdiv class=\u0022text-[1.125em] leading-0 card-title\u0022\u003E\n                    \n      \u003Ca class=\u0022card-article__title\u0022 href=\u0022\/index.php\/actualites\/medaille-d-argent-a-agritechnica-pour-le-systeme-krone-optiset-sur-faneuses-mais-qu-est\u0022 target=\u0022_self\u0022  title=\u0022M\u00e9daille d\u0026#039;argent \u00e0 Agritechnica pour le syst\u00e8me Krone Optiset sur faneuses. Mais qu\u0026#039;est-ce que c\u0026#039;est ?\u0022\u003E\n        \t\n\u003Ch2  data-component-id=\u0022front:title\u0022 class=\u0022title title--small inline\u0022 title=\u0022M\u00e9daille d\u0026#039;argent \u00e0 Agritechnica pour le syst\u00e8me Krone Optiset sur faneuses. Mais qu\u0026#039;est-ce que c\u0026#039;est ?\u0022\u003EM\u00e9daille d\u0026#039;argent \u00e0 Agritechnica pour le syst\u00e8me Krone Optiset sur\u2026\u003C\/h2\u003E\n      \u003C\/a\u003E\n                \u003C\/div\u003E\n    \n\u003Cdiv  data-component-id=\u0022front:wysiwyg\u0022 class=\u0022wysiwyg wysiwyg--small\u0022\u003EKrone a remport\u00e9 une m\u00e9daille d\u0027argent au salon Agritechnica, pour le d\u00e9veloppement du syst\u00e8me OptiSet sur la faneuse Vendro.\u00a0\r\nCette solution permet\u2026\u003C\/div\u003E\n          \u003Cdiv class=\u0022card-article__meta mbs-auto\u0022\u003E\n        \u003Ctime class=\u0022card-article__date\u0022 datetime=\u00222025-11-04T09:40:00+0100\u0022 x-data x-timestamp=\u00222025-11-04T09:40:00+0100\u0022\u003E04 Nov 2025\u003C\/time\u003E\n              \u003C\/div\u003E\n      \u003C\/div\u003E\n\u003C\/article\u003E\n\n\u003Carticle  data-component-id=\u0022front:card-article\u0022 class=\u0022card-article group\u0022\u003E\n  \u003Cdiv class=\u0022card-article__image\u0022\u003E\n      \t\t\t\t\t\t\u003Cimg  data-component-id=\u0022front:image\u0022 class=\u0022w-full h-full object-contain absolute inset-0\u0022 src=\u0022\/sites\/plm-magazine\/files\/styles\/teaser\/public\/2025-11\/ace726d0-8d10-4366-b1f2-a61d16221ecd.jpg.webp\u0022 alt=\u0022Aerosem F P\u00f6ttinger\u0022 title=\u0022Johanna Ecklmayr\u0022 loading=\u0022lazy\u0022 width=\u0022480\u0022 height=\u0022320\u0022\u003E          \u003C\/div\u003E\n  \u003Cdiv class=\u0022card-article__body\u0022\u003E\n        \u003Cdiv class=\u0022text-[1.125em] leading-0 card-title\u0022\u003E\n                    \n      \u003Ca class=\u0022card-article__title\u0022 href=\u0022\/index.php\/actualites\/la-barre-de-semis-aerosem-f-de-pottinger-desormais-disponible-en-version-3-metres\u0022 target=\u0022_self\u0022  title=\u0022La barre de semis Aerosem F de P\u00f6ttinger, d\u00e9sormais disponible en version 3 m\u00e8tres\u0022\u003E\n        \t\n\u003Ch2  data-component-id=\u0022front:title\u0022 class=\u0022title title--small inline\u0022 title=\u0022La barre de semis Aerosem F de P\u00f6ttinger, d\u00e9sormais disponible en version 3 m\u00e8tres\u0022\u003ELa barre de semis Aerosem F de P\u00f6ttinger, d\u00e9sormais disponible en version\u2026\u003C\/h2\u003E\n      \u003C\/a\u003E\n                \u003C\/div\u003E\n    \n\u003Cdiv  data-component-id=\u0022front:wysiwyg\u0022 class=\u0022wysiwyg wysiwyg--small\u0022\u003ELe semoir pneumatique avec tr\u00e9mie frontale Aerosem F, g\u00e9n\u00e9ralement combin\u00e9e avec la tr\u00e9mie Amico F, est d\u00e9sormais disponible s\u00e9par\u00e9ment. Une version\u2026\u003C\/div\u003E\n          \u003Cdiv class=\u0022card-article__meta mbs-auto\u0022\u003E\n        \u003Ctime class=\u0022card-article__date\u0022 datetime=\u00222025-11-03T17:05:00+0100\u0022 x-data x-timestamp=\u00222025-11-03T17:05:00+0100\u0022\u003E03 Nov 2025\u003C\/time\u003E\n              \u003C\/div\u003E\n      \u003C\/div\u003E\n\u003C\/article\u003E\n\n\u003Carticle  data-component-id=\u0022front:card-article\u0022 class=\u0022card-article group\u0022\u003E\n  \u003Cdiv class=\u0022card-article__image\u0022\u003E\n      \t\t\t\t\t\t\u003Cimg  data-component-id=\u0022front:image\u0022 class=\u0022w-full h-full object-contain absolute inset-0\u0022 src=\u0022\/sites\/plm-magazine\/files\/styles\/teaser\/public\/2025-11\/b4359592-abbe-46b6-9d20-3ab9b12acb2c.jpg.webp\u0022 alt=\u0022P\u00e2turag eet agroforesterie \u00e0 la ferme du Bois\u0022 title=\u0022Google Maps\u0022 loading=\u0022lazy\u0022 width=\u0022480\u0022 height=\u0022275\u0022\u003E          \u003C\/div\u003E\n  \u003Cdiv class=\u0022card-article__body\u0022\u003E\n        \u003Cdiv class=\u0022text-[1.125em] leading-0 card-title\u0022\u003E\n                    \n      \u003Ca class=\u0022card-article__title\u0022 href=\u0022\/index.php\/actualites\/orne-porte-ouverte-thematique-sur-l-installation-en-systeme-herbager\u0022 target=\u0022_self\u0022  title=\u0022Orne. Porte ouverte th\u00e9matique sur l\u0026#039;installation en syst\u00e8me herbager\u0022\u003E\n        \t\n\u003Ch2  data-component-id=\u0022front:title\u0022 class=\u0022title title--small inline\u0022 title=\u0022Orne. Porte ouverte th\u00e9matique sur l\u0026#039;installation en syst\u00e8me herbager\u0022\u003EOrne. Porte ouverte th\u00e9matique sur l\u0026#039;installation en syst\u00e8me herbager\u003C\/h2\u003E\n      \u003C\/a\u003E\n                \u003C\/div\u003E\n    \n\u003Cdiv  data-component-id=\u0022front:wysiwyg\u0022 class=\u0022wysiwyg wysiwyg--small\u0022\u003ELe 4 novembre, la Ferme du Bois dans l\u0027Orne, ouvre ses portes aux \u00e9tudiants en formation agricole pour parler de l\u0027installation en syst\u00e8me herbager\u2026\u003C\/div\u003E\n          \u003Cdiv class=\u0022card-article__meta mbs-auto\u0022\u003E\n        \u003Ctime class=\u0022card-article__date\u0022 datetime=\u00222025-11-01T11:04:00+0100\u0022 x-data x-timestamp=\u00222025-11-01T11:04:00+0100\u0022\u003E01 Nov 2025\u003C\/time\u003E\n              \u003C\/div\u003E\n      \u003C\/div\u003E\n\u003C\/article\u003E\n\n\u003Carticle  data-component-id=\u0022front:card-article\u0022 class=\u0022card-article group\u0022\u003E\n  \u003Cdiv class=\u0022card-article__image\u0022\u003E\n      \t\t\t\t\t\t\u003Cimg  data-component-id=\u0022front:image\u0022 class=\u0022w-full h-full object-contain absolute inset-0\u0022 src=\u0022\/sites\/plm-magazine\/files\/styles\/teaser\/public\/2025-10\/40d80f45-d99b-4d30-b127-1d7a04842849.jpg.webp\u0022 alt=\u0022Biolumic\u0022 title=\u0022Biolumic\u0022 loading=\u0022lazy\u0022 width=\u0022480\u0022 height=\u0022300\u0022\u003E          \u003C\/div\u003E\n  \u003Cdiv class=\u0022card-article__body\u0022\u003E\n        \u003Cdiv class=\u0022text-[1.125em] leading-0 card-title\u0022\u003E\n                    \n      \u003Ca class=\u0022card-article__title\u0022 href=\u0022\/index.php\/actualites\/bientot-les-premieres-semences-de-ray-grass-boostees-par-la-lumiere\u0022 target=\u0022_self\u0022  title=\u0022Bient\u00f4t, les premi\u00e8res semences de ray-grass boost\u00e9es par la lumi\u00e8re\u0022\u003E\n        \t\n\u003Ch2  data-component-id=\u0022front:title\u0022 class=\u0022title title--small inline\u0022 title=\u0022Bient\u00f4t, les premi\u00e8res semences de ray-grass boost\u00e9es par la lumi\u00e8re\u0022\u003EBient\u00f4t, les premi\u00e8res semences de ray-grass boost\u00e9es par la lumi\u00e8re\u003C\/h2\u003E\n      \u003C\/a\u003E\n                \u003C\/div\u003E\n    \n\u003Cdiv  data-component-id=\u0022front:wysiwyg\u0022 class=\u0022wysiwyg wysiwyg--small\u0022\u003ELa laiterie Fonterra et l\u2019entreprise de biotechnologie Biolumic viennent de signer un partenariat, pour de super semences de ray-grass,\u2026\u003C\/div\u003E\n          \u003Cdiv class=\u0022card-article__meta mbs-auto\u0022\u003E\n        \u003Ctime class=\u0022card-article__date\u0022 datetime=\u00222025-10-31T12:17:00+0100\u0022 x-data x-timestamp=\u00222025-10-31T12:17:00+0100\u0022\u003E31 Oct 2025\u003C\/time\u003E\n              \u003C\/div\u003E\n      \u003C\/div\u003E\n\u003C\/article\u003E\n\n\u003Carticle  data-component-id=\u0022front:card-article\u0022 class=\u0022card-article group\u0022\u003E\n  \u003Cdiv class=\u0022card-article__image\u0022\u003E\n      \t\t\t\t\t\t\u003Cimg  data-component-id=\u0022front:image\u0022 class=\u0022w-full h-full object-contain absolute inset-0\u0022 src=\u0022\/sites\/plm-magazine\/files\/styles\/teaser\/public\/2025-10\/a0f48be0-dcd7-4f0c-9e85-00b6da189c4b.jpg.webp\u0022 alt=\u0022Les bovins pourront \u00eatre expor\u00e9s d\u00e8s le 1er novembre\u0022 title=\u0022Xavier Remongin\/agriculture.gouv.fr\u0022 loading=\u0022lazy\u0022 width=\u0022480\u0022 height=\u0022306\u0022\u003E          \u003C\/div\u003E\n  \u003Cdiv class=\u0022card-article__body\u0022\u003E\n        \u003Cdiv class=\u0022text-[1.125em] leading-0 card-title\u0022\u003E\n                    \n      \u003Ca class=\u0022card-article__title\u0022 href=\u0022\/index.php\/actualites\/dnc-l-export-de-bovins-de-nouveau-possible-des-le-1er-novembre\u0022 target=\u0022_self\u0022  title=\u0022DNC. L\u0026#039;export de bovins de nouveau possible, d\u00e8s le 1er novembre\u0022\u003E\n        \t\n\u003Ch2  data-component-id=\u0022front:title\u0022 class=\u0022title title--small inline\u0022 title=\u0022DNC. L\u0026#039;export de bovins de nouveau possible, d\u00e8s le 1er novembre\u0022\u003EDNC. L\u0026#039;export de bovins de nouveau possible, d\u00e8s le 1er novembre\u003C\/h2\u003E\n      \u003C\/a\u003E\n                \u003C\/div\u003E\n    \n\u003Cdiv  data-component-id=\u0022front:wysiwyg\u0022 class=\u0022wysiwyg wysiwyg--small\u0022\u003EC\u0027est dans un cadre sanitaire ma\u00eetris\u00e9, que la ministre de l\u0027agriculture vient d\u0027annoncer une reprise anticip\u00e9e des exportations de bovins.\u003C\/div\u003E\n          \u003Cdiv class=\u0022card-article__meta mbs-auto\u0022\u003E\n        \u003Ctime class=\u0022card-article__date\u0022 datetime=\u00222025-10-30T11:48:00+0100\u0022 x-data x-timestamp=\u00222025-10-30T11:48:00+0100\u0022\u003E30 Oct 2025\u003C\/time\u003E\n              \u003C\/div\u003E\n      \u003C\/div\u003E\n\u003C\/article\u003E\n  \t\t\t\u003Carticle  data-component-id=\u0022front:card-webinaire-catalog\u0022 class=\u0022card-webinaire-catalog group\u0022 data-campagne=\u0022Webi-ELO_GT_2025-Vetoquinol_encadre\u0022 data-contentId=\u00223102\u0022 rel=\u0022nofollow\u0022\u003E\n  \u003Cdiv class=\u0022card-webinaire-catalog__image\u0022\u003E\n      \t\t\t\t\t\t\u003Cimg  data-component-id=\u0022front:image\u0022 class=\u0022w-full h-full object-cover absolute inset-0\u0022 src=\u0022\/sites\/plm-magazine\/files\/2026-04\/EVT-PLM-ELO_Grands_troupeaux_25-Webi_vetoquinol-accroche.jpg\u0022 alt=\u0022Webinaire Vetoquinol\u0022 title=\u0022Webinaire Vetoquinol\u0022 loading=\u0022eager\u0022 width=\u0022510\u0022 height=\u0022340\u0022\u003E          \u003Cdiv class=\u0022card-webinaire-catalog__duree \u0022\u003E\n        00:30:00\n      \u003C\/div\u003E\n        \u003Cdiv class=\u0022card-webinaire-catalog__badges\u0022\u003E\n      \t\t\n\u003Cspan  data-component-id=\u0022front:button-expand\u0022 class=\u0022button-expand button-expand--shadowed transition-within-parent\u0022 x-data=\u0022buttonExpand\u0022 :style=\u0022{ \u0026quot;--button-expand-label-width\u0026quot;: labelWidth }\u0022\u003E\n  \u003Cspan class=\u0022button-expand__icon\u0022\u003E\n    \n\u003Csvg  data-component-id=\u0022front:icon\u0022 class=\u0022icon icon--webinar\u0022\u003E\n  \u003Cuse xlink:href=\u0022\/themes\/custom\/plm\/dist\/assets\/images\/2e871604ef7778ce3dc1.svg#icon-webinar\u0022\u003E\u003C\/use\u003E\n\u003C\/svg\u003E\n  \u003C\/span\u003E\n  \u003Cspan class=\u0022button-expand__label\u0022 x-ref=\u0022label\u0022\u003Ewebinaire\u003C\/span\u003E\n\u003C\/span\u003E\n    \u003C\/div\u003E\n  \u003C\/div\u003E\n \u003Cdiv class=\u0022card-webinaire-catalog__body\u0022\u003E\n    \u003Cdiv class=\u0022text-[1.125em] leading-0 card-title\u0022\u003E\n            \u003Ca class=\u0022card-webinaire-catalog__title\u0022 href=\u0022\/webinaires\/mammites-les-benefices-du-traitement-cible\u0022 target=\u0022_self\u0022  data-campagne=\u0022Webi-ELO_GT_2025-Vetoquinol_encadre\u0022 data-contentId=\u00223102\u0022 rel=\u0022nofollow\u0022 title=\u0022Mammites : les b\u00e9n\u00e9fices du traitement cibl\u00e9\u0022\u003E\n        \n\u003Ch2  data-component-id=\u0022front:title\u0022 class=\u0022title title--small inline\u0022\u003EMammites : les b\u00e9n\u00e9fices du traitement cibl\u00e9\u003C\/h2\u003E\n      \u003C\/a\u003E\n                \u003C\/div\u003E\n\n    \u003Cdiv class=\u0022card-webinaire-catalog__date-info\u0022\u003E\n            \u003Cdiv class=\u0022card-webinaire-catalog__date\u0022\u003EReplay du\u0026nbsp;19\u0026nbsp;juin\u0026nbsp;2025\u003C\/div\u003E\n                \u003C\/div\u003E\n\n          \u003Cdiv class=\u0022card-webinaire-catalog__organisateur\u0022\u003E\n        Par Vetoquinol\n      \u003C\/div\u003E\n    \n      \u003Cdiv class=\u0022card-webinaire-catalog__chapo\u0022\u003E\n        \n              \u003C\/div\u003E\n     \u003C\/div\u003E\n  \u003Cdiv class=\u0022card-webinaire-catalog__sponsor\u0022\u003E\n    Contenu sponsoris\u00e9\n  \u003C\/div\u003E\n\u003C\/article\u003E\n\n\u003Carticle  data-component-id=\u0022front:card-article\u0022 class=\u0022card-article group\u0022\u003E\n  \u003Cdiv class=\u0022card-article__image\u0022\u003E\n      \t\t\t\t\t\t\u003Cimg  data-component-id=\u0022front:image\u0022 class=\u0022w-full h-full object-contain absolute inset-0\u0022 src=\u0022\/sites\/plm-magazine\/files\/styles\/teaser\/public\/2025-10\/7771963e-c8dc-44e3-b7d5-a7c42ca9a921.jpg.webp\u0022 alt=\u0022Pr\u00e9pa grand menu\u00e8re\u0022 title=\u0022Marie Defruit\u0022 loading=\u0022lazy\u0022 width=\u0022480\u0022 height=\u0022320\u0022\u003E          \u003C\/div\u003E\n  \u003Cdiv class=\u0022card-article__body\u0022\u003E\n        \u003Cdiv class=\u0022text-[1.125em] leading-0 card-title\u0022\u003E\n                    \n      \u003Ca class=\u0022card-article__title\u0022 href=\u0022\/index.php\/actualites\/vos-taries-manquent-elles-de-place\u0022 target=\u0022_self\u0022  title=\u0022Vos taries manquent-elles de place ?\u0022\u003E\n        \t\n\u003Ch2  data-component-id=\u0022front:title\u0022 class=\u0022title title--small inline\u0022 title=\u0022Vos taries manquent-elles de place ?\u0022\u003EVos taries manquent-elles de place ?\u003C\/h2\u003E\n      \u003C\/a\u003E\n                \u003Cspan class=\u0022inline-flex align-middle\u0022\u003E\n        \n\u003Cspan  data-component-id=\u0022front:icon-padlock\u0022 class=\u0022icon-padlock icon-padlock--t1\u0022\u003E\n  \n\u003Csvg  data-component-id=\u0022front:icon\u0022 class=\u0022icon icon--padlock\u0022\u003E\n  \u003Cuse xlink:href=\u0022\/themes\/custom\/plm\/dist\/assets\/images\/2e871604ef7778ce3dc1.svg#icon-padlock\u0022\u003E\u003C\/use\u003E\n\u003C\/svg\u003E\n\u003C\/span\u003E\n      \u003C\/span\u003E\n          \u003C\/div\u003E\n    \n\u003Cdiv  data-component-id=\u0022front:wysiwyg\u0022 class=\u0022wysiwyg wysiwyg--small\u0022\u003EVoici trois recommandations du Dr Bruno Dalez, v\u00e9t\u00e9rinaire praticien dans les Deux-S\u00e8vres, pour assurer le confort aux pr\u00e9pa-v\u00ealage et des d\u00e9marrages\u2026\u003C\/div\u003E\n          \u003Cdiv class=\u0022card-article__meta mbs-auto\u0022\u003E\n        \u003Ctime class=\u0022card-article__date\u0022 datetime=\u00222025-10-30T09:39:00+0100\u0022 x-data x-timestamp=\u00222025-10-30T09:39:00+0100\u0022\u003E30 Oct 2025\u003C\/time\u003E\n              \u003C\/div\u003E\n      \u003C\/div\u003E\n\u003C\/article\u003E\n  \t\t\t\u003Carticle  data-component-id=\u0022front:card-webinaire-catalog\u0022 class=\u0022card-webinaire-catalog group\u0022 data-campagne=\u0022Webi-ELO_GT_2025-Phibro_encadre\u0022 data-contentId=\u00223103\u0022 rel=\u0022nofollow\u0022\u003E\n  \u003Cdiv class=\u0022card-webinaire-catalog__image\u0022\u003E\n      \t\t\t\t\t\t\u003Cimg  data-component-id=\u0022front:image\u0022 class=\u0022w-full h-full object-cover absolute inset-0\u0022 src=\u0022\/sites\/plm-magazine\/files\/2026-04\/EVT-PLM-ELO_Grands_troupeaux_25-Webi_Phibro-accroche.jpg\u0022 alt=\u0022Webinaire Phibro\u0022 title=\u0022Webinaire Phibro\u0022 loading=\u0022eager\u0022 width=\u0022510\u0022 height=\u0022340\u0022\u003E          \u003Cdiv class=\u0022card-webinaire-catalog__duree \u0022\u003E\n        00:30:00\n      \u003C\/div\u003E\n        \u003Cdiv class=\u0022card-webinaire-catalog__badges\u0022\u003E\n      \t\t\n\u003Cspan  data-component-id=\u0022front:button-expand\u0022 class=\u0022button-expand button-expand--shadowed transition-within-parent\u0022 x-data=\u0022buttonExpand\u0022 :style=\u0022{ \u0026quot;--button-expand-label-width\u0026quot;: labelWidth }\u0022\u003E\n  \u003Cspan class=\u0022button-expand__icon\u0022\u003E\n    \n\u003Csvg  data-component-id=\u0022front:icon\u0022 class=\u0022icon icon--webinar\u0022\u003E\n  \u003Cuse xlink:href=\u0022\/themes\/custom\/plm\/dist\/assets\/images\/2e871604ef7778ce3dc1.svg#icon-webinar\u0022\u003E\u003C\/use\u003E\n\u003C\/svg\u003E\n  \u003C\/span\u003E\n  \u003Cspan class=\u0022button-expand__label\u0022 x-ref=\u0022label\u0022\u003Ewebinaire\u003C\/span\u003E\n\u003C\/span\u003E\n    \u003C\/div\u003E\n  \u003C\/div\u003E\n \u003Cdiv class=\u0022card-webinaire-catalog__body\u0022\u003E\n    \u003Cdiv class=\u0022text-[1.125em] leading-0 card-title\u0022\u003E\n            \u003Ca class=\u0022card-webinaire-catalog__title\u0022 href=\u0022\/webinaires\/l-immunite-un-enjeu-crucial-pour-la-rentabilite-des-elevages\u0022 target=\u0022_self\u0022  data-campagne=\u0022Webi-ELO_GT_2025-Phibro_encadre\u0022 data-contentId=\u00223103\u0022 rel=\u0022nofollow\u0022 title=\u0022L\u2019immunit\u00e9, un enjeu crucial pour la rentabilit\u00e9 des \u00e9levages\u0022\u003E\n        \n\u003Ch2  data-component-id=\u0022front:title\u0022 class=\u0022title title--small inline\u0022\u003EL\u2019immunit\u00e9, un enjeu crucial pour la rentabilit\u00e9 des \u00e9levages\u003C\/h2\u003E\n      \u003C\/a\u003E\n                \u003C\/div\u003E\n\n    \u003Cdiv class=\u0022card-webinaire-catalog__date-info\u0022\u003E\n            \u003Cdiv class=\u0022card-webinaire-catalog__date\u0022\u003EReplay du\u0026nbsp;19\u0026nbsp;juin\u0026nbsp;2025\u003C\/div\u003E\n                \u003C\/div\u003E\n\n          \u003Cdiv class=\u0022card-webinaire-catalog__organisateur\u0022\u003E\n        Par Phibro Animal Health\n      \u003C\/div\u003E\n    \n      \u003Cdiv class=\u0022card-webinaire-catalog__chapo\u0022\u003E\n        \n              \u003C\/div\u003E\n     \u003C\/div\u003E\n  \u003Cdiv class=\u0022card-webinaire-catalog__sponsor\u0022\u003E\n    Contenu sponsoris\u00e9\n  \u003C\/div\u003E\n\u003C\/article\u003E\n\n\u003Carticle  data-component-id=\u0022front:card-article\u0022 class=\u0022card-article group\u0022\u003E\n  \u003Cdiv class=\u0022card-article__image\u0022\u003E\n      \t\t\t\t\t\t\u003Cimg  data-component-id=\u0022front:image\u0022 class=\u0022w-full h-full object-contain absolute inset-0\u0022 src=\u0022\/sites\/plm-magazine\/files\/styles\/teaser\/public\/2025-10\/26bc3f8c-c6f8-4fa4-bf73-a1ed4022174a.jpg.webp\u0022 alt=\u0022Contr\u00f4le d\u2019un \u00e9chantillon de magn\u00e9sie, dans le laboratoire Terresis de Pamplune, en Espagne.\u0022 title=\u0022Terresis\u0022 loading=\u0022lazy\u0022 width=\u0022480\u0022 height=\u0022320\u0022\u003E          \u003C\/div\u003E\n  \u003Cdiv class=\u0022card-article__body\u0022\u003E\n        \u003Cdiv class=\u0022text-[1.125em] leading-0 card-title\u0022\u003E\n                    \n      \u003Ca class=\u0022card-article__title\u0022 href=\u0022\/index.php\/actualites\/terresis-nouvelle-marque-de-l-activite-magnesie-du-groupe-roullier-depuis-les-sites-d\u0022 target=\u0022_self\u0022  title=\u0022Terresis, nouvelle marque de l\u2019activit\u00e9 magn\u00e9sie du groupe Roullier, depuis les sites d\u2019extraction jusqu\u2019au rumen\u0022\u003E\n        \t\n\u003Ch2  data-component-id=\u0022front:title\u0022 class=\u0022title title--small inline\u0022 title=\u0022Terresis, nouvelle marque de l\u2019activit\u00e9 magn\u00e9sie du groupe Roullier, depuis les sites d\u2019extraction jusqu\u2019au rumen\u0022\u003ETerresis, nouvelle marque de l\u2019activit\u00e9 magn\u00e9sie du groupe Roullier,\u2026\u003C\/h2\u003E\n      \u003C\/a\u003E\n                \u003C\/div\u003E\n    \n\u003Cdiv  data-component-id=\u0022front:wysiwyg\u0022 class=\u0022wysiwyg wysiwyg--small\u0022\u003EN\u00e9e de l\u2019union de ses trois marques historiques, Terresis est la nouvelle marque de l\u2019activit\u00e9 magn\u00e9sie du groupe Roullier. En nutrition de la vache\u2026\u003C\/div\u003E\n          \u003Cdiv class=\u0022card-article__meta mbs-auto\u0022\u003E\n        \u003Ctime class=\u0022card-article__date\u0022 datetime=\u00222025-10-29T11:26:00+0100\u0022 x-data x-timestamp=\u00222025-10-29T11:26:00+0100\u0022\u003E29 Oct 2025\u003C\/time\u003E\n              \u003C\/div\u003E\n      \u003C\/div\u003E\n\u003C\/article\u003E\n\n\u003Carticle  data-component-id=\u0022front:card-article\u0022 class=\u0022card-article group\u0022\u003E\n  \u003Cdiv class=\u0022card-article__image\u0022\u003E\n      \t\t\t\t\t\t\u003Cimg  data-component-id=\u0022front:image\u0022 class=\u0022w-full h-full object-contain absolute inset-0\u0022 src=\u0022\/sites\/plm-magazine\/files\/styles\/teaser\/public\/2025-10\/3e27f27d-ab24-4681-96ca-0fd121214238.jpg.webp\u0022 alt=\u0022Silo ma\u00efs\u0022 title=\u0022B\u00e9atrice Colleu\u0022 loading=\u0022lazy\u0022 width=\u0022427\u0022 height=\u0022320\u0022\u003E          \u003C\/div\u003E\n  \u003Cdiv class=\u0022card-article__body\u0022\u003E\n        \u003Cdiv class=\u0022text-[1.125em] leading-0 card-title\u0022\u003E\n                    \n      \u003Ca class=\u0022card-article__title\u0022 href=\u0022\/index.php\/actualites\/savez-vous-dechiffrer-votre-analyse-d-ensilage-de-mais\u0022 target=\u0022_self\u0022  title=\u0022Savez-vous d\u00e9chiffrer votre analyse d\u0026#039;ensilage de ma\u00efs ?\u0022\u003E\n        \t\n\u003Ch2  data-component-id=\u0022front:title\u0022 class=\u0022title title--small inline\u0022 title=\u0022Savez-vous d\u00e9chiffrer votre analyse d\u0026#039;ensilage de ma\u00efs ?\u0022\u003ESavez-vous d\u00e9chiffrer votre analyse d\u0026#039;ensilage de ma\u00efs ?\u003C\/h2\u003E\n      \u003C\/a\u003E\n                \u003C\/div\u003E\n    \n\u003Cdiv  data-component-id=\u0022front:wysiwyg\u0022 class=\u0022wysiwyg wysiwyg--small\u0022\u003ELes premi\u00e8res analyses sont faites. Point cl\u00e9 pour caler les rations et bien d\u00e9marrer l\u0027hiver. Etabli \u00e0 partir de plus de 47 646 analyses entre 2020\u2026\u003C\/div\u003E\n          \u003Cdiv class=\u0022card-article__meta mbs-auto\u0022\u003E\n        \u003Ctime class=\u0022card-article__date\u0022 datetime=\u00222025-10-29T05:25:00+0100\u0022 x-data x-timestamp=\u00222025-10-29T05:25:00+0100\u0022\u003E29 Oct 2025\u003C\/time\u003E\n              \u003C\/div\u003E\n      \u003C\/div\u003E\n\u003C\/article\u003E\n\n\u003Carticle  data-component-id=\u0022front:card-article\u0022 class=\u0022card-article group\u0022\u003E\n  \u003Cdiv class=\u0022card-article__image\u0022\u003E\n      \t\t\t\t\t\t\u003Cimg  data-component-id=\u0022front:image\u0022 class=\u0022w-full h-full object-contain absolute inset-0\u0022 src=\u0022\/sites\/plm-magazine\/files\/styles\/teaser\/public\/2025-10\/155245d8-3f33-40f2-837a-5352c75b19ef.jpg.webp\u0022 alt=\u0022Record de vente \u00e0 13 000 \u20ac pour Ambre F PP, fille de Teacup P, n\u00e9e le 29 mai 2025\u0022 title=\u0022dr\u0022 loading=\u0022lazy\u0022 width=\u0022428\u0022 height=\u0022320\u0022\u003E          \u003C\/div\u003E\n  \u003Cdiv class=\u0022card-article__body\u0022\u003E\n        \u003Cdiv class=\u0022text-[1.125em] leading-0 card-title\u0022\u003E\n                    \n      \u003Ca class=\u0022card-article__title\u0022 href=\u0022\/index.php\/actualites\/6763-eu-par-animal-en-moyenne-lors-de-la-vente-de-l-orne\u0022 target=\u0022_self\u0022  title=\u00226763 \u20ac par animal en moyenne lors de la vente de l\u0026#039;Orne\u0022\u003E\n        \t\n\u003Ch2  data-component-id=\u0022front:title\u0022 class=\u0022title title--small inline\u0022 title=\u00226763 \u20ac par animal en moyenne lors de la vente de l\u0026#039;Orne\u0022\u003E6763 \u20ac par animal en moyenne lors de la vente de l\u0026#039;Orne\u003C\/h2\u003E\n      \u003C\/a\u003E\n                \u003C\/div\u003E\n    \n\u003Cdiv  data-component-id=\u0022front:wysiwyg\u0022 class=\u0022wysiwyg wysiwyg--small\u0022\u003ELa Vente de l\u0027Orne 2025, priv\u00e9e de National, s\u0027est d\u00e9roul\u00e9e enti\u00e8rement en ligne du 23 au 26 octobre. Les organisateurs sont satisfaits : \u0022 \u00a0Presque\u2026\u003C\/div\u003E\n          \u003Cdiv class=\u0022card-article__meta mbs-auto\u0022\u003E\n        \u003Ctime class=\u0022card-article__date\u0022 datetime=\u00222025-10-28T11:40:00+0100\u0022 x-data x-timestamp=\u00222025-10-28T11:40:00+0100\u0022\u003E28 Oct 2025\u003C\/time\u003E\n              \u003C\/div\u003E\n      \u003C\/div\u003E\n\u003C\/article\u003E\n\n\u003Carticle  data-component-id=\u0022front:card-article\u0022 class=\u0022card-article group\u0022\u003E\n  \u003Cdiv class=\u0022card-article__image\u0022\u003E\n      \t\t\t\t\t\t\u003Cimg  data-component-id=\u0022front:image\u0022 class=\u0022w-full h-full object-contain absolute inset-0\u0022 src=\u0022\/sites\/plm-magazine\/files\/styles\/teaser\/public\/2025-10\/f19fd3ca-495e-4c1e-bd86-175c115cf169.jpg.webp\u0022 alt=\u0022Premi\u00e8res tendances avec 90 analyses mycotoxines dans les ensilages de ma\u00efs 2025 sur le territoire. (Source. Observatoire des mycotoxines)\u0022 title=\u0022dr\u0022 loading=\u0022lazy\u0022 width=\u0022478\u0022 height=\u0022320\u0022\u003E          \u003C\/div\u003E\n  \u003Cdiv class=\u0022card-article__body\u0022\u003E\n        \u003Cdiv class=\u0022text-[1.125em] leading-0 card-title\u0022\u003E\n                    \n      \u003Ca class=\u0022card-article__title\u0022 href=\u0022\/index.php\/actualites\/quel-risque-mycotoxines-dans-les-ensilages-de-mais-2025\u0022 target=\u0022_self\u0022  title=\u0022Quel risque mycotoxines dans les ensilages de ma\u00efs 2025 ?\u0022\u003E\n        \t\n\u003Ch2  data-component-id=\u0022front:title\u0022 class=\u0022title title--small inline\u0022 title=\u0022Quel risque mycotoxines dans les ensilages de ma\u00efs 2025 ?\u0022\u003EQuel risque mycotoxines dans les ensilages de ma\u00efs 2025 ?\u003C\/h2\u003E\n      \u003C\/a\u003E\n                \u003C\/div\u003E\n    \n\u003Cdiv  data-component-id=\u0022front:wysiwyg\u0022 class=\u0022wysiwyg wysiwyg--small\u0022\u003EA date, peu d\u0027analyses ont mis en \u00e9vidence des teneurs en mycotoxines probl\u00e9matiques. Que ce soit pour les DON, Nival\u00e9nol, Z\u00e9aral\u00e9none, T2\/HT2 ou\u2026\u003C\/div\u003E\n          \u003Cdiv class=\u0022card-article__meta mbs-auto\u0022\u003E\n        \u003Ctime class=\u0022card-article__date\u0022 datetime=\u00222025-10-28T08:25:00+0100\u0022 x-data x-timestamp=\u00222025-10-28T08:25:00+0100\u0022\u003E28 Oct 2025\u003C\/time\u003E\n              \u003C\/div\u003E\n      \u003C\/div\u003E\n\u003C\/article\u003E\n  \t\t\t\u003Carticle  data-component-id=\u0022front:card-webinaire-catalog\u0022 class=\u0022card-webinaire-catalog group\u0022 data-campagne=\u0022Webi-ELO_GT_2025-bicarz_encadre\u0022 data-contentId=\u00223104\u0022 rel=\u0022nofollow\u0022\u003E\n  \u003Cdiv class=\u0022card-webinaire-catalog__image\u0022\u003E\n      \t\t\t\t\t\t\u003Cimg  data-component-id=\u0022front:image\u0022 class=\u0022w-full h-full object-cover absolute inset-0\u0022 src=\u0022\/sites\/plm-magazine\/files\/2026-04\/EVT-PLM-ELO_Grands_troupeaux_25-Webi_solvay-accroche.jpg\u0022 alt=\u0022Webinaire Solvay Bicar\u00aeZ\u0022 title=\u0022Webinaire Solvay Bicar\u00aeZ\u0022 loading=\u0022eager\u0022 width=\u0022510\u0022 height=\u0022340\u0022\u003E          \u003Cdiv class=\u0022card-webinaire-catalog__duree \u0022\u003E\n        00:30:00\n      \u003C\/div\u003E\n        \u003Cdiv class=\u0022card-webinaire-catalog__badges\u0022\u003E\n      \t\t\n\u003Cspan  data-component-id=\u0022front:button-expand\u0022 class=\u0022button-expand button-expand--shadowed transition-within-parent\u0022 x-data=\u0022buttonExpand\u0022 :style=\u0022{ \u0026quot;--button-expand-label-width\u0026quot;: labelWidth }\u0022\u003E\n  \u003Cspan class=\u0022button-expand__icon\u0022\u003E\n    \n\u003Csvg  data-component-id=\u0022front:icon\u0022 class=\u0022icon icon--webinar\u0022\u003E\n  \u003Cuse xlink:href=\u0022\/themes\/custom\/plm\/dist\/assets\/images\/2e871604ef7778ce3dc1.svg#icon-webinar\u0022\u003E\u003C\/use\u003E\n\u003C\/svg\u003E\n  \u003C\/span\u003E\n  \u003Cspan class=\u0022button-expand__label\u0022 x-ref=\u0022label\u0022\u003Ewebinaire\u003C\/span\u003E\n\u003C\/span\u003E\n    \u003C\/div\u003E\n  \u003C\/div\u003E\n \u003Cdiv class=\u0022card-webinaire-catalog__body\u0022\u003E\n    \u003Cdiv class=\u0022text-[1.125em] leading-0 card-title\u0022\u003E\n            \u003Ca class=\u0022card-webinaire-catalog__title\u0022 href=\u0022\/webinaires\/bicarrz-un-nutriment-cle-pour-les-vaches-en-lactation\u0022 target=\u0022_self\u0022  data-campagne=\u0022Webi-ELO_GT_2025-bicarz_encadre\u0022 data-contentId=\u00223104\u0022 rel=\u0022nofollow\u0022 title=\u0022Bicar\u00aeZ : un nutriment cl\u00e9 pour les vaches en lactation\u0022\u003E\n        \n\u003Ch2  data-component-id=\u0022front:title\u0022 class=\u0022title title--small inline\u0022\u003EBicar\u00aeZ : un nutriment cl\u00e9 pour les vaches en lactation\u003C\/h2\u003E\n      \u003C\/a\u003E\n                \u003C\/div\u003E\n\n    \u003Cdiv class=\u0022card-webinaire-catalog__date-info\u0022\u003E\n            \u003Cdiv class=\u0022card-webinaire-catalog__date\u0022\u003EReplay du\u0026nbsp;19\u0026nbsp;juin\u0026nbsp;2025\u003C\/div\u003E\n                \u003C\/div\u003E\n\n          \u003Cdiv class=\u0022card-webinaire-catalog__organisateur\u0022\u003E\n        Par Bicar\u00aeZ\n      \u003C\/div\u003E\n    \n      \u003Cdiv class=\u0022card-webinaire-catalog__chapo\u0022\u003E\n        \n              \u003C\/div\u003E\n     \u003C\/div\u003E\n  \u003Cdiv class=\u0022card-webinaire-catalog__sponsor\u0022\u003E\n    Contenu sponsoris\u00e9\n  \u003C\/div\u003E\n\u003C\/article\u003E\n\n\u003Carticle  data-component-id=\u0022front:card-article\u0022 class=\u0022card-article group\u0022\u003E\n  \u003Cdiv class=\u0022card-article__image\u0022\u003E\n      \t\t\t\t\t\t\u003Cimg  data-component-id=\u0022front:image\u0022 class=\u0022w-full h-full object-contain absolute inset-0\u0022 src=\u0022\/sites\/plm-magazine\/files\/styles\/teaser\/public\/2025-10\/55687cb7-f0a3-43a3-92d3-eba568dc40b0.jpg.webp\u0022 alt=\u0022DNC, La premi\u00e8re des cinq zones r\u00e9glement\u00e9es est officiellement lev\u00e9e (En bleu sur la carte)\u0022 title=\u0022dr\u0022 loading=\u0022lazy\u0022 width=\u0022461\u0022 height=\u0022320\u0022\u003E          \u003C\/div\u003E\n  \u003Cdiv class=\u0022card-article__body\u0022\u003E\n        \u003Cdiv class=\u0022text-[1.125em] leading-0 card-title\u0022\u003E\n                    \n      \u003Ca class=\u0022card-article__title\u0022 href=\u0022\/index.php\/actualites\/dnc-une-zone-reglementee-levee-en-savoie-deux-nouveaux-foyers-dans-les-pyrenees\u0022 target=\u0022_self\u0022  title=\u0022DNC. Une zone r\u00e9glement\u00e9e lev\u00e9e en Savoie, deux nouveaux foyers dans les Pyr\u00e9n\u00e9es\u0022\u003E\n        \t\n\u003Ch2  data-component-id=\u0022front:title\u0022 class=\u0022title title--small inline\u0022 title=\u0022DNC. Une zone r\u00e9glement\u00e9e lev\u00e9e en Savoie, deux nouveaux foyers dans les Pyr\u00e9n\u00e9es\u0022\u003EDNC. Une zone r\u00e9glement\u00e9e lev\u00e9e en Savoie, deux nouveaux foyers dans les\u2026\u003C\/h2\u003E\n      \u003C\/a\u003E\n                \u003C\/div\u003E\n    \n\u003Cdiv  data-component-id=\u0022front:wysiwyg\u0022 class=\u0022wysiwyg wysiwyg--small\u0022\u003ELa premi\u00e8re des cinq zones r\u00e9glement\u00e9es est officiellement lev\u00e9e depuis le 22 octobre. Signe encourageant pour la Savoie et Haute-Savoie. En Pyr\u00e9n\u00e9es\u2026\u003C\/div\u003E\n          \u003Cdiv class=\u0022card-article__meta mbs-auto\u0022\u003E\n        \u003Ctime class=\u0022card-article__date\u0022 datetime=\u00222025-10-27T16:18:00+0100\u0022 x-data x-timestamp=\u00222025-10-27T16:18:00+0100\u0022\u003E27 Oct 2025\u003C\/time\u003E\n              \u003C\/div\u003E\n      \u003C\/div\u003E\n\u003C\/article\u003E\n  \t\t\t\u003Carticle  data-component-id=\u0022front:card-webinaire-catalog\u0022 class=\u0022card-webinaire-catalog group\u0022 data-campagne=\u0022Webi-ELO_GT_2026-Phibro_encadre\u0022 data-contentId=\u00223120\u0022 rel=\u0022nofollow\u0022\u003E\n  \u003Cdiv class=\u0022card-webinaire-catalog__image\u0022\u003E\n      \t\t\t\t\t\t\u003Cimg  data-component-id=\u0022front:image\u0022 class=\u0022w-full h-full object-cover absolute inset-0\u0022 src=\u0022\/sites\/plm-magazine\/files\/2026-04\/EVT-PLM-ELO_Grands_troupeaux_26-Webi_phibro-accroche.jpg\u0022 alt=\u0022Mammites\u00a0: comment s\u2019en pr\u00e9munir et diminuer les co\u00fbts\u0022 title=\u0022Mammites\u00a0: comment s\u2019en pr\u00e9munir et diminuer les co\u00fbts\u0022 loading=\u0022eager\u0022 width=\u0022510\u0022 height=\u0022340\u0022\u003E          \u003Cdiv class=\u0022card-webinaire-catalog__duree \u0022\u003E\n        00:30:00\n      \u003C\/div\u003E\n        \u003Cdiv class=\u0022card-webinaire-catalog__badges\u0022\u003E\n      \t\t\n\u003Cspan  data-component-id=\u0022front:button-expand\u0022 class=\u0022button-expand button-expand--shadowed transition-within-parent\u0022 x-data=\u0022buttonExpand\u0022 :style=\u0022{ \u0026quot;--button-expand-label-width\u0026quot;: labelWidth }\u0022\u003E\n  \u003Cspan class=\u0022button-expand__icon\u0022\u003E\n    \n\u003Csvg  data-component-id=\u0022front:icon\u0022 class=\u0022icon icon--webinar\u0022\u003E\n  \u003Cuse xlink:href=\u0022\/themes\/custom\/plm\/dist\/assets\/images\/2e871604ef7778ce3dc1.svg#icon-webinar\u0022\u003E\u003C\/use\u003E\n\u003C\/svg\u003E\n  \u003C\/span\u003E\n  \u003Cspan class=\u0022button-expand__label\u0022 x-ref=\u0022label\u0022\u003Ewebinaire\u003C\/span\u003E\n\u003C\/span\u003E\n    \u003C\/div\u003E\n  \u003C\/div\u003E\n \u003Cdiv class=\u0022card-webinaire-catalog__body\u0022\u003E\n    \u003Cdiv class=\u0022text-[1.125em] leading-0 card-title\u0022\u003E\n            \u003Ca class=\u0022card-webinaire-catalog__title\u0022 href=\u0022\/webinaires\/mammites-comment-s-en-premunir-et-diminuer-les-couts\u0022 target=\u0022_self\u0022  data-campagne=\u0022Webi-ELO_GT_2026-Phibro_encadre\u0022 data-contentId=\u00223120\u0022 rel=\u0022nofollow\u0022 title=\u0022Mammites\u00a0: comment s\u2019en pr\u00e9munir et diminuer les co\u00fbts\u0022\u003E\n        \n\u003Ch2  data-component-id=\u0022front:title\u0022 class=\u0022title title--small inline\u0022\u003EMammites\u00a0: comment s\u2019en pr\u00e9munir et diminuer les co\u00fbts\u003C\/h2\u003E\n      \u003C\/a\u003E\n                \u003C\/div\u003E\n\n    \u003Cdiv class=\u0022card-webinaire-catalog__date-info\u0022\u003E\n            \u003Cdiv class=\u0022card-webinaire-catalog__date\u0022\u003EMardi\u0026nbsp;16\u0026nbsp;juin\u0026nbsp;2026\u003C\/div\u003E\n              \u003Cdiv class=\u0022card-webinaire-catalog__plage-horaire flex items-center gap-2\u0022\u003E\n        \u003Cspan class=\u0022inline-flex text-xl\u0022\u003E\n         \u003Csvg xmlns=\u0022http:\/\/www.w3.org\/2000\/svg\u0022 width=\u002217\u0022 height=\u002217\u0022 viewBox=\u00220 0 17 17\u0022 fill=\u0022none\u0022\u003E\n          \u003Cpath d=\u0022M8.13806 0.100098C12.5773 0.100242 16.1761 3.69895 16.1761 8.13818C16.176 12.5774 12.5772 16.1761 8.13806 16.1763C3.69883 16.1762 0.10012 12.5774 0.0999756 8.13818C0.100044 3.6989 3.69878 0.100167 8.13806 0.100098ZM8.13806 1.6001C4.52721 1.60017 1.60004 4.52733 1.59998 8.13818C1.60012 11.749 4.52725 14.6762 8.13806 14.6763C11.7488 14.6761 14.676 11.7489 14.6761 8.13818C14.6761 4.52738 11.7489 1.60024 8.13806 1.6001ZM8.13806 3.01514C8.55217 3.01526 8.88806 3.351 8.88806 3.76514V7.38818H12.5111C12.9252 7.38837 13.2611 7.72409 13.2611 8.13818C13.261 8.55216 12.9251 8.88799 12.5111 8.88818H8.13806C7.72394 8.88818 7.38821 8.55227 7.38806 8.13818V3.76514C7.38806 3.35092 7.72385 3.01514 8.13806 3.01514Z\u0022 fill=\u0022black\u0022\/\u003E\n          \u003Cpath d=\u0022M8.13806 0.100098L8.13806 9.76548e-05H8.13806L8.13806 0.100098ZM16.1761 8.13818L16.2761 8.13819V8.13818L16.1761 8.13818ZM8.13806 16.1763L8.13806 16.2763H8.13806L8.13806 16.1763ZM0.0999756 8.13818L-2.44156e-05 8.13818V8.13819L0.0999756 8.13818ZM8.13806 1.6001L8.13807 1.5001H8.13806L8.13806 1.6001ZM1.59998 8.13818L1.49998 8.13818V8.13819L1.59998 8.13818ZM8.13806 14.6763L8.13806 14.7763H8.13807L8.13806 14.6763ZM14.6761 8.13818L14.7761 8.13819V8.13818L14.6761 8.13818ZM8.13806 3.01514L8.13809 2.91514H8.13806V3.01514ZM8.88806 3.76514H8.98806V3.76514H8.88806ZM8.88806 7.38818H8.78806C8.78806 7.44341 8.83283 7.48818 8.88806 7.48818V7.38818ZM12.5111 7.38818L12.5112 7.28818H12.5111V7.38818ZM13.2611 8.13818L13.3611 8.13822V8.13818H13.2611ZM12.5111 8.88818V8.98818H12.5112L12.5111 8.88818ZM8.13806 8.88818V8.78818V8.88818ZM7.38806 8.13818H7.28806V8.13822L7.38806 8.13818ZM7.38806 3.76514H7.48806V3.76514H7.38806ZM8.13806 0.100098L8.13806 0.200098C12.5221 0.20024 16.0761 3.75418 16.0761 8.13819L16.1761 8.13818L16.2761 8.13818C16.2761 3.64372 12.6325 0.000244059 8.13806 9.76548e-05L8.13806 0.100098ZM16.1761 8.13818L16.0761 8.13818C16.076 12.5221 12.522 16.0761 8.13806 16.0763L8.13806 16.1763L8.13806 16.2763C12.6325 16.2761 16.276 12.6326 16.2761 8.13819L16.1761 8.13818ZM8.13806 16.1763L8.13806 16.0763C3.75406 16.0762 0.200118 12.5222 0.199976 8.13818L0.0999756 8.13818L-2.44156e-05 8.13819C0.000121988 12.6326 3.6436 16.2762 8.13806 16.2763L8.13806 16.1763ZM0.0999756 8.13818L0.199976 8.13819C0.200044 3.75413 3.75401 0.200166 8.13806 0.200098L8.13806 0.100098L8.13806 9.76548e-05C3.64355 0.000167377 4.53144e-05 3.64367 -2.44156e-05 8.13818L0.0999756 8.13818ZM8.13806 1.6001L8.13806 1.5001C4.47198 1.50017 1.50005 4.4721 1.49998 8.13818L1.59998 8.13818L1.69998 8.13819C1.70004 4.58256 4.58244 1.70017 8.13806 1.7001L8.13806 1.6001ZM1.59998 8.13818L1.49998 8.13819C1.50012 11.8042 4.47202 14.7762 8.13806 14.7763L8.13806 14.6763L8.13806 14.5763C4.58248 14.5762 1.70012 11.6937 1.69998 8.13818L1.59998 8.13818ZM8.13806 14.6763L8.13807 14.7763C11.804 14.7761 14.776 11.8042 14.7761 8.13819L14.6761 8.13818L14.5761 8.13818C14.576 11.6937 11.6936 14.5761 8.13806 14.5763L8.13806 14.6763ZM14.6761 8.13818L14.7761 8.13818C14.7761 4.47214 11.8041 1.50024 8.13807 1.5001L8.13806 1.6001L8.13806 1.7001C11.6936 1.70024 14.5761 4.58261 14.5761 8.13819L14.6761 8.13818ZM8.13806 3.01514L8.13803 3.11514C8.49696 3.11525 8.78806 3.40626 8.78806 3.76514H8.88806H8.98806C8.98806 3.29574 8.60737 2.91528 8.13809 2.91514L8.13806 3.01514ZM8.88806 3.76514H8.78806V7.38818H8.88806H8.98806V3.76514H8.88806ZM8.88806 7.38818V7.48818H12.5111V7.38818V7.28818H8.88806V7.38818ZM12.5111 7.38818L12.5111 7.48818C12.87 7.48835 13.1611 7.77936 13.1611 8.13818H13.2611H13.3611C13.3611 7.66881 12.9804 7.2884 12.5112 7.28818L12.5111 7.38818ZM13.2611 8.13818L13.1611 8.13815C13.161 8.49691 12.8698 8.78802 12.5111 8.78818L12.5111 8.88818L12.5112 8.98818C12.9803 8.98797 13.3609 8.6074 13.3611 8.13822L13.2611 8.13818ZM12.5111 8.88818V8.78818H8.13806V8.88818V8.98818H12.5111V8.88818ZM8.13806 8.88818V8.78818C7.7792 8.78818 7.48819 8.49707 7.48806 8.13815L7.38806 8.13818L7.28806 8.13822C7.28823 8.60747 7.66867 8.98818 8.13806 8.98818V8.88818ZM7.38806 8.13818H7.48806V3.76514H7.38806H7.28806V8.13818H7.38806ZM7.38806 3.76514H7.48806C7.48806 3.40615 7.77908 3.11514 8.13806 3.11514V3.01514V2.91514C7.66862 2.91514 7.28806 3.29569 7.28806 3.76514H7.38806Z\u0022 fill=\u0022black\u0022\/\u003E\n          \u003C\/svg\u003E\n        \u003C\/span\u003E\n          \u003Cspan class=\u0022\u0022\u003E10:30 - 11:00\u003C\/span\u003E\n        \u003C\/div\u003E\n                \u003C\/div\u003E\n\n          \u003Cdiv class=\u0022card-webinaire-catalog__organisateur\u0022\u003E\n        Par Phibro Animal Health\n      \u003C\/div\u003E\n    \n      \u003Cdiv class=\u0022card-webinaire-catalog__chapo\u0022\u003E\n        \n              \u003C\/div\u003E\n     \u003C\/div\u003E\n  \u003Cdiv class=\u0022card-webinaire-catalog__sponsor\u0022\u003E\n    Contenu sponsoris\u00e9\n  \u003C\/div\u003E\n\u003C\/article\u003E\n\n\u003Carticle  data-component-id=\u0022front:card-article\u0022 class=\u0022card-article group\u0022\u003E\n  \u003Cdiv class=\u0022card-article__image\u0022\u003E\n      \t\t\t\t\t\t\u003Cimg  data-component-id=\u0022front:image\u0022 class=\u0022w-full h-full object-contain absolute inset-0\u0022 src=\u0022\/sites\/plm-magazine\/files\/styles\/teaser\/public\/2025-10\/56965113-c863-48cd-bb90-9ff6222034f4.jpg.webp\u0022 alt=\u0022Banette au Gaec du Bois Rocher, grande laiti\u00e8re 2025\u0022 title=\u0022DR\u0022 loading=\u0022lazy\u0022 width=\u0022433\u0022 height=\u0022320\u0022\u003E          \u003C\/div\u003E\n  \u003Cdiv class=\u0022card-article__body\u0022\u003E\n        \u003Cdiv class=\u0022text-[1.125em] leading-0 card-title\u0022\u003E\n                    \n      \u003Ca class=\u0022card-article__title\u0022 href=\u0022\/index.php\/actualites\/record-184-909-litres-de-lait-produits-pour-la-prim-holstein-gbr-banette\u0022 target=\u0022_self\u0022  title=\u0022Record. 184 909 litres de lait produits pour la prim\u0026#039;holstein GBR Banette \u0022\u003E\n        \t\n\u003Ch2  data-component-id=\u0022front:title\u0022 class=\u0022title title--small inline\u0022 title=\u0022Record. 184 909 litres de lait produits pour la prim\u0026#039;holstein GBR Banette \u0022\u003ERecord. 184 909 litres de lait produits pour la prim\u0026#039;holstein GBR Banette \u003C\/h2\u003E\n      \u003C\/a\u003E\n                \u003C\/div\u003E\n    \n\u003Cdiv  data-component-id=\u0022front:wysiwyg\u0022 class=\u0022wysiwyg wysiwyg--small\u0022\u003EC\u0027est un nouveau record de la race Prim\u0027holstein en lactation termin\u00e9e, annnonce PHF \u00e0 l\u0027occasion de la publication du palmar\u00e8s des Grandes Laiti\u00e8res\u2026\u003C\/div\u003E\n          \u003Cdiv class=\u0022card-article__meta mbs-auto\u0022\u003E\n        \u003Ctime class=\u0022card-article__date\u0022 datetime=\u00222025-10-27T10:32:00+0100\u0022 x-data x-timestamp=\u00222025-10-27T10:32:00+0100\u0022\u003E27 Oct 2025\u003C\/time\u003E\n              \u003C\/div\u003E\n      \u003C\/div\u003E\n\u003C\/article\u003E\n\n\u003Carticle  data-component-id=\u0022front:card-article\u0022 class=\u0022card-article group\u0022\u003E\n  \u003Cdiv class=\u0022card-article__image\u0022\u003E\n      \t\t\t\t\t\t\u003Cimg  data-component-id=\u0022front:image\u0022 class=\u0022w-full h-full object-contain absolute inset-0\u0022 src=\u0022\/sites\/plm-magazine\/files\/styles\/teaser\/public\/2025-10\/747534fd-8701-40bd-bf46-b8ac8be622ee.jpg.webp\u0022 alt=\u0022Enqu\u00eate l\u00e9gumineuses de Donovan\u0022 title=\u0022DC\u0022 loading=\u0022lazy\u0022 width=\u0022468\u0022 height=\u0022320\u0022\u003E          \u003C\/div\u003E\n  \u003Cdiv class=\u0022card-article__body\u0022\u003E\n        \u003Cdiv class=\u0022text-[1.125em] leading-0 card-title\u0022\u003E\n                    \n      \u003Ca class=\u0022card-article__title\u0022 href=\u0022\/index.php\/actualites\/les-legumineuses-en-elevage-laitier-participez-a-l-enquete-passionnante-de-donovan\u0022 target=\u0022_self\u0022  title=\u0022\u00ab Les l\u00e9gumineuses en \u00e9levage laitier \u00bb : participez \u00e0 l\u2019enqu\u00eate passionnante de Donovan\u0022\u003E\n        \t\n\u003Ch2  data-component-id=\u0022front:title\u0022 class=\u0022title title--small inline\u0022 title=\u0022\u00ab Les l\u00e9gumineuses en \u00e9levage laitier \u00bb : participez \u00e0 l\u2019enqu\u00eate passionnante de Donovan\u0022\u003E\u00ab Les l\u00e9gumineuses en \u00e9levage laitier \u00bb : participez \u00e0 l\u2019enqu\u00eate\u2026\u003C\/h2\u003E\n      \u003C\/a\u003E\n                \u003C\/div\u003E\n    \n\u003Cdiv  data-component-id=\u0022front:wysiwyg\u0022 class=\u0022wysiwyg wysiwyg--small\u0022\u003EDans le cadre de son BTS, Donovan m\u00e8ne une \u00e9tude sur \u00ab\u2009l\u2019utilisation des l\u00e9gumineuses en \u00e9levage laitier\u2009\u00bb. Il a pr\u00e9par\u00e9 un questionnaire en ligne\u2026\u003C\/div\u003E\n          \u003Cdiv class=\u0022card-article__meta mbs-auto\u0022\u003E\n        \u003Ctime class=\u0022card-article__date\u0022 datetime=\u00222025-10-26T21:28:00+0100\u0022 x-data x-timestamp=\u00222025-10-26T21:28:00+0100\u0022\u003E26 Oct 2025\u003C\/time\u003E\n              \u003C\/div\u003E\n      \u003C\/div\u003E\n\u003C\/article\u003E\n\n\u003Carticle  data-component-id=\u0022front:card-article\u0022 class=\u0022card-article group\u0022\u003E\n  \u003Cdiv class=\u0022card-article__image\u0022\u003E\n      \t\t\t\t\t\t\u003Cimg  data-component-id=\u0022front:image\u0022 class=\u0022w-full h-full object-contain absolute inset-0\u0022 src=\u0022\/sites\/plm-magazine\/files\/styles\/teaser\/public\/2025-10\/62cc6819-706e-4174-9796-4b9dafddc465.jpg.webp\u0022 alt=\u0022New-Holland, Fendt et Claas ont d\u00e9velopp\u00e9 chacun un syst\u00e8me qui \u00e9value le CSPS lors de l\u0026#039;ensilage.\u0022 title=\u0022dr\u0022 loading=\u0022lazy\u0022 width=\u0022403\u0022 height=\u0022320\u0022\u003E          \u003C\/div\u003E\n  \u003Cdiv class=\u0022card-article__body\u0022\u003E\n        \u003Cdiv class=\u0022text-[1.125em] leading-0 card-title\u0022\u003E\n                    \n      \u003Ca class=\u0022card-article__title\u0022 href=\u0022\/index.php\/actualites\/les-ensileuses-claas-fendt-et-new-holland-pourront-evaluer-l-eclatement-des-grains\u0022 target=\u0022_self\u0022  title=\u0022Les ensileuses Claas, Fendt et New Holland pourront \u00e9valuer l\u0026#039;\u00e9clatement des grains pendant la r\u00e9colte\u0022\u003E\n        \t\n\u003Ch2  data-component-id=\u0022front:title\u0022 class=\u0022title title--small inline\u0022 title=\u0022Les ensileuses Claas, Fendt et New Holland pourront \u00e9valuer l\u0026#039;\u00e9clatement des grains pendant la r\u00e9colte\u0022\u003ELes ensileuses Claas, Fendt et New Holland pourront \u00e9valuer l\u0026#039;\u00e9clatement\u2026\u003C\/h2\u003E\n      \u003C\/a\u003E\n                \u003C\/div\u003E\n    \n\u003Cdiv  data-component-id=\u0022front:wysiwyg\u0022 class=\u0022wysiwyg wysiwyg--small\u0022\u003ELes trois marques ont \u00e9t\u00e9 r\u00e9compens\u00e9es d\u0027une m\u00e9daille d\u0027argent \u00e0 Agritechnica pour des syst\u00e8mes permettant d\u0027\u00e9valuer le score CSPS du ma\u00efs, \u00e0 l\u0027aide\u2026\u003C\/div\u003E\n          \u003Cdiv class=\u0022card-article__meta mbs-auto\u0022\u003E\n        \u003Ctime class=\u0022card-article__date\u0022 datetime=\u00222025-10-25T10:40:00+0200\u0022 x-data x-timestamp=\u00222025-10-25T10:40:00+0200\u0022\u003E25 Oct 2025\u003C\/time\u003E\n              \u003C\/div\u003E\n      \u003C\/div\u003E\n\u003C\/article\u003E\n\n\u003Carticle  data-component-id=\u0022front:card-article\u0022 class=\u0022card-article group\u0022\u003E\n  \u003Cdiv class=\u0022card-article__image\u0022\u003E\n      \t\t\t\t\t\t\u003Cimg  data-component-id=\u0022front:image\u0022 class=\u0022w-full h-full object-contain absolute inset-0\u0022 src=\u0022\/sites\/plm-magazine\/files\/styles\/teaser\/public\/2025-10\/834ea251-b071-4097-88bd-51025f6d4833.jpg.webp\u0022 alt=\u0022Altilis\u0022 title=\u0022DR\u0022 loading=\u0022lazy\u0022 width=\u0022480\u0022 height=\u0022309\u0022\u003E          \u003C\/div\u003E\n  \u003Cdiv class=\u0022card-article__body\u0022\u003E\n        \u003Cdiv class=\u0022text-[1.125em] leading-0 card-title\u0022\u003E\n                    \n      \u003Ca class=\u0022card-article__title\u0022 href=\u0022\/index.php\/actualites\/en-2025-restructuration-et-developpement-a-l-international-pour-altilis\u0022 target=\u0022_self\u0022  title=\u0022En 2025, restructuration et d\u00e9veloppement \u00e0 l\u0026#039;international pour Altilis\u0022\u003E\n        \t\n\u003Ch2  data-component-id=\u0022front:title\u0022 class=\u0022title title--small inline\u0022 title=\u0022En 2025, restructuration et d\u00e9veloppement \u00e0 l\u0026#039;international pour Altilis\u0022\u003EEn 2025, restructuration et d\u00e9veloppement \u00e0 l\u0026#039;international pour Altilis\u003C\/h2\u003E\n      \u003C\/a\u003E\n                \u003C\/div\u003E\n    \n\u003Cdiv  data-component-id=\u0022front:wysiwyg\u0022 class=\u0022wysiwyg wysiwyg--small\u0022\u003ED\u00e9part \u00e0 la retraite de Philippe Le Ny, co-fondateur de l\u2019entreprise, cr\u00e9ation d\u2019une direction internationale\u2026 Voici les changements chez Altilis\u2026\u003C\/div\u003E\n          \u003Cdiv class=\u0022card-article__meta mbs-auto\u0022\u003E\n        \u003Ctime class=\u0022card-article__date\u0022 datetime=\u00222025-10-23T16:08:00+0200\u0022 x-data x-timestamp=\u00222025-10-23T16:08:00+0200\u0022\u003E23 Oct 2025\u003C\/time\u003E\n              \u003C\/div\u003E\n      \u003C\/div\u003E\n\u003C\/article\u003E\n\n\u003Carticle  data-component-id=\u0022front:card-article\u0022 class=\u0022card-article group\u0022\u003E\n  \u003Cdiv class=\u0022card-article__image\u0022\u003E\n      \t\t\t\t\t\t\u003Cimg  data-component-id=\u0022front:image\u0022 class=\u0022w-full h-full object-contain absolute inset-0\u0022 src=\u0022\/sites\/plm-magazine\/files\/styles\/teaser\/public\/2025-10\/6df9d27d-bf4f-4141-b74a-52574081fb5a.jpg.webp\u0022 alt=\u0022La vente de L\u0026#039;Orne est maintenue, avec des ench\u00e8res enti\u00e8rement en ligne.\u0022 title=\u0022dr\u0022 loading=\u0022lazy\u0022 width=\u0022226\u0022 height=\u0022320\u0022\u003E          \u003C\/div\u003E\n  \u003Cdiv class=\u0022card-article__body\u0022\u003E\n        \u003Cdiv class=\u0022text-[1.125em] leading-0 card-title\u0022\u003E\n                    \n      \u003Ca class=\u0022card-article__title\u0022 href=\u0022\/index.php\/actualites\/privee-de-national-holstein-la-vente-orne-2025-maintenue\u0022 target=\u0022_self\u0022  title=\u0022Priv\u00e9e de National Holstein, la Vente Orne 2025 maintenue\u0022\u003E\n        \t\n\u003Ch2  data-component-id=\u0022front:title\u0022 class=\u0022title title--small inline\u0022 title=\u0022Priv\u00e9e de National Holstein, la Vente Orne 2025 maintenue\u0022\u003EPriv\u00e9e de National Holstein, la Vente Orne 2025 maintenue\u003C\/h2\u003E\n      \u003C\/a\u003E\n                \u003C\/div\u003E\n    \n\u003Cdiv  data-component-id=\u0022front:wysiwyg\u0022 class=\u0022wysiwyg wysiwyg--small\u0022\u003EFace \u00e0 l\u0027annulation du concours National Holstein Alen\u00e7on, la Vente Orne 2025 s\u0027adapte. L\u0027\u00e9dition passe 100 % en ligne sur le site Genetics Sale.\u003C\/div\u003E\n          \u003Cdiv class=\u0022card-article__meta mbs-auto\u0022\u003E\n        \u003Ctime class=\u0022card-article__date\u0022 datetime=\u00222025-10-23T09:48:03+0200\u0022 x-data x-timestamp=\u00222025-10-23T09:48:03+0200\u0022\u003E23 Oct 2025\u003C\/time\u003E\n              \u003C\/div\u003E\n      \u003C\/div\u003E\n\u003C\/article\u003E\n\n\u003Carticle  data-component-id=\u0022front:card-article\u0022 class=\u0022card-article group\u0022\u003E\n  \u003Cdiv class=\u0022card-article__image\u0022\u003E\n      \t\t\t\t\t\t\u003Cimg  data-component-id=\u0022front:image\u0022 class=\u0022w-full h-full object-contain absolute inset-0\u0022 src=\u0022\/sites\/plm-magazine\/files\/styles\/teaser\/public\/2025-10\/4d2dd1ba-a66c-48f2-9e09-695b4edfb83c.jpg.webp\u0022 alt=\u0022DNC GDS\u0022 title=\u0022GDS\u0022 loading=\u0022lazy\u0022 width=\u0022480\u0022 height=\u0022313\u0022\u003E          \u003C\/div\u003E\n  \u003Cdiv class=\u0022card-article__body\u0022\u003E\n        \u003Cdiv class=\u0022text-[1.125em] leading-0 card-title\u0022\u003E\n                    \n      \u003Ca class=\u0022card-article__title\u0022 href=\u0022\/index.php\/actualites\/dnc-la-bretagne-indemne-mais-avec-des-elevages-sous-surveillance\u0022 target=\u0022_self\u0022  title=\u0022DNC. La Bretagne indemne mais avec des \u00e9levages sous surveillance\u0022\u003E\n        \t\n\u003Ch2  data-component-id=\u0022front:title\u0022 class=\u0022title title--small inline\u0022 title=\u0022DNC. La Bretagne indemne mais avec des \u00e9levages sous surveillance\u0022\u003EDNC. La Bretagne indemne mais avec des \u00e9levages sous surveillance\u003C\/h2\u003E\n      \u003C\/a\u003E\n                \u003C\/div\u003E\n    \n\u003Cdiv  data-component-id=\u0022front:wysiwyg\u0022 class=\u0022wysiwyg wysiwyg--small\u0022\u003EA titre pr\u00e9ventif, des \u00e9levages du Morbihan et des C\u00f4tes d\u0027Armor et d\u0027Ille-et-Vilaine sont mis sous surveillance, expliquent DRAF, Chambre d\u2026\u003C\/div\u003E\n          \u003Cdiv class=\u0022card-article__meta mbs-auto\u0022\u003E\n        \u003Ctime class=\u0022card-article__date\u0022 datetime=\u00222025-10-22T12:12:00+0200\u0022 x-data x-timestamp=\u00222025-10-22T12:12:00+0200\u0022\u003E22 Oct 2025\u003C\/time\u003E\n              \u003C\/div\u003E\n      \u003C\/div\u003E\n\u003C\/article\u003E\n  \t\t\t\u003Carticle  data-component-id=\u0022front:card-webinaire-catalog\u0022 class=\u0022card-webinaire-catalog group\u0022 data-campagne=\u0022Webi-ELO_GT_2026-Ceva_encadre\u0022 data-contentId=\u00223121\u0022 rel=\u0022nofollow\u0022\u003E\n  \u003Cdiv class=\u0022card-webinaire-catalog__image\u0022\u003E\n      \t\t\t\t\t\t\u003Cimg  data-component-id=\u0022front:image\u0022 class=\u0022w-full h-full object-cover absolute inset-0\u0022 src=\u0022\/sites\/plm-magazine\/files\/2026-04\/EVT-PLM-ELO_Grands_troupeaux_26-Webi_ceva-accroche.jpg\u0022 alt=\u0022Vermifugation : identifiez les vaches \u00e0 traiter en 3 clics !\u0022 title=\u0022Vermifugation : identifiez les vaches \u00e0 traiter en 3 clics !\u0022 loading=\u0022eager\u0022 width=\u0022510\u0022 height=\u0022340\u0022\u003E          \u003Cdiv class=\u0022card-webinaire-catalog__duree \u0022\u003E\n        00:30:00\n      \u003C\/div\u003E\n        \u003Cdiv class=\u0022card-webinaire-catalog__badges\u0022\u003E\n      \t\t\n\u003Cspan  data-component-id=\u0022front:button-expand\u0022 class=\u0022button-expand button-expand--shadowed transition-within-parent\u0022 x-data=\u0022buttonExpand\u0022 :style=\u0022{ \u0026quot;--button-expand-label-width\u0026quot;: labelWidth }\u0022\u003E\n  \u003Cspan class=\u0022button-expand__icon\u0022\u003E\n    \n\u003Csvg  data-component-id=\u0022front:icon\u0022 class=\u0022icon icon--webinar\u0022\u003E\n  \u003Cuse xlink:href=\u0022\/themes\/custom\/plm\/dist\/assets\/images\/2e871604ef7778ce3dc1.svg#icon-webinar\u0022\u003E\u003C\/use\u003E\n\u003C\/svg\u003E\n  \u003C\/span\u003E\n  \u003Cspan class=\u0022button-expand__label\u0022 x-ref=\u0022label\u0022\u003Ewebinaire\u003C\/span\u003E\n\u003C\/span\u003E\n    \u003C\/div\u003E\n  \u003C\/div\u003E\n \u003Cdiv class=\u0022card-webinaire-catalog__body\u0022\u003E\n    \u003Cdiv class=\u0022text-[1.125em] leading-0 card-title\u0022\u003E\n            \u003Ca class=\u0022card-webinaire-catalog__title\u0022 href=\u0022\/webinaires\/vermifugation-identifiez-les-vaches-a-traiter-en-3-clics\u0022 target=\u0022_self\u0022  data-campagne=\u0022Webi-ELO_GT_2026-Ceva_encadre\u0022 data-contentId=\u00223121\u0022 rel=\u0022nofollow\u0022 title=\u0022Vermifugation : identifiez les vaches \u00e0 traiter en 3 clics !\u0022\u003E\n        \n\u003Ch2  data-component-id=\u0022front:title\u0022 class=\u0022title title--small inline\u0022\u003EVermifugation : identifiez les vaches \u00e0 traiter en 3 clics !\u003C\/h2\u003E\n      \u003C\/a\u003E\n                \u003C\/div\u003E\n\n    \u003Cdiv class=\u0022card-webinaire-catalog__date-info\u0022\u003E\n            \u003Cdiv class=\u0022card-webinaire-catalog__date\u0022\u003EMardi\u0026nbsp;16\u0026nbsp;juin\u0026nbsp;2026\u003C\/div\u003E\n              \u003Cdiv class=\u0022card-webinaire-catalog__plage-horaire flex items-center gap-2\u0022\u003E\n        \u003Cspan class=\u0022inline-flex text-xl\u0022\u003E\n         \u003Csvg xmlns=\u0022http:\/\/www.w3.org\/2000\/svg\u0022 width=\u002217\u0022 height=\u002217\u0022 viewBox=\u00220 0 17 17\u0022 fill=\u0022none\u0022\u003E\n          \u003Cpath d=\u0022M8.13806 0.100098C12.5773 0.100242 16.1761 3.69895 16.1761 8.13818C16.176 12.5774 12.5772 16.1761 8.13806 16.1763C3.69883 16.1762 0.10012 12.5774 0.0999756 8.13818C0.100044 3.6989 3.69878 0.100167 8.13806 0.100098ZM8.13806 1.6001C4.52721 1.60017 1.60004 4.52733 1.59998 8.13818C1.60012 11.749 4.52725 14.6762 8.13806 14.6763C11.7488 14.6761 14.676 11.7489 14.6761 8.13818C14.6761 4.52738 11.7489 1.60024 8.13806 1.6001ZM8.13806 3.01514C8.55217 3.01526 8.88806 3.351 8.88806 3.76514V7.38818H12.5111C12.9252 7.38837 13.2611 7.72409 13.2611 8.13818C13.261 8.55216 12.9251 8.88799 12.5111 8.88818H8.13806C7.72394 8.88818 7.38821 8.55227 7.38806 8.13818V3.76514C7.38806 3.35092 7.72385 3.01514 8.13806 3.01514Z\u0022 fill=\u0022black\u0022\/\u003E\n          \u003Cpath d=\u0022M8.13806 0.100098L8.13806 9.76548e-05H8.13806L8.13806 0.100098ZM16.1761 8.13818L16.2761 8.13819V8.13818L16.1761 8.13818ZM8.13806 16.1763L8.13806 16.2763H8.13806L8.13806 16.1763ZM0.0999756 8.13818L-2.44156e-05 8.13818V8.13819L0.0999756 8.13818ZM8.13806 1.6001L8.13807 1.5001H8.13806L8.13806 1.6001ZM1.59998 8.13818L1.49998 8.13818V8.13819L1.59998 8.13818ZM8.13806 14.6763L8.13806 14.7763H8.13807L8.13806 14.6763ZM14.6761 8.13818L14.7761 8.13819V8.13818L14.6761 8.13818ZM8.13806 3.01514L8.13809 2.91514H8.13806V3.01514ZM8.88806 3.76514H8.98806V3.76514H8.88806ZM8.88806 7.38818H8.78806C8.78806 7.44341 8.83283 7.48818 8.88806 7.48818V7.38818ZM12.5111 7.38818L12.5112 7.28818H12.5111V7.38818ZM13.2611 8.13818L13.3611 8.13822V8.13818H13.2611ZM12.5111 8.88818V8.98818H12.5112L12.5111 8.88818ZM8.13806 8.88818V8.78818V8.88818ZM7.38806 8.13818H7.28806V8.13822L7.38806 8.13818ZM7.38806 3.76514H7.48806V3.76514H7.38806ZM8.13806 0.100098L8.13806 0.200098C12.5221 0.20024 16.0761 3.75418 16.0761 8.13819L16.1761 8.13818L16.2761 8.13818C16.2761 3.64372 12.6325 0.000244059 8.13806 9.76548e-05L8.13806 0.100098ZM16.1761 8.13818L16.0761 8.13818C16.076 12.5221 12.522 16.0761 8.13806 16.0763L8.13806 16.1763L8.13806 16.2763C12.6325 16.2761 16.276 12.6326 16.2761 8.13819L16.1761 8.13818ZM8.13806 16.1763L8.13806 16.0763C3.75406 16.0762 0.200118 12.5222 0.199976 8.13818L0.0999756 8.13818L-2.44156e-05 8.13819C0.000121988 12.6326 3.6436 16.2762 8.13806 16.2763L8.13806 16.1763ZM0.0999756 8.13818L0.199976 8.13819C0.200044 3.75413 3.75401 0.200166 8.13806 0.200098L8.13806 0.100098L8.13806 9.76548e-05C3.64355 0.000167377 4.53144e-05 3.64367 -2.44156e-05 8.13818L0.0999756 8.13818ZM8.13806 1.6001L8.13806 1.5001C4.47198 1.50017 1.50005 4.4721 1.49998 8.13818L1.59998 8.13818L1.69998 8.13819C1.70004 4.58256 4.58244 1.70017 8.13806 1.7001L8.13806 1.6001ZM1.59998 8.13818L1.49998 8.13819C1.50012 11.8042 4.47202 14.7762 8.13806 14.7763L8.13806 14.6763L8.13806 14.5763C4.58248 14.5762 1.70012 11.6937 1.69998 8.13818L1.59998 8.13818ZM8.13806 14.6763L8.13807 14.7763C11.804 14.7761 14.776 11.8042 14.7761 8.13819L14.6761 8.13818L14.5761 8.13818C14.576 11.6937 11.6936 14.5761 8.13806 14.5763L8.13806 14.6763ZM14.6761 8.13818L14.7761 8.13818C14.7761 4.47214 11.8041 1.50024 8.13807 1.5001L8.13806 1.6001L8.13806 1.7001C11.6936 1.70024 14.5761 4.58261 14.5761 8.13819L14.6761 8.13818ZM8.13806 3.01514L8.13803 3.11514C8.49696 3.11525 8.78806 3.40626 8.78806 3.76514H8.88806H8.98806C8.98806 3.29574 8.60737 2.91528 8.13809 2.91514L8.13806 3.01514ZM8.88806 3.76514H8.78806V7.38818H8.88806H8.98806V3.76514H8.88806ZM8.88806 7.38818V7.48818H12.5111V7.38818V7.28818H8.88806V7.38818ZM12.5111 7.38818L12.5111 7.48818C12.87 7.48835 13.1611 7.77936 13.1611 8.13818H13.2611H13.3611C13.3611 7.66881 12.9804 7.2884 12.5112 7.28818L12.5111 7.38818ZM13.2611 8.13818L13.1611 8.13815C13.161 8.49691 12.8698 8.78802 12.5111 8.78818L12.5111 8.88818L12.5112 8.98818C12.9803 8.98797 13.3609 8.6074 13.3611 8.13822L13.2611 8.13818ZM12.5111 8.88818V8.78818H8.13806V8.88818V8.98818H12.5111V8.88818ZM8.13806 8.88818V8.78818C7.7792 8.78818 7.48819 8.49707 7.48806 8.13815L7.38806 8.13818L7.28806 8.13822C7.28823 8.60747 7.66867 8.98818 8.13806 8.98818V8.88818ZM7.38806 8.13818H7.48806V3.76514H7.38806H7.28806V8.13818H7.38806ZM7.38806 3.76514H7.48806C7.48806 3.40615 7.77908 3.11514 8.13806 3.11514V3.01514V2.91514C7.66862 2.91514 7.28806 3.29569 7.28806 3.76514H7.38806Z\u0022 fill=\u0022black\u0022\/\u003E\n          \u003C\/svg\u003E\n        \u003C\/span\u003E\n          \u003Cspan class=\u0022\u0022\u003E11:30 - 12:00\u003C\/span\u003E\n        \u003C\/div\u003E\n                \u003C\/div\u003E\n\n          \u003Cdiv class=\u0022card-webinaire-catalog__organisateur\u0022\u003E\n        Par Ceva Sant\u00e9 Animale\n      \u003C\/div\u003E\n    \n      \u003Cdiv class=\u0022card-webinaire-catalog__chapo\u0022\u003E\n        \n              \u003C\/div\u003E\n     \u003C\/div\u003E\n  \u003Cdiv class=\u0022card-webinaire-catalog__sponsor\u0022\u003E\n    Contenu sponsoris\u00e9\n  \u003C\/div\u003E\n\u003C\/article\u003E\n\n          \u003C\/div\u003E\n                      \u003Cdiv class=\u0022flex justify-center mbs-8\u0022\u003E    \u003Cnav class=\u0022pager\u0022 aria-labelledby=\u0022pager-1576344583\u0022\u003E\n    \u003Ch2 class=\u0022sr-only\u0022 id=\u0022pager-1576344583\u0022\u003EPagination\u003C\/h2\u003E\n          \t\t\t\t\n\u003Ca  data-component-id=\u0022front:button-icon\u0022 class=\u0022button-icon button-icon--primary\u0022 href=\u0022\/index.php\/recherche-ajax?page=3\u0022 title=\u0022Aller \u00e0 la page pr\u00e9c\u00e9dente\u0022 rel=\u0022prev\u0022 aria-label=\u0022Page pr\u00e9c\u00e9dente\u0022\u003E\n  \n\u003Csvg  data-component-id=\u0022front:icon\u0022 class=\u0022icon icon--arrow-left\u0022\u003E\n  \u003Cuse xlink:href=\u0022\/themes\/custom\/plm\/dist\/assets\/images\/2e871604ef7778ce3dc1.svg#icon-arrow-left\u0022\u003E\u003C\/use\u003E\n\u003C\/svg\u003E\n\u003C\/a\u003E\n    \u003Cul class=\u0022pager__items\u0022\u003E\n                    \u003Cli class=\u0022leading-0\u0022\u003E\n          \u003Ca\n            class=\u0022pager-item pager-item--first\u0022\n            href=\u0022\/index.php\/recherche-ajax?\u0022\n            title=\u0022Aller \u00e0 la premi\u00e8re page\u0022\n            \n          \u003E\n            \u003Cspan class=\u0022sr-only\u0022\u003EPremi\u00e8re page\u003C\/span\u003E\n            \u003Cspan aria-hidden=\u0022true\u0022\u003E1\u003C\/span\u003E\n          \u003C\/a\u003E\n        \u003C\/li\u003E\n        \u003Cli class=\u0022leading-0\u0022\u003E\n          \u003Cspan class=\u0022pager-item pager-item--ellipsis\u0022\u003E\u0026hellip;\u003C\/span\u003E\n        \u003C\/li\u003E\n                          \u003Cli class=\u0022leading-0\u0022\u003E\n                                                    \u003Ca\n            class=\u0022pager-item\u0022\n            href=\u0022\/index.php\/recherche-ajax?page=2\u0022\n            title=\u0022Aller \u00e0 la page 3\u0022\n            \n          \u003E\n            \u003Cspan class=\u0022sr-only\u0022\u003EPage\u003C\/span\u003E3\u003C\/a\u003E\n        \u003C\/li\u003E\n              \u003Cli class=\u0022leading-0\u0022\u003E\n                                                    \u003Ca\n            class=\u0022pager-item\u0022\n            href=\u0022\/index.php\/recherche-ajax?page=3\u0022\n            title=\u0022Aller \u00e0 la page 4\u0022\n            \n          \u003E\n            \u003Cspan class=\u0022sr-only\u0022\u003EPage\u003C\/span\u003E4\u003C\/a\u003E\n        \u003C\/li\u003E\n              \u003Cli class=\u0022leading-0\u0022\u003E\n                                                                \u003Ca\n            class=\u0022pager-item is-active\u0022\n            href=\u0022\/index.php\/recherche-ajax?page=4\u0022\n            title=\u0022Page courante\u0022\n             aria-current=\u0022page\u0022\n          \u003E\n            \u003Cspan class=\u0022sr-only\u0022\u003EPage\u003C\/span\u003E5\u003C\/a\u003E\n        \u003C\/li\u003E\n              \u003Cli class=\u0022leading-0\u0022\u003E\n                                                    \u003Ca\n            class=\u0022pager-item\u0022\n            href=\u0022\/index.php\/recherche-ajax?page=5\u0022\n            title=\u0022Aller \u00e0 la page 6\u0022\n            \n          \u003E\n            \u003Cspan class=\u0022sr-only\u0022\u003EPage\u003C\/span\u003E6\u003C\/a\u003E\n        \u003C\/li\u003E\n              \u003Cli class=\u0022leading-0\u0022\u003E\n                                                    \u003Ca\n            class=\u0022pager-item\u0022\n            href=\u0022\/index.php\/recherche-ajax?page=6\u0022\n            title=\u0022Aller \u00e0 la page 7\u0022\n            \n          \u003E\n            \u003Cspan class=\u0022sr-only\u0022\u003EPage\u003C\/span\u003E7\u003C\/a\u003E\n        \u003C\/li\u003E\n                          \u003Cli class=\u0022leading-0\u0022\u003E\n          \u003Cspan class=\u0022pager-item pager-item--ellipsis\u0022\u003E\u0026hellip;\u003C\/span\u003E\n        \u003C\/li\u003E\n        \u003Cli class=\u0022leading-0\u0022\u003E\n          \u003Ca\n            class=\u0022pager-item pager-item--last\u0022\n            href=\u0022\/index.php\/recherche-ajax?page=79\u0022\n            title=\u0022Aller \u00e0 la derni\u00e8re page\u0022\n            \n          \u003E\n            \u003Cspan class=\u0022sr-only\u0022\u003EDerni\u00e8re page\u003C\/span\u003E\n            \u003Cspan aria-hidden=\u0022true\u0022\u003E80\u003C\/span\u003E\n          \u003C\/a\u003E\n        \u003C\/li\u003E\n          \u003C\/ul\u003E\n          \t\t\t\t\n\u003Ca  data-component-id=\u0022front:button-icon\u0022 class=\u0022button-icon button-icon--primary\u0022 href=\u0022\/index.php\/recherche-ajax?page=5\u0022 title=\u0022Aller \u00e0 la page suivante\u0022 rel=\u0022next\u0022 aria-label=\u0022Page suivante\u0022\u003E\n  \n\u003Csvg  data-component-id=\u0022front:icon\u0022 class=\u0022icon icon--arrow-right\u0022\u003E\n  \u003Cuse xlink:href=\u0022\/themes\/custom\/plm\/dist\/assets\/images\/2e871604ef7778ce3dc1.svg#icon-arrow-right\u0022\u003E\u003C\/use\u003E\n\u003C\/svg\u003E\n\u003C\/a\u003E\n  \u003C\/nav\u003E\n\u003C\/div\u003E\n                  \u003C\/div\u003E\n      \u003C\/div\u003E\n    \n"}