{"data":"    \n          \u003Cdiv class=\u0022th-section-gray-lighter\u0022\u003E\n        \u003Cdiv class=\u0022th-container pbe-8 sm:pbe-10\u0022\u003E\n          \u003Cdiv class=\u0022flex items-center justify-end pt-3 lg:pt-5 gap-2\u0022\u003E\n            \u003Cspan class=\u0022search-results-number flex-grow text-secondary\u0022\u003E2862 r\u00e9sultats\u003Cspan class=\u0022mobile-hidden\u0022\u003E\u0026nbsp;trouv\u00e9s\u003C\/span\u003E\u003C\/span\u003E\n            \u003Cdiv class=\u0022mobile-hidden\u0022\u003E\u003Cdiv class=\u0022form-item form-item--type-select form-item--name-order js-form-item js-form-type-select js-form-item-order\u0022\u003E\n      \u003Clabel for=\u0022edit-order\u0022\u003E\u003Cspan class=\u0022label-title\u0022\u003ETrier par\u003C\/span\u003E\u003C\/label\u003E\n            \u003Cdiv class=\u0022form-item__input-wrapper\u0022\u003E\n      \u003Cselect form=\u0022main-catalog-offer\u0022 data-drupal-selector=\u0022edit-order\u0022 id=\u0022edit-order\u0022 name=\u0022order\u0022 class=\u0022form-select\u0022 x-data x-select\u003E\n            \u003Coption value=\u0022score\u0022 selected=\u0022selected\u0022\u003EPertinence\u003C\/option\u003E\n                \u003Coption value=\u0022date-desc\u0022\u003ELes plus r\u00e9cents\u003C\/option\u003E\n                \u003Coption value=\u0022date-asc\u0022\u003ELes plus anciens\u003C\/option\u003E\n      \u003C\/select\u003E\n\n    \u003C\/div\u003E\n          \u003C\/div\u003E\n\u003C\/div\u003E\n            \u003Cfieldset form=\u0022main-catalog-offer\u0022 data-drupal-selector=\u0022edit-view\u0022 id=\u0022edit-view--wrapper\u0022 class=\u0022fieldgroup form-composite form-wrapper js-form-wrapper\u0022\u003E\n      \u003Clegend class=\u0022fieldset-legend\u0022\u003E\n    \u003Cspan\u003EAffichage: \u003C\/span\u003E\n  \u003C\/legend\u003E\n  \u003Cdiv class=\u0022fieldset-wrapper\u0022\u003E\n                \u003Cdiv id=\u0022edit-view\u0022 class=\u0022form-boxes\u0022\u003E\u003Cdiv class=\u0022form-item form-item--type-radio form-item--name-view js-form-item js-form-type-radio js-form-item-view\u0022\u003E\n            \u003Cinput form=\u0022main-catalog-offer\u0022 data-drupal-selector=\u0022edit-view-card\u0022 type=\u0022radio\u0022 id=\u0022edit-view-card\u0022 name=\u0022view\u0022 value=\u0022card\u0022 checked=\u0022checked\u0022 class=\u0022form-radio\u0022 \/\u003E\n\n          \u003Clabel for=\u0022edit-view-card\u0022 class=\u0022option\u0022\u003E\u003Cspan class=\u0022label-title\u0022\u003ECarte\u003C\/span\u003E\u003C\/label\u003E\n      \u003C\/div\u003E\n\u003Cdiv class=\u0022form-item form-item--type-radio form-item--name-view js-form-item js-form-type-radio js-form-item-view\u0022\u003E\n            \u003Cinput form=\u0022main-catalog-offer\u0022 data-drupal-selector=\u0022edit-view-ligne\u0022 type=\u0022radio\u0022 id=\u0022edit-view-ligne\u0022 name=\u0022view\u0022 value=\u0022ligne\u0022 class=\u0022form-radio\u0022 \/\u003E\n\n          \u003Clabel for=\u0022edit-view-ligne\u0022 class=\u0022option\u0022\u003E\u003Cspan class=\u0022label-title\u0022\u003ELigne\u003C\/span\u003E\u003C\/label\u003E\n      \u003C\/div\u003E\n\u003C\/div\u003E\n\n          \u003C\/div\u003E\n\u003C\/fieldset\u003E\n\n          \u003C\/div\u003E\n          \u003Cdiv class=\u0022search-header pt-3 lg:pt-5\u0022  x-data :class=\u0022{ \u0027with-menu-visible\u0027: $store.header.scrollDir !== \u0027down\u0027  }\u0022\u003E\n            \u003Cdiv class=\u0022secondary-filters flex gap-2\u0022\u003E\n              \t\n\u003Cbutton  data-component-id=\u0022front:button\u0022 class=\u0022button button--primary\u0022 id=\u0022open-filters\u0022\u003E\n      \u003Cspan class=\u0022button__icon\u0022\u003E\n      \n\u003Csvg  data-component-id=\u0022front:icon\u0022 class=\u0022icon icon--Union\u0022\u003E\n  \u003Cuse xlink:href=\u0022\/themes\/custom\/plm\/dist\/assets\/images\/2e871604ef7778ce3dc1.svg#icon-Union\u0022\u003E\u003C\/use\u003E\n\u003C\/svg\u003E\n    \u003C\/span\u003E\n    Filtres (0)\n\u003C\/button\u003E\n                                          \u003Cdiv class=\u0022moblie-only\u0022\u003E\n                \u003Cdiv class=\u0022form-item form-item--type-select form-item--name-order js-form-item js-form-type-select js-form-item-order\u0022\u003E\n      \u003Clabel for=\u0022edit-order\u0022\u003E\u003Cspan class=\u0022label-title\u0022\u003ETrier par\u003C\/span\u003E\u003C\/label\u003E\n            \u003Cdiv class=\u0022form-item__input-wrapper\u0022\u003E\n      \u003Cselect form=\u0022main-catalog-offer\u0022 data-drupal-selector=\u0022edit-order\u0022 id=\u0022edit-order\u0022 name=\u0022order\u0022 class=\u0022form-select\u0022 x-data x-select\u003E\n            \u003Coption value=\u0022score\u0022 selected=\u0022selected\u0022\u003EPertinence\u003C\/option\u003E\n                \u003Coption value=\u0022date-desc\u0022\u003ELes plus r\u00e9cents\u003C\/option\u003E\n                \u003Coption value=\u0022date-asc\u0022\u003ELes plus anciens\u003C\/option\u003E\n      \u003C\/select\u003E\n\n    \u003C\/div\u003E\n          \u003C\/div\u003E\n\n              \u003C\/div\u003E\n            \u003C\/div\u003E\n          \u003C\/div\u003E\n          \u003Cdiv class=\u0022search-list search-list-card search-list-column-4 gap-2\u0022\u003E\n            \n\u003Carticle  data-component-id=\u0022front:card-article\u0022 class=\u0022card-article group\u0022\u003E\n  \u003Cdiv class=\u0022card-article__image\u0022\u003E\n      \t\t\t\t\t\t\u003Cimg  data-component-id=\u0022front:image\u0022 class=\u0022w-full h-full object-contain absolute inset-0\u0022 src=\u0022\/sites\/plm-magazine\/files\/styles\/teaser\/public\/2026-02\/14480a65-3b8c-4b50-8d92-54541f7cad72.jpg.webp\u0022 alt=\u0022Kuhn Aura\u0022 title=\u0022Jeannet-D\u00e9bit\u0022 loading=\u0022lazy\u0022 width=\u0022480\u0022 height=\u0022320\u0022\u003E          \u003C\/div\u003E\n  \u003Cdiv class=\u0022card-article__body\u0022\u003E\n        \u003Cdiv class=\u0022text-[1.125em] leading-0 card-title\u0022\u003E\n                    \n      \u003Ca class=\u0022card-article__title\u0022 href=\u0022\/actualites\/porte-ouverte-en-haute-saone-pour-voir-la-kuhn-aura-en-action\u0022 target=\u0022_self\u0022  title=\u0022Porte ouverte en Haute-Sa\u00f4ne, pour voir la Kuhn Aura en action\u0022\u003E\n        \t\n\u003Ch2  data-component-id=\u0022front:title\u0022 class=\u0022title title--small inline\u0022 title=\u0022Porte ouverte en Haute-Sa\u00f4ne, pour voir la Kuhn Aura en action\u0022\u003EPorte ouverte en Haute-Sa\u00f4ne, pour voir la Kuhn Aura en action\u003C\/h2\u003E\n      \u003C\/a\u003E\n                \u003C\/div\u003E\n    \n\u003Cdiv  data-component-id=\u0022front:wysiwyg\u0022 class=\u0022wysiwyg wysiwyg--small\u0022\u003E\u00c0 la Scea de la Forge, \u00e0 Saint-Loup-G\u00e9anges, en Haute-Sa\u00f4ne, ce mercredi\u00a025\u00a0f\u00e9vrier 2026.\u003C\/div\u003E\n          \u003Cdiv class=\u0022card-article__meta mbs-auto\u0022\u003E\n        \u003Ctime class=\u0022card-article__date\u0022 datetime=\u00222026-02-23T11:02:00+0100\u0022 x-data x-timestamp=\u00222026-02-23T11:02:00+0100\u0022\u003E23 F\u00e9v 2026\u003C\/time\u003E\n              \u003C\/div\u003E\n      \u003C\/div\u003E\n\u003C\/article\u003E\n  \t\t\t\u003Carticle  data-component-id=\u0022front:card-webinaire-catalog\u0022 class=\u0022card-webinaire-catalog group\u0022 data-campagne=\u0022Webi-ELO_GT_2025-bicarz_encadre\u0022 data-contentId=\u00223104\u0022 rel=\u0022nofollow\u0022\u003E\n  \u003Cdiv class=\u0022card-webinaire-catalog__image\u0022\u003E\n      \t\t\t\t\t\t\u003Cimg  data-component-id=\u0022front:image\u0022 class=\u0022w-full h-full object-cover absolute inset-0\u0022 src=\u0022\/sites\/plm-magazine\/files\/2026-04\/EVT-PLM-ELO_Grands_troupeaux_25-Webi_solvay-accroche.jpg\u0022 alt=\u0022Webinaire Solvay Bicar\u00aeZ\u0022 title=\u0022Webinaire Solvay Bicar\u00aeZ\u0022 loading=\u0022eager\u0022 width=\u0022510\u0022 height=\u0022340\u0022\u003E          \u003Cdiv class=\u0022card-webinaire-catalog__duree \u0022\u003E\n        00:30:00\n      \u003C\/div\u003E\n        \u003Cdiv class=\u0022card-webinaire-catalog__badges\u0022\u003E\n      \t\t\n\u003Cspan  data-component-id=\u0022front:button-expand\u0022 class=\u0022button-expand button-expand--shadowed transition-within-parent\u0022 x-data=\u0022buttonExpand\u0022 :style=\u0022{ \u0026quot;--button-expand-label-width\u0026quot;: labelWidth }\u0022\u003E\n  \u003Cspan class=\u0022button-expand__icon\u0022\u003E\n    \n\u003Csvg  data-component-id=\u0022front:icon\u0022 class=\u0022icon icon--webinar\u0022\u003E\n  \u003Cuse xlink:href=\u0022\/themes\/custom\/plm\/dist\/assets\/images\/2e871604ef7778ce3dc1.svg#icon-webinar\u0022\u003E\u003C\/use\u003E\n\u003C\/svg\u003E\n  \u003C\/span\u003E\n  \u003Cspan class=\u0022button-expand__label\u0022 x-ref=\u0022label\u0022\u003Ewebinaire\u003C\/span\u003E\n\u003C\/span\u003E\n    \u003C\/div\u003E\n  \u003C\/div\u003E\n \u003Cdiv class=\u0022card-webinaire-catalog__body\u0022\u003E\n    \u003Cdiv class=\u0022text-[1.125em] leading-0 card-title\u0022\u003E\n            \u003Ca class=\u0022card-webinaire-catalog__title\u0022 href=\u0022\/webinaires\/bicarrz-un-nutriment-cle-pour-les-vaches-en-lactation\u0022 target=\u0022_self\u0022  data-campagne=\u0022Webi-ELO_GT_2025-bicarz_encadre\u0022 data-contentId=\u00223104\u0022 rel=\u0022nofollow\u0022 title=\u0022Bicar\u00aeZ : un nutriment cl\u00e9 pour les vaches en lactation\u0022\u003E\n        \n\u003Ch2  data-component-id=\u0022front:title\u0022 class=\u0022title title--small inline\u0022\u003EBicar\u00aeZ : un nutriment cl\u00e9 pour les vaches en lactation\u003C\/h2\u003E\n      \u003C\/a\u003E\n                \u003C\/div\u003E\n\n    \u003Cdiv class=\u0022card-webinaire-catalog__date-info\u0022\u003E\n            \u003Cdiv class=\u0022card-webinaire-catalog__date\u0022\u003EReplay du\u0026nbsp;19\u0026nbsp;juin\u0026nbsp;2025\u003C\/div\u003E\n                \u003C\/div\u003E\n\n          \u003Cdiv class=\u0022card-webinaire-catalog__organisateur\u0022\u003E\n        Par Bicar\u00aeZ\n      \u003C\/div\u003E\n    \n      \u003Cdiv class=\u0022card-webinaire-catalog__chapo\u0022\u003E\n        \n              \u003C\/div\u003E\n     \u003C\/div\u003E\n  \u003Cdiv class=\u0022card-webinaire-catalog__sponsor\u0022\u003E\n    Contenu sponsoris\u00e9\n  \u003C\/div\u003E\n\u003C\/article\u003E\n\n\u003Carticle  data-component-id=\u0022front:card-article\u0022 class=\u0022card-article group\u0022\u003E\n  \u003Cdiv class=\u0022card-article__image\u0022\u003E\n      \t\t\t\t\t\t\u003Cimg  data-component-id=\u0022front:image\u0022 class=\u0022w-full h-full object-contain absolute inset-0\u0022 src=\u0022\/sites\/plm-magazine\/files\/styles\/teaser\/public\/2026-02\/446325b1-7fc3-4fbb-820e-6acc10535bc4.jpg.webp\u0022 alt=\u0022ADN\u0022 title=\u0022Freepik\u0022 loading=\u0022lazy\u0022 width=\u0022480\u0022 height=\u0022320\u0022\u003E          \u003C\/div\u003E\n  \u003Cdiv class=\u0022card-article__body\u0022\u003E\n        \u003Cdiv class=\u0022text-[1.125em] leading-0 card-title\u0022\u003E\n                    \n      \u003Ca class=\u0022card-article__title\u0022 href=\u0022\/actualites\/la-fiabilite-des-filiations-se-renforce-grace-a-l-integration-des-donnees-genomiques\u0022 target=\u0022_self\u0022  title=\u0022La fiabilit\u00e9 des filiations se renforce, gr\u00e2ce \u00e0 l\u2019int\u00e9gration des donn\u00e9es g\u00e9nomiques\u0022\u003E\n        \t\n\u003Ch2  data-component-id=\u0022front:title\u0022 class=\u0022title title--small inline\u0022 title=\u0022La fiabilit\u00e9 des filiations se renforce, gr\u00e2ce \u00e0 l\u2019int\u00e9gration des donn\u00e9es g\u00e9nomiques\u0022\u003ELa fiabilit\u00e9 des filiations se renforce, gr\u00e2ce \u00e0 l\u2019int\u00e9gration des donn\u00e9es\u2026\u003C\/h2\u003E\n      \u003C\/a\u003E\n                \u003C\/div\u003E\n    \n\u003Cdiv  data-component-id=\u0022front:wysiwyg\u0022 class=\u0022wysiwyg wysiwyg--small\u0022\u003E\u00225,9 millions de donn\u00e9es de g\u00e9notypage ont d\u00e9j\u00e0 \u00e9t\u00e9 trait\u00e9es et une mise \u00e0 jour continue est maintenant op\u00e9rationnelle\u0022, souligne France G\u00e9n\u00e9tique\u2026\u003C\/div\u003E\n          \u003Cdiv class=\u0022card-article__meta mbs-auto\u0022\u003E\n        \u003Ctime class=\u0022card-article__date\u0022 datetime=\u00222026-02-23T10:24:00+0100\u0022 x-data x-timestamp=\u00222026-02-23T10:24:00+0100\u0022\u003E23 F\u00e9v 2026\u003C\/time\u003E\n              \u003C\/div\u003E\n      \u003C\/div\u003E\n\u003C\/article\u003E\n\n\u003Carticle  data-component-id=\u0022front:card-article\u0022 class=\u0022card-article group\u0022\u003E\n  \u003Cdiv class=\u0022card-article__image\u0022\u003E\n      \t\t\t\t\t\t\u003Cimg  data-component-id=\u0022front:image\u0022 class=\u0022w-full h-full object-contain absolute inset-0\u0022 src=\u0022\/sites\/plm-magazine\/files\/styles\/teaser\/public\/2026-02\/00168060-5909-4457-8868-d7b099417486.jpg.webp\u0022 alt=\u002218 h de lumi\u00e8re \u00e0 200 lux sont recommand\u00e9s pour la production laiti\u00e8re\u0022 title=\u0022B\u00e9atrice Colleu\u0022 loading=\u0022lazy\u0022 width=\u0022427\u0022 height=\u0022320\u0022\u003E          \u003C\/div\u003E\n  \u003Cdiv class=\u0022card-article__body\u0022\u003E\n        \u003Cdiv class=\u0022text-[1.125em] leading-0 card-title\u0022\u003E\n                    \n      \u003Ca class=\u0022card-article__title\u0022 href=\u0022\/actualites\/deux-kilos-de-lait-a-gagner-avec-une-meilleure-luminosite-dans-l-etable\u0022 target=\u0022_self\u0022  title=\u0022Deux kilos de lait \u00e0 gagner avec une meilleure luminosit\u00e9 dans l\u0026#039;\u00e9table\u0022\u003E\n        \t\n\u003Ch2  data-component-id=\u0022front:title\u0022 class=\u0022title title--small inline\u0022 title=\u0022Deux kilos de lait \u00e0 gagner avec une meilleure luminosit\u00e9 dans l\u0026#039;\u00e9table\u0022\u003EDeux kilos de lait \u00e0 gagner avec une meilleure luminosit\u00e9 dans l\u0026#039;\u00e9table\u003C\/h2\u003E\n      \u003C\/a\u003E\n                \u003Cspan class=\u0022inline-flex align-middle\u0022\u003E\n        \n\u003Cspan  data-component-id=\u0022front:icon-padlock\u0022 class=\u0022icon-padlock icon-padlock--t1\u0022\u003E\n  \n\u003Csvg  data-component-id=\u0022front:icon\u0022 class=\u0022icon icon--padlock\u0022\u003E\n  \u003Cuse xlink:href=\u0022\/themes\/custom\/plm\/dist\/assets\/images\/2e871604ef7778ce3dc1.svg#icon-padlock\u0022\u003E\u003C\/use\u003E\n\u003C\/svg\u003E\n\u003C\/span\u003E\n      \u003C\/span\u003E\n          \u003C\/div\u003E\n    \n\u003Cdiv  data-component-id=\u0022front:wysiwyg\u0022 class=\u0022wysiwyg wysiwyg--small\u0022\u003EIl n\u0027y a pas que la reproduction qui est impact\u00e9e quand la luminosit\u00e9 est r\u00e9duite. Croissance des g\u00e9nisses et production laiti\u00e8re le sont \u00e9galement\u2026\u003C\/div\u003E\n          \u003Cdiv class=\u0022card-article__meta mbs-auto\u0022\u003E\n        \u003Ctime class=\u0022card-article__date\u0022 datetime=\u00222026-02-23T07:00:00+0100\u0022 x-data x-timestamp=\u00222026-02-23T07:00:00+0100\u0022\u003E23 F\u00e9v 2026\u003C\/time\u003E\n              \u003C\/div\u003E\n      \u003C\/div\u003E\n\u003C\/article\u003E\n\n\u003Carticle  data-component-id=\u0022front:card-article\u0022 class=\u0022card-article group\u0022\u003E\n  \u003Cdiv class=\u0022card-article__image\u0022\u003E\n      \t\t\t\t\t\t\u003Cimg  data-component-id=\u0022front:image\u0022 class=\u0022w-full h-full object-contain absolute inset-0\u0022 src=\u0022\/sites\/plm-magazine\/files\/styles\/teaser\/public\/2026-02\/dc2307b9-3a58-4f45-9046-348e1ef2a7e1.jpg.webp\u0022 alt=\u0022sch\u00e9ma mamelle\u0022 title=\u0022DR\u0022 loading=\u0022lazy\u0022 width=\u0022480\u0022 height=\u0022309\u0022\u003E          \u003C\/div\u003E\n  \u003Cdiv class=\u0022card-article__body\u0022\u003E\n        \u003Cdiv class=\u0022text-[1.125em] leading-0 card-title\u0022\u003E\n                    \n      \u003Ca class=\u0022card-article__title\u0022 href=\u0022\/actualites\/stimulation-mammaire-le-role-meconnu-de-la-methionine-et-de-la-lysine\u0022 target=\u0022_self\u0022  title=\u0022Stimulation mammaire : le r\u00f4le m\u00e9connu de la m\u00e9thionine et de la lysine\u0022\u003E\n        \t\n\u003Ch2  data-component-id=\u0022front:title\u0022 class=\u0022title title--small inline\u0022 title=\u0022Stimulation mammaire : le r\u00f4le m\u00e9connu de la m\u00e9thionine et de la lysine\u0022\u003EStimulation mammaire : le r\u00f4le m\u00e9connu de la m\u00e9thionine et de la lysine\u003C\/h2\u003E\n      \u003C\/a\u003E\n                \u003C\/div\u003E\n    \n\u003Cdiv  data-component-id=\u0022front:wysiwyg\u0022 class=\u0022wysiwyg wysiwyg--small\u0022\u003EUn apport \u00e9quilibr\u00e9 en lysine et m\u00e9thionine ne se contente pas de fournir des \u00ab\u2009briques\u2009\u00bb pour la prot\u00e9ine du lait. Il pr\u00e9pare la glande mammaire en\u2026\u003C\/div\u003E\n          \u003Cdiv class=\u0022card-article__meta mbs-auto\u0022\u003E\n        \u003Ctime class=\u0022card-article__date\u0022 datetime=\u00222026-02-20T23:57:00+0100\u0022 x-data x-timestamp=\u00222026-02-20T23:57:00+0100\u0022\u003E20 F\u00e9v 2026\u003C\/time\u003E\n              \u003C\/div\u003E\n      \u003C\/div\u003E\n\u003C\/article\u003E\n\n\u003Carticle  data-component-id=\u0022front:card-article\u0022 class=\u0022card-article group\u0022\u003E\n  \u003Cdiv class=\u0022card-article__image\u0022\u003E\n      \t\t\t\t\t\t\u003Cimg  data-component-id=\u0022front:image\u0022 class=\u0022w-full h-full object-contain absolute inset-0\u0022 src=\u0022\/sites\/plm-magazine\/files\/styles\/teaser\/public\/2026-02\/854765e0-dac5-450a-8b73-ee44b71eb953.jpg.webp\u0022 alt=\u0022782885.jpg\u0022 title=\u0022Marc Juan\u0022 loading=\u0022lazy\u0022 width=\u0022480\u0022 height=\u0022320\u0022\u003E          \u003C\/div\u003E\n  \u003Cdiv class=\u0022card-article__body\u0022\u003E\n        \u003Cdiv class=\u0022text-[1.125em] leading-0 card-title\u0022\u003E\n                    \n      \u003Ca class=\u0022card-article__title\u0022 href=\u0022\/actualites\/10-conseils-pour-des-vaches-a-40-kg-de-lait-avec-de-l-herbe-paturee\u0022 target=\u0022_self\u0022  title=\u002210 conseils pour des vaches \u00e0 40 kg de lait avec de l\u0026#039;herbe p\u00e2tur\u00e9e\u0022\u003E\n        \t\n\u003Ch2  data-component-id=\u0022front:title\u0022 class=\u0022title title--small inline\u0022 title=\u002210 conseils pour des vaches \u00e0 40 kg de lait avec de l\u0026#039;herbe p\u00e2tur\u00e9e\u0022\u003E10 conseils pour des vaches \u00e0 40 kg de lait avec de l\u0026#039;herbe p\u00e2tur\u00e9e\u003C\/h2\u003E\n      \u003C\/a\u003E\n                \u003Cspan class=\u0022inline-flex align-middle\u0022\u003E\n        \n\u003Cspan  data-component-id=\u0022front:icon-padlock\u0022 class=\u0022icon-padlock icon-padlock--t1\u0022\u003E\n  \n\u003Csvg  data-component-id=\u0022front:icon\u0022 class=\u0022icon icon--padlock\u0022\u003E\n  \u003Cuse xlink:href=\u0022\/themes\/custom\/plm\/dist\/assets\/images\/2e871604ef7778ce3dc1.svg#icon-padlock\u0022\u003E\u003C\/use\u003E\n\u003C\/svg\u003E\n\u003C\/span\u003E\n      \u003C\/span\u003E\n          \u003C\/div\u003E\n    \n\u003Cdiv  data-component-id=\u0022front:wysiwyg\u0022 class=\u0022wysiwyg wysiwyg--small\u0022\u003ESavez-vous g\u00e9rer l\u0027herbe p\u00e2tur\u00e9e comme un ingr\u00e9dient ? \u0022 C\u0027est la condition sine qua non, pour concilier p\u00e2turage et vaches hautes productrices \u0022\u2026\u003C\/div\u003E\n          \u003Cdiv class=\u0022card-article__meta mbs-auto\u0022\u003E\n        \u003Ctime class=\u0022card-article__date\u0022 datetime=\u00222026-02-19T10:10:33+0100\u0022 x-data x-timestamp=\u00222026-02-19T10:10:33+0100\u0022\u003E19 F\u00e9v 2026\u003C\/time\u003E\n              \u003C\/div\u003E\n      \u003C\/div\u003E\n\u003C\/article\u003E\n  \t\t\t\u003Carticle  data-component-id=\u0022front:card-webinaire-catalog\u0022 class=\u0022card-webinaire-catalog group\u0022 data-campagne=\u0022Webi-ELO_GT_2025-Vetoquinol_encadre\u0022 data-contentId=\u00223102\u0022 rel=\u0022nofollow\u0022\u003E\n  \u003Cdiv class=\u0022card-webinaire-catalog__image\u0022\u003E\n      \t\t\t\t\t\t\u003Cimg  data-component-id=\u0022front:image\u0022 class=\u0022w-full h-full object-cover absolute inset-0\u0022 src=\u0022\/sites\/plm-magazine\/files\/2026-04\/EVT-PLM-ELO_Grands_troupeaux_25-Webi_vetoquinol-accroche.jpg\u0022 alt=\u0022Webinaire Vetoquinol\u0022 title=\u0022Webinaire Vetoquinol\u0022 loading=\u0022eager\u0022 width=\u0022510\u0022 height=\u0022340\u0022\u003E          \u003Cdiv class=\u0022card-webinaire-catalog__duree \u0022\u003E\n        00:30:00\n      \u003C\/div\u003E\n        \u003Cdiv class=\u0022card-webinaire-catalog__badges\u0022\u003E\n      \t\t\n\u003Cspan  data-component-id=\u0022front:button-expand\u0022 class=\u0022button-expand button-expand--shadowed transition-within-parent\u0022 x-data=\u0022buttonExpand\u0022 :style=\u0022{ \u0026quot;--button-expand-label-width\u0026quot;: labelWidth }\u0022\u003E\n  \u003Cspan class=\u0022button-expand__icon\u0022\u003E\n    \n\u003Csvg  data-component-id=\u0022front:icon\u0022 class=\u0022icon icon--webinar\u0022\u003E\n  \u003Cuse xlink:href=\u0022\/themes\/custom\/plm\/dist\/assets\/images\/2e871604ef7778ce3dc1.svg#icon-webinar\u0022\u003E\u003C\/use\u003E\n\u003C\/svg\u003E\n  \u003C\/span\u003E\n  \u003Cspan class=\u0022button-expand__label\u0022 x-ref=\u0022label\u0022\u003Ewebinaire\u003C\/span\u003E\n\u003C\/span\u003E\n    \u003C\/div\u003E\n  \u003C\/div\u003E\n \u003Cdiv class=\u0022card-webinaire-catalog__body\u0022\u003E\n    \u003Cdiv class=\u0022text-[1.125em] leading-0 card-title\u0022\u003E\n            \u003Ca class=\u0022card-webinaire-catalog__title\u0022 href=\u0022\/webinaires\/mammites-les-benefices-du-traitement-cible\u0022 target=\u0022_self\u0022  data-campagne=\u0022Webi-ELO_GT_2025-Vetoquinol_encadre\u0022 data-contentId=\u00223102\u0022 rel=\u0022nofollow\u0022 title=\u0022Mammites : les b\u00e9n\u00e9fices du traitement cibl\u00e9\u0022\u003E\n        \n\u003Ch2  data-component-id=\u0022front:title\u0022 class=\u0022title title--small inline\u0022\u003EMammites : les b\u00e9n\u00e9fices du traitement cibl\u00e9\u003C\/h2\u003E\n      \u003C\/a\u003E\n                \u003C\/div\u003E\n\n    \u003Cdiv class=\u0022card-webinaire-catalog__date-info\u0022\u003E\n            \u003Cdiv class=\u0022card-webinaire-catalog__date\u0022\u003EReplay du\u0026nbsp;19\u0026nbsp;juin\u0026nbsp;2025\u003C\/div\u003E\n                \u003C\/div\u003E\n\n          \u003Cdiv class=\u0022card-webinaire-catalog__organisateur\u0022\u003E\n        Par Vetoquinol\n      \u003C\/div\u003E\n    \n      \u003Cdiv class=\u0022card-webinaire-catalog__chapo\u0022\u003E\n        \n              \u003C\/div\u003E\n     \u003C\/div\u003E\n  \u003Cdiv class=\u0022card-webinaire-catalog__sponsor\u0022\u003E\n    Contenu sponsoris\u00e9\n  \u003C\/div\u003E\n\u003C\/article\u003E\n\n\u003Carticle  data-component-id=\u0022front:card-article\u0022 class=\u0022card-article group\u0022\u003E\n  \u003Cdiv class=\u0022card-article__image\u0022\u003E\n      \t\t\t\t\t\t\u003Cimg  data-component-id=\u0022front:image\u0022 class=\u0022w-full h-full object-contain absolute inset-0\u0022 src=\u0022\/sites\/plm-magazine\/files\/styles\/teaser\/public\/2026-02\/a4bef033-f51b-4be8-86a0-d69fd1a2ad34.jpg.webp\u0022 alt=\u0022Couv revisit\u00e9e SIA 2026\u0022 title=\u0022dr\u0022 loading=\u0022lazy\u0022 width=\u0022417\u0022 height=\u0022320\u0022\u003E          \u003C\/div\u003E\n  \u003Cdiv class=\u0022card-article__body\u0022\u003E\n        \u003Cdiv class=\u0022text-[1.125em] leading-0 card-title\u0022\u003E\n                    \n      \u003Ca class=\u0022card-article__title\u0022 href=\u0022\/actualites\/salon-de-l-agriculture-ils-seront-au-sia-pour-rencontrer-les-eleveurs\u0022 target=\u0022_self\u0022  title=\u0022Salon de l\u0026#039;agriculture. Ils seront au Sia pour rencontrer les \u00e9leveurs\u0022\u003E\n        \t\n\u003Ch2  data-component-id=\u0022front:title\u0022 class=\u0022title title--small inline\u0022 title=\u0022Salon de l\u0026#039;agriculture. Ils seront au Sia pour rencontrer les \u00e9leveurs\u0022\u003ESalon de l\u0026#039;agriculture. Ils seront au Sia pour rencontrer les \u00e9leveurs\u003C\/h2\u003E\n      \u003C\/a\u003E\n                \u003C\/div\u003E\n    \n\u003Cdiv  data-component-id=\u0022front:wysiwyg\u0022 class=\u0022wysiwyg wysiwyg--small\u0022\u003EPas de bovins cette ann\u00e9e, mais des \u00e9quipes de conseillers et d\u0027entreprises accueilleront plus particuli\u00e8rement les \u00e9leveurs. Des conf\u00e9rences peuvent\u2026\u003C\/div\u003E\n          \u003Cdiv class=\u0022card-article__meta mbs-auto\u0022\u003E\n        \u003Ctime class=\u0022card-article__date\u0022 datetime=\u00222026-02-18T11:19:00+0100\u0022 x-data x-timestamp=\u00222026-02-18T11:19:00+0100\u0022\u003E18 F\u00e9v 2026\u003C\/time\u003E\n              \u003C\/div\u003E\n      \u003C\/div\u003E\n\u003C\/article\u003E\n  \t\t\t\u003Carticle  data-component-id=\u0022front:card-webinaire-catalog\u0022 class=\u0022card-webinaire-catalog group\u0022 data-campagne=\u0022Webi-ELO_GT_2025-Phibro_encadre\u0022 data-contentId=\u00223103\u0022 rel=\u0022nofollow\u0022\u003E\n  \u003Cdiv class=\u0022card-webinaire-catalog__image\u0022\u003E\n      \t\t\t\t\t\t\u003Cimg  data-component-id=\u0022front:image\u0022 class=\u0022w-full h-full object-cover absolute inset-0\u0022 src=\u0022\/sites\/plm-magazine\/files\/2026-04\/EVT-PLM-ELO_Grands_troupeaux_25-Webi_Phibro-accroche.jpg\u0022 alt=\u0022Webinaire Phibro\u0022 title=\u0022Webinaire Phibro\u0022 loading=\u0022eager\u0022 width=\u0022510\u0022 height=\u0022340\u0022\u003E          \u003Cdiv class=\u0022card-webinaire-catalog__duree \u0022\u003E\n        00:30:00\n      \u003C\/div\u003E\n        \u003Cdiv class=\u0022card-webinaire-catalog__badges\u0022\u003E\n      \t\t\n\u003Cspan  data-component-id=\u0022front:button-expand\u0022 class=\u0022button-expand button-expand--shadowed transition-within-parent\u0022 x-data=\u0022buttonExpand\u0022 :style=\u0022{ \u0026quot;--button-expand-label-width\u0026quot;: labelWidth }\u0022\u003E\n  \u003Cspan class=\u0022button-expand__icon\u0022\u003E\n    \n\u003Csvg  data-component-id=\u0022front:icon\u0022 class=\u0022icon icon--webinar\u0022\u003E\n  \u003Cuse xlink:href=\u0022\/themes\/custom\/plm\/dist\/assets\/images\/2e871604ef7778ce3dc1.svg#icon-webinar\u0022\u003E\u003C\/use\u003E\n\u003C\/svg\u003E\n  \u003C\/span\u003E\n  \u003Cspan class=\u0022button-expand__label\u0022 x-ref=\u0022label\u0022\u003Ewebinaire\u003C\/span\u003E\n\u003C\/span\u003E\n    \u003C\/div\u003E\n  \u003C\/div\u003E\n \u003Cdiv class=\u0022card-webinaire-catalog__body\u0022\u003E\n    \u003Cdiv class=\u0022text-[1.125em] leading-0 card-title\u0022\u003E\n            \u003Ca class=\u0022card-webinaire-catalog__title\u0022 href=\u0022\/webinaires\/l-immunite-un-enjeu-crucial-pour-la-rentabilite-des-elevages\u0022 target=\u0022_self\u0022  data-campagne=\u0022Webi-ELO_GT_2025-Phibro_encadre\u0022 data-contentId=\u00223103\u0022 rel=\u0022nofollow\u0022 title=\u0022L\u2019immunit\u00e9, un enjeu crucial pour la rentabilit\u00e9 des \u00e9levages\u0022\u003E\n        \n\u003Ch2  data-component-id=\u0022front:title\u0022 class=\u0022title title--small inline\u0022\u003EL\u2019immunit\u00e9, un enjeu crucial pour la rentabilit\u00e9 des \u00e9levages\u003C\/h2\u003E\n      \u003C\/a\u003E\n                \u003C\/div\u003E\n\n    \u003Cdiv class=\u0022card-webinaire-catalog__date-info\u0022\u003E\n            \u003Cdiv class=\u0022card-webinaire-catalog__date\u0022\u003EReplay du\u0026nbsp;19\u0026nbsp;juin\u0026nbsp;2025\u003C\/div\u003E\n                \u003C\/div\u003E\n\n          \u003Cdiv class=\u0022card-webinaire-catalog__organisateur\u0022\u003E\n        Par Phibro Animal Health\n      \u003C\/div\u003E\n    \n      \u003Cdiv class=\u0022card-webinaire-catalog__chapo\u0022\u003E\n        \n              \u003C\/div\u003E\n     \u003C\/div\u003E\n  \u003Cdiv class=\u0022card-webinaire-catalog__sponsor\u0022\u003E\n    Contenu sponsoris\u00e9\n  \u003C\/div\u003E\n\u003C\/article\u003E\n\n\u003Carticle  data-component-id=\u0022front:card-article\u0022 class=\u0022card-article group\u0022\u003E\n  \u003Cdiv class=\u0022card-article__image\u0022\u003E\n      \t\t\t\t\t\t\u003Cimg  data-component-id=\u0022front:image\u0022 class=\u0022w-full h-full object-contain absolute inset-0\u0022 src=\u0022\/sites\/plm-magazine\/files\/styles\/teaser\/public\/2026-02\/02c38d7e-cfe5-4d3a-88a8-257f49615ab6.jpg.webp\u0022 alt=\u0022Cl\u00f4ture virtuelle constitu\u00e9e d\u0026#039;un collier GPS aliment\u00e9 par \u00e9nergie solaire, port\u00e9 par chaque animal.\u0022 title=\u0022B\u00e9atrice Colleu\u0022 loading=\u0022lazy\u0022 width=\u0022480\u0022 height=\u0022320\u0022\u003E          \u003C\/div\u003E\n  \u003Cdiv class=\u0022card-article__body\u0022\u003E\n        \u003Cdiv class=\u0022text-[1.125em] leading-0 card-title\u0022\u003E\n                    \n      \u003Ca class=\u0022card-article__title\u0022 href=\u0022\/actualites\/la-cloture-virtuelle-gallagher-gere-le-paturage-sans-fil-a-derouler\u0022 target=\u0022_self\u0022  title=\u0022La cl\u00f4ture virtuelle Gallagher g\u00e8re le p\u00e2turage sans fil \u00e0 d\u00e9rouler\u0022\u003E\n        \t\n\u003Ch2  data-component-id=\u0022front:title\u0022 class=\u0022title title--small inline\u0022 title=\u0022La cl\u00f4ture virtuelle Gallagher g\u00e8re le p\u00e2turage sans fil \u00e0 d\u00e9rouler\u0022\u003ELa cl\u00f4ture virtuelle Gallagher g\u00e8re le p\u00e2turage sans fil \u00e0 d\u00e9rouler\u003C\/h2\u003E\n      \u003C\/a\u003E\n                \u003C\/div\u003E\n    \n\u003Cdiv  data-component-id=\u0022front:wysiwyg\u0022 class=\u0022wysiwyg wysiwyg--small\u0022\u003EFini, les heures \u00e0 d\u00e9placer le fil de cl\u00f4ture. C\u0027est la promesse de la cl\u00f4ture virtuelle Gallagher, distribu\u00e9e par Digitanimal en France et en\u2026\u003C\/div\u003E\n          \u003Cdiv class=\u0022card-article__meta mbs-auto\u0022\u003E\n        \u003Ctime class=\u0022card-article__date\u0022 datetime=\u00222026-02-18T05:00:00+0100\u0022 x-data x-timestamp=\u00222026-02-18T05:00:00+0100\u0022\u003E18 F\u00e9v 2026\u003C\/time\u003E\n              \u003C\/div\u003E\n      \u003C\/div\u003E\n\u003C\/article\u003E\n\n\u003Carticle  data-component-id=\u0022front:card-article\u0022 class=\u0022card-article group\u0022\u003E\n  \u003Cdiv class=\u0022card-article__image\u0022\u003E\n      \t\t\t\t\t\t\u003Cimg  data-component-id=\u0022front:image\u0022 class=\u0022w-full h-full object-contain absolute inset-0\u0022 src=\u0022\/sites\/plm-magazine\/files\/styles\/teaser\/public\/2026-02\/829651bc-4342-410e-8108-81b11e580043.jpg.webp\u0022 alt=\u0022782347.jpg\u0022 title=\u0022dr\u0022 loading=\u0022lazy\u0022 width=\u0022480\u0022 height=\u0022275\u0022\u003E          \u003C\/div\u003E\n  \u003Cdiv class=\u0022card-article__body\u0022\u003E\n        \u003Cdiv class=\u0022text-[1.125em] leading-0 card-title\u0022\u003E\n                    \n      \u003Ca class=\u0022card-article__title\u0022 href=\u0022\/actualites\/premiere-participation-au-salon-de-l-agriculture-pour-les-maitres-laitiers\u0022 target=\u0022_self\u0022  title=\u0022Premi\u00e8re participation au salon de l\u0026#039;Agriculture pour \u0026quot; Les Maitres Laitiers \u0026quot;\u0022\u003E\n        \t\n\u003Ch2  data-component-id=\u0022front:title\u0022 class=\u0022title title--small inline\u0022 title=\u0022Premi\u00e8re participation au salon de l\u0026#039;Agriculture pour \u0026quot; Les Maitres Laitiers \u0026quot;\u0022\u003EPremi\u00e8re participation au salon de l\u0026#039;Agriculture pour \u0026quot; Les Maitres\u2026\u003C\/h2\u003E\n      \u003C\/a\u003E\n                \u003C\/div\u003E\n    \n\u003Cdiv  data-component-id=\u0022front:wysiwyg\u0022 class=\u0022wysiwyg wysiwyg--small\u0022\u003ELe groupe fond\u00e9 il y a 40 ans par la coop\u00e9rative normande et ind\u00e9pendante \u201cLes Ma\u00eetres Laitiers du Cotentin\u201d, sera pr\u00e9sent pour agir concr\u00e8tement en\u2026\u003C\/div\u003E\n          \u003Cdiv class=\u0022card-article__meta mbs-auto\u0022\u003E\n        \u003Ctime class=\u0022card-article__date\u0022 datetime=\u00222026-02-17T17:09:46+0100\u0022 x-data x-timestamp=\u00222026-02-17T17:09:46+0100\u0022\u003E17 F\u00e9v 2026\u003C\/time\u003E\n              \u003C\/div\u003E\n      \u003C\/div\u003E\n\u003C\/article\u003E\n\n\u003Carticle  data-component-id=\u0022front:card-article\u0022 class=\u0022card-article group\u0022\u003E\n  \u003Cdiv class=\u0022card-article__image\u0022\u003E\n      \t\t\t\t\t\t\u003Cimg  data-component-id=\u0022front:image\u0022 class=\u0022w-full h-full object-contain absolute inset-0\u0022 src=\u0022\/sites\/plm-magazine\/files\/styles\/teaser\/public\/2026-02\/55914584-9716-40fd-96a9-8ef12d61c9ec.jpg.webp\u0022 alt=\u0022781415.jpg\u0022 title=\u0022St\u00e9phane LEITENBERGER - S. Leitenberger - stock.adobe.com - \u00a9 St\u00e9phane Leitenberger, tous droits r\u00e9serv\u00e9s - St\u00e9phane LEITENBERGER\u0022 loading=\u0022lazy\u0022 width=\u0022478\u0022 height=\u0022320\u0022\u003E          \u003C\/div\u003E\n  \u003Cdiv class=\u0022card-article__body\u0022\u003E\n        \u003Cdiv class=\u0022text-[1.125em] leading-0 card-title\u0022\u003E\n                    \n      \u003Ca class=\u0022card-article__title\u0022 href=\u0022\/actualites\/la-technologie-rumimix-vise-a-regenerer-les-sols-et-enrichir-les-fourrages\u0022 target=\u0022_self\u0022  title=\u0022La technologie Rumimix vise \u00e0 r\u00e9g\u00e9n\u00e9rer les sols et enrichir les fourrages\u0022\u003E\n        \t\n\u003Ch2  data-component-id=\u0022front:title\u0022 class=\u0022title title--small inline\u0022 title=\u0022La technologie Rumimix vise \u00e0 r\u00e9g\u00e9n\u00e9rer les sols et enrichir les fourrages\u0022\u003ELa technologie Rumimix vise \u00e0 r\u00e9g\u00e9n\u00e9rer les sols et enrichir les fourrages\u003C\/h2\u003E\n      \u003C\/a\u003E\n                \u003C\/div\u003E\n    \n\u003Cdiv  data-component-id=\u0022front:wysiwyg\u0022 class=\u0022wysiwyg wysiwyg--small\u0022\u003EPour r\u00e9pondre \u00e0 la baisse continue de la valeur nutritionnelle des fourrages, Timac Agro France a lanc\u00e9 Rumimix, une technologie issue de sa d\u00e9marche\u2026\u003C\/div\u003E\n          \u003Cdiv class=\u0022card-article__meta mbs-auto\u0022\u003E\n        \u003Ctime class=\u0022card-article__date\u0022 datetime=\u00222026-02-17T08:03:00+0100\u0022 x-data x-timestamp=\u00222026-02-17T08:03:00+0100\u0022\u003E17 F\u00e9v 2026\u003C\/time\u003E\n              \u003C\/div\u003E\n      \u003C\/div\u003E\n\u003C\/article\u003E\n\n\u003Carticle  data-component-id=\u0022front:card-article\u0022 class=\u0022card-article group\u0022\u003E\n  \u003Cdiv class=\u0022card-article__image\u0022\u003E\n      \t\t\t\t\t\t\u003Cimg  data-component-id=\u0022front:image\u0022 class=\u0022w-full h-full object-contain absolute inset-0\u0022 src=\u0022\/sites\/plm-magazine\/files\/styles\/teaser\/public\/2026-02\/ccc4c778-61ed-4db4-8079-7d559cc6310d.jpg.webp\u0022 alt=\u0022Vaches \u00e0 l\u0026#039;auge\u0022 title=\u0022Marie Defruit\u0022 loading=\u0022lazy\u0022 width=\u0022480\u0022 height=\u0022320\u0022\u003E          \u003C\/div\u003E\n  \u003Cdiv class=\u0022card-article__body\u0022\u003E\n        \u003Cdiv class=\u0022text-[1.125em] leading-0 card-title\u0022\u003E\n                    \n      \u003Ca class=\u0022card-article__title\u0022 href=\u0022\/actualites\/10-points-de-vigilance-apres-la-mise-en-route-du-robot-d-alimentation\u0022 target=\u0022_self\u0022  title=\u002210 points de vigilance, apr\u00e8s la mise en route du robot d\u0026#039;alimentation\u0022\u003E\n        \t\n\u003Ch2  data-component-id=\u0022front:title\u0022 class=\u0022title title--small inline\u0022 title=\u002210 points de vigilance, apr\u00e8s la mise en route du robot d\u0026#039;alimentation\u0022\u003E10 points de vigilance, apr\u00e8s la mise en route du robot d\u0026#039;alimentation\u003C\/h2\u003E\n      \u003C\/a\u003E\n                \u003Cspan class=\u0022inline-flex align-middle\u0022\u003E\n        \n\u003Cspan  data-component-id=\u0022front:icon-padlock\u0022 class=\u0022icon-padlock icon-padlock--t1\u0022\u003E\n  \n\u003Csvg  data-component-id=\u0022front:icon\u0022 class=\u0022icon icon--padlock\u0022\u003E\n  \u003Cuse xlink:href=\u0022\/themes\/custom\/plm\/dist\/assets\/images\/2e871604ef7778ce3dc1.svg#icon-padlock\u0022\u003E\u003C\/use\u003E\n\u003C\/svg\u003E\n\u003C\/span\u003E\n      \u003C\/span\u003E\n          \u003C\/div\u003E\n    \n\u003Cdiv  data-component-id=\u0022front:wysiwyg\u0022 class=\u0022wysiwyg wysiwyg--small\u0022\u003EMarion Fourmont, consultante en conduite de troupeaux automatis\u00e9s, au sein du cabinet-conseil FDS vous donne ses 10 conseils apr\u00e8s la mise en route\u2026\u003C\/div\u003E\n          \u003Cdiv class=\u0022card-article__meta mbs-auto\u0022\u003E\n        \u003Ctime class=\u0022card-article__date\u0022 datetime=\u00222026-02-16T09:32:07+0100\u0022 x-data x-timestamp=\u00222026-02-16T09:32:07+0100\u0022\u003E16 F\u00e9v 2026\u003C\/time\u003E\n              \u003C\/div\u003E\n      \u003C\/div\u003E\n\u003C\/article\u003E\n\n\u003Carticle  data-component-id=\u0022front:card-article\u0022 class=\u0022card-article group\u0022\u003E\n  \u003Cdiv class=\u0022card-article__image\u0022\u003E\n      \t\t\t\t\t\t\u003Cimg  data-component-id=\u0022front:image\u0022 class=\u0022w-full h-full object-contain absolute inset-0\u0022 src=\u0022\/sites\/plm-magazine\/files\/styles\/teaser\/public\/2026-02\/2dbf2e0c-251b-4b0c-921f-517ea5cc69de.jpg.webp\u0022 alt=\u0022780462.jpg\u0022 title=\u0022dr\u0022 loading=\u0022lazy\u0022 width=\u0022480\u0022 height=\u0022319\u0022\u003E          \u003C\/div\u003E\n  \u003Cdiv class=\u0022card-article__body\u0022\u003E\n        \u003Cdiv class=\u0022text-[1.125em] leading-0 card-title\u0022\u003E\n                    \n      \u003Ca class=\u0022card-article__title\u0022 href=\u0022\/actualites\/les-eleveurs-de-sodiaal-mobilises-au-salon-de-l-agriculture\u0022 target=\u0022_self\u0022  title=\u0022Les \u00e9leveurs de Sodiaal mobilis\u00e9s au Salon de l\u0026#039;Agriculture\u0022\u003E\n        \t\n\u003Ch2  data-component-id=\u0022front:title\u0022 class=\u0022title title--small inline\u0022 title=\u0022Les \u00e9leveurs de Sodiaal mobilis\u00e9s au Salon de l\u0026#039;Agriculture\u0022\u003ELes \u00e9leveurs de Sodiaal mobilis\u00e9s au Salon de l\u0026#039;Agriculture\u003C\/h2\u003E\n      \u003C\/a\u003E\n                \u003C\/div\u003E\n    \n\u003Cdiv  data-component-id=\u0022front:wysiwyg\u0022 class=\u0022wysiwyg wysiwyg--small\u0022\u003EDans la continuit\u00e9 de la d\u00e9marche \u0022 OUI au lait de notre coop\u00e9rative \u0022, lanc\u00e9e officiellement en 2026, Sodiaal sera pr\u00e9sent au Salon International de\u2026\u003C\/div\u003E\n          \u003Cdiv class=\u0022card-article__meta mbs-auto\u0022\u003E\n        \u003Ctime class=\u0022card-article__date\u0022 datetime=\u00222026-02-14T11:05:00+0100\u0022 x-data x-timestamp=\u00222026-02-14T11:05:00+0100\u0022\u003E14 F\u00e9v 2026\u003C\/time\u003E\n              \u003C\/div\u003E\n      \u003C\/div\u003E\n\u003C\/article\u003E\n\n\u003Carticle  data-component-id=\u0022front:card-article\u0022 class=\u0022card-article group\u0022\u003E\n  \u003Cdiv class=\u0022card-article__image\u0022\u003E\n      \t\t\t\t\t\t\u003Cimg  data-component-id=\u0022front:image\u0022 class=\u0022w-full h-full object-contain absolute inset-0\u0022 src=\u0022\/sites\/plm-magazine\/files\/styles\/teaser\/public\/2010-01\/4719bc9e-49e1-4c33-938c-fe240a650d0b.jpg.webp\u0022 alt=\u0022Robot d\u0026#039;alimentation earl des belleux\u0022 title=\u0022Marie Defruit\u0022 loading=\u0022lazy\u0022 width=\u0022480\u0022 height=\u0022320\u0022\u003E          \u003Cdiv class=\u0022card-article__tags\u0022\u003E\n                  \u003Cspan class=\u0022card-article__badges\u0022\u003E\n                      \t\t\n\u003Cspan  data-component-id=\u0022front:button-expand\u0022 class=\u0022button-expand button-expand--shadowed transition-within-parent\u0022 x-data=\u0022buttonExpand\u0022 :style=\u0022{ \u0026quot;--button-expand-label-width\u0026quot;: labelWidth }\u0022\u003E\n  \u003Cspan class=\u0022button-expand__icon\u0022\u003E\n    \n\u003Csvg  data-component-id=\u0022front:icon\u0022 class=\u0022icon icon--360\u0022\u003E\n  \u003Cuse xlink:href=\u0022\/themes\/custom\/plm\/dist\/assets\/images\/2e871604ef7778ce3dc1.svg#icon-360\u0022\u003E\u003C\/use\u003E\n\u003C\/svg\u003E\n  \u003C\/span\u003E\n  \u003Cspan class=\u0022button-expand__label\u0022 x-ref=\u0022label\u0022\u003E360\u003C\/span\u003E\n\u003C\/span\u003E\n                \u003C\/span\u003E\n                      \u003C\/div\u003E\n          \u003C\/div\u003E\n  \u003Cdiv class=\u0022card-article__body\u0022\u003E\n        \u003Cdiv class=\u0022text-[1.125em] leading-0 card-title\u0022\u003E\n                    \n      \u003Ca class=\u0022card-article__title\u0022 href=\u0022\/visites-360\/robot-d-alimentation-et-salle-de-traite-roto-visitez-l-earl-des-belleux\u0022 target=\u0022_self\u0022  title=\u0022Robot d\u0026#039;alimentation et salle de traite roto. Visitez l\u0026#039;Earl des Belleux\u0022\u003E\n        \t\n\u003Ch2  data-component-id=\u0022front:title\u0022 class=\u0022title title--small inline\u0022 title=\u0022Robot d\u0026#039;alimentation et salle de traite roto. Visitez l\u0026#039;Earl des Belleux\u0022\u003ERobot d\u0026#039;alimentation et salle de traite roto. Visitez l\u0026#039;Earl des Belleux\u003C\/h2\u003E\n      \u003C\/a\u003E\n                \u003Cspan class=\u0022inline-flex align-middle\u0022\u003E\n        \n\u003Cspan  data-component-id=\u0022front:icon-padlock\u0022 class=\u0022icon-padlock icon-padlock--t1\u0022\u003E\n  \n\u003Csvg  data-component-id=\u0022front:icon\u0022 class=\u0022icon icon--padlock\u0022\u003E\n  \u003Cuse xlink:href=\u0022\/themes\/custom\/plm\/dist\/assets\/images\/2e871604ef7778ce3dc1.svg#icon-padlock\u0022\u003E\u003C\/use\u003E\n\u003C\/svg\u003E\n\u003C\/span\u003E\n      \u003C\/span\u003E\n          \u003C\/div\u003E\n    \n\u003Cdiv  data-component-id=\u0022front:wysiwyg\u0022 class=\u0022wysiwyg wysiwyg--small\u0022\u003EDirection Felleries, pr\u00e8s de la fronti\u00e8re belge, \u00e0 l\u0027Earl des Belleux qui a investi dans un robot d\u0027alimentation. Il est en service depuis 6 mois.\u003C\/div\u003E\n          \u003Cdiv class=\u0022card-article__meta mbs-auto\u0022\u003E\n        \u003Ctime class=\u0022card-article__date\u0022 datetime=\u00222026-02-13T11:32:59+0100\u0022 x-data x-timestamp=\u00222026-02-13T11:32:59+0100\u0022\u003E13 F\u00e9v 2026\u003C\/time\u003E\n              \u003C\/div\u003E\n      \u003C\/div\u003E\n\u003C\/article\u003E\n  \t\t\t\u003Carticle  data-component-id=\u0022front:card-webinaire-catalog\u0022 class=\u0022card-webinaire-catalog group\u0022 data-campagne=\u0022Webi-ELO_GT_2025-Ceva_encadre\u0022 data-contentId=\u00223101\u0022 rel=\u0022nofollow\u0022\u003E\n  \u003Cdiv class=\u0022card-webinaire-catalog__image\u0022\u003E\n      \t\t\t\t\t\t\u003Cimg  data-component-id=\u0022front:image\u0022 class=\u0022w-full h-full object-cover absolute inset-0\u0022 src=\u0022\/sites\/plm-magazine\/files\/2026-04\/EVT-PLM-ELO_Grands_troupeaux_25-Webi_ceva-accroche.jpg\u0022 alt=\u0022Webinaire Ceva\u0022 title=\u0022Webinaire Ceva\u0022 loading=\u0022eager\u0022 width=\u0022510\u0022 height=\u0022340\u0022\u003E          \u003Cdiv class=\u0022card-webinaire-catalog__duree \u0022\u003E\n        00:30:00\n      \u003C\/div\u003E\n        \u003Cdiv class=\u0022card-webinaire-catalog__badges\u0022\u003E\n      \t\t\n\u003Cspan  data-component-id=\u0022front:button-expand\u0022 class=\u0022button-expand button-expand--shadowed transition-within-parent\u0022 x-data=\u0022buttonExpand\u0022 :style=\u0022{ \u0026quot;--button-expand-label-width\u0026quot;: labelWidth }\u0022\u003E\n  \u003Cspan class=\u0022button-expand__icon\u0022\u003E\n    \n\u003Csvg  data-component-id=\u0022front:icon\u0022 class=\u0022icon icon--webinar\u0022\u003E\n  \u003Cuse xlink:href=\u0022\/themes\/custom\/plm\/dist\/assets\/images\/2e871604ef7778ce3dc1.svg#icon-webinar\u0022\u003E\u003C\/use\u003E\n\u003C\/svg\u003E\n  \u003C\/span\u003E\n  \u003Cspan class=\u0022button-expand__label\u0022 x-ref=\u0022label\u0022\u003Ewebinaire\u003C\/span\u003E\n\u003C\/span\u003E\n    \u003C\/div\u003E\n  \u003C\/div\u003E\n \u003Cdiv class=\u0022card-webinaire-catalog__body\u0022\u003E\n    \u003Cdiv class=\u0022text-[1.125em] leading-0 card-title\u0022\u003E\n            \u003Ca class=\u0022card-webinaire-catalog__title\u0022 href=\u0022\/webinaires\/performances-de-reproduction-degradees-c-etait-la-fievre-q\u0022 target=\u0022_self\u0022  data-campagne=\u0022Webi-ELO_GT_2025-Ceva_encadre\u0022 data-contentId=\u00223101\u0022 rel=\u0022nofollow\u0022 title=\u0022Performances de reproduction d\u00e9grad\u00e9es : c\u2019\u00e9tait la fi\u00e8vre Q !\u0022\u003E\n        \n\u003Ch2  data-component-id=\u0022front:title\u0022 class=\u0022title title--small inline\u0022\u003EPerformances de reproduction d\u00e9grad\u00e9es : c\u2019\u00e9tait la fi\u00e8vre Q !\u003C\/h2\u003E\n      \u003C\/a\u003E\n                \u003C\/div\u003E\n\n    \u003Cdiv class=\u0022card-webinaire-catalog__date-info\u0022\u003E\n            \u003Cdiv class=\u0022card-webinaire-catalog__date\u0022\u003EReplay du\u0026nbsp;19\u0026nbsp;juin\u0026nbsp;2025\u003C\/div\u003E\n                \u003C\/div\u003E\n\n          \u003Cdiv class=\u0022card-webinaire-catalog__organisateur\u0022\u003E\n        Par Ceva Sant\u00e9 Animale\n      \u003C\/div\u003E\n    \n      \u003Cdiv class=\u0022card-webinaire-catalog__chapo\u0022\u003E\n        \n              \u003C\/div\u003E\n     \u003C\/div\u003E\n  \u003Cdiv class=\u0022card-webinaire-catalog__sponsor\u0022\u003E\n    Contenu sponsoris\u00e9\n  \u003C\/div\u003E\n\u003C\/article\u003E\n\n\u003Carticle  data-component-id=\u0022front:card-article\u0022 class=\u0022card-article group\u0022\u003E\n  \u003Cdiv class=\u0022card-article__image\u0022\u003E\n      \t\t\t\t\t\t\u003Cimg  data-component-id=\u0022front:image\u0022 class=\u0022w-full h-full object-contain absolute inset-0\u0022 src=\u0022\/sites\/plm-magazine\/files\/styles\/teaser\/public\/2025-12\/df929c91-69e2-4811-a0d4-f88d4e23114b.jpg.webp\u0022 alt=\u0022A gagner, casquettes vintage PLM, livrets \u0026quot; J\u0026#039;am\u00e9liore la conduite de mon troupeau avec Martin Moos \u0026quot;, et un livre \u0026quot;Signes de vaches\u0026quot; \u00e0 gagner, pour\u0022 title=\u0022B\u00e9atrice Colleu\u0022 loading=\u0022lazy\u0022 width=\u0022480\u0022 height=\u0022270\u0022\u003E          \u003C\/div\u003E\n  \u003Cdiv class=\u0022card-article__body\u0022\u003E\n        \u003Cdiv class=\u0022text-[1.125em] leading-0 card-title\u0022\u003E\n                    \n      \u003Ca class=\u0022card-article__title\u0022 href=\u0022\/quiz-et-jeux\/voici-les-gagnants-du-concours-noms-de-vaches-2026-avec-plm\u0022 target=\u0022_self\u0022  title=\u0022Voici les gagnants du concours noms de vaches 2026 avec PLM\u0022\u003E\n        \t\n\u003Ch2  data-component-id=\u0022front:title\u0022 class=\u0022title title--small inline\u0022 title=\u0022Voici les gagnants du concours noms de vaches 2026 avec PLM\u0022\u003EVoici les gagnants du concours noms de vaches 2026 avec PLM\u003C\/h2\u003E\n      \u003C\/a\u003E\n                \u003C\/div\u003E\n    \n\u003Cdiv  data-component-id=\u0022front:wysiwyg\u0022 class=\u0022wysiwyg wysiwyg--small\u0022\u003EPlus de 200 noms de vaches en B propos\u00e9s pour notre mini-concours de fin d\u0027ann\u00e9e...Avec de l\u0027originalit\u00e9. Voici les coups de c\u0153ur de la r\u00e9daction PLM\u2026\u003C\/div\u003E\n          \u003Cdiv class=\u0022card-article__meta mbs-auto\u0022\u003E\n        \u003Ctime class=\u0022card-article__date\u0022 datetime=\u00222026-02-11T06:25:00+0100\u0022 x-data x-timestamp=\u00222026-02-11T06:25:00+0100\u0022\u003E11 F\u00e9v 2026\u003C\/time\u003E\n              \u003C\/div\u003E\n      \u003C\/div\u003E\n\u003C\/article\u003E\n  \t\t\t\u003Carticle  data-component-id=\u0022front:card-webinaire-catalog\u0022 class=\u0022card-webinaire-catalog group\u0022 data-campagne=\u0022Webi-ELO_GT_2026-Trouw_nutrition_encadre\u0022 data-contentId=\u00223123\u0022 rel=\u0022nofollow\u0022\u003E\n  \u003Cdiv class=\u0022card-webinaire-catalog__image\u0022\u003E\n      \t\t\t\t\t\t\u003Cimg  data-component-id=\u0022front:image\u0022 class=\u0022w-full h-full object-cover absolute inset-0\u0022 src=\u0022\/sites\/plm-magazine\/files\/2026-04\/EVT-PLM-ELO_Grands_troupeaux_26-Webi_trouw-nutrition-accroche.jpg\u0022 alt=\u0022Alimentation des veaux\u00a0: et si on faisait fausse route\u00a0?\u0022 title=\u0022Alimentation des veaux\u00a0: et si on faisait fausse route\u00a0?\u0022 loading=\u0022eager\u0022 width=\u0022510\u0022 height=\u0022340\u0022\u003E          \u003Cdiv class=\u0022card-webinaire-catalog__duree \u0022\u003E\n        00:30:00\n      \u003C\/div\u003E\n        \u003Cdiv class=\u0022card-webinaire-catalog__badges\u0022\u003E\n      \t\t\n\u003Cspan  data-component-id=\u0022front:button-expand\u0022 class=\u0022button-expand button-expand--shadowed transition-within-parent\u0022 x-data=\u0022buttonExpand\u0022 :style=\u0022{ \u0026quot;--button-expand-label-width\u0026quot;: labelWidth }\u0022\u003E\n  \u003Cspan class=\u0022button-expand__icon\u0022\u003E\n    \n\u003Csvg  data-component-id=\u0022front:icon\u0022 class=\u0022icon icon--webinar\u0022\u003E\n  \u003Cuse xlink:href=\u0022\/themes\/custom\/plm\/dist\/assets\/images\/2e871604ef7778ce3dc1.svg#icon-webinar\u0022\u003E\u003C\/use\u003E\n\u003C\/svg\u003E\n  \u003C\/span\u003E\n  \u003Cspan class=\u0022button-expand__label\u0022 x-ref=\u0022label\u0022\u003Ewebinaire\u003C\/span\u003E\n\u003C\/span\u003E\n    \u003C\/div\u003E\n  \u003C\/div\u003E\n \u003Cdiv class=\u0022card-webinaire-catalog__body\u0022\u003E\n    \u003Cdiv class=\u0022text-[1.125em] leading-0 card-title\u0022\u003E\n            \u003Ca class=\u0022card-webinaire-catalog__title\u0022 href=\u0022\/webinaires\/alimentation-des-veaux-et-si-faisait-fausse-route\u0022 target=\u0022_self\u0022  data-campagne=\u0022Webi-ELO_GT_2026-Trouw_nutrition_encadre\u0022 data-contentId=\u00223123\u0022 rel=\u0022nofollow\u0022 title=\u0022Alimentation des veaux\u00a0: et si on faisait fausse route ?\u0022\u003E\n        \n\u003Ch2  data-component-id=\u0022front:title\u0022 class=\u0022title title--small inline\u0022\u003EAlimentation des veaux\u00a0: et si on faisait fausse route ?\u003C\/h2\u003E\n      \u003C\/a\u003E\n                \u003C\/div\u003E\n\n    \u003Cdiv class=\u0022card-webinaire-catalog__date-info\u0022\u003E\n            \u003Cdiv class=\u0022card-webinaire-catalog__date\u0022\u003EMardi\u0026nbsp;16\u0026nbsp;juin\u0026nbsp;2026\u003C\/div\u003E\n              \u003Cdiv class=\u0022card-webinaire-catalog__plage-horaire flex items-center gap-2\u0022\u003E\n        \u003Cspan class=\u0022inline-flex text-xl\u0022\u003E\n         \u003Csvg xmlns=\u0022http:\/\/www.w3.org\/2000\/svg\u0022 width=\u002217\u0022 height=\u002217\u0022 viewBox=\u00220 0 17 17\u0022 fill=\u0022none\u0022\u003E\n          \u003Cpath d=\u0022M8.13806 0.100098C12.5773 0.100242 16.1761 3.69895 16.1761 8.13818C16.176 12.5774 12.5772 16.1761 8.13806 16.1763C3.69883 16.1762 0.10012 12.5774 0.0999756 8.13818C0.100044 3.6989 3.69878 0.100167 8.13806 0.100098ZM8.13806 1.6001C4.52721 1.60017 1.60004 4.52733 1.59998 8.13818C1.60012 11.749 4.52725 14.6762 8.13806 14.6763C11.7488 14.6761 14.676 11.7489 14.6761 8.13818C14.6761 4.52738 11.7489 1.60024 8.13806 1.6001ZM8.13806 3.01514C8.55217 3.01526 8.88806 3.351 8.88806 3.76514V7.38818H12.5111C12.9252 7.38837 13.2611 7.72409 13.2611 8.13818C13.261 8.55216 12.9251 8.88799 12.5111 8.88818H8.13806C7.72394 8.88818 7.38821 8.55227 7.38806 8.13818V3.76514C7.38806 3.35092 7.72385 3.01514 8.13806 3.01514Z\u0022 fill=\u0022black\u0022\/\u003E\n          \u003Cpath d=\u0022M8.13806 0.100098L8.13806 9.76548e-05H8.13806L8.13806 0.100098ZM16.1761 8.13818L16.2761 8.13819V8.13818L16.1761 8.13818ZM8.13806 16.1763L8.13806 16.2763H8.13806L8.13806 16.1763ZM0.0999756 8.13818L-2.44156e-05 8.13818V8.13819L0.0999756 8.13818ZM8.13806 1.6001L8.13807 1.5001H8.13806L8.13806 1.6001ZM1.59998 8.13818L1.49998 8.13818V8.13819L1.59998 8.13818ZM8.13806 14.6763L8.13806 14.7763H8.13807L8.13806 14.6763ZM14.6761 8.13818L14.7761 8.13819V8.13818L14.6761 8.13818ZM8.13806 3.01514L8.13809 2.91514H8.13806V3.01514ZM8.88806 3.76514H8.98806V3.76514H8.88806ZM8.88806 7.38818H8.78806C8.78806 7.44341 8.83283 7.48818 8.88806 7.48818V7.38818ZM12.5111 7.38818L12.5112 7.28818H12.5111V7.38818ZM13.2611 8.13818L13.3611 8.13822V8.13818H13.2611ZM12.5111 8.88818V8.98818H12.5112L12.5111 8.88818ZM8.13806 8.88818V8.78818V8.88818ZM7.38806 8.13818H7.28806V8.13822L7.38806 8.13818ZM7.38806 3.76514H7.48806V3.76514H7.38806ZM8.13806 0.100098L8.13806 0.200098C12.5221 0.20024 16.0761 3.75418 16.0761 8.13819L16.1761 8.13818L16.2761 8.13818C16.2761 3.64372 12.6325 0.000244059 8.13806 9.76548e-05L8.13806 0.100098ZM16.1761 8.13818L16.0761 8.13818C16.076 12.5221 12.522 16.0761 8.13806 16.0763L8.13806 16.1763L8.13806 16.2763C12.6325 16.2761 16.276 12.6326 16.2761 8.13819L16.1761 8.13818ZM8.13806 16.1763L8.13806 16.0763C3.75406 16.0762 0.200118 12.5222 0.199976 8.13818L0.0999756 8.13818L-2.44156e-05 8.13819C0.000121988 12.6326 3.6436 16.2762 8.13806 16.2763L8.13806 16.1763ZM0.0999756 8.13818L0.199976 8.13819C0.200044 3.75413 3.75401 0.200166 8.13806 0.200098L8.13806 0.100098L8.13806 9.76548e-05C3.64355 0.000167377 4.53144e-05 3.64367 -2.44156e-05 8.13818L0.0999756 8.13818ZM8.13806 1.6001L8.13806 1.5001C4.47198 1.50017 1.50005 4.4721 1.49998 8.13818L1.59998 8.13818L1.69998 8.13819C1.70004 4.58256 4.58244 1.70017 8.13806 1.7001L8.13806 1.6001ZM1.59998 8.13818L1.49998 8.13819C1.50012 11.8042 4.47202 14.7762 8.13806 14.7763L8.13806 14.6763L8.13806 14.5763C4.58248 14.5762 1.70012 11.6937 1.69998 8.13818L1.59998 8.13818ZM8.13806 14.6763L8.13807 14.7763C11.804 14.7761 14.776 11.8042 14.7761 8.13819L14.6761 8.13818L14.5761 8.13818C14.576 11.6937 11.6936 14.5761 8.13806 14.5763L8.13806 14.6763ZM14.6761 8.13818L14.7761 8.13818C14.7761 4.47214 11.8041 1.50024 8.13807 1.5001L8.13806 1.6001L8.13806 1.7001C11.6936 1.70024 14.5761 4.58261 14.5761 8.13819L14.6761 8.13818ZM8.13806 3.01514L8.13803 3.11514C8.49696 3.11525 8.78806 3.40626 8.78806 3.76514H8.88806H8.98806C8.98806 3.29574 8.60737 2.91528 8.13809 2.91514L8.13806 3.01514ZM8.88806 3.76514H8.78806V7.38818H8.88806H8.98806V3.76514H8.88806ZM8.88806 7.38818V7.48818H12.5111V7.38818V7.28818H8.88806V7.38818ZM12.5111 7.38818L12.5111 7.48818C12.87 7.48835 13.1611 7.77936 13.1611 8.13818H13.2611H13.3611C13.3611 7.66881 12.9804 7.2884 12.5112 7.28818L12.5111 7.38818ZM13.2611 8.13818L13.1611 8.13815C13.161 8.49691 12.8698 8.78802 12.5111 8.78818L12.5111 8.88818L12.5112 8.98818C12.9803 8.98797 13.3609 8.6074 13.3611 8.13822L13.2611 8.13818ZM12.5111 8.88818V8.78818H8.13806V8.88818V8.98818H12.5111V8.88818ZM8.13806 8.88818V8.78818C7.7792 8.78818 7.48819 8.49707 7.48806 8.13815L7.38806 8.13818L7.28806 8.13822C7.28823 8.60747 7.66867 8.98818 8.13806 8.98818V8.88818ZM7.38806 8.13818H7.48806V3.76514H7.38806H7.28806V8.13818H7.38806ZM7.38806 3.76514H7.48806C7.48806 3.40615 7.77908 3.11514 8.13806 3.11514V3.01514V2.91514C7.66862 2.91514 7.28806 3.29569 7.28806 3.76514H7.38806Z\u0022 fill=\u0022black\u0022\/\u003E\n          \u003C\/svg\u003E\n        \u003C\/span\u003E\n          \u003Cspan class=\u0022\u0022\u003E15:00 - 15:30\u003C\/span\u003E\n        \u003C\/div\u003E\n                \u003C\/div\u003E\n\n          \u003Cdiv class=\u0022card-webinaire-catalog__organisateur\u0022\u003E\n        Par Trouw Nutrition\n      \u003C\/div\u003E\n    \n      \u003Cdiv class=\u0022card-webinaire-catalog__chapo\u0022\u003E\n        \n              \u003C\/div\u003E\n     \u003C\/div\u003E\n  \u003Cdiv class=\u0022card-webinaire-catalog__sponsor\u0022\u003E\n    Contenu sponsoris\u00e9\n  \u003C\/div\u003E\n\u003C\/article\u003E\n\n\u003Carticle  data-component-id=\u0022front:card-article\u0022 class=\u0022card-article group\u0022\u003E\n  \u003Cdiv class=\u0022card-article__image\u0022\u003E\n      \t\t\t\t\t\t\u003Cimg  data-component-id=\u0022front:image\u0022 class=\u0022w-full h-full object-contain absolute inset-0\u0022 src=\u0022\/sites\/plm-magazine\/files\/styles\/teaser\/public\/2026-02\/06145c6d-3364-49b9-acb0-6bdaee113bfa.jpg.webp\u0022 alt=\u0022Noms de vaches 2026\u0022 title=\u0022B\u00e9atrice Colleu\u0022 loading=\u0022lazy\u0022 width=\u0022466\u0022 height=\u0022320\u0022\u003E          \u003C\/div\u003E\n  \u003Cdiv class=\u0022card-article__body\u0022\u003E\n        \u003Cdiv class=\u0022text-[1.125em] leading-0 card-title\u0022\u003E\n                    \n      \u003Ca class=\u0022card-article__title\u0022 href=\u0022\/a-telecharger\/noms-de-vaches-en-b-la-liste-actualisee-pour-2026\u0022 target=\u0022_self\u0022  title=\u0022Noms de vaches en B. La liste actualis\u00e9e pour 2026\u0022\u003E\n        \t\n\u003Ch2  data-component-id=\u0022front:title\u0022 class=\u0022title title--small inline\u0022 title=\u0022Noms de vaches en B. La liste actualis\u00e9e pour 2026\u0022\u003ENoms de vaches en B. La liste actualis\u00e9e pour 2026\u003C\/h2\u003E\n      \u003C\/a\u003E\n                \u003C\/div\u003E\n    \n\u003Cdiv  data-component-id=\u0022front:wysiwyg\u0022 class=\u0022wysiwyg wysiwyg--small\u0022\u003EVous avez et nombreux \u00e0 faire des propositions de noms de vaches pour 2026. Notre concours sur Facebook a rencontr\u00e9 un franc succ\u00e8s. Vos propositions\u2026\u003C\/div\u003E\n          \u003Cdiv class=\u0022card-article__meta mbs-auto\u0022\u003E\n        \u003Ctime class=\u0022card-article__date\u0022 datetime=\u00222026-02-10T11:30:00+0100\u0022 x-data x-timestamp=\u00222026-02-10T11:30:00+0100\u0022\u003E10 F\u00e9v 2026\u003C\/time\u003E\n              \u003C\/div\u003E\n      \u003C\/div\u003E\n\u003C\/article\u003E\n\n\u003Carticle  data-component-id=\u0022front:card-article\u0022 class=\u0022card-article group\u0022\u003E\n  \u003Cdiv class=\u0022card-article__image\u0022\u003E\n      \t\t\t\t\t\t\u003Cimg  data-component-id=\u0022front:image\u0022 class=\u0022w-full h-full object-contain absolute inset-0\u0022 src=\u0022\/sites\/plm-magazine\/files\/styles\/teaser\/public\/2026-02\/497f9fed-09c6-4777-b6a6-479beeb4964e.jpg.webp\u0022 alt=\u0022Les piliers de l\u0026#039;inflammation par Boehringer Ingelheim\u0022 title=\u0022Boehringer Ingelheim\u0022 loading=\u0022lazy\u0022 width=\u0022480\u0022 height=\u0022305\u0022\u003E          \u003Cdiv class=\u0022card-article__tags\u0022\u003E\n                  \u003Cspan class=\u0022card-article__badges\u0022\u003E\n                      \t\t\n\u003Cspan  data-component-id=\u0022front:button-expand\u0022 class=\u0022button-expand button-expand--shadowed transition-within-parent\u0022 x-data=\u0022buttonExpand\u0022 :style=\u0022{ \u0026quot;--button-expand-label-width\u0026quot;: labelWidth }\u0022\u003E\n  \u003Cspan class=\u0022button-expand__icon\u0022\u003E\n    \n\u003Csvg  data-component-id=\u0022front:icon\u0022 class=\u0022icon icon--download\u0022\u003E\n  \u003Cuse xlink:href=\u0022\/themes\/custom\/plm\/dist\/assets\/images\/2e871604ef7778ce3dc1.svg#icon-download\u0022\u003E\u003C\/use\u003E\n\u003C\/svg\u003E\n  \u003C\/span\u003E\n  \u003Cspan class=\u0022button-expand__label\u0022 x-ref=\u0022label\u0022\u003ET\u00e9l\u00e9chargement\u003C\/span\u003E\n\u003C\/span\u003E\n                \u003C\/span\u003E\n                      \u003C\/div\u003E\n          \u003C\/div\u003E\n  \u003Cdiv class=\u0022card-article__body\u0022\u003E\n        \u003Cdiv class=\u0022text-[1.125em] leading-0 card-title\u0022\u003E\n                    \n      \u003Ca class=\u0022card-article__title\u0022 href=\u0022\/a-telecharger\/trois-fiches-pratiques-sur-la-prise-en-charge-de-la-douleur-en-elevage-bovin\u0022 target=\u0022_self\u0022  title=\u0022Trois fiches pratiques sur la prise en charge de la douleur en \u00e9levage bovin\u0022\u003E\n        \t\n\u003Ch2  data-component-id=\u0022front:title\u0022 class=\u0022title title--small inline\u0022 title=\u0022Trois fiches pratiques sur la prise en charge de la douleur en \u00e9levage bovin\u0022\u003ETrois fiches pratiques sur la prise en charge de la douleur en \u00e9levage\u2026\u003C\/h2\u003E\n      \u003C\/a\u003E\n                \u003C\/div\u003E\n    \n\u003Cdiv  data-component-id=\u0022front:wysiwyg\u0022 class=\u0022wysiwyg wysiwyg--small\u0022\u003E\u00c9cornage, mammite, v\u00ealage assist\u00e9\u2026 Dans ces situations d\u00e9licates, la prise en charge de la douleur apporte des bienfaits. Boehringer Ingelheim\u2026\u003C\/div\u003E\n          \u003Cdiv class=\u0022card-article__meta mbs-auto\u0022\u003E\n        \u003Ctime class=\u0022card-article__date\u0022 datetime=\u00222026-02-09T09:48:00+0100\u0022 x-data x-timestamp=\u00222026-02-09T09:48:00+0100\u0022\u003E09 F\u00e9v 2026\u003C\/time\u003E\n              \u003C\/div\u003E\n      \u003C\/div\u003E\n\u003C\/article\u003E\n\n\u003Carticle  data-component-id=\u0022front:card-article\u0022 class=\u0022card-article group\u0022\u003E\n  \u003Cdiv class=\u0022card-article__image\u0022\u003E\n      \t\t\t\t\t\t\u003Cimg  data-component-id=\u0022front:image\u0022 class=\u0022w-full h-full object-contain absolute inset-0\u0022 src=\u0022\/sites\/plm-magazine\/files\/styles\/teaser\/public\/2026-02\/3f90f042-b93e-4a4c-8bbb-7330340185de.jpg.webp\u0022 alt=\u0022Maxime Louguet pr\u00e9l\u00e8ve des \u00e9chantillons \u00e0 plusieurs points du front d\u0026#039;attaque.\u0022 title=\u0022Marie Defruit\u0022 loading=\u0022lazy\u0022 width=\u0022408\u0022 height=\u0022320\u0022\u003E          \u003Cdiv class=\u0022card-article__tags\u0022\u003E\n                  \u003Cspan class=\u0022card-article__badges\u0022\u003E\n                      \t\t\n\u003Cspan  data-component-id=\u0022front:button-expand\u0022 class=\u0022button-expand button-expand--shadowed transition-within-parent\u0022 x-data=\u0022buttonExpand\u0022 :style=\u0022{ \u0026quot;--button-expand-label-width\u0026quot;: labelWidth }\u0022\u003E\n  \u003Cspan class=\u0022button-expand__icon\u0022\u003E\n    \n\u003Csvg  data-component-id=\u0022front:icon\u0022 class=\u0022icon icon--slideshow\u0022\u003E\n  \u003Cuse xlink:href=\u0022\/themes\/custom\/plm\/dist\/assets\/images\/2e871604ef7778ce3dc1.svg#icon-slideshow\u0022\u003E\u003C\/use\u003E\n\u003C\/svg\u003E\n  \u003C\/span\u003E\n  \u003Cspan class=\u0022button-expand__label\u0022 x-ref=\u0022label\u0022\u003EDiaporama\u003C\/span\u003E\n\u003C\/span\u003E\n                \u003C\/span\u003E\n                      \u003C\/div\u003E\n          \u003C\/div\u003E\n  \u003Cdiv class=\u0022card-article__body\u0022\u003E\n        \u003Cdiv class=\u0022text-[1.125em] leading-0 card-title\u0022\u003E\n                    \n      \u003Ca class=\u0022card-article__title\u0022 href=\u0022\/de-photos\/tuto-comment-estimer-la-ms-de-vos-fourrages-a-la-maison\u0022 target=\u0022_self\u0022  title=\u0022Tuto : Comment estimer la MS de vos fourrages \u00e0 la maison ?\u0022\u003E\n        \t\n\u003Ch2  data-component-id=\u0022front:title\u0022 class=\u0022title title--small inline\u0022 title=\u0022Tuto : Comment estimer la MS de vos fourrages \u00e0 la maison ?\u0022\u003ETuto : Comment estimer la MS de vos fourrages \u00e0 la maison ?\u003C\/h2\u003E\n      \u003C\/a\u003E\n                \u003Cspan class=\u0022inline-flex align-middle\u0022\u003E\n        \n\u003Cspan  data-component-id=\u0022front:icon-padlock\u0022 class=\u0022icon-padlock icon-padlock--t1\u0022\u003E\n  \n\u003Csvg  data-component-id=\u0022front:icon\u0022 class=\u0022icon icon--padlock\u0022\u003E\n  \u003Cuse xlink:href=\u0022\/themes\/custom\/plm\/dist\/assets\/images\/2e871604ef7778ce3dc1.svg#icon-padlock\u0022\u003E\u003C\/use\u003E\n\u003C\/svg\u003E\n\u003C\/span\u003E\n      \u003C\/span\u003E\n          \u003C\/div\u003E\n    \n\u003Cdiv  data-component-id=\u0022front:wysiwyg\u0022 class=\u0022wysiwyg wysiwyg--small\u0022\u003EEstimer le taux de mati\u00e8re s\u00e8che (MS) de vos fourrages c\u2019est possible et c\u2019est facile. Dans ce tuto, d\u00e9couvrez comment Maxime Louguet, de l\u2019Earl des\u2026\u003C\/div\u003E\n          \u003Cdiv class=\u0022card-article__meta mbs-auto\u0022\u003E\n        \u003Ctime class=\u0022card-article__date\u0022 datetime=\u00222026-02-09T08:15:00+0100\u0022 x-data x-timestamp=\u00222026-02-09T08:15:00+0100\u0022\u003E09 F\u00e9v 2026\u003C\/time\u003E\n              \u003C\/div\u003E\n      \u003C\/div\u003E\n\u003C\/article\u003E\n\n\u003Carticle  data-component-id=\u0022front:card-article\u0022 class=\u0022card-article group\u0022\u003E\n  \u003Cdiv class=\u0022card-article__image\u0022\u003E\n      \t\t\t\t\t\t\u003Cimg  data-component-id=\u0022front:image\u0022 class=\u0022w-full h-full object-contain absolute inset-0\u0022 src=\u0022\/sites\/plm-magazine\/files\/styles\/teaser\/public\/2026-02\/9f98663e-aafc-4f72-90cc-fa3794120d95.jpg.webp\u0022 alt=\u0022777929.jpg\u0022 title=\u0022Axema\u0022 loading=\u0022lazy\u0022 width=\u0022480\u0022 height=\u0022315\u0022\u003E          \u003C\/div\u003E\n  \u003Cdiv class=\u0022card-article__body\u0022\u003E\n        \u003Cdiv class=\u0022text-[1.125em] leading-0 card-title\u0022\u003E\n                    \n      \u003Ca class=\u0022card-article__title\u0022 href=\u0022\/actualites\/baisse-de-15-des-immatriculations-de-tracteurs-chargeurs-compris-en-2025\u0022 target=\u0022_self\u0022  title=\u0022Baisse de 15% des immatriculations de tracteurs, chargeurs compris en 2025\u0022\u003E\n        \t\n\u003Ch2  data-component-id=\u0022front:title\u0022 class=\u0022title title--small inline\u0022 title=\u0022Baisse de 15% des immatriculations de tracteurs, chargeurs compris en 2025\u0022\u003EBaisse de 15% des immatriculations de tracteurs, chargeurs compris en 2025\u003C\/h2\u003E\n      \u003C\/a\u003E\n                \u003C\/div\u003E\n    \n\u003Cdiv  data-component-id=\u0022front:wysiwyg\u0022 class=\u0022wysiwyg wysiwyg--small\u0022\u003E\u0022Les premi\u00e8res immatriculations de tracteurs (y compris chargeurs t\u00e9lescopiques) reculent de -15% en 2025 par rapport \u00e0 2024, soit le plus bas niveau\u2026\u003C\/div\u003E\n          \u003Cdiv class=\u0022card-article__meta mbs-auto\u0022\u003E\n        \u003Ctime class=\u0022card-article__date\u0022 datetime=\u00222026-02-07T09:20:00+0100\u0022 x-data x-timestamp=\u00222026-02-07T09:20:00+0100\u0022\u003E07 F\u00e9v 2026\u003C\/time\u003E\n              \u003C\/div\u003E\n      \u003C\/div\u003E\n\u003C\/article\u003E\n  \t\t\t\u003Carticle  data-component-id=\u0022front:card-webinaire-catalog\u0022 class=\u0022card-webinaire-catalog group\u0022 data-campagne=\u0022Webi-ELO_SN_2025-Novus_encadre\u0022 data-contentId=\u00223090\u0022 rel=\u0022nofollow\u0022\u003E\n  \u003Cdiv class=\u0022card-webinaire-catalog__image\u0022\u003E\n      \t\t\t\t\t\t\u003Cimg  data-component-id=\u0022front:image\u0022 class=\u0022w-full h-full object-cover absolute inset-0\u0022 src=\u0022\/sites\/plm-magazine\/files\/2026-04\/EVT-EP-ELO_Sante_Nutrition_25-Webi_Novus-accroche.jpg\u0022 alt=\u0022Webinaire Novus\u0022 title=\u0022Webinaire Novus\u0022 loading=\u0022eager\u0022 width=\u0022510\u0022 height=\u0022340\u0022\u003E          \u003Cdiv class=\u0022card-webinaire-catalog__duree \u0022\u003E\n        00:30:00\n      \u003C\/div\u003E\n        \u003Cdiv class=\u0022card-webinaire-catalog__badges\u0022\u003E\n      \t\t\n\u003Cspan  data-component-id=\u0022front:button-expand\u0022 class=\u0022button-expand button-expand--shadowed transition-within-parent\u0022 x-data=\u0022buttonExpand\u0022 :style=\u0022{ \u0026quot;--button-expand-label-width\u0026quot;: labelWidth }\u0022\u003E\n  \u003Cspan class=\u0022button-expand__icon\u0022\u003E\n    \n\u003Csvg  data-component-id=\u0022front:icon\u0022 class=\u0022icon icon--webinar\u0022\u003E\n  \u003Cuse xlink:href=\u0022\/themes\/custom\/plm\/dist\/assets\/images\/2e871604ef7778ce3dc1.svg#icon-webinar\u0022\u003E\u003C\/use\u003E\n\u003C\/svg\u003E\n  \u003C\/span\u003E\n  \u003Cspan class=\u0022button-expand__label\u0022 x-ref=\u0022label\u0022\u003Ewebinaire\u003C\/span\u003E\n\u003C\/span\u003E\n    \u003C\/div\u003E\n  \u003C\/div\u003E\n \u003Cdiv class=\u0022card-webinaire-catalog__body\u0022\u003E\n    \u003Cdiv class=\u0022text-[1.125em] leading-0 card-title\u0022\u003E\n            \u003Ca class=\u0022card-webinaire-catalog__title\u0022 href=\u0022\/webinaires\/management-des-boiteries-par-la-micronutrition-et-la-conduite-d-elevage\u0022 target=\u0022_self\u0022  data-campagne=\u0022Webi-ELO_SN_2025-Novus_encadre\u0022 data-contentId=\u00223090\u0022 rel=\u0022nofollow\u0022 title=\u0022Management des boiteries par la micronutrition et la conduite d\u0026#039;\u00e9levage\u0022\u003E\n        \n\u003Ch2  data-component-id=\u0022front:title\u0022 class=\u0022title title--small inline\u0022\u003EManagement des boiteries par la micronutrition et la conduite d\u0026#039;\u00e9levage\u003C\/h2\u003E\n      \u003C\/a\u003E\n                \u003C\/div\u003E\n\n    \u003Cdiv class=\u0022card-webinaire-catalog__date-info\u0022\u003E\n            \u003Cdiv class=\u0022card-webinaire-catalog__date\u0022\u003EReplay du\u0026nbsp;09\u0026nbsp;d\u00e9cembre\u0026nbsp;2025\u003C\/div\u003E\n                \u003C\/div\u003E\n\n          \u003Cdiv class=\u0022card-webinaire-catalog__organisateur\u0022\u003E\n        Par Novus\n      \u003C\/div\u003E\n    \n      \u003Cdiv class=\u0022card-webinaire-catalog__chapo\u0022\u003E\n        \n              \u003C\/div\u003E\n     \u003C\/div\u003E\n  \u003Cdiv class=\u0022card-webinaire-catalog__sponsor\u0022\u003E\n    Contenu sponsoris\u00e9\n  \u003C\/div\u003E\n\u003C\/article\u003E\n\n\u003Carticle  data-component-id=\u0022front:card-article\u0022 class=\u0022card-article group\u0022\u003E\n  \u003Cdiv class=\u0022card-article__image\u0022\u003E\n      \t\t\t\t\t\t\u003Cimg  data-component-id=\u0022front:image\u0022 class=\u0022w-full h-full object-contain absolute inset-0\u0022 src=\u0022\/sites\/plm-magazine\/files\/styles\/teaser\/public\/2026-02\/01fac628-14e2-4592-a001-3b23e09dc5f5.jpg.webp\u0022 alt=\u0022Moza\u00eb iOtee\u0022 title=\u0022iOtee\u0022 loading=\u0022lazy\u0022 width=\u0022480\u0022 height=\u0022312\u0022\u003E          \u003C\/div\u003E\n  \u003Cdiv class=\u0022card-article__body\u0022\u003E\n        \u003Cdiv class=\u0022text-[1.125em] leading-0 card-title\u0022\u003E\n                    \n      \u003Ca class=\u0022card-article__title\u0022 href=\u0022\/actualites\/monitoring-connecte-une-quarantaine-de-dates-pour-decouvrir-la-solution-mozae\u0022 target=\u0022_self\u0022  title=\u0022Monitoring connect\u00e9 : une quarantaine de dates, pour d\u00e9couvrir la solution Moza\u00eb\u0022\u003E\n        \t\n\u003Ch2  data-component-id=\u0022front:title\u0022 class=\u0022title title--small inline\u0022 title=\u0022Monitoring connect\u00e9 : une quarantaine de dates, pour d\u00e9couvrir la solution Moza\u00eb\u0022\u003EMonitoring connect\u00e9 : une quarantaine de dates, pour d\u00e9couvrir la solution\u2026\u003C\/h2\u003E\n      \u003C\/a\u003E\n                \u003C\/div\u003E\n    \n\u003Cdiv  data-component-id=\u0022front:wysiwyg\u0022 class=\u0022wysiwyg wysiwyg--small\u0022\u003EiOtee annonce le lancement du Moza\u00eb Tour\u00a02026, une s\u00e9rie de rencontres organis\u00e9es dans des \u00e9levages laitiers et allaitants \u00e9quip\u00e9s du syst\u00e8me de\u2026\u003C\/div\u003E\n          \u003Cdiv class=\u0022card-article__meta mbs-auto\u0022\u003E\n        \u003Ctime class=\u0022card-article__date\u0022 datetime=\u00222026-02-06T17:29:00+0100\u0022 x-data x-timestamp=\u00222026-02-06T17:29:00+0100\u0022\u003E06 F\u00e9v 2026\u003C\/time\u003E\n              \u003C\/div\u003E\n      \u003C\/div\u003E\n\u003C\/article\u003E\n  \t\t\t\u003Carticle  data-component-id=\u0022front:card-webinaire-catalog\u0022 class=\u0022card-webinaire-catalog group\u0022 data-campagne=\u0022Webi-ELO_SN_2025-Seenovia_encadre\u0022 data-contentId=\u00223092\u0022 rel=\u0022nofollow\u0022\u003E\n  \u003Cdiv class=\u0022card-webinaire-catalog__image\u0022\u003E\n      \t\t\t\t\t\t\u003Cimg  data-component-id=\u0022front:image\u0022 class=\u0022w-full h-full object-cover absolute inset-0\u0022 src=\u0022\/sites\/plm-magazine\/files\/2026-04\/EVT-EP-ELO_Sante_Nutrition_25-Webi_seenovia-accroche.jpg\u0022 alt=\u0022Webinaire Seenovia\u0022 title=\u0022Webinaire Seenovia\u0022 loading=\u0022eager\u0022 width=\u0022510\u0022 height=\u0022340\u0022\u003E          \u003Cdiv class=\u0022card-webinaire-catalog__duree \u0022\u003E\n        00:30:00\n      \u003C\/div\u003E\n        \u003Cdiv class=\u0022card-webinaire-catalog__badges\u0022\u003E\n      \t\t\n\u003Cspan  data-component-id=\u0022front:button-expand\u0022 class=\u0022button-expand button-expand--shadowed transition-within-parent\u0022 x-data=\u0022buttonExpand\u0022 :style=\u0022{ \u0026quot;--button-expand-label-width\u0026quot;: labelWidth }\u0022\u003E\n  \u003Cspan class=\u0022button-expand__icon\u0022\u003E\n    \n\u003Csvg  data-component-id=\u0022front:icon\u0022 class=\u0022icon icon--webinar\u0022\u003E\n  \u003Cuse xlink:href=\u0022\/themes\/custom\/plm\/dist\/assets\/images\/2e871604ef7778ce3dc1.svg#icon-webinar\u0022\u003E\u003C\/use\u003E\n\u003C\/svg\u003E\n  \u003C\/span\u003E\n  \u003Cspan class=\u0022button-expand__label\u0022 x-ref=\u0022label\u0022\u003Ewebinaire\u003C\/span\u003E\n\u003C\/span\u003E\n    \u003C\/div\u003E\n  \u003C\/div\u003E\n \u003Cdiv class=\u0022card-webinaire-catalog__body\u0022\u003E\n    \u003Cdiv class=\u0022text-[1.125em] leading-0 card-title\u0022\u003E\n            \u003Ca class=\u0022card-webinaire-catalog__title\u0022 href=\u0022\/webinaires\/comment-passer-de-30-a-42kg-de-lait-durablement-en-maitrisant-sa-marge-sur-cout\u0022 target=\u0022_self\u0022  data-campagne=\u0022Webi-ELO_SN_2025-Seenovia_encadre\u0022 data-contentId=\u00223092\u0022 rel=\u0022nofollow\u0022 title=\u0022Comment passer de 30 \u00e0 42kg de lait durablement en maitrisant sa marge sur co\u00fbt alimentaire ?\u0022\u003E\n        \n\u003Ch2  data-component-id=\u0022front:title\u0022 class=\u0022title title--small inline\u0022\u003EComment passer de 30 \u00e0 42kg de lait durablement en maitrisant sa marge sur\u2026\u003C\/h2\u003E\n      \u003C\/a\u003E\n                \u003C\/div\u003E\n\n    \u003Cdiv class=\u0022card-webinaire-catalog__date-info\u0022\u003E\n            \u003Cdiv class=\u0022card-webinaire-catalog__date\u0022\u003EReplay du\u0026nbsp;09\u0026nbsp;d\u00e9cembre\u0026nbsp;2025\u003C\/div\u003E\n                \u003C\/div\u003E\n\n          \u003Cdiv class=\u0022card-webinaire-catalog__organisateur\u0022\u003E\n        Par Seenovia \u0026amp; Eilyps\n      \u003C\/div\u003E\n    \n      \u003Cdiv class=\u0022card-webinaire-catalog__chapo\u0022\u003E\n        \n              \u003C\/div\u003E\n     \u003C\/div\u003E\n  \u003Cdiv class=\u0022card-webinaire-catalog__sponsor\u0022\u003E\n    Contenu sponsoris\u00e9\n  \u003C\/div\u003E\n\u003C\/article\u003E\n\n\u003Carticle  data-component-id=\u0022front:card-article\u0022 class=\u0022card-article group\u0022\u003E\n  \u003Cdiv class=\u0022card-article__image\u0022\u003E\n      \t\t\t\t\t\t\u003Cimg  data-component-id=\u0022front:image\u0022 class=\u0022w-full h-full object-contain absolute inset-0\u0022 src=\u0022\/sites\/plm-magazine\/files\/styles\/teaser\/public\/2016-01\/c77834ba-31fd-4a56-bdcc-4853caf903bf.jpg.webp\u0022 alt=\u0022Nursery earl des belleux\u0022 title=\u0022Marie Defruit\u0022 loading=\u0022lazy\u0022 width=\u0022480\u0022 height=\u0022320\u0022\u003E          \u003Cdiv class=\u0022card-article__tags\u0022\u003E\n                  \u003Cspan class=\u0022card-article__badges\u0022\u003E\n                      \t\t\n\u003Cspan  data-component-id=\u0022front:button-expand\u0022 class=\u0022button-expand button-expand--shadowed transition-within-parent\u0022 x-data=\u0022buttonExpand\u0022 :style=\u0022{ \u0026quot;--button-expand-label-width\u0026quot;: labelWidth }\u0022\u003E\n  \u003Cspan class=\u0022button-expand__icon\u0022\u003E\n    \n\u003Csvg  data-component-id=\u0022front:icon\u0022 class=\u0022icon icon--video\u0022\u003E\n  \u003Cuse xlink:href=\u0022\/themes\/custom\/plm\/dist\/assets\/images\/2e871604ef7778ce3dc1.svg#icon-video\u0022\u003E\u003C\/use\u003E\n\u003C\/svg\u003E\n  \u003C\/span\u003E\n  \u003Cspan class=\u0022button-expand__label\u0022 x-ref=\u0022label\u0022\u003EVid\u00e9o\u003C\/span\u003E\n\u003C\/span\u003E\n                \u003C\/span\u003E\n                      \u003C\/div\u003E\n          \u003C\/div\u003E\n  \u003Cdiv class=\u0022card-article__body\u0022\u003E\n        \u003Cdiv class=\u0022text-[1.125em] leading-0 card-title\u0022\u003E\n                    \n      \u003Ca class=\u0022card-article__title\u0022 href=\u0022\/video-vache\/voici-comment-leonie-a-divise-par-deux-la-mortalite-dans-la-nurserie\u0022 target=\u0022_self\u0022  title=\u0022Voici comment L\u00e9onie a divis\u00e9 par deux la mortalit\u00e9 dans la nurserie\u0022\u003E\n        \t\n\u003Ch2  data-component-id=\u0022front:title\u0022 class=\u0022title title--small inline\u0022 title=\u0022Voici comment L\u00e9onie a divis\u00e9 par deux la mortalit\u00e9 dans la nurserie\u0022\u003EVoici comment L\u00e9onie a divis\u00e9 par deux la mortalit\u00e9 dans la nurserie\u003C\/h2\u003E\n      \u003C\/a\u003E\n                \u003Cspan class=\u0022inline-flex align-middle\u0022\u003E\n        \n\u003Cspan  data-component-id=\u0022front:icon-padlock\u0022 class=\u0022icon-padlock icon-padlock--t1\u0022\u003E\n  \n\u003Csvg  data-component-id=\u0022front:icon\u0022 class=\u0022icon icon--padlock\u0022\u003E\n  \u003Cuse xlink:href=\u0022\/themes\/custom\/plm\/dist\/assets\/images\/2e871604ef7778ce3dc1.svg#icon-padlock\u0022\u003E\u003C\/use\u003E\n\u003C\/svg\u003E\n\u003C\/span\u003E\n      \u003C\/span\u003E\n          \u003C\/div\u003E\n    \n\u003Cdiv  data-component-id=\u0022front:wysiwyg\u0022 class=\u0022wysiwyg wysiwyg--small\u0022\u003EEn vid\u00e9o, nous avons suivi L\u00e9onie Monet, dans la nurserie. La jeune femme est salari\u00e9e, depuis 3 ans, \u00e0 l\u0027Earl des Belleux. Elle assure la traite, le\u2026\u003C\/div\u003E\n          \u003Cdiv class=\u0022card-article__meta mbs-auto\u0022\u003E\n        \u003Ctime class=\u0022card-article__date\u0022 datetime=\u00222026-02-06T09:39:10+0100\u0022 x-data x-timestamp=\u00222026-02-06T09:39:10+0100\u0022\u003E06 F\u00e9v 2026\u003C\/time\u003E\n              \u003C\/div\u003E\n      \u003C\/div\u003E\n\u003C\/article\u003E\n\n\u003Carticle  data-component-id=\u0022front:card-article\u0022 class=\u0022card-article group\u0022\u003E\n  \u003Cdiv class=\u0022card-article__image\u0022\u003E\n      \t\t\t\t\t\t\u003Cimg  data-component-id=\u0022front:image\u0022 class=\u0022w-full h-full object-contain absolute inset-0\u0022 src=\u0022\/sites\/plm-magazine\/files\/styles\/teaser\/public\/2026-04\/4ce90931-fa49-426f-9020-1944c4f51ece.jpg.webp\u0022 alt=\u0022Top Liste\u0022 title=\u0022Thierry Anceaux\u0022 loading=\u0022lazy\u0022 width=\u0022480\u0022 height=\u0022320\u0022\u003E          \u003C\/div\u003E\n  \u003Cdiv class=\u0022card-article__body\u0022\u003E\n        \u003Cdiv class=\u0022text-[1.125em] leading-0 card-title\u0022\u003E\n                    \n      \u003Ca class=\u0022card-article__title\u0022 href=\u0022\/a-telecharger\/top-liste-plm-hors-controle-de-performance-comment-recuperer-les-donnees-selon-la\u0022 target=\u0022_self\u0022  title=\u0022Top Liste PLM \u0026quot; Hors contr\u00f4le de performance \u0026quot;. Comment r\u00e9cup\u00e9rer les donn\u00e9es selon la marque de votre robot ? \u0022\u003E\n        \t\n\u003Ch2  data-component-id=\u0022front:title\u0022 class=\u0022title title--small inline\u0022 title=\u0022Top Liste PLM \u0026quot; Hors contr\u00f4le de performance \u0026quot;. Comment r\u00e9cup\u00e9rer les donn\u00e9es selon la marque de votre robot ? \u0022\u003ETop Liste PLM \u0026quot; Hors contr\u00f4le de performance \u0026quot;. Comment r\u00e9cup\u00e9rer les\u2026\u003C\/h2\u003E\n      \u003C\/a\u003E\n                \u003C\/div\u003E\n    \n\u003Cdiv  data-component-id=\u0022front:wysiwyg\u0022 class=\u0022wysiwyg wysiwyg--small\u0022\u003EDerni\u00e8re ligne droite. En parall\u00e8le des Top Liste PLM habituelles, il est d\u00e9sormais possible de postuler \u00e0 une Top Liste PLM Robot- Hors contr\u00f4le\u2026\u003C\/div\u003E\n          \u003Cdiv class=\u0022card-article__meta mbs-auto\u0022\u003E\n        \u003Ctime class=\u0022card-article__date\u0022 datetime=\u00222026-02-05T11:52:09+0100\u0022 x-data x-timestamp=\u00222026-02-05T11:52:09+0100\u0022\u003E05 F\u00e9v 2026\u003C\/time\u003E\n              \u003C\/div\u003E\n      \u003C\/div\u003E\n\u003C\/article\u003E\n\n\u003Carticle  data-component-id=\u0022front:card-article\u0022 class=\u0022card-article group\u0022\u003E\n  \u003Cdiv class=\u0022card-article__image\u0022\u003E\n      \t\t\t\t\t\t\u003Cimg  data-component-id=\u0022front:image\u0022 class=\u0022w-full h-full object-contain absolute inset-0\u0022 src=\u0022\/sites\/plm-magazine\/files\/styles\/teaser\/public\/2026-02\/72370496-b5f7-46bb-a6cf-a45307b0674d.jpg.webp\u0022 alt=\u0022Kersia logo\u0022 title=\u0022Kersia\u0022 loading=\u0022lazy\u0022 width=\u0022480\u0022 height=\u0022285\u0022\u003E          \u003C\/div\u003E\n  \u003Cdiv class=\u0022card-article__body\u0022\u003E\n        \u003Cdiv class=\u0022text-[1.125em] leading-0 card-title\u0022\u003E\n                    \n      \u003Ca class=\u0022card-article__title\u0022 href=\u0022\/actualites\/kersia-annonce-l-achat-de-l-activite-food-beverage-du-polonais-radex\u0022 target=\u0022_self\u0022  title=\u0022Kersia annonce l\u2019achat de l\u2019activit\u00e9 Food \u0026amp; Beverage du polonais Radex\u0022\u003E\n        \t\n\u003Ch2  data-component-id=\u0022front:title\u0022 class=\u0022title title--small inline\u0022 title=\u0022Kersia annonce l\u2019achat de l\u2019activit\u00e9 Food \u0026amp; Beverage du polonais Radex\u0022\u003EKersia annonce l\u2019achat de l\u2019activit\u00e9 Food \u0026amp; Beverage du polonais Radex\u003C\/h2\u003E\n      \u003C\/a\u003E\n                \u003C\/div\u003E\n    \n\u003Cdiv  data-component-id=\u0022front:wysiwyg\u0022 class=\u0022wysiwyg wysiwyg--small\u0022\u003EKersia consolide sa position en Europe de l\u2019Est ainsi que sur le march\u00e9 polonais de l\u2019hygi\u00e8ne alimentaire, en particulier dans le segment de la\u2026\u003C\/div\u003E\n          \u003Cdiv class=\u0022card-article__meta mbs-auto\u0022\u003E\n        \u003Ctime class=\u0022card-article__date\u0022 datetime=\u00222026-02-05T09:00:00+0100\u0022 x-data x-timestamp=\u00222026-02-05T09:00:00+0100\u0022\u003E05 F\u00e9v 2026\u003C\/time\u003E\n              \u003C\/div\u003E\n      \u003C\/div\u003E\n\u003C\/article\u003E\n\n\u003Carticle  data-component-id=\u0022front:card-article\u0022 class=\u0022card-article group\u0022\u003E\n  \u003Cdiv class=\u0022card-article__image\u0022\u003E\n      \t\t\t\t\t\t\u003Cimg  data-component-id=\u0022front:image\u0022 class=\u0022w-full h-full object-contain absolute inset-0\u0022 src=\u0022\/sites\/plm-magazine\/files\/styles\/teaser\/public\/2026-02\/887b3493-5735-4797-8147-ac1cc4afdd27.jpg.webp\u0022 alt=\u0022Lactalis\u0022 title=\u0022Lactalis\u0022 loading=\u0022lazy\u0022 width=\u0022241\u0022 height=\u0022117\u0022\u003E          \u003C\/div\u003E\n  \u003Cdiv class=\u0022card-article__body\u0022\u003E\n        \u003Cdiv class=\u0022text-[1.125em] leading-0 card-title\u0022\u003E\n                    \n      \u003Ca class=\u0022card-article__title\u0022 href=\u0022\/actualites\/40653-eu-pour-le-prix-de-base-lactalis-en-fevrier-et-mars\u0022 target=\u0022_self\u0022  title=\u0022406,53 \u20ac pour le prix de base Lactalis, en f\u00e9vrier et mars\r\n\u0022\u003E\n        \t\n\u003Ch2  data-component-id=\u0022front:title\u0022 class=\u0022title title--small inline\u0022 title=\u0022406,53 \u20ac pour le prix de base Lactalis, en f\u00e9vrier et mars\r\n\u0022\u003E406,53 \u20ac pour le prix de base Lactalis, en f\u00e9vrier et mars\r\n\u003C\/h2\u003E\n      \u003C\/a\u003E\n                \u003C\/div\u003E\n    \n\u003Cdiv  data-component-id=\u0022front:wysiwyg\u0022 class=\u0022wysiwyg wysiwyg--small\u0022\u003ELactalis annonce un accord avec sa principale organisation de producteurs, \u00ab\u2009malgr\u00e9 un march\u00e9 sous pression marqu\u00e9 par une forte baisse g\u00e9n\u00e9ralis\u00e9e\u2026\u003C\/div\u003E\n          \u003Cdiv class=\u0022card-article__meta mbs-auto\u0022\u003E\n        \u003Ctime class=\u0022card-article__date\u0022 datetime=\u00222026-02-05T08:16:00+0100\u0022 x-data x-timestamp=\u00222026-02-05T08:16:00+0100\u0022\u003E05 F\u00e9v 2026\u003C\/time\u003E\n              \u003C\/div\u003E\n      \u003C\/div\u003E\n\u003C\/article\u003E\n\n\u003Carticle  data-component-id=\u0022front:card-article\u0022 class=\u0022card-article group\u0022\u003E\n  \u003Cdiv class=\u0022card-article__image\u0022\u003E\n      \t\t\t\t\t\t\u003Cimg  data-component-id=\u0022front:image\u0022 class=\u0022w-full h-full object-contain absolute inset-0\u0022 src=\u0022\/sites\/plm-magazine\/files\/styles\/teaser\/public\/2026-02\/3a466bb5-9ec5-4edf-8c51-44463cd7795e.jpg.webp\u0022 alt=\u0022Dr Gertjan Streefland et Jan de\u00a0Rooij AHV\u0022 title=\u0022AHV\u0022 loading=\u0022lazy\u0022 width=\u0022480\u0022 height=\u0022240\u0022\u003E          \u003C\/div\u003E\n  \u003Cdiv class=\u0022card-article__body\u0022\u003E\n        \u003Cdiv class=\u0022text-[1.125em] leading-0 card-title\u0022\u003E\n                    \n      \u003Ca class=\u0022card-article__title\u0022 href=\u0022\/actualites\/ahv-obtient-un-brevet-europeen-pour-sa-technologie-contre-les-biofilms\u0022 target=\u0022_self\u0022  title=\u0022AHV obtient un brevet europ\u00e9en pour sa technologie contre les biofilms\r\n\u0022\u003E\n        \t\n\u003Ch2  data-component-id=\u0022front:title\u0022 class=\u0022title title--small inline\u0022 title=\u0022AHV obtient un brevet europ\u00e9en pour sa technologie contre les biofilms\r\n\u0022\u003EAHV obtient un brevet europ\u00e9en pour sa technologie contre les biofilms\r\n\u003C\/h2\u003E\n      \u003C\/a\u003E\n                \u003C\/div\u003E\n    \n\u003Cdiv  data-component-id=\u0022front:wysiwyg\u0022 class=\u0022wysiwyg wysiwyg--small\u0022\u003ELes biofilms bact\u00e9riens sont responsables de nombreuses infections chroniques en \u00e9levage. \u00ab\u2009Ce brevet confirme les bases scientifiques de notre\u2026\u003C\/div\u003E\n          \u003Cdiv class=\u0022card-article__meta mbs-auto\u0022\u003E\n        \u003Ctime class=\u0022card-article__date\u0022 datetime=\u00222026-02-04T09:58:00+0100\u0022 x-data x-timestamp=\u00222026-02-04T09:58:00+0100\u0022\u003E04 F\u00e9v 2026\u003C\/time\u003E\n              \u003C\/div\u003E\n      \u003C\/div\u003E\n\u003C\/article\u003E\n\n\u003Carticle  data-component-id=\u0022front:card-article\u0022 class=\u0022card-article group\u0022\u003E\n  \u003Cdiv class=\u0022card-article__image\u0022\u003E\n      \t\t\t\t\t\t\u003Cimg  data-component-id=\u0022front:image\u0022 class=\u0022w-full h-full object-contain absolute inset-0\u0022 src=\u0022\/sites\/plm-magazine\/files\/styles\/teaser\/public\/2026-02\/7170f7ac-f531-42a5-b78f-760c08c0b1a8.jpg.webp\u0022 alt=\u0022Eliance\u0022 title=\u0022Eliance\u0022 loading=\u0022lazy\u0022 width=\u0022317\u0022 height=\u0022194\u0022\u003E          \u003C\/div\u003E\n  \u003Cdiv class=\u0022card-article__body\u0022\u003E\n        \u003Cdiv class=\u0022text-[1.125em] leading-0 card-title\u0022\u003E\n                    \n      \u003Ca class=\u0022card-article__title\u0022 href=\u0022\/actualites\/traite-robotisee-les-entreprises-de-conseil-en-elevage-ecel-mettent-en-perspective-les\u0022 target=\u0022_self\u0022  title=\u0022Traite robotis\u00e9e. Les Entreprises de Conseil en \u00c9levage (ECEL) mettent en perspective les donn\u00e9es\u0022\u003E\n        \t\n\u003Ch2  data-component-id=\u0022front:title\u0022 class=\u0022title title--small inline\u0022 title=\u0022Traite robotis\u00e9e. Les Entreprises de Conseil en \u00c9levage (ECEL) mettent en perspective les donn\u00e9es\u0022\u003ETraite robotis\u00e9e. Les Entreprises de Conseil en \u00c9levage (ECEL) mettent en\u2026\u003C\/h2\u003E\n      \u003C\/a\u003E\n                \u003C\/div\u003E\n    \n\u003Cdiv  data-component-id=\u0022front:wysiwyg\u0022 class=\u0022wysiwyg wysiwyg--small\u0022\u003EEliance communique \u00ab\u2009sur l\u2019importance de s\u2019appuyer sur des donn\u00e9es norm\u00e9es et v\u00e9rifi\u00e9es, de garantir des comparaisons fiables entre exploitations et\u2026\u003C\/div\u003E\n          \u003Cdiv class=\u0022card-article__meta mbs-auto\u0022\u003E\n        \u003Ctime class=\u0022card-article__date\u0022 datetime=\u00222026-02-04T09:31:00+0100\u0022 x-data x-timestamp=\u00222026-02-04T09:31:00+0100\u0022\u003E04 F\u00e9v 2026\u003C\/time\u003E\n              \u003C\/div\u003E\n      \u003C\/div\u003E\n\u003C\/article\u003E\n  \t\t\t\u003Carticle  data-component-id=\u0022front:card-webinaire-catalog\u0022 class=\u0022card-webinaire-catalog group\u0022 data-campagne=\u0022Webi-ELO_GT_2026-Phibro_encadre\u0022 data-contentId=\u00223120\u0022 rel=\u0022nofollow\u0022\u003E\n  \u003Cdiv class=\u0022card-webinaire-catalog__image\u0022\u003E\n      \t\t\t\t\t\t\u003Cimg  data-component-id=\u0022front:image\u0022 class=\u0022w-full h-full object-cover absolute inset-0\u0022 src=\u0022\/sites\/plm-magazine\/files\/2026-04\/EVT-PLM-ELO_Grands_troupeaux_26-Webi_phibro-accroche.jpg\u0022 alt=\u0022Mammites\u00a0: comment s\u2019en pr\u00e9munir et diminuer les co\u00fbts\u0022 title=\u0022Mammites\u00a0: comment s\u2019en pr\u00e9munir et diminuer les co\u00fbts\u0022 loading=\u0022eager\u0022 width=\u0022510\u0022 height=\u0022340\u0022\u003E          \u003Cdiv class=\u0022card-webinaire-catalog__duree \u0022\u003E\n        00:30:00\n      \u003C\/div\u003E\n        \u003Cdiv class=\u0022card-webinaire-catalog__badges\u0022\u003E\n      \t\t\n\u003Cspan  data-component-id=\u0022front:button-expand\u0022 class=\u0022button-expand button-expand--shadowed transition-within-parent\u0022 x-data=\u0022buttonExpand\u0022 :style=\u0022{ \u0026quot;--button-expand-label-width\u0026quot;: labelWidth }\u0022\u003E\n  \u003Cspan class=\u0022button-expand__icon\u0022\u003E\n    \n\u003Csvg  data-component-id=\u0022front:icon\u0022 class=\u0022icon icon--webinar\u0022\u003E\n  \u003Cuse xlink:href=\u0022\/themes\/custom\/plm\/dist\/assets\/images\/2e871604ef7778ce3dc1.svg#icon-webinar\u0022\u003E\u003C\/use\u003E\n\u003C\/svg\u003E\n  \u003C\/span\u003E\n  \u003Cspan class=\u0022button-expand__label\u0022 x-ref=\u0022label\u0022\u003Ewebinaire\u003C\/span\u003E\n\u003C\/span\u003E\n    \u003C\/div\u003E\n  \u003C\/div\u003E\n \u003Cdiv class=\u0022card-webinaire-catalog__body\u0022\u003E\n    \u003Cdiv class=\u0022text-[1.125em] leading-0 card-title\u0022\u003E\n            \u003Ca class=\u0022card-webinaire-catalog__title\u0022 href=\u0022\/webinaires\/mammites-comment-s-en-premunir-et-diminuer-les-couts\u0022 target=\u0022_self\u0022  data-campagne=\u0022Webi-ELO_GT_2026-Phibro_encadre\u0022 data-contentId=\u00223120\u0022 rel=\u0022nofollow\u0022 title=\u0022Mammites\u00a0: comment s\u2019en pr\u00e9munir et diminuer les co\u00fbts\u0022\u003E\n        \n\u003Ch2  data-component-id=\u0022front:title\u0022 class=\u0022title title--small inline\u0022\u003EMammites\u00a0: comment s\u2019en pr\u00e9munir et diminuer les co\u00fbts\u003C\/h2\u003E\n      \u003C\/a\u003E\n                \u003C\/div\u003E\n\n    \u003Cdiv class=\u0022card-webinaire-catalog__date-info\u0022\u003E\n            \u003Cdiv class=\u0022card-webinaire-catalog__date\u0022\u003EMardi\u0026nbsp;16\u0026nbsp;juin\u0026nbsp;2026\u003C\/div\u003E\n              \u003Cdiv class=\u0022card-webinaire-catalog__plage-horaire flex items-center gap-2\u0022\u003E\n        \u003Cspan class=\u0022inline-flex text-xl\u0022\u003E\n         \u003Csvg xmlns=\u0022http:\/\/www.w3.org\/2000\/svg\u0022 width=\u002217\u0022 height=\u002217\u0022 viewBox=\u00220 0 17 17\u0022 fill=\u0022none\u0022\u003E\n          \u003Cpath d=\u0022M8.13806 0.100098C12.5773 0.100242 16.1761 3.69895 16.1761 8.13818C16.176 12.5774 12.5772 16.1761 8.13806 16.1763C3.69883 16.1762 0.10012 12.5774 0.0999756 8.13818C0.100044 3.6989 3.69878 0.100167 8.13806 0.100098ZM8.13806 1.6001C4.52721 1.60017 1.60004 4.52733 1.59998 8.13818C1.60012 11.749 4.52725 14.6762 8.13806 14.6763C11.7488 14.6761 14.676 11.7489 14.6761 8.13818C14.6761 4.52738 11.7489 1.60024 8.13806 1.6001ZM8.13806 3.01514C8.55217 3.01526 8.88806 3.351 8.88806 3.76514V7.38818H12.5111C12.9252 7.38837 13.2611 7.72409 13.2611 8.13818C13.261 8.55216 12.9251 8.88799 12.5111 8.88818H8.13806C7.72394 8.88818 7.38821 8.55227 7.38806 8.13818V3.76514C7.38806 3.35092 7.72385 3.01514 8.13806 3.01514Z\u0022 fill=\u0022black\u0022\/\u003E\n          \u003Cpath d=\u0022M8.13806 0.100098L8.13806 9.76548e-05H8.13806L8.13806 0.100098ZM16.1761 8.13818L16.2761 8.13819V8.13818L16.1761 8.13818ZM8.13806 16.1763L8.13806 16.2763H8.13806L8.13806 16.1763ZM0.0999756 8.13818L-2.44156e-05 8.13818V8.13819L0.0999756 8.13818ZM8.13806 1.6001L8.13807 1.5001H8.13806L8.13806 1.6001ZM1.59998 8.13818L1.49998 8.13818V8.13819L1.59998 8.13818ZM8.13806 14.6763L8.13806 14.7763H8.13807L8.13806 14.6763ZM14.6761 8.13818L14.7761 8.13819V8.13818L14.6761 8.13818ZM8.13806 3.01514L8.13809 2.91514H8.13806V3.01514ZM8.88806 3.76514H8.98806V3.76514H8.88806ZM8.88806 7.38818H8.78806C8.78806 7.44341 8.83283 7.48818 8.88806 7.48818V7.38818ZM12.5111 7.38818L12.5112 7.28818H12.5111V7.38818ZM13.2611 8.13818L13.3611 8.13822V8.13818H13.2611ZM12.5111 8.88818V8.98818H12.5112L12.5111 8.88818ZM8.13806 8.88818V8.78818V8.88818ZM7.38806 8.13818H7.28806V8.13822L7.38806 8.13818ZM7.38806 3.76514H7.48806V3.76514H7.38806ZM8.13806 0.100098L8.13806 0.200098C12.5221 0.20024 16.0761 3.75418 16.0761 8.13819L16.1761 8.13818L16.2761 8.13818C16.2761 3.64372 12.6325 0.000244059 8.13806 9.76548e-05L8.13806 0.100098ZM16.1761 8.13818L16.0761 8.13818C16.076 12.5221 12.522 16.0761 8.13806 16.0763L8.13806 16.1763L8.13806 16.2763C12.6325 16.2761 16.276 12.6326 16.2761 8.13819L16.1761 8.13818ZM8.13806 16.1763L8.13806 16.0763C3.75406 16.0762 0.200118 12.5222 0.199976 8.13818L0.0999756 8.13818L-2.44156e-05 8.13819C0.000121988 12.6326 3.6436 16.2762 8.13806 16.2763L8.13806 16.1763ZM0.0999756 8.13818L0.199976 8.13819C0.200044 3.75413 3.75401 0.200166 8.13806 0.200098L8.13806 0.100098L8.13806 9.76548e-05C3.64355 0.000167377 4.53144e-05 3.64367 -2.44156e-05 8.13818L0.0999756 8.13818ZM8.13806 1.6001L8.13806 1.5001C4.47198 1.50017 1.50005 4.4721 1.49998 8.13818L1.59998 8.13818L1.69998 8.13819C1.70004 4.58256 4.58244 1.70017 8.13806 1.7001L8.13806 1.6001ZM1.59998 8.13818L1.49998 8.13819C1.50012 11.8042 4.47202 14.7762 8.13806 14.7763L8.13806 14.6763L8.13806 14.5763C4.58248 14.5762 1.70012 11.6937 1.69998 8.13818L1.59998 8.13818ZM8.13806 14.6763L8.13807 14.7763C11.804 14.7761 14.776 11.8042 14.7761 8.13819L14.6761 8.13818L14.5761 8.13818C14.576 11.6937 11.6936 14.5761 8.13806 14.5763L8.13806 14.6763ZM14.6761 8.13818L14.7761 8.13818C14.7761 4.47214 11.8041 1.50024 8.13807 1.5001L8.13806 1.6001L8.13806 1.7001C11.6936 1.70024 14.5761 4.58261 14.5761 8.13819L14.6761 8.13818ZM8.13806 3.01514L8.13803 3.11514C8.49696 3.11525 8.78806 3.40626 8.78806 3.76514H8.88806H8.98806C8.98806 3.29574 8.60737 2.91528 8.13809 2.91514L8.13806 3.01514ZM8.88806 3.76514H8.78806V7.38818H8.88806H8.98806V3.76514H8.88806ZM8.88806 7.38818V7.48818H12.5111V7.38818V7.28818H8.88806V7.38818ZM12.5111 7.38818L12.5111 7.48818C12.87 7.48835 13.1611 7.77936 13.1611 8.13818H13.2611H13.3611C13.3611 7.66881 12.9804 7.2884 12.5112 7.28818L12.5111 7.38818ZM13.2611 8.13818L13.1611 8.13815C13.161 8.49691 12.8698 8.78802 12.5111 8.78818L12.5111 8.88818L12.5112 8.98818C12.9803 8.98797 13.3609 8.6074 13.3611 8.13822L13.2611 8.13818ZM12.5111 8.88818V8.78818H8.13806V8.88818V8.98818H12.5111V8.88818ZM8.13806 8.88818V8.78818C7.7792 8.78818 7.48819 8.49707 7.48806 8.13815L7.38806 8.13818L7.28806 8.13822C7.28823 8.60747 7.66867 8.98818 8.13806 8.98818V8.88818ZM7.38806 8.13818H7.48806V3.76514H7.38806H7.28806V8.13818H7.38806ZM7.38806 3.76514H7.48806C7.48806 3.40615 7.77908 3.11514 8.13806 3.11514V3.01514V2.91514C7.66862 2.91514 7.28806 3.29569 7.28806 3.76514H7.38806Z\u0022 fill=\u0022black\u0022\/\u003E\n          \u003C\/svg\u003E\n        \u003C\/span\u003E\n          \u003Cspan class=\u0022\u0022\u003E10:30 - 11:00\u003C\/span\u003E\n        \u003C\/div\u003E\n                \u003C\/div\u003E\n\n          \u003Cdiv class=\u0022card-webinaire-catalog__organisateur\u0022\u003E\n        Par Phibro Animal Health\n      \u003C\/div\u003E\n    \n      \u003Cdiv class=\u0022card-webinaire-catalog__chapo\u0022\u003E\n        \n              \u003C\/div\u003E\n     \u003C\/div\u003E\n  \u003Cdiv class=\u0022card-webinaire-catalog__sponsor\u0022\u003E\n    Contenu sponsoris\u00e9\n  \u003C\/div\u003E\n\u003C\/article\u003E\n\n\u003Carticle  data-component-id=\u0022front:card-article\u0022 class=\u0022card-article group\u0022\u003E\n  \u003Cdiv class=\u0022card-article__image\u0022\u003E\n      \t\t\t\t\t\t\u003Cimg  data-component-id=\u0022front:image\u0022 class=\u0022w-full h-full object-contain absolute inset-0\u0022 src=\u0022\/sites\/plm-magazine\/files\/styles\/teaser\/public\/2000-12\/f2ff0300-f026-4f7c-97a1-683d522d5cd8.jpg.webp\u0022 alt=\u0022Le couloir transite par les robots au Gaec Poulot\u0022 title=\u0022B\u00e9atrice Colleu\u0022 loading=\u0022lazy\u0022 width=\u0022480\u0022 height=\u0022270\u0022\u003E          \u003Cdiv class=\u0022card-article__tags\u0022\u003E\n                  \u003Cspan class=\u0022card-article__badges\u0022\u003E\n                      \t\t\n\u003Cspan  data-component-id=\u0022front:button-expand\u0022 class=\u0022button-expand button-expand--shadowed transition-within-parent\u0022 x-data=\u0022buttonExpand\u0022 :style=\u0022{ \u0026quot;--button-expand-label-width\u0026quot;: labelWidth }\u0022\u003E\n  \u003Cspan class=\u0022button-expand__icon\u0022\u003E\n    \n\u003Csvg  data-component-id=\u0022front:icon\u0022 class=\u0022icon icon--360\u0022\u003E\n  \u003Cuse xlink:href=\u0022\/themes\/custom\/plm\/dist\/assets\/images\/2e871604ef7778ce3dc1.svg#icon-360\u0022\u003E\u003C\/use\u003E\n\u003C\/svg\u003E\n  \u003C\/span\u003E\n  \u003Cspan class=\u0022button-expand__label\u0022 x-ref=\u0022label\u0022\u003E360\u003C\/span\u003E\n\u003C\/span\u003E\n                \u003C\/span\u003E\n                      \u003C\/div\u003E\n          \u003C\/div\u003E\n  \u003Cdiv class=\u0022card-article__body\u0022\u003E\n        \u003Cdiv class=\u0022text-[1.125em] leading-0 card-title\u0022\u003E\n                    \n      \u003Ca class=\u0022card-article__title\u0022 href=\u0022\/visites-360\/trois-robots-en-ligne-et-un-couloir-qui-passe-par-les-robots\u0022 target=\u0022_self\u0022  title=\u0022Trois robots en ligne et un couloir qui passe par les robots\u0022\u003E\n        \t\n\u003Ch2  data-component-id=\u0022front:title\u0022 class=\u0022title title--small inline\u0022 title=\u0022Trois robots en ligne et un couloir qui passe par les robots\u0022\u003ETrois robots en ligne et un couloir qui passe par les robots\u003C\/h2\u003E\n      \u003C\/a\u003E\n                \u003Cspan class=\u0022inline-flex align-middle\u0022\u003E\n        \n\u003Cspan  data-component-id=\u0022front:icon-padlock\u0022 class=\u0022icon-padlock icon-padlock--t1\u0022\u003E\n  \n\u003Csvg  data-component-id=\u0022front:icon\u0022 class=\u0022icon icon--padlock\u0022\u003E\n  \u003Cuse xlink:href=\u0022\/themes\/custom\/plm\/dist\/assets\/images\/2e871604ef7778ce3dc1.svg#icon-padlock\u0022\u003E\u003C\/use\u003E\n\u003C\/svg\u003E\n\u003C\/span\u003E\n      \u003C\/span\u003E\n          \u003C\/div\u003E\n    \n\u003Cdiv  data-component-id=\u0022front:wysiwyg\u0022 class=\u0022wysiwyg wysiwyg--small\u0022\u003EDans l\u0027\u00e9table de Camille et Fr\u00e9d\u00e9ric Poulot, une vache qui entre dans le premier robot, passera par les deux autres pour sortir en p\u00e2ture. C\u0027est une\u2026\u003C\/div\u003E\n          \u003Cdiv class=\u0022card-article__meta mbs-auto\u0022\u003E\n        \u003Ctime class=\u0022card-article__date\u0022 datetime=\u00222026-02-04T08:56:04+0100\u0022 x-data x-timestamp=\u00222026-02-04T08:56:04+0100\u0022\u003E04 F\u00e9v 2026\u003C\/time\u003E\n              \u003C\/div\u003E\n      \u003C\/div\u003E\n\u003C\/article\u003E\n  \t\t\t\u003Carticle  data-component-id=\u0022front:card-webinaire-catalog\u0022 class=\u0022card-webinaire-catalog group\u0022 data-campagne=\u0022Webi-ELO_GT_2026-Vetoquinol_encadre\u0022 data-contentId=\u00223122\u0022 rel=\u0022nofollow\u0022\u003E\n  \u003Cdiv class=\u0022card-webinaire-catalog__image\u0022\u003E\n      \t\t\t\t\t\t\u003Cimg  data-component-id=\u0022front:image\u0022 class=\u0022w-full h-full object-cover absolute inset-0\u0022 src=\u0022\/sites\/plm-magazine\/files\/2026-04\/EVT-PLM-ELO_Grands_troupeaux_26-Webi_vetoquinol-accroche.jpg\u0022 alt=\u0022Mammites : quels b\u00e9n\u00e9fices \u00e0 agir d\u00e8s les premiers signes ?\u0022 title=\u0022Mammites : quels b\u00e9n\u00e9fices \u00e0 agir d\u00e8s les premiers signes ?\u0022 loading=\u0022eager\u0022 width=\u0022510\u0022 height=\u0022340\u0022\u003E          \u003Cdiv class=\u0022card-webinaire-catalog__duree \u0022\u003E\n        00:30:00\n      \u003C\/div\u003E\n        \u003Cdiv class=\u0022card-webinaire-catalog__badges\u0022\u003E\n      \t\t\n\u003Cspan  data-component-id=\u0022front:button-expand\u0022 class=\u0022button-expand button-expand--shadowed transition-within-parent\u0022 x-data=\u0022buttonExpand\u0022 :style=\u0022{ \u0026quot;--button-expand-label-width\u0026quot;: labelWidth }\u0022\u003E\n  \u003Cspan class=\u0022button-expand__icon\u0022\u003E\n    \n\u003Csvg  data-component-id=\u0022front:icon\u0022 class=\u0022icon icon--webinar\u0022\u003E\n  \u003Cuse xlink:href=\u0022\/themes\/custom\/plm\/dist\/assets\/images\/2e871604ef7778ce3dc1.svg#icon-webinar\u0022\u003E\u003C\/use\u003E\n\u003C\/svg\u003E\n  \u003C\/span\u003E\n  \u003Cspan class=\u0022button-expand__label\u0022 x-ref=\u0022label\u0022\u003Ewebinaire\u003C\/span\u003E\n\u003C\/span\u003E\n    \u003C\/div\u003E\n  \u003C\/div\u003E\n \u003Cdiv class=\u0022card-webinaire-catalog__body\u0022\u003E\n    \u003Cdiv class=\u0022text-[1.125em] leading-0 card-title\u0022\u003E\n            \u003Ca class=\u0022card-webinaire-catalog__title\u0022 href=\u0022\/webinaires\/mammites-quels-benefices-a-agir-des-les-premiers-signes\u0022 target=\u0022_self\u0022  data-campagne=\u0022Webi-ELO_GT_2026-Vetoquinol_encadre\u0022 data-contentId=\u00223122\u0022 rel=\u0022nofollow\u0022 title=\u0022Mammites : quels b\u00e9n\u00e9fices \u00e0 agir d\u00e8s les premiers signes ?\u0022\u003E\n        \n\u003Ch2  data-component-id=\u0022front:title\u0022 class=\u0022title title--small inline\u0022\u003EMammites : quels b\u00e9n\u00e9fices \u00e0 agir d\u00e8s les premiers signes ?\u003C\/h2\u003E\n      \u003C\/a\u003E\n                \u003C\/div\u003E\n\n    \u003Cdiv class=\u0022card-webinaire-catalog__date-info\u0022\u003E\n            \u003Cdiv class=\u0022card-webinaire-catalog__date\u0022\u003EMardi\u0026nbsp;16\u0026nbsp;juin\u0026nbsp;2026\u003C\/div\u003E\n              \u003Cdiv class=\u0022card-webinaire-catalog__plage-horaire flex items-center gap-2\u0022\u003E\n        \u003Cspan class=\u0022inline-flex text-xl\u0022\u003E\n         \u003Csvg xmlns=\u0022http:\/\/www.w3.org\/2000\/svg\u0022 width=\u002217\u0022 height=\u002217\u0022 viewBox=\u00220 0 17 17\u0022 fill=\u0022none\u0022\u003E\n          \u003Cpath d=\u0022M8.13806 0.100098C12.5773 0.100242 16.1761 3.69895 16.1761 8.13818C16.176 12.5774 12.5772 16.1761 8.13806 16.1763C3.69883 16.1762 0.10012 12.5774 0.0999756 8.13818C0.100044 3.6989 3.69878 0.100167 8.13806 0.100098ZM8.13806 1.6001C4.52721 1.60017 1.60004 4.52733 1.59998 8.13818C1.60012 11.749 4.52725 14.6762 8.13806 14.6763C11.7488 14.6761 14.676 11.7489 14.6761 8.13818C14.6761 4.52738 11.7489 1.60024 8.13806 1.6001ZM8.13806 3.01514C8.55217 3.01526 8.88806 3.351 8.88806 3.76514V7.38818H12.5111C12.9252 7.38837 13.2611 7.72409 13.2611 8.13818C13.261 8.55216 12.9251 8.88799 12.5111 8.88818H8.13806C7.72394 8.88818 7.38821 8.55227 7.38806 8.13818V3.76514C7.38806 3.35092 7.72385 3.01514 8.13806 3.01514Z\u0022 fill=\u0022black\u0022\/\u003E\n          \u003Cpath d=\u0022M8.13806 0.100098L8.13806 9.76548e-05H8.13806L8.13806 0.100098ZM16.1761 8.13818L16.2761 8.13819V8.13818L16.1761 8.13818ZM8.13806 16.1763L8.13806 16.2763H8.13806L8.13806 16.1763ZM0.0999756 8.13818L-2.44156e-05 8.13818V8.13819L0.0999756 8.13818ZM8.13806 1.6001L8.13807 1.5001H8.13806L8.13806 1.6001ZM1.59998 8.13818L1.49998 8.13818V8.13819L1.59998 8.13818ZM8.13806 14.6763L8.13806 14.7763H8.13807L8.13806 14.6763ZM14.6761 8.13818L14.7761 8.13819V8.13818L14.6761 8.13818ZM8.13806 3.01514L8.13809 2.91514H8.13806V3.01514ZM8.88806 3.76514H8.98806V3.76514H8.88806ZM8.88806 7.38818H8.78806C8.78806 7.44341 8.83283 7.48818 8.88806 7.48818V7.38818ZM12.5111 7.38818L12.5112 7.28818H12.5111V7.38818ZM13.2611 8.13818L13.3611 8.13822V8.13818H13.2611ZM12.5111 8.88818V8.98818H12.5112L12.5111 8.88818ZM8.13806 8.88818V8.78818V8.88818ZM7.38806 8.13818H7.28806V8.13822L7.38806 8.13818ZM7.38806 3.76514H7.48806V3.76514H7.38806ZM8.13806 0.100098L8.13806 0.200098C12.5221 0.20024 16.0761 3.75418 16.0761 8.13819L16.1761 8.13818L16.2761 8.13818C16.2761 3.64372 12.6325 0.000244059 8.13806 9.76548e-05L8.13806 0.100098ZM16.1761 8.13818L16.0761 8.13818C16.076 12.5221 12.522 16.0761 8.13806 16.0763L8.13806 16.1763L8.13806 16.2763C12.6325 16.2761 16.276 12.6326 16.2761 8.13819L16.1761 8.13818ZM8.13806 16.1763L8.13806 16.0763C3.75406 16.0762 0.200118 12.5222 0.199976 8.13818L0.0999756 8.13818L-2.44156e-05 8.13819C0.000121988 12.6326 3.6436 16.2762 8.13806 16.2763L8.13806 16.1763ZM0.0999756 8.13818L0.199976 8.13819C0.200044 3.75413 3.75401 0.200166 8.13806 0.200098L8.13806 0.100098L8.13806 9.76548e-05C3.64355 0.000167377 4.53144e-05 3.64367 -2.44156e-05 8.13818L0.0999756 8.13818ZM8.13806 1.6001L8.13806 1.5001C4.47198 1.50017 1.50005 4.4721 1.49998 8.13818L1.59998 8.13818L1.69998 8.13819C1.70004 4.58256 4.58244 1.70017 8.13806 1.7001L8.13806 1.6001ZM1.59998 8.13818L1.49998 8.13819C1.50012 11.8042 4.47202 14.7762 8.13806 14.7763L8.13806 14.6763L8.13806 14.5763C4.58248 14.5762 1.70012 11.6937 1.69998 8.13818L1.59998 8.13818ZM8.13806 14.6763L8.13807 14.7763C11.804 14.7761 14.776 11.8042 14.7761 8.13819L14.6761 8.13818L14.5761 8.13818C14.576 11.6937 11.6936 14.5761 8.13806 14.5763L8.13806 14.6763ZM14.6761 8.13818L14.7761 8.13818C14.7761 4.47214 11.8041 1.50024 8.13807 1.5001L8.13806 1.6001L8.13806 1.7001C11.6936 1.70024 14.5761 4.58261 14.5761 8.13819L14.6761 8.13818ZM8.13806 3.01514L8.13803 3.11514C8.49696 3.11525 8.78806 3.40626 8.78806 3.76514H8.88806H8.98806C8.98806 3.29574 8.60737 2.91528 8.13809 2.91514L8.13806 3.01514ZM8.88806 3.76514H8.78806V7.38818H8.88806H8.98806V3.76514H8.88806ZM8.88806 7.38818V7.48818H12.5111V7.38818V7.28818H8.88806V7.38818ZM12.5111 7.38818L12.5111 7.48818C12.87 7.48835 13.1611 7.77936 13.1611 8.13818H13.2611H13.3611C13.3611 7.66881 12.9804 7.2884 12.5112 7.28818L12.5111 7.38818ZM13.2611 8.13818L13.1611 8.13815C13.161 8.49691 12.8698 8.78802 12.5111 8.78818L12.5111 8.88818L12.5112 8.98818C12.9803 8.98797 13.3609 8.6074 13.3611 8.13822L13.2611 8.13818ZM12.5111 8.88818V8.78818H8.13806V8.88818V8.98818H12.5111V8.88818ZM8.13806 8.88818V8.78818C7.7792 8.78818 7.48819 8.49707 7.48806 8.13815L7.38806 8.13818L7.28806 8.13822C7.28823 8.60747 7.66867 8.98818 8.13806 8.98818V8.88818ZM7.38806 8.13818H7.48806V3.76514H7.38806H7.28806V8.13818H7.38806ZM7.38806 3.76514H7.48806C7.48806 3.40615 7.77908 3.11514 8.13806 3.11514V3.01514V2.91514C7.66862 2.91514 7.28806 3.29569 7.28806 3.76514H7.38806Z\u0022 fill=\u0022black\u0022\/\u003E\n          \u003C\/svg\u003E\n        \u003C\/span\u003E\n          \u003Cspan class=\u0022\u0022\u003E14:00 - 14:30\u003C\/span\u003E\n        \u003C\/div\u003E\n                \u003C\/div\u003E\n\n          \u003Cdiv class=\u0022card-webinaire-catalog__organisateur\u0022\u003E\n        Par Vetoquinol\n      \u003C\/div\u003E\n    \n      \u003Cdiv class=\u0022card-webinaire-catalog__chapo\u0022\u003E\n        \n              \u003C\/div\u003E\n     \u003C\/div\u003E\n  \u003Cdiv class=\u0022card-webinaire-catalog__sponsor\u0022\u003E\n    Contenu sponsoris\u00e9\n  \u003C\/div\u003E\n\u003C\/article\u003E\n\n\u003Carticle  data-component-id=\u0022front:card-article\u0022 class=\u0022card-article group\u0022\u003E\n  \u003Cdiv class=\u0022card-article__image\u0022\u003E\n      \t\t\t\t\t\t\u003Cimg  data-component-id=\u0022front:image\u0022 class=\u0022w-full h-full object-contain absolute inset-0\u0022 src=\u0022\/sites\/plm-magazine\/files\/styles\/teaser\/public\/2026-02\/d0f4c280-8d6b-4a7d-98bc-fe0ecd3faa74.jpg.webp\u0022 alt=\u0022MS Schippers\u0022 title=\u0022MS Schippers\u0022 loading=\u0022lazy\u0022 width=\u0022480\u0022 height=\u0022320\u0022\u003E          \u003C\/div\u003E\n  \u003Cdiv class=\u0022card-article__body\u0022\u003E\n        \u003Cdiv class=\u0022text-[1.125em] leading-0 card-title\u0022\u003E\n                    \n      \u003Ca class=\u0022card-article__title\u0022 href=\u0022\/actualites\/ms-schippers-fete-ses-60-ans-et-souligne-l-engagement-des-eleveurs-pour-l-hygiene\u0022 target=\u0022_self\u0022  title=\u0022MS Schippers f\u00eate ses 60 ans et souligne l\u2019engagement des \u00e9leveurs pour l\u2019hygi\u00e8ne\u0022\u003E\n        \t\n\u003Ch2  data-component-id=\u0022front:title\u0022 class=\u0022title title--small inline\u0022 title=\u0022MS Schippers f\u00eate ses 60 ans et souligne l\u2019engagement des \u00e9leveurs pour l\u2019hygi\u00e8ne\u0022\u003EMS Schippers f\u00eate ses 60 ans et souligne l\u2019engagement des \u00e9leveurs pour l\u2026\u003C\/h2\u003E\n      \u003C\/a\u003E\n                \u003C\/div\u003E\n    \n\u003Cdiv  data-component-id=\u0022front:wysiwyg\u0022 class=\u0022wysiwyg wysiwyg--small\u0022\u003ENettoyage, d\u00e9sinfection, qualit\u00e9 de l\u2019eau, lutte contre les \u00ab\u2009bio-agresseurs\u2009\u00bb, soins aux animaux\u2026 MS Schippers a d\u00e9velopp\u00e9 son offre, au fil des\u2026\u003C\/div\u003E\n          \u003Cdiv class=\u0022card-article__meta mbs-auto\u0022\u003E\n        \u003Ctime class=\u0022card-article__date\u0022 datetime=\u00222026-02-03T10:00:00+0100\u0022 x-data x-timestamp=\u00222026-02-03T10:00:00+0100\u0022\u003E03 F\u00e9v 2026\u003C\/time\u003E\n              \u003C\/div\u003E\n      \u003C\/div\u003E\n\u003C\/article\u003E\n\n\u003Carticle  data-component-id=\u0022front:card-article\u0022 class=\u0022card-article group\u0022\u003E\n  \u003Cdiv class=\u0022card-article__image\u0022\u003E\n      \t\t\t\t\t\t\u003Cimg  data-component-id=\u0022front:image\u0022 class=\u0022w-full h-full object-contain absolute inset-0\u0022 src=\u0022\/sites\/plm-magazine\/files\/styles\/teaser\/public\/2026-02\/f244c46f-8a9f-4e68-b9b0-f9577e92d2d8.jpg.webp\u0022 alt=\u0022Filtralife Agriest\u0022 title=\u0022Agriest\u0022 loading=\u0022lazy\u0022 width=\u0022444\u0022 height=\u0022320\u0022\u003E          \u003C\/div\u003E\n  \u003Cdiv class=\u0022card-article__body\u0022\u003E\n        \u003Cdiv class=\u0022text-[1.125em] leading-0 card-title\u0022\u003E\n                    \n      \u003Ca class=\u0022card-article__title\u0022 href=\u0022\/actualites\/traitement-de-l-eau-les-virus-et-bacteries-sont-elimines-sans-electricite-ni-produit\u0022 target=\u0022_self\u0022  title=\u0022Traitement de l\u2019eau : les virus et bact\u00e9ries sont \u00e9limin\u00e9s sans \u00e9lectricit\u00e9 ni produit\u0022\u003E\n        \t\n\u003Ch2  data-component-id=\u0022front:title\u0022 class=\u0022title title--small inline\u0022 title=\u0022Traitement de l\u2019eau : les virus et bact\u00e9ries sont \u00e9limin\u00e9s sans \u00e9lectricit\u00e9 ni produit\u0022\u003ETraitement de l\u2019eau : les virus et bact\u00e9ries sont \u00e9limin\u00e9s sans\u2026\u003C\/h2\u003E\n      \u003C\/a\u003E\n                \u003C\/div\u003E\n    \n\u003Cdiv  data-component-id=\u0022front:wysiwyg\u0022 class=\u0022wysiwyg wysiwyg--small\u0022\u003EGr\u00e2ce \u00e0 des cartouches de nanofiltration, l\u2019eau est assainie, purifi\u00e9e \u00ab\u2009jusqu\u2019\u00e0 99,99\u00a0% des virus et bact\u00e9ries\u2009\u00bb. Fabriqu\u00e9 en France par Filtralife,\u2026\u003C\/div\u003E\n          \u003Cdiv class=\u0022card-article__meta mbs-auto\u0022\u003E\n        \u003Ctime class=\u0022card-article__date\u0022 datetime=\u00222026-02-02T15:27:00+0100\u0022 x-data x-timestamp=\u00222026-02-02T15:27:00+0100\u0022\u003E02 F\u00e9v 2026\u003C\/time\u003E\n              \u003C\/div\u003E\n      \u003C\/div\u003E\n\u003C\/article\u003E\n\n\u003Carticle  data-component-id=\u0022front:card-article\u0022 class=\u0022card-article group\u0022\u003E\n  \u003Cdiv class=\u0022card-article__image\u0022\u003E\n      \t\t\t\t\t\t\u003Cimg  data-component-id=\u0022front:image\u0022 class=\u0022w-full h-full object-contain absolute inset-0\u0022 src=\u0022\/sites\/plm-magazine\/files\/styles\/teaser\/public\/2026-01\/888a3cae-6cf7-4557-9364-e02638da5af1.jpg.webp\u0022 alt=\u0022Planning des chefs sur le stand des produits laitiers au SIA 2026\u0022 title=\u0022dr\u0022 loading=\u0022lazy\u0022 width=\u0022480\u0022 height=\u0022255\u0022\u003E          \u003C\/div\u003E\n  \u003Cdiv class=\u0022card-article__body\u0022\u003E\n        \u003Cdiv class=\u0022text-[1.125em] leading-0 card-title\u0022\u003E\n                    \n      \u003Ca class=\u0022card-article__title\u0022 href=\u0022\/actualites\/sia-2026-la-filiere-laitiere-communique-au-service-de-l-alimentation-et-des-territoires\u0022 target=\u0022_self\u0022  title=\u0022SIA 2026. La fili\u00e8re laiti\u00e8re communique au service de l\u0026#039;alimentation et des territoires\u0022\u003E\n        \t\n\u003Ch2  data-component-id=\u0022front:title\u0022 class=\u0022title title--small inline\u0022 title=\u0022SIA 2026. La fili\u00e8re laiti\u00e8re communique au service de l\u0026#039;alimentation et des territoires\u0022\u003ESIA 2026. La fili\u00e8re laiti\u00e8re communique au service de l\u0026#039;alimentation et\u2026\u003C\/h2\u003E\n      \u003C\/a\u003E\n                \u003C\/div\u003E\n    \n\u003Cdiv  data-component-id=\u0022front:wysiwyg\u0022 class=\u0022wysiwyg wysiwyg--small\u0022\u003EPas de bovins, mais le Cniel pr\u00e9sent pour aider \u00e0 mieux comprendre les r\u00e9alit\u00e9s de l\u0027\u00e9levage, les m\u00e9tiers de la fili\u00e8re et les d\u00e9fis auxquels ils\u2026\u003C\/div\u003E\n          \u003Cdiv class=\u0022card-article__meta mbs-auto\u0022\u003E\n        \u003Ctime class=\u0022card-article__date\u0022 datetime=\u00222026-01-31T16:33:00+0100\u0022 x-data x-timestamp=\u00222026-01-31T16:33:00+0100\u0022\u003E31 Jan 2026\u003C\/time\u003E\n              \u003C\/div\u003E\n      \u003C\/div\u003E\n\u003C\/article\u003E\n\n\u003Carticle  data-component-id=\u0022front:card-article\u0022 class=\u0022card-article group\u0022\u003E\n  \u003Cdiv class=\u0022card-article__image\u0022\u003E\n      \t\t\t\t\t\t\u003Cimg  data-component-id=\u0022front:image\u0022 class=\u0022w-full h-full object-contain absolute inset-0\u0022 src=\u0022\/sites\/plm-magazine\/files\/styles\/teaser\/public\/2026-01\/a7f97c5a-0201-4f51-86ee-ec98007e63ef.jpg.webp\u0022 alt=\u0022Ma\u00efs Leafy, chez Semental, avec 40 % de surface foliaire en plus.\u0022 title=\u0022Semental\u0022 loading=\u0022lazy\u0022 width=\u0022480\u0022 height=\u0022320\u0022\u003E          \u003C\/div\u003E\n  \u003Cdiv class=\u0022card-article__body\u0022\u003E\n        \u003Cdiv class=\u0022text-[1.125em] leading-0 card-title\u0022\u003E\n                    \n      \u003Ca class=\u0022card-article__title\u0022 href=\u0022\/actualites\/choix-des-varietes-de-mais-vaut-il-mieux-opter-pour-un-dente-ou-un-corne-dente\u0022 target=\u0022_self\u0022  title=\u0022Choix des vari\u00e9t\u00e9s de ma\u00efs. Vaut-il mieux opter pour un dent\u00e9 ou un corn\u00e9-dent\u00e9 ?\u0022\u003E\n        \t\n\u003Ch2  data-component-id=\u0022front:title\u0022 class=\u0022title title--small inline\u0022 title=\u0022Choix des vari\u00e9t\u00e9s de ma\u00efs. Vaut-il mieux opter pour un dent\u00e9 ou un corn\u00e9-dent\u00e9 ?\u0022\u003EChoix des vari\u00e9t\u00e9s de ma\u00efs. Vaut-il mieux opter pour un dent\u00e9 ou un corn\u00e9\u2026\u003C\/h2\u003E\n      \u003C\/a\u003E\n                \u003C\/div\u003E\n    \n\u003Cdiv  data-component-id=\u0022front:wysiwyg\u0022 class=\u0022wysiwyg wysiwyg--small\u0022\u003EComment choisir ses ma\u00efs, pour faire du lait. La question de l\u0027amidon se pose. Quelques pr\u00e9cisions avec Julien Gaultier, Terrena.\u003C\/div\u003E\n          \u003Cdiv class=\u0022card-article__meta mbs-auto\u0022\u003E\n        \u003Ctime class=\u0022card-article__date\u0022 datetime=\u00222026-01-30T16:45:08+0100\u0022 x-data x-timestamp=\u00222026-01-30T16:45:08+0100\u0022\u003E30 Jan 2026\u003C\/time\u003E\n              \u003C\/div\u003E\n      \u003C\/div\u003E\n\u003C\/article\u003E\n  \t\t\t\u003Carticle  data-component-id=\u0022front:card-webinaire-catalog\u0022 class=\u0022card-webinaire-catalog group\u0022 data-campagne=\u0022Webi-ELO_SN_2025-Ceva_encadre\u0022 data-contentId=\u00223091\u0022 rel=\u0022nofollow\u0022\u003E\n  \u003Cdiv class=\u0022card-webinaire-catalog__image\u0022\u003E\n      \t\t\t\t\t\t\u003Cimg  data-component-id=\u0022front:image\u0022 class=\u0022w-full h-full object-cover absolute inset-0\u0022 src=\u0022\/sites\/plm-magazine\/files\/2026-04\/EVT-EP-ELO_Sante_Nutrition_25-Webi_ceva-accroche.jpg\u0022 alt=\u0022Webinaire Ceva\u0022 title=\u0022Webinaire Ceva\u0022 loading=\u0022eager\u0022 width=\u0022510\u0022 height=\u0022340\u0022\u003E          \u003Cdiv class=\u0022card-webinaire-catalog__duree \u0022\u003E\n        00:30:00\n      \u003C\/div\u003E\n        \u003Cdiv class=\u0022card-webinaire-catalog__badges\u0022\u003E\n      \t\t\n\u003Cspan  data-component-id=\u0022front:button-expand\u0022 class=\u0022button-expand button-expand--shadowed transition-within-parent\u0022 x-data=\u0022buttonExpand\u0022 :style=\u0022{ \u0026quot;--button-expand-label-width\u0026quot;: labelWidth }\u0022\u003E\n  \u003Cspan class=\u0022button-expand__icon\u0022\u003E\n    \n\u003Csvg  data-component-id=\u0022front:icon\u0022 class=\u0022icon icon--webinar\u0022\u003E\n  \u003Cuse xlink:href=\u0022\/themes\/custom\/plm\/dist\/assets\/images\/2e871604ef7778ce3dc1.svg#icon-webinar\u0022\u003E\u003C\/use\u003E\n\u003C\/svg\u003E\n  \u003C\/span\u003E\n  \u003Cspan class=\u0022button-expand__label\u0022 x-ref=\u0022label\u0022\u003Ewebinaire\u003C\/span\u003E\n\u003C\/span\u003E\n    \u003C\/div\u003E\n  \u003C\/div\u003E\n \u003Cdiv class=\u0022card-webinaire-catalog__body\u0022\u003E\n    \u003Cdiv class=\u0022text-[1.125em] leading-0 card-title\u0022\u003E\n            \u003Ca class=\u0022card-webinaire-catalog__title\u0022 href=\u0022\/webinaires\/proteger-le-troupeau-laitier-prevention-et-rentabilite-face-aux-maladies-vectorielles\u0022 target=\u0022_self\u0022  data-campagne=\u0022Webi-ELO_SN_2025-Ceva_encadre\u0022 data-contentId=\u00223091\u0022 rel=\u0022nofollow\u0022 title=\u0022Prot\u00e9ger le troupeau laitier : pr\u00e9vention et rentabilit\u00e9 face aux maladies vectorielles\u0022\u003E\n        \n\u003Ch2  data-component-id=\u0022front:title\u0022 class=\u0022title title--small inline\u0022\u003EProt\u00e9ger le troupeau laitier : pr\u00e9vention et rentabilit\u00e9 face aux maladies\u2026\u003C\/h2\u003E\n      \u003C\/a\u003E\n                \u003C\/div\u003E\n\n    \u003Cdiv class=\u0022card-webinaire-catalog__date-info\u0022\u003E\n            \u003Cdiv class=\u0022card-webinaire-catalog__date\u0022\u003EReplay du\u0026nbsp;09\u0026nbsp;d\u00e9cembre\u0026nbsp;2025\u003C\/div\u003E\n                \u003C\/div\u003E\n\n          \u003Cdiv class=\u0022card-webinaire-catalog__organisateur\u0022\u003E\n        Par Ceva Sant\u00e9 Animale\n      \u003C\/div\u003E\n    \n      \u003Cdiv class=\u0022card-webinaire-catalog__chapo\u0022\u003E\n        \n              \u003C\/div\u003E\n     \u003C\/div\u003E\n  \u003Cdiv class=\u0022card-webinaire-catalog__sponsor\u0022\u003E\n    Contenu sponsoris\u00e9\n  \u003C\/div\u003E\n\u003C\/article\u003E\n\n\u003Carticle  data-component-id=\u0022front:card-article\u0022 class=\u0022card-article group\u0022\u003E\n  \u003Cdiv class=\u0022card-article__image\u0022\u003E\n      \t\t\t\t\t\t\u003Cimg  data-component-id=\u0022front:image\u0022 class=\u0022w-full h-full object-contain absolute inset-0\u0022 src=\u0022\/sites\/plm-magazine\/files\/styles\/teaser\/public\/2026-01\/796200f8-f78f-4f59-a356-9f0c1f2a5f86.jpg.webp\u0022 alt=\u0022Carte de dates m\u00e9dianes (sur 20 ans : 2006-2025) pour cumuler 200 degr\u00e9s-jours (base 0\u00b0C) depuis le 1er janvier\u0022 title=\u0022Arvalis\u0022 loading=\u0022lazy\u0022 width=\u0022421\u0022 height=\u0022320\u0022\u003E          \u003C\/div\u003E\n  \u003Cdiv class=\u0022card-article__body\u0022\u003E\n        \u003Cdiv class=\u0022text-[1.125em] leading-0 card-title\u0022\u003E\n                    \n      \u003Ca class=\u0022card-article__title\u0022 href=\u0022\/actualites\/prairies-l-apport-d-azote-peut-attendre-sur-parcelles-ennoyees\u0022 target=\u0022_self\u0022  title=\u0022Prairies. L\u0026#039;apport d\u0026#039;azote peut attendre sur parcelles ennoy\u00e9es\u0022\u003E\n        \t\n\u003Ch2  data-component-id=\u0022front:title\u0022 class=\u0022title title--small inline\u0022 title=\u0022Prairies. L\u0026#039;apport d\u0026#039;azote peut attendre sur parcelles ennoy\u00e9es\u0022\u003EPrairies. L\u0026#039;apport d\u0026#039;azote peut attendre sur parcelles ennoy\u00e9es\u003C\/h2\u003E\n      \u003C\/a\u003E\n                \u003C\/div\u003E\n    \n\u003Cdiv  data-component-id=\u0022front:wysiwyg\u0022 class=\u0022wysiwyg wysiwyg--small\u0022\u003EUn apport d\u0027azote min\u00e9ral ou de lisier, d\u00e8s les 200 degr\u00e9s-jours cumul\u00e9s (en base 0\u00b0C) depuis le 1er janvier, permet de maximiser la production d\u0027une\u2026\u003C\/div\u003E\n          \u003Cdiv class=\u0022card-article__meta mbs-auto\u0022\u003E\n        \u003Ctime class=\u0022card-article__date\u0022 datetime=\u00222026-01-29T10:59:00+0100\u0022 x-data x-timestamp=\u00222026-01-29T10:59:00+0100\u0022\u003E29 Jan 2026\u003C\/time\u003E\n              \u003C\/div\u003E\n      \u003C\/div\u003E\n\u003C\/article\u003E\n  \t\t\t\u003Carticle  data-component-id=\u0022front:card-webinaire-catalog\u0022 class=\u0022card-webinaire-catalog group\u0022 data-campagne=\u0022Webi-ELO_GT_2026-CCPA_encadre\u0022 data-contentId=\u00223124\u0022 rel=\u0022nofollow\u0022\u003E\n  \u003Cdiv class=\u0022card-webinaire-catalog__image\u0022\u003E\n      \t\t\t\t\t\t\u003Cimg  data-component-id=\u0022front:image\u0022 class=\u0022w-full h-full object-cover absolute inset-0\u0022 src=\u0022\/sites\/plm-magazine\/files\/2026-04\/EVT-PLM-ELO_Grands_troupeaux_26-Webi_ccpa-accroche.jpg\u0022 alt=\u0022Objectif lait : pourquoi la pr\u00e9pa-v\u00ealage fait la diff\u00e9rence\u0022 title=\u0022Objectif lait : pourquoi la pr\u00e9pa-v\u00ealage fait la diff\u00e9rence\u0022 loading=\u0022eager\u0022 width=\u0022510\u0022 height=\u0022340\u0022\u003E          \u003Cdiv class=\u0022card-webinaire-catalog__duree \u0022\u003E\n        00:30:00\n      \u003C\/div\u003E\n        \u003Cdiv class=\u0022card-webinaire-catalog__badges\u0022\u003E\n      \t\t\n\u003Cspan  data-component-id=\u0022front:button-expand\u0022 class=\u0022button-expand button-expand--shadowed transition-within-parent\u0022 x-data=\u0022buttonExpand\u0022 :style=\u0022{ \u0026quot;--button-expand-label-width\u0026quot;: labelWidth }\u0022\u003E\n  \u003Cspan class=\u0022button-expand__icon\u0022\u003E\n    \n\u003Csvg  data-component-id=\u0022front:icon\u0022 class=\u0022icon icon--webinar\u0022\u003E\n  \u003Cuse xlink:href=\u0022\/themes\/custom\/plm\/dist\/assets\/images\/2e871604ef7778ce3dc1.svg#icon-webinar\u0022\u003E\u003C\/use\u003E\n\u003C\/svg\u003E\n  \u003C\/span\u003E\n  \u003Cspan class=\u0022button-expand__label\u0022 x-ref=\u0022label\u0022\u003Ewebinaire\u003C\/span\u003E\n\u003C\/span\u003E\n    \u003C\/div\u003E\n  \u003C\/div\u003E\n \u003Cdiv class=\u0022card-webinaire-catalog__body\u0022\u003E\n    \u003Cdiv class=\u0022text-[1.125em] leading-0 card-title\u0022\u003E\n            \u003Ca class=\u0022card-webinaire-catalog__title\u0022 href=\u0022\/webinaires\/objectif-lait-pourquoi-la-prepa-velage-fait-la-difference\u0022 target=\u0022_self\u0022  data-campagne=\u0022Webi-ELO_GT_2026-CCPA_encadre\u0022 data-contentId=\u00223124\u0022 rel=\u0022nofollow\u0022 title=\u0022Objectif lait : pourquoi la pr\u00e9pa-v\u00ealage fait la diff\u00e9rence\u0022\u003E\n        \n\u003Ch2  data-component-id=\u0022front:title\u0022 class=\u0022title title--small inline\u0022\u003EObjectif lait : pourquoi la pr\u00e9pa-v\u00ealage fait la diff\u00e9rence\u003C\/h2\u003E\n      \u003C\/a\u003E\n                \u003C\/div\u003E\n\n    \u003Cdiv class=\u0022card-webinaire-catalog__date-info\u0022\u003E\n            \u003Cdiv class=\u0022card-webinaire-catalog__date\u0022\u003EMardi\u0026nbsp;16\u0026nbsp;juin\u0026nbsp;2026\u003C\/div\u003E\n              \u003Cdiv class=\u0022card-webinaire-catalog__plage-horaire flex items-center gap-2\u0022\u003E\n        \u003Cspan class=\u0022inline-flex text-xl\u0022\u003E\n         \u003Csvg xmlns=\u0022http:\/\/www.w3.org\/2000\/svg\u0022 width=\u002217\u0022 height=\u002217\u0022 viewBox=\u00220 0 17 17\u0022 fill=\u0022none\u0022\u003E\n          \u003Cpath d=\u0022M8.13806 0.100098C12.5773 0.100242 16.1761 3.69895 16.1761 8.13818C16.176 12.5774 12.5772 16.1761 8.13806 16.1763C3.69883 16.1762 0.10012 12.5774 0.0999756 8.13818C0.100044 3.6989 3.69878 0.100167 8.13806 0.100098ZM8.13806 1.6001C4.52721 1.60017 1.60004 4.52733 1.59998 8.13818C1.60012 11.749 4.52725 14.6762 8.13806 14.6763C11.7488 14.6761 14.676 11.7489 14.6761 8.13818C14.6761 4.52738 11.7489 1.60024 8.13806 1.6001ZM8.13806 3.01514C8.55217 3.01526 8.88806 3.351 8.88806 3.76514V7.38818H12.5111C12.9252 7.38837 13.2611 7.72409 13.2611 8.13818C13.261 8.55216 12.9251 8.88799 12.5111 8.88818H8.13806C7.72394 8.88818 7.38821 8.55227 7.38806 8.13818V3.76514C7.38806 3.35092 7.72385 3.01514 8.13806 3.01514Z\u0022 fill=\u0022black\u0022\/\u003E\n          \u003Cpath d=\u0022M8.13806 0.100098L8.13806 9.76548e-05H8.13806L8.13806 0.100098ZM16.1761 8.13818L16.2761 8.13819V8.13818L16.1761 8.13818ZM8.13806 16.1763L8.13806 16.2763H8.13806L8.13806 16.1763ZM0.0999756 8.13818L-2.44156e-05 8.13818V8.13819L0.0999756 8.13818ZM8.13806 1.6001L8.13807 1.5001H8.13806L8.13806 1.6001ZM1.59998 8.13818L1.49998 8.13818V8.13819L1.59998 8.13818ZM8.13806 14.6763L8.13806 14.7763H8.13807L8.13806 14.6763ZM14.6761 8.13818L14.7761 8.13819V8.13818L14.6761 8.13818ZM8.13806 3.01514L8.13809 2.91514H8.13806V3.01514ZM8.88806 3.76514H8.98806V3.76514H8.88806ZM8.88806 7.38818H8.78806C8.78806 7.44341 8.83283 7.48818 8.88806 7.48818V7.38818ZM12.5111 7.38818L12.5112 7.28818H12.5111V7.38818ZM13.2611 8.13818L13.3611 8.13822V8.13818H13.2611ZM12.5111 8.88818V8.98818H12.5112L12.5111 8.88818ZM8.13806 8.88818V8.78818V8.88818ZM7.38806 8.13818H7.28806V8.13822L7.38806 8.13818ZM7.38806 3.76514H7.48806V3.76514H7.38806ZM8.13806 0.100098L8.13806 0.200098C12.5221 0.20024 16.0761 3.75418 16.0761 8.13819L16.1761 8.13818L16.2761 8.13818C16.2761 3.64372 12.6325 0.000244059 8.13806 9.76548e-05L8.13806 0.100098ZM16.1761 8.13818L16.0761 8.13818C16.076 12.5221 12.522 16.0761 8.13806 16.0763L8.13806 16.1763L8.13806 16.2763C12.6325 16.2761 16.276 12.6326 16.2761 8.13819L16.1761 8.13818ZM8.13806 16.1763L8.13806 16.0763C3.75406 16.0762 0.200118 12.5222 0.199976 8.13818L0.0999756 8.13818L-2.44156e-05 8.13819C0.000121988 12.6326 3.6436 16.2762 8.13806 16.2763L8.13806 16.1763ZM0.0999756 8.13818L0.199976 8.13819C0.200044 3.75413 3.75401 0.200166 8.13806 0.200098L8.13806 0.100098L8.13806 9.76548e-05C3.64355 0.000167377 4.53144e-05 3.64367 -2.44156e-05 8.13818L0.0999756 8.13818ZM8.13806 1.6001L8.13806 1.5001C4.47198 1.50017 1.50005 4.4721 1.49998 8.13818L1.59998 8.13818L1.69998 8.13819C1.70004 4.58256 4.58244 1.70017 8.13806 1.7001L8.13806 1.6001ZM1.59998 8.13818L1.49998 8.13819C1.50012 11.8042 4.47202 14.7762 8.13806 14.7763L8.13806 14.6763L8.13806 14.5763C4.58248 14.5762 1.70012 11.6937 1.69998 8.13818L1.59998 8.13818ZM8.13806 14.6763L8.13807 14.7763C11.804 14.7761 14.776 11.8042 14.7761 8.13819L14.6761 8.13818L14.5761 8.13818C14.576 11.6937 11.6936 14.5761 8.13806 14.5763L8.13806 14.6763ZM14.6761 8.13818L14.7761 8.13818C14.7761 4.47214 11.8041 1.50024 8.13807 1.5001L8.13806 1.6001L8.13806 1.7001C11.6936 1.70024 14.5761 4.58261 14.5761 8.13819L14.6761 8.13818ZM8.13806 3.01514L8.13803 3.11514C8.49696 3.11525 8.78806 3.40626 8.78806 3.76514H8.88806H8.98806C8.98806 3.29574 8.60737 2.91528 8.13809 2.91514L8.13806 3.01514ZM8.88806 3.76514H8.78806V7.38818H8.88806H8.98806V3.76514H8.88806ZM8.88806 7.38818V7.48818H12.5111V7.38818V7.28818H8.88806V7.38818ZM12.5111 7.38818L12.5111 7.48818C12.87 7.48835 13.1611 7.77936 13.1611 8.13818H13.2611H13.3611C13.3611 7.66881 12.9804 7.2884 12.5112 7.28818L12.5111 7.38818ZM13.2611 8.13818L13.1611 8.13815C13.161 8.49691 12.8698 8.78802 12.5111 8.78818L12.5111 8.88818L12.5112 8.98818C12.9803 8.98797 13.3609 8.6074 13.3611 8.13822L13.2611 8.13818ZM12.5111 8.88818V8.78818H8.13806V8.88818V8.98818H12.5111V8.88818ZM8.13806 8.88818V8.78818C7.7792 8.78818 7.48819 8.49707 7.48806 8.13815L7.38806 8.13818L7.28806 8.13822C7.28823 8.60747 7.66867 8.98818 8.13806 8.98818V8.88818ZM7.38806 8.13818H7.48806V3.76514H7.38806H7.28806V8.13818H7.38806ZM7.38806 3.76514H7.48806C7.48806 3.40615 7.77908 3.11514 8.13806 3.11514V3.01514V2.91514C7.66862 2.91514 7.28806 3.29569 7.28806 3.76514H7.38806Z\u0022 fill=\u0022black\u0022\/\u003E\n          \u003C\/svg\u003E\n        \u003C\/span\u003E\n          \u003Cspan class=\u0022\u0022\u003E16:00 - 16:30\u003C\/span\u003E\n        \u003C\/div\u003E\n                \u003C\/div\u003E\n\n          \u003Cdiv class=\u0022card-webinaire-catalog__organisateur\u0022\u003E\n        Par CCPA\n      \u003C\/div\u003E\n    \n      \u003Cdiv class=\u0022card-webinaire-catalog__chapo\u0022\u003E\n        \n              \u003C\/div\u003E\n     \u003C\/div\u003E\n  \u003Cdiv class=\u0022card-webinaire-catalog__sponsor\u0022\u003E\n    Contenu sponsoris\u00e9\n  \u003C\/div\u003E\n\u003C\/article\u003E\n\n\u003Carticle  data-component-id=\u0022front:card-article\u0022 class=\u0022card-article group\u0022\u003E\n  \u003Cdiv class=\u0022card-article__image\u0022\u003E\n      \t\t\t\t\t\t\u003Cimg  data-component-id=\u0022front:image\u0022 class=\u0022w-full h-full object-contain absolute inset-0\u0022 src=\u0022\/sites\/plm-magazine\/files\/styles\/teaser\/public\/2026-01\/9d8a87e7-8950-4065-82f9-2e669b3240af.jpg.webp\u0022 alt=\u0022G\u00e9rard Le Boucher\u0022 title=\u0022Marc Juan\u0022 loading=\u0022lazy\u0022 width=\u0022480\u0022 height=\u0022320\u0022\u003E          \u003C\/div\u003E\n  \u003Cdiv class=\u0022card-article__body\u0022\u003E\n        \u003Cdiv class=\u0022text-[1.125em] leading-0 card-title\u0022\u003E\n                    \n      \u003Ca class=\u0022card-article__title\u0022 href=\u0022\/actualites\/nous-avons-la-tristesse-d-apprendre-le-deces-de-gerard-le-boucher-ancien-redacteur-en\u0022 target=\u0022_self\u0022  title=\u0022Nous avons la tristesse d\u2019apprendre le d\u00e9c\u00e8s de G\u00e9rard Le Boucher, ancien r\u00e9dacteur en chef de Fili\u00e8res Avicoles\u0022\u003E\n        \t\n\u003Ch2  data-component-id=\u0022front:title\u0022 class=\u0022title title--small inline\u0022 title=\u0022Nous avons la tristesse d\u2019apprendre le d\u00e9c\u00e8s de G\u00e9rard Le Boucher, ancien r\u00e9dacteur en chef de Fili\u00e8res Avicoles\u0022\u003ENous avons la tristesse d\u2019apprendre le d\u00e9c\u00e8s de G\u00e9rard Le Boucher, ancien\u2026\u003C\/h2\u003E\n      \u003C\/a\u003E\n                \u003C\/div\u003E\n    \n\u003Cdiv  data-component-id=\u0022front:wysiwyg\u0022 class=\u0022wysiwyg wysiwyg--small\u0022\u003ENous sommes beaucoup \u00e0 lui devoir notre m\u00e9tier. G\u00e9rard Le Boucher a \u00e9t\u00e9 le r\u00e9dacteur en chef historique de Fili\u00e8res Avicoles, revue s\u0153ur de PLM, au\u2026\u003C\/div\u003E\n          \u003Cdiv class=\u0022card-article__meta mbs-auto\u0022\u003E\n        \u003Ctime class=\u0022card-article__date\u0022 datetime=\u00222026-01-28T15:05:18+0100\u0022 x-data x-timestamp=\u00222026-01-28T15:05:18+0100\u0022\u003E28 Jan 2026\u003C\/time\u003E\n              \u003C\/div\u003E\n      \u003C\/div\u003E\n\u003C\/article\u003E\n\n\u003Carticle  data-component-id=\u0022front:card-article\u0022 class=\u0022card-article group\u0022\u003E\n  \u003Cdiv class=\u0022card-article__image\u0022\u003E\n      \t\t\t\t\t\t\u003Cimg  data-component-id=\u0022front:image\u0022 class=\u0022w-full h-full object-contain absolute inset-0\u0022 src=\u0022\/sites\/plm-magazine\/files\/styles\/teaser\/public\/2026-01\/1177a8ad-0c38-41a7-ae57-b1974b220e64.jpg.webp\u0022 alt=\u0022The process of filling the milk tanker truck\u0022 title=\u0022Pavel Losevsky - stock.adobe.com - \u00a9Pavel Losevsky - stock.adobe.com - Pavel Losevsky\u0022 loading=\u0022lazy\u0022 width=\u0022480\u0022 height=\u0022320\u0022\u003E          \u003C\/div\u003E\n  \u003Cdiv class=\u0022card-article__body\u0022\u003E\n        \u003Cdiv class=\u0022text-[1.125em] leading-0 card-title\u0022\u003E\n                    \n      \u003Ca class=\u0022card-article__title\u0022 href=\u0022\/actualites\/production-laitiere-en-hausse-la-collecte-et-les-prix-du-lait-sous-pression\u0022 target=\u0022_self\u0022  title=\u0022Production laiti\u00e8re en hausse : la collecte et les prix du lait sous pression\u0022\u003E\n        \t\n\u003Ch2  data-component-id=\u0022front:title\u0022 class=\u0022title title--small inline\u0022 title=\u0022Production laiti\u00e8re en hausse : la collecte et les prix du lait sous pression\u0022\u003EProduction laiti\u00e8re en hausse : la collecte et les prix du lait sous\u2026\u003C\/h2\u003E\n      \u003C\/a\u003E\n                \u003C\/div\u003E\n    \n\u003Cdiv  data-component-id=\u0022front:wysiwyg\u0022 class=\u0022wysiwyg wysiwyg--small\u0022\u003ELa collecte laiti\u00e8re a rebondi en 2025, mais cette augmentation des volumes p\u00e8se sur les prix du lait au producteur, qui amorcent un repli en fin d\u2026\u003C\/div\u003E\n          \u003Cdiv class=\u0022card-article__meta mbs-auto\u0022\u003E\n        \u003Ctime class=\u0022card-article__date\u0022 datetime=\u00222026-01-27T18:05:22+0100\u0022 x-data x-timestamp=\u00222026-01-27T18:05:22+0100\u0022\u003E27 Jan 2026\u003C\/time\u003E\n              \u003C\/div\u003E\n      \u003C\/div\u003E\n\u003C\/article\u003E\n\n\u003Carticle  data-component-id=\u0022front:card-article\u0022 class=\u0022card-article group\u0022\u003E\n  \u003Cdiv class=\u0022card-article__image\u0022\u003E\n      \t\t\t\t\t\t\u003Cimg  data-component-id=\u0022front:image\u0022 class=\u0022w-full h-full object-contain absolute inset-0\u0022 src=\u0022\/sites\/plm-magazine\/files\/styles\/teaser\/public\/2026-01\/c2e35f41-efb2-4bc6-b6a2-07aca7ccb6d1.jpg.webp\u0022 alt=\u0022DeLaval Evanza Retrofit\u0022 title=\u0022Marc Juan\u0022 loading=\u0022lazy\u0022 width=\u0022480\u0022 height=\u0022320\u0022\u003E          \u003C\/div\u003E\n  \u003Cdiv class=\u0022card-article__body\u0022\u003E\n        \u003Cdiv class=\u0022text-[1.125em] leading-0 card-title\u0022\u003E\n                    \n      \u003Ca class=\u0022card-article__title\u0022 href=\u0022\/actualites\/delaval-lance-un-kit-de-renovation-pour-ses-faisceaux-de-traite-harmony\u0022 target=\u0022_self\u0022  title=\u0022DeLaval lance un kit de r\u00e9novation, pour ses faisceaux de traite Harmony\u0022\u003E\n        \t\n\u003Ch2  data-component-id=\u0022front:title\u0022 class=\u0022title title--small inline\u0022 title=\u0022DeLaval lance un kit de r\u00e9novation, pour ses faisceaux de traite Harmony\u0022\u003EDeLaval lance un kit de r\u00e9novation, pour ses faisceaux de traite Harmony\u003C\/h2\u003E\n      \u003C\/a\u003E\n                \u003C\/div\u003E\n    \n\u003Cdiv  data-component-id=\u0022front:wysiwyg\u0022 class=\u0022wysiwyg wysiwyg--small\u0022\u003ELa solution Evanza Retrofit permet de remplacer les manchons classiques par des cartouches DeLaval Evanza. Objectifs\u00a0: \u00ab\u2009am\u00e9liorer l\u2019ergonomie,\u2026\u003C\/div\u003E\n          \u003Cdiv class=\u0022card-article__meta mbs-auto\u0022\u003E\n        \u003Ctime class=\u0022card-article__date\u0022 datetime=\u00222026-01-27T12:35:00+0100\u0022 x-data x-timestamp=\u00222026-01-27T12:35:00+0100\u0022\u003E27 Jan 2026\u003C\/time\u003E\n              \u003C\/div\u003E\n      \u003C\/div\u003E\n\u003C\/article\u003E\n\n\u003Carticle  data-component-id=\u0022front:card-article\u0022 class=\u0022card-article group\u0022\u003E\n  \u003Cdiv class=\u0022card-article__image\u0022\u003E\n      \t\t\t\t\t\t\u003Cimg  data-component-id=\u0022front:image\u0022 class=\u0022w-full h-full object-contain absolute inset-0\u0022 src=\u0022\/sites\/plm-magazine\/files\/styles\/teaser\/public\/2026-01\/e42c93bb-2007-433e-9709-cbd03a992d06.jpg.webp\u0022 alt=\u0022divers logettes sable\u0022 title=\u0022Marie Defruit\u0022 loading=\u0022lazy\u0022 width=\u0022480\u0022 height=\u0022270\u0022\u003E          \u003C\/div\u003E\n  \u003Cdiv class=\u0022card-article__body\u0022\u003E\n        \u003Cdiv class=\u0022text-[1.125em] leading-0 card-title\u0022\u003E\n                    \n      \u003Ca class=\u0022card-article__title\u0022 href=\u0022\/actualites\/ces-4-erreurs-alimentaires-qui-penalisent-l-immunite-de-vos-animaux\u0022 target=\u0022_self\u0022  title=\u0022Ces 4 erreurs alimentaires qui p\u00e9nalisent l\u2019immunit\u00e9 de vos animaux\u0022\u003E\n        \t\n\u003Ch2  data-component-id=\u0022front:title\u0022 class=\u0022title title--small inline\u0022 title=\u0022Ces 4 erreurs alimentaires qui p\u00e9nalisent l\u2019immunit\u00e9 de vos animaux\u0022\u003ECes 4 erreurs alimentaires qui p\u00e9nalisent l\u2019immunit\u00e9 de vos animaux\u003C\/h2\u003E\n      \u003C\/a\u003E\n                \u003Cspan class=\u0022inline-flex align-middle\u0022\u003E\n        \n\u003Cspan  data-component-id=\u0022front:icon-padlock\u0022 class=\u0022icon-padlock icon-padlock--t1\u0022\u003E\n  \n\u003Csvg  data-component-id=\u0022front:icon\u0022 class=\u0022icon icon--padlock\u0022\u003E\n  \u003Cuse xlink:href=\u0022\/themes\/custom\/plm\/dist\/assets\/images\/2e871604ef7778ce3dc1.svg#icon-padlock\u0022\u003E\u003C\/use\u003E\n\u003C\/svg\u003E\n\u003C\/span\u003E\n      \u003C\/span\u003E\n          \u003C\/div\u003E\n    \n\u003Cdiv  data-component-id=\u0022front:wysiwyg\u0022 class=\u0022wysiwyg wysiwyg--small\u0022\u003EL\u2019immunit\u00e9 par l\u2019alimentation. Alice Nothhelfer, v\u00e9t\u00e9rinaire-conseil en nutrition des ruminants, revient sur ces quatre erreurs qui la p\u00e9nalisent.\u003C\/div\u003E\n          \u003Cdiv class=\u0022card-article__meta mbs-auto\u0022\u003E\n        \u003Ctime class=\u0022card-article__date\u0022 datetime=\u00222026-01-26T18:39:00+0100\u0022 x-data x-timestamp=\u00222026-01-26T18:39:00+0100\u0022\u003E26 Jan 2026\u003C\/time\u003E\n              \u003C\/div\u003E\n      \u003C\/div\u003E\n\u003C\/article\u003E\n\n\u003Carticle  data-component-id=\u0022front:card-article\u0022 class=\u0022card-article group\u0022\u003E\n  \u003Cdiv class=\u0022card-article__image\u0022\u003E\n      \t\t\t\t\t\t\u003Cimg  data-component-id=\u0022front:image\u0022 class=\u0022w-full h-full object-contain absolute inset-0\u0022 src=\u0022\/sites\/plm-magazine\/files\/styles\/teaser\/public\/2026-01\/6d0324a1-307a-4844-a366-b8755aa1306b.jpg.webp\u0022 alt=\u0022TD Nutrition\u0022 title=\u0022TD Nutrition\u0022 loading=\u0022lazy\u0022 width=\u0022454\u0022 height=\u0022320\u0022\u003E          \u003C\/div\u003E\n  \u003Cdiv class=\u0022card-article__body\u0022\u003E\n        \u003Cdiv class=\u0022text-[1.125em] leading-0 card-title\u0022\u003E\n                    \n      \u003Ca class=\u0022card-article__title\u0022 href=\u0022\/actualites\/arrivee-d-un-troisieme-nutritionniste-et-d-un-geobiologue-chez-td-nutrition\u0022 target=\u0022_self\u0022  title=\u0022Arriv\u00e9e d\u2019un troisi\u00e8me nutritionniste et d\u2019un g\u00e9obiologue, chez TD Nutrition\u0022\u003E\n        \t\n\u003Ch2  data-component-id=\u0022front:title\u0022 class=\u0022title title--small inline\u0022 title=\u0022Arriv\u00e9e d\u2019un troisi\u00e8me nutritionniste et d\u2019un g\u00e9obiologue, chez TD Nutrition\u0022\u003EArriv\u00e9e d\u2019un troisi\u00e8me nutritionniste et d\u2019un g\u00e9obiologue, chez TD\u2026\u003C\/h2\u003E\n      \u003C\/a\u003E\n                \u003C\/div\u003E\n    \n\u003Cdiv  data-component-id=\u0022front:wysiwyg\u0022 class=\u0022wysiwyg wysiwyg--small\u0022\u003ELe cabinet-conseil ind\u00e9pendant intervient dans la r\u00e9gion des Hauts-de-France, dans les d\u00e9partements de Seine-Maritime et des Ardennes. L\u2019\u00e9quipe se\u2026\u003C\/div\u003E\n          \u003Cdiv class=\u0022card-article__meta mbs-auto\u0022\u003E\n        \u003Ctime class=\u0022card-article__date\u0022 datetime=\u00222026-01-21T15:24:00+0100\u0022 x-data x-timestamp=\u00222026-01-21T15:24:00+0100\u0022\u003E21 Jan 2026\u003C\/time\u003E\n              \u003C\/div\u003E\n      \u003C\/div\u003E\n\u003C\/article\u003E\n\n\u003Carticle  data-component-id=\u0022front:card-article\u0022 class=\u0022card-article group\u0022\u003E\n  \u003Cdiv class=\u0022card-article__image\u0022\u003E\n      \t\t\t\t\t\t\u003Cimg  data-component-id=\u0022front:image\u0022 class=\u0022w-full h-full object-contain absolute inset-0\u0022 src=\u0022\/sites\/plm-magazine\/files\/styles\/teaser\/public\/2026-01\/1fbf6634-01f9-45e0-8085-e41f0670db69.jpg.webp\u0022 alt=\u0022BiG X Krone\u0022 title=\u0022Krone\u0022 loading=\u0022lazy\u0022 width=\u0022453\u0022 height=\u0022320\u0022\u003E          \u003C\/div\u003E\n  \u003Cdiv class=\u0022card-article__body\u0022\u003E\n        \u003Cdiv class=\u0022text-[1.125em] leading-0 card-title\u0022\u003E\n                    \n      \u003Ca class=\u0022card-article__title\u0022 href=\u0022\/actualites\/un-nouveau-contre-couteau-pour-ameliorer-la-tenue-de-coupe-des-big-x\u0022 target=\u0022_self\u0022  title=\u0022Un nouveau contre-couteau pour am\u00e9liorer la tenue de coupe des BiG X\u0022\u003E\n        \t\n\u003Ch2  data-component-id=\u0022front:title\u0022 class=\u0022title title--small inline\u0022 title=\u0022Un nouveau contre-couteau pour am\u00e9liorer la tenue de coupe des BiG X\u0022\u003EUn nouveau contre-couteau pour am\u00e9liorer la tenue de coupe des BiG X\u003C\/h2\u003E\n      \u003C\/a\u003E\n                \u003C\/div\u003E\n    \n\u003Cdiv  data-component-id=\u0022front:wysiwyg\u0022 class=\u0022wysiwyg wysiwyg--small\u0022\u003EKrone propose un nouveau contre-couteau pour ses ensileuses BiG X, destin\u00e9 \u00e0 limiter l\u0027usure et \u00e0 maintenir une qualit\u00e9 de coupe r\u00e9guli\u00e8re dans le\u2026\u003C\/div\u003E\n          \u003Cdiv class=\u0022card-article__meta mbs-auto\u0022\u003E\n        \u003Ctime class=\u0022card-article__date\u0022 datetime=\u00222026-01-20T12:03:50+0100\u0022 x-data x-timestamp=\u00222026-01-20T12:03:50+0100\u0022\u003E20 Jan 2026\u003C\/time\u003E\n              \u003C\/div\u003E\n      \u003C\/div\u003E\n\u003C\/article\u003E\n  \t\t\t\u003Carticle  data-component-id=\u0022front:card-webinaire-catalog\u0022 class=\u0022card-webinaire-catalog group\u0022 data-campagne=\u0022Webi-ELO_GT_2026-Ceva_encadre\u0022 data-contentId=\u00223121\u0022 rel=\u0022nofollow\u0022\u003E\n  \u003Cdiv class=\u0022card-webinaire-catalog__image\u0022\u003E\n      \t\t\t\t\t\t\u003Cimg  data-component-id=\u0022front:image\u0022 class=\u0022w-full h-full object-cover absolute inset-0\u0022 src=\u0022\/sites\/plm-magazine\/files\/2026-04\/EVT-PLM-ELO_Grands_troupeaux_26-Webi_ceva-accroche.jpg\u0022 alt=\u0022Vermifugation : identifiez les vaches \u00e0 traiter en 3 clics !\u0022 title=\u0022Vermifugation : identifiez les vaches \u00e0 traiter en 3 clics !\u0022 loading=\u0022eager\u0022 width=\u0022510\u0022 height=\u0022340\u0022\u003E          \u003Cdiv class=\u0022card-webinaire-catalog__duree \u0022\u003E\n        00:30:00\n      \u003C\/div\u003E\n        \u003Cdiv class=\u0022card-webinaire-catalog__badges\u0022\u003E\n      \t\t\n\u003Cspan  data-component-id=\u0022front:button-expand\u0022 class=\u0022button-expand button-expand--shadowed transition-within-parent\u0022 x-data=\u0022buttonExpand\u0022 :style=\u0022{ \u0026quot;--button-expand-label-width\u0026quot;: labelWidth }\u0022\u003E\n  \u003Cspan class=\u0022button-expand__icon\u0022\u003E\n    \n\u003Csvg  data-component-id=\u0022front:icon\u0022 class=\u0022icon icon--webinar\u0022\u003E\n  \u003Cuse xlink:href=\u0022\/themes\/custom\/plm\/dist\/assets\/images\/2e871604ef7778ce3dc1.svg#icon-webinar\u0022\u003E\u003C\/use\u003E\n\u003C\/svg\u003E\n  \u003C\/span\u003E\n  \u003Cspan class=\u0022button-expand__label\u0022 x-ref=\u0022label\u0022\u003Ewebinaire\u003C\/span\u003E\n\u003C\/span\u003E\n    \u003C\/div\u003E\n  \u003C\/div\u003E\n \u003Cdiv class=\u0022card-webinaire-catalog__body\u0022\u003E\n    \u003Cdiv class=\u0022text-[1.125em] leading-0 card-title\u0022\u003E\n            \u003Ca class=\u0022card-webinaire-catalog__title\u0022 href=\u0022\/webinaires\/vermifugation-identifiez-les-vaches-a-traiter-en-3-clics\u0022 target=\u0022_self\u0022  data-campagne=\u0022Webi-ELO_GT_2026-Ceva_encadre\u0022 data-contentId=\u00223121\u0022 rel=\u0022nofollow\u0022 title=\u0022Vermifugation : identifiez les vaches \u00e0 traiter en 3 clics !\u0022\u003E\n        \n\u003Ch2  data-component-id=\u0022front:title\u0022 class=\u0022title title--small inline\u0022\u003EVermifugation : identifiez les vaches \u00e0 traiter en 3 clics !\u003C\/h2\u003E\n      \u003C\/a\u003E\n                \u003C\/div\u003E\n\n    \u003Cdiv class=\u0022card-webinaire-catalog__date-info\u0022\u003E\n            \u003Cdiv class=\u0022card-webinaire-catalog__date\u0022\u003EMardi\u0026nbsp;16\u0026nbsp;juin\u0026nbsp;2026\u003C\/div\u003E\n              \u003Cdiv class=\u0022card-webinaire-catalog__plage-horaire flex items-center gap-2\u0022\u003E\n        \u003Cspan class=\u0022inline-flex text-xl\u0022\u003E\n         \u003Csvg xmlns=\u0022http:\/\/www.w3.org\/2000\/svg\u0022 width=\u002217\u0022 height=\u002217\u0022 viewBox=\u00220 0 17 17\u0022 fill=\u0022none\u0022\u003E\n          \u003Cpath d=\u0022M8.13806 0.100098C12.5773 0.100242 16.1761 3.69895 16.1761 8.13818C16.176 12.5774 12.5772 16.1761 8.13806 16.1763C3.69883 16.1762 0.10012 12.5774 0.0999756 8.13818C0.100044 3.6989 3.69878 0.100167 8.13806 0.100098ZM8.13806 1.6001C4.52721 1.60017 1.60004 4.52733 1.59998 8.13818C1.60012 11.749 4.52725 14.6762 8.13806 14.6763C11.7488 14.6761 14.676 11.7489 14.6761 8.13818C14.6761 4.52738 11.7489 1.60024 8.13806 1.6001ZM8.13806 3.01514C8.55217 3.01526 8.88806 3.351 8.88806 3.76514V7.38818H12.5111C12.9252 7.38837 13.2611 7.72409 13.2611 8.13818C13.261 8.55216 12.9251 8.88799 12.5111 8.88818H8.13806C7.72394 8.88818 7.38821 8.55227 7.38806 8.13818V3.76514C7.38806 3.35092 7.72385 3.01514 8.13806 3.01514Z\u0022 fill=\u0022black\u0022\/\u003E\n          \u003Cpath d=\u0022M8.13806 0.100098L8.13806 9.76548e-05H8.13806L8.13806 0.100098ZM16.1761 8.13818L16.2761 8.13819V8.13818L16.1761 8.13818ZM8.13806 16.1763L8.13806 16.2763H8.13806L8.13806 16.1763ZM0.0999756 8.13818L-2.44156e-05 8.13818V8.13819L0.0999756 8.13818ZM8.13806 1.6001L8.13807 1.5001H8.13806L8.13806 1.6001ZM1.59998 8.13818L1.49998 8.13818V8.13819L1.59998 8.13818ZM8.13806 14.6763L8.13806 14.7763H8.13807L8.13806 14.6763ZM14.6761 8.13818L14.7761 8.13819V8.13818L14.6761 8.13818ZM8.13806 3.01514L8.13809 2.91514H8.13806V3.01514ZM8.88806 3.76514H8.98806V3.76514H8.88806ZM8.88806 7.38818H8.78806C8.78806 7.44341 8.83283 7.48818 8.88806 7.48818V7.38818ZM12.5111 7.38818L12.5112 7.28818H12.5111V7.38818ZM13.2611 8.13818L13.3611 8.13822V8.13818H13.2611ZM12.5111 8.88818V8.98818H12.5112L12.5111 8.88818ZM8.13806 8.88818V8.78818V8.88818ZM7.38806 8.13818H7.28806V8.13822L7.38806 8.13818ZM7.38806 3.76514H7.48806V3.76514H7.38806ZM8.13806 0.100098L8.13806 0.200098C12.5221 0.20024 16.0761 3.75418 16.0761 8.13819L16.1761 8.13818L16.2761 8.13818C16.2761 3.64372 12.6325 0.000244059 8.13806 9.76548e-05L8.13806 0.100098ZM16.1761 8.13818L16.0761 8.13818C16.076 12.5221 12.522 16.0761 8.13806 16.0763L8.13806 16.1763L8.13806 16.2763C12.6325 16.2761 16.276 12.6326 16.2761 8.13819L16.1761 8.13818ZM8.13806 16.1763L8.13806 16.0763C3.75406 16.0762 0.200118 12.5222 0.199976 8.13818L0.0999756 8.13818L-2.44156e-05 8.13819C0.000121988 12.6326 3.6436 16.2762 8.13806 16.2763L8.13806 16.1763ZM0.0999756 8.13818L0.199976 8.13819C0.200044 3.75413 3.75401 0.200166 8.13806 0.200098L8.13806 0.100098L8.13806 9.76548e-05C3.64355 0.000167377 4.53144e-05 3.64367 -2.44156e-05 8.13818L0.0999756 8.13818ZM8.13806 1.6001L8.13806 1.5001C4.47198 1.50017 1.50005 4.4721 1.49998 8.13818L1.59998 8.13818L1.69998 8.13819C1.70004 4.58256 4.58244 1.70017 8.13806 1.7001L8.13806 1.6001ZM1.59998 8.13818L1.49998 8.13819C1.50012 11.8042 4.47202 14.7762 8.13806 14.7763L8.13806 14.6763L8.13806 14.5763C4.58248 14.5762 1.70012 11.6937 1.69998 8.13818L1.59998 8.13818ZM8.13806 14.6763L8.13807 14.7763C11.804 14.7761 14.776 11.8042 14.7761 8.13819L14.6761 8.13818L14.5761 8.13818C14.576 11.6937 11.6936 14.5761 8.13806 14.5763L8.13806 14.6763ZM14.6761 8.13818L14.7761 8.13818C14.7761 4.47214 11.8041 1.50024 8.13807 1.5001L8.13806 1.6001L8.13806 1.7001C11.6936 1.70024 14.5761 4.58261 14.5761 8.13819L14.6761 8.13818ZM8.13806 3.01514L8.13803 3.11514C8.49696 3.11525 8.78806 3.40626 8.78806 3.76514H8.88806H8.98806C8.98806 3.29574 8.60737 2.91528 8.13809 2.91514L8.13806 3.01514ZM8.88806 3.76514H8.78806V7.38818H8.88806H8.98806V3.76514H8.88806ZM8.88806 7.38818V7.48818H12.5111V7.38818V7.28818H8.88806V7.38818ZM12.5111 7.38818L12.5111 7.48818C12.87 7.48835 13.1611 7.77936 13.1611 8.13818H13.2611H13.3611C13.3611 7.66881 12.9804 7.2884 12.5112 7.28818L12.5111 7.38818ZM13.2611 8.13818L13.1611 8.13815C13.161 8.49691 12.8698 8.78802 12.5111 8.78818L12.5111 8.88818L12.5112 8.98818C12.9803 8.98797 13.3609 8.6074 13.3611 8.13822L13.2611 8.13818ZM12.5111 8.88818V8.78818H8.13806V8.88818V8.98818H12.5111V8.88818ZM8.13806 8.88818V8.78818C7.7792 8.78818 7.48819 8.49707 7.48806 8.13815L7.38806 8.13818L7.28806 8.13822C7.28823 8.60747 7.66867 8.98818 8.13806 8.98818V8.88818ZM7.38806 8.13818H7.48806V3.76514H7.38806H7.28806V8.13818H7.38806ZM7.38806 3.76514H7.48806C7.48806 3.40615 7.77908 3.11514 8.13806 3.11514V3.01514V2.91514C7.66862 2.91514 7.28806 3.29569 7.28806 3.76514H7.38806Z\u0022 fill=\u0022black\u0022\/\u003E\n          \u003C\/svg\u003E\n        \u003C\/span\u003E\n          \u003Cspan class=\u0022\u0022\u003E11:30 - 12:00\u003C\/span\u003E\n        \u003C\/div\u003E\n                \u003C\/div\u003E\n\n          \u003Cdiv class=\u0022card-webinaire-catalog__organisateur\u0022\u003E\n        Par Ceva Sant\u00e9 Animale\n      \u003C\/div\u003E\n    \n      \u003Cdiv class=\u0022card-webinaire-catalog__chapo\u0022\u003E\n        \n              \u003C\/div\u003E\n     \u003C\/div\u003E\n  \u003Cdiv class=\u0022card-webinaire-catalog__sponsor\u0022\u003E\n    Contenu sponsoris\u00e9\n  \u003C\/div\u003E\n\u003C\/article\u003E\n\n          \u003C\/div\u003E\n                      \u003Cdiv class=\u0022flex justify-center mbs-8\u0022\u003E    \u003Cnav class=\u0022pager\u0022 aria-labelledby=\u0022pager-1240603657\u0022\u003E\n    \u003Ch2 class=\u0022sr-only\u0022 id=\u0022pager-1240603657\u0022\u003EPagination\u003C\/h2\u003E\n          \t\t\t\t\n\u003Ca  data-component-id=\u0022front:button-icon\u0022 class=\u0022button-icon button-icon--primary\u0022 href=\u0022\/recherche-ajax?page=1\u0022 title=\u0022Aller \u00e0 la page pr\u00e9c\u00e9dente\u0022 rel=\u0022prev\u0022 aria-label=\u0022Page pr\u00e9c\u00e9dente\u0022\u003E\n  \n\u003Csvg  data-component-id=\u0022front:icon\u0022 class=\u0022icon icon--arrow-left\u0022\u003E\n  \u003Cuse xlink:href=\u0022\/themes\/custom\/plm\/dist\/assets\/images\/2e871604ef7778ce3dc1.svg#icon-arrow-left\u0022\u003E\u003C\/use\u003E\n\u003C\/svg\u003E\n\u003C\/a\u003E\n    \u003Cul class=\u0022pager__items\u0022\u003E\n                                \u003Cli class=\u0022leading-0\u0022\u003E\n                                                    \u003Ca\n            class=\u0022pager-item\u0022\n            href=\u0022\/recherche-ajax?\u0022\n            title=\u0022Aller \u00e0 la page 1\u0022\n            \n          \u003E\n            \u003Cspan class=\u0022sr-only\u0022\u003EPage\u003C\/span\u003E1\u003C\/a\u003E\n        \u003C\/li\u003E\n              \u003Cli class=\u0022leading-0\u0022\u003E\n                                                    \u003Ca\n            class=\u0022pager-item\u0022\n            href=\u0022\/recherche-ajax?page=1\u0022\n            title=\u0022Aller \u00e0 la page 2\u0022\n            \n          \u003E\n            \u003Cspan class=\u0022sr-only\u0022\u003EPage\u003C\/span\u003E2\u003C\/a\u003E\n        \u003C\/li\u003E\n              \u003Cli class=\u0022leading-0\u0022\u003E\n                                                                \u003Ca\n            class=\u0022pager-item is-active\u0022\n            href=\u0022\/recherche-ajax?page=2\u0022\n            title=\u0022Page courante\u0022\n             aria-current=\u0022page\u0022\n          \u003E\n            \u003Cspan class=\u0022sr-only\u0022\u003EPage\u003C\/span\u003E3\u003C\/a\u003E\n        \u003C\/li\u003E\n              \u003Cli class=\u0022leading-0\u0022\u003E\n                                                    \u003Ca\n            class=\u0022pager-item\u0022\n            href=\u0022\/recherche-ajax?page=3\u0022\n            title=\u0022Aller \u00e0 la page 4\u0022\n            \n          \u003E\n            \u003Cspan class=\u0022sr-only\u0022\u003EPage\u003C\/span\u003E4\u003C\/a\u003E\n        \u003C\/li\u003E\n              \u003Cli class=\u0022leading-0\u0022\u003E\n                                                    \u003Ca\n            class=\u0022pager-item\u0022\n            href=\u0022\/recherche-ajax?page=4\u0022\n            title=\u0022Aller \u00e0 la page 5\u0022\n            \n          \u003E\n            \u003Cspan class=\u0022sr-only\u0022\u003EPage\u003C\/span\u003E5\u003C\/a\u003E\n        \u003C\/li\u003E\n                          \u003Cli class=\u0022leading-0\u0022\u003E\n          \u003Cspan class=\u0022pager-item pager-item--ellipsis\u0022\u003E\u0026hellip;\u003C\/span\u003E\n        \u003C\/li\u003E\n        \u003Cli class=\u0022leading-0\u0022\u003E\n          \u003Ca\n            class=\u0022pager-item pager-item--last\u0022\n            href=\u0022\/recherche-ajax?page=79\u0022\n            title=\u0022Aller \u00e0 la derni\u00e8re page\u0022\n            \n          \u003E\n            \u003Cspan class=\u0022sr-only\u0022\u003EDerni\u00e8re page\u003C\/span\u003E\n            \u003Cspan aria-hidden=\u0022true\u0022\u003E80\u003C\/span\u003E\n          \u003C\/a\u003E\n        \u003C\/li\u003E\n          \u003C\/ul\u003E\n          \t\t\t\t\n\u003Ca  data-component-id=\u0022front:button-icon\u0022 class=\u0022button-icon button-icon--primary\u0022 href=\u0022\/recherche-ajax?page=3\u0022 title=\u0022Aller \u00e0 la page suivante\u0022 rel=\u0022next\u0022 aria-label=\u0022Page suivante\u0022\u003E\n  \n\u003Csvg  data-component-id=\u0022front:icon\u0022 class=\u0022icon icon--arrow-right\u0022\u003E\n  \u003Cuse xlink:href=\u0022\/themes\/custom\/plm\/dist\/assets\/images\/2e871604ef7778ce3dc1.svg#icon-arrow-right\u0022\u003E\u003C\/use\u003E\n\u003C\/svg\u003E\n\u003C\/a\u003E\n  \u003C\/nav\u003E\n\u003C\/div\u003E\n                  \u003C\/div\u003E\n      \u003C\/div\u003E\n    \n"}